{"id":3279,"date":"2018-08-27T22:08:25","date_gmt":"2018-08-27T22:08:25","guid":{"rendered":"http:\/\/quehacerpolitico.mx\/la-minera-de-eu-saca-oro-y-deja-toxicos-en-una-presa-el-pueblo-cree-que-una-tragedia-esta-cerca\/"},"modified":"2018-08-27T22:08:25","modified_gmt":"2018-08-27T22:08:25","slug":"la-minera-de-eu-saca-oro-y-deja-toxicos-en-una-presa-el-pueblo-cree-que-una-tragedia-esta-cerca","status":"publish","type":"post","link":"https:\/\/quehacerpolitico.mx\/?p=3279","title":{"rendered":"La minera de EU saca oro y deja t\u00f3xicos en una presa; el pueblo cree que una tragedia est\u00e1 cerca"},"content":{"rendered":"<h3>Habitantes de una comunidad serrana en el municipio de Sinaloa, entre ellos ind\u00edgenas tar\u00e1maris, denuncian nuevos abusos de la minera Dyna Resources,\u00a0una compa\u00f1\u00eda de origen estadounidense que posee las concesiones relacionadas al distrito minero de San Jos\u00e9 de Gracia.<\/h3>\n<h3>Si la presa alcanza el punto de colapso, alrededor de 300 mil toneladas y miles de metros c\u00fabicos de agua se combinar\u00edan en un alud arrasando con parte del poblado de San Jos\u00e9 de Gracia, denuncian habitantes de la zona que han documentado las irregularidades de la mina.<\/h3>\n<p>En plena temporada de huracanes, habitantes de <strong>San Jos\u00e9 de Gracia<\/strong> viven con el miedo de que la presa de jales <strong>mineros se derrumbe<\/strong> y acabe con su pueblo, localizado en una zona remota de la Sierra Madre Occidental en el municipio de <strong>Sinaloa<\/strong>.<\/p>\n<p>Y no s\u00f3lo eso: ven el riesgo de que la contaminaci\u00f3n generada con la presencia de metales pesados alcance la <strong>presa Bacurato<\/strong>, que abastece los valles agr\u00edcolas de Sinaloa de Leyva y Guam\u00fachil y da sustento a cientos de pescadores.<\/p>\n<p>El represamiento forma parte de los procesos de extracci\u00f3n de oro de Dyna Resource de M\u00e9xico SA de CV, una compa\u00f1\u00eda de origen estadounidense que posee las concesiones relacionadas al distrito minero de San Jos\u00e9 de Gracia, con una cobertura de 69 mil 133 hect\u00e1reas de acuerdo con datos de su p\u00e1gina de Internet.<\/p>\n<div id=\"attachment_3462967\" class=\"wp-caption alignnone\"><img loading=\"lazy\" decoding=\"async\" class=\"size-full wp-image-3462967\" src=\"http:\/\/www.sinembargo.mx\/wp-content\/uploads\/2018\/08\/minasinaloa6.jpg\" sizes=\"auto, (max-width: 1200px) 100vw, 1200px\" srcset=\"http:\/\/www.sinembargo.mx\/wp-content\/uploads\/2018\/08\/minasinaloa6.jpg 1200w, http:\/\/www.sinembargo.mx\/wp-content\/uploads\/2018\/08\/minasinaloa6-300x200.jpg 300w, http:\/\/www.sinembargo.mx\/wp-content\/uploads\/2018\/08\/minasinaloa6-768x512.jpg 768w\" alt=\"\" width=\"1200\" height=\"800\" \/><\/p>\n<p class=\"wp-caption-text\">Habitantes de San Jos\u00e9 de Gracia viven con el miedo de que la presa de jales mineros se derrumbe. Foto: Noroeste<\/p>\n<\/div>\n<blockquote>\n<p>\u201cLa presa de jales se encuentra justo en el r\u00edo San Jos\u00e9, con alto riesgo de derrame en un periodo de tormenta, cuya aureola podr\u00eda arrasar m\u00ednimo tercera parte del pueblo y sus habitantes, adem\u00e1s de dejar una seria contaminaci\u00f3n que se extender\u00eda hasta la presa Bacurato\u201d, denunci\u00f3 a <em>Noroeste<\/em> uno de los afectados.<\/p>\n<\/blockquote>\n<p>Asegura que por documentar las irregularidades ha recibido amenazas de los representantes de Dyna Resources, por lo que pidi\u00f3 dar su testimonio de manera an\u00f3nima. Para respaldar sus afirmaciones, mostr\u00f3 una serie de documentos y fotograf\u00edas en las que se observa la operaci\u00f3n de la mina.<\/p>\n<p>Al mostrar un estudio t\u00e9cnico en vinculaci\u00f3n con la Norma 141 de la Semarnat 2003, la fuente asegura que la empresa minera incumple con las regulaciones ambientales referentes al dise\u00f1o, construcci\u00f3n y manejo de este tipo de represas.<\/p>\n<p>Carece de los estudios hidrol\u00f3gicos y geot\u00e9cnicos adecuados: an\u00e1lisis de tr\u00e1nsito por vaso, canales pluviales derivadores, periodos de tormenta m\u00e1xima y bordo de contenci\u00f3n. Pero tambi\u00e9n de estudios b\u00e1sicos como el uso de suelo y de la Manifestaci\u00f3n de Impacto Ambiental (MIA).<\/p>\n<p>Ante esto, expone el informe, el agua que se acumule entre el bordo noroccidental de la presa derivado de la zona de alta energ\u00eda podr\u00e1 colapsar la presa de jales, durante una tormenta o cicl\u00f3n.<\/p>\n<div class=\"ad_center ad-in-content\">\u00a0<\/div>\n<p>Y luego advierte: Si la presa alcanza el punto de colapso, alrededor de 300 mil toneladas y miles de metros c\u00fabicos de agua se combinar\u00edan en un alud arrasando con parte del poblado de San Jos\u00e9 de Gracia.<\/p>\n<div id=\"attachment_3462966\" class=\"wp-caption alignnone\"><img loading=\"lazy\" decoding=\"async\" class=\"size-full wp-image-3462966\" src=\"http:\/\/www.sinembargo.mx\/wp-content\/uploads\/2018\/08\/minasinaloa5.jpg\" sizes=\"auto, (max-width: 800px) 100vw, 800px\" srcset=\"http:\/\/www.sinembargo.mx\/wp-content\/uploads\/2018\/08\/minasinaloa5.jpg 800w, http:\/\/www.sinembargo.mx\/wp-content\/uploads\/2018\/08\/minasinaloa5-200x300.jpg 200w, http:\/\/www.sinembargo.mx\/wp-content\/uploads\/2018\/08\/minasinaloa5-768x1152.jpg 768w\" alt=\"\" width=\"800\" height=\"1200\" \/><\/p>\n<p class=\"wp-caption-text\">Si la presa alcanza el punto de colapso, alrededor de 300 mil toneladas y miles de metros c\u00fabicos de agua se combinar\u00edan en un alud. Foto: Noroeste<\/p>\n<\/div>\n<p>De llegar a este escenario, \u201cla avalancha de agua y lodo podr\u00eda arrastrar y ahogar a personas y animales, destruir el Sistema Ambiental Regional, asentamientos humanos y da\u00f1ar durante mucho tiempo las actividades productivas aguas abajo del r\u00edo\u201d.<\/p>\n<p>Si esto es grave, hay m\u00e1s acusaciones contra la compa\u00f1\u00eda norteamericana: no realizar consulta a los tar\u00e1maris que habitan en la zona; perforar pozos de agua sin permiso de aguas nacionales; violaciones al derecho laboral; y operar en la ilegalidad.<\/p>\n<p>Se intent\u00f3 conocer la postura del representante legal de Dyna Resources, Jos\u00e9 Vargas Lugo, pero no fue posible hacer contacto telef\u00f3nico con \u00e9l, a pesar de la insistencia de este medio informativo.<\/p>\n<p><strong>NO USA SUSTANCIAS T\u00d3XICAS: PROFEPA<\/strong><\/p>\n<p>Cuestionado sobre el caso San Jos\u00e9 de Gracia, el delegado de la Profepa en Sinaloa, Jes\u00fas Tesemi Avenda\u00f1o, dio a conocer que es una problem\u00e1tica a\u00f1eja que ha resurgido los \u00faltimos dos meses.<\/p>\n<p>Esta dependencia mantiene vigilancia en el manejo de residuos peligrosos, da\u00f1o ambiental y la Norma 141, referente a las presas de jales.<\/p>\n<div id=\"attachment_3462962\" class=\"wp-caption alignnone\"><img loading=\"lazy\" decoding=\"async\" class=\"size-full wp-image-3462962\" src=\"http:\/\/www.sinembargo.mx\/wp-content\/uploads\/2018\/08\/minasinaloa1.jpg\" sizes=\"auto, (max-width: 875px) 100vw, 875px\" srcset=\"http:\/\/www.sinembargo.mx\/wp-content\/uploads\/2018\/08\/minasinaloa1.jpg 875w, http:\/\/www.sinembargo.mx\/wp-content\/uploads\/2018\/08\/minasinaloa1-300x233.jpg 300w, http:\/\/www.sinembargo.mx\/wp-content\/uploads\/2018\/08\/minasinaloa1-768x596.jpg 768w\" alt=\"\" width=\"875\" height=\"679\" \/><\/p>\n<p class=\"wp-caption-text\">Mapa: Noroeste<\/p>\n<\/div>\n<p>En contradicci\u00f3n con los inconformes, el funcionario afirma que el proceso de la mina no utiliza sustancias t\u00f3xicas o peligrosas.<\/p>\n<blockquote>\n<p>\u201cComo en el caso de la mina de R\u00edo Tinto en Urique, Chihuahua, el proceso de producci\u00f3n de la mina no implica el uso de sustancias t\u00f3xicas o peligrosas que puedan permanecer en los jales y representar un riesgo para el medio ambiente y la poblaci\u00f3n\u201d, se\u00f1al\u00f3.<\/p>\n<\/blockquote>\n<p>Descart\u00f3 que se trate de un caso de miner\u00eda ilegal, ya que la compa\u00f1\u00eda cuenta con permisos y verificaciones.<\/p>\n<p>La m\u00e1s reciente inspecci\u00f3n se document\u00f3 el pasado 15 de junio, en atenci\u00f3n a la denuncia de empresarios sinaloenses de la minera Goldgroup, quienes se ostentaban como socios al 50 por ciento de de San Jos\u00e9 de Gracia y presentaron un informe para exigir la reubicaci\u00f3n de la presa de beneficios ante los inminentes riesgos.<\/p>\n<p>Pero al momento de la inspecci\u00f3n, indica el comunicado: la empresa \u201cno descargaba aguas residuales a ning\u00fan cauce o cuerpo de agua federal, ya que las aguas del proceso son de circuito cerrado y se recuperan mediante dos c\u00e1rcamos de rebombeo que se encuentran dentro de la presa de jales, la cual al momento de la inspecci\u00f3n se encontraba a un 10 por ciento de su capacidad\u201d.<\/p>\n<p>Sobre el peligro de derrumbe, Tesemi Avenda\u00f1o indic\u00f3 que le corresponde a Protecci\u00f3n Civil del estado realizar una evaluaci\u00f3n y tomar las medidas necesarias. Lo mismo que la Comisi\u00f3n Nacional del Agua tiene responsabilidades en lo relativo al uso de los mantos fre\u00e1ticos y cuerpos de agua.<\/p>\n<div id=\"attachment_3462992\" class=\"wp-caption alignnone\"><img loading=\"lazy\" decoding=\"async\" class=\"size-full wp-image-3462992\" src=\"http:\/\/www.sinembargo.mx\/wp-content\/uploads\/2018\/08\/minasinaloa4-1.jpg\" sizes=\"auto, (max-width: 700px) 100vw, 700px\" srcset=\"http:\/\/www.sinembargo.mx\/wp-content\/uploads\/2018\/08\/minasinaloa4-1.jpg 700w, http:\/\/www.sinembargo.mx\/wp-content\/uploads\/2018\/08\/minasinaloa4-1-300x200.jpg 300w\" alt=\"\" width=\"700\" height=\"467\" \/><\/p>\n<p class=\"wp-caption-text\">Los habitantes viven con miedo de un posible derrumbe. Foto: Noroeste<\/p>\n<\/div>\n<p><strong>UN HISTORIAL DE CONFLICTOS<\/strong><\/p>\n<blockquote>\n<p>\u2013 Dyna Resources ha presentado un historial de conflictos en el estado de Sinaloa.<\/p>\n<p>\u2013 Adem\u00e1s de sanciones administrativas y multas por omisiones, detectadas por la Profepa, est\u00e1n los problemas relacionados con el \u00e1mbito laboral.<\/p>\n<p>\u2013 En 2016, la mina fue clausurada por Protecci\u00f3n Civil por violentar normas poniendo en riesgo a los trabajadores.<\/p>\n<p>\u2013 En 2017, los trabajadores pararon labores alegando incumplimiento de condiciones laborales y salariales.<\/p>\n<p>Con Informaci\u00f3n de Noroeste<\/p>\n<\/blockquote>\n","protected":false},"excerpt":{"rendered":"<p>La minera de EU saca oro y deja t\u00f3xicos en una presa; el pueblo cree que una tragedia est\u00e1 cerca<br \/>\nPor Redacci\u00f3n QP<\/p>\n","protected":false},"author":2,"featured_media":3278,"comment_status":"open","ping_status":"open","sticky":false,"template":"","format":"standard","meta":{"_monsterinsights_skip_tracking":false,"_monsterinsights_sitenote_active":false,"_monsterinsights_sitenote_note":"","_monsterinsights_sitenote_category":0,"footnotes":""},"categories":[2],"tags":[],"class_list":["post-3279","post","type-post","status-publish","format-standard","has-post-thumbnail","hentry","category-noticias"],"yoast_head":"<!-- This site is optimized with the Yoast SEO plugin v27.3 - https:\/\/yoast.com\/product\/yoast-seo-wordpress\/ -->\n<title>La minera de EU saca oro y deja t\u00f3xicos en una presa; el pueblo cree que una tragedia est\u00e1 cerca -<\/title>\n<meta name=\"robots\" content=\"index, follow, max-snippet:-1, max-image-preview:large, max-video-preview:-1\" \/>\n<link rel=\"canonical\" href=\"https:\/\/quehacerpolitico.mx\/?p=3279\" \/>\n<meta property=\"og:locale\" content=\"es_MX\" \/>\n<meta property=\"og:type\" content=\"article\" \/>\n<meta property=\"og:title\" content=\"La minera de EU saca oro y deja t\u00f3xicos en una presa; el pueblo cree que una tragedia est\u00e1 cerca -\" \/>\n<meta property=\"og:description\" content=\"La minera de EU saca oro y deja t\u00f3xicos en una presa; el pueblo cree que una tragedia est\u00e1 cerca Por Redacci\u00f3n QP\" \/>\n<meta property=\"og:url\" content=\"https:\/\/quehacerpolitico.mx\/?p=3279\" \/>\n<meta property=\"article:published_time\" content=\"2018-08-27T22:08:25+00:00\" \/>\n<meta name=\"author\" content=\"Redacci\u00f3n QP\" \/>\n<meta name=\"twitter:card\" content=\"summary_large_image\" \/>\n<meta name=\"twitter:label1\" content=\"Escrito por\" \/>\n\t<meta name=\"twitter:data1\" content=\"Redacci\u00f3n QP\" \/>\n\t<meta name=\"twitter:label2\" content=\"Tiempo de lectura\" \/>\n\t<meta name=\"twitter:data2\" content=\"6 minutos\" \/>\n<script type=\"application\/ld+json\" class=\"yoast-schema-graph\">{\"@context\":\"https:\\\/\\\/schema.org\",\"@graph\":[{\"@type\":\"Article\",\"@id\":\"https:\\\/\\\/quehacerpolitico.mx\\\/?p=3279#article\",\"isPartOf\":{\"@id\":\"https:\\\/\\\/quehacerpolitico.mx\\\/?p=3279\"},\"author\":{\"name\":\"Redacci\u00f3n QP\",\"@id\":\"https:\\\/\\\/quehacerpolitico.mx\\\/#\\\/schema\\\/person\\\/496d8ad2d1d3f8036101dca7ee39e585\"},\"headline\":\"La minera de EU saca oro y deja t\u00f3xicos en una presa; el pueblo cree que una tragedia est\u00e1 cerca\",\"datePublished\":\"2018-08-27T22:08:25+00:00\",\"mainEntityOfPage\":{\"@id\":\"https:\\\/\\\/quehacerpolitico.mx\\\/?p=3279\"},\"wordCount\":1126,\"commentCount\":0,\"image\":{\"@id\":\"https:\\\/\\\/quehacerpolitico.mx\\\/?p=3279#primaryimage\"},\"thumbnailUrl\":\"\",\"articleSection\":[\"Noticias\"],\"inLanguage\":\"es\",\"potentialAction\":[{\"@type\":\"CommentAction\",\"name\":\"Comment\",\"target\":[\"https:\\\/\\\/quehacerpolitico.mx\\\/?p=3279#respond\"]}]},{\"@type\":\"WebPage\",\"@id\":\"https:\\\/\\\/quehacerpolitico.mx\\\/?p=3279\",\"url\":\"https:\\\/\\\/quehacerpolitico.mx\\\/?p=3279\",\"name\":\"La minera de EU saca oro y deja t\u00f3xicos en una presa; el pueblo cree que una tragedia est\u00e1 cerca -\",\"isPartOf\":{\"@id\":\"https:\\\/\\\/quehacerpolitico.mx\\\/#website\"},\"primaryImageOfPage\":{\"@id\":\"https:\\\/\\\/quehacerpolitico.mx\\\/?p=3279#primaryimage\"},\"image\":{\"@id\":\"https:\\\/\\\/quehacerpolitico.mx\\\/?p=3279#primaryimage\"},\"thumbnailUrl\":\"\",\"datePublished\":\"2018-08-27T22:08:25+00:00\",\"author\":{\"@id\":\"https:\\\/\\\/quehacerpolitico.mx\\\/#\\\/schema\\\/person\\\/496d8ad2d1d3f8036101dca7ee39e585\"},\"breadcrumb\":{\"@id\":\"https:\\\/\\\/quehacerpolitico.mx\\\/?p=3279#breadcrumb\"},\"inLanguage\":\"es\",\"potentialAction\":[{\"@type\":\"ReadAction\",\"target\":[\"https:\\\/\\\/quehacerpolitico.mx\\\/?p=3279\"]}]},{\"@type\":\"ImageObject\",\"inLanguage\":\"es\",\"@id\":\"https:\\\/\\\/quehacerpolitico.mx\\\/?p=3279#primaryimage\",\"url\":\"\",\"contentUrl\":\"\"},{\"@type\":\"BreadcrumbList\",\"@id\":\"https:\\\/\\\/quehacerpolitico.mx\\\/?p=3279#breadcrumb\",\"itemListElement\":[{\"@type\":\"ListItem\",\"position\":1,\"name\":\"Inicio\",\"item\":\"https:\\\/\\\/quehacerpolitico.mx\\\/\"},{\"@type\":\"ListItem\",\"position\":2,\"name\":\"La minera de EU saca oro y deja t\u00f3xicos en una presa; el pueblo cree que una tragedia est\u00e1 cerca\"}]},{\"@type\":\"WebSite\",\"@id\":\"https:\\\/\\\/quehacerpolitico.mx\\\/#website\",\"url\":\"https:\\\/\\\/quehacerpolitico.mx\\\/\",\"name\":\"\",\"description\":\"\",\"potentialAction\":[{\"@type\":\"SearchAction\",\"target\":{\"@type\":\"EntryPoint\",\"urlTemplate\":\"https:\\\/\\\/quehacerpolitico.mx\\\/?s={search_term_string}\"},\"query-input\":{\"@type\":\"PropertyValueSpecification\",\"valueRequired\":true,\"valueName\":\"search_term_string\"}}],\"inLanguage\":\"es\"},{\"@type\":\"Person\",\"@id\":\"https:\\\/\\\/quehacerpolitico.mx\\\/#\\\/schema\\\/person\\\/496d8ad2d1d3f8036101dca7ee39e585\",\"name\":\"Redacci\u00f3n QP\",\"image\":{\"@type\":\"ImageObject\",\"inLanguage\":\"es\",\"@id\":\"https:\\\/\\\/secure.gravatar.com\\\/avatar\\\/c7164ed6fdec453195284ad24a5ae5b6e1eed2b848477fa2a4787ba9adf39a41?s=96&d=mm&r=g\",\"url\":\"https:\\\/\\\/secure.gravatar.com\\\/avatar\\\/c7164ed6fdec453195284ad24a5ae5b6e1eed2b848477fa2a4787ba9adf39a41?s=96&d=mm&r=g\",\"contentUrl\":\"https:\\\/\\\/secure.gravatar.com\\\/avatar\\\/c7164ed6fdec453195284ad24a5ae5b6e1eed2b848477fa2a4787ba9adf39a41?s=96&d=mm&r=g\",\"caption\":\"Redacci\u00f3n QP\"},\"url\":\"https:\\\/\\\/quehacerpolitico.mx\\\/?author=2\"}]}<\/script>\n<!-- \/ Yoast SEO plugin. -->","yoast_head_json":{"title":"La minera de EU saca oro y deja t\u00f3xicos en una presa; el pueblo cree que una tragedia est\u00e1 cerca -","robots":{"index":"index","follow":"follow","max-snippet":"max-snippet:-1","max-image-preview":"max-image-preview:large","max-video-preview":"max-video-preview:-1"},"canonical":"https:\/\/quehacerpolitico.mx\/?p=3279","og_locale":"es_MX","og_type":"article","og_title":"La minera de EU saca oro y deja t\u00f3xicos en una presa; el pueblo cree que una tragedia est\u00e1 cerca -","og_description":"La minera de EU saca oro y deja t\u00f3xicos en una presa; el pueblo cree que una tragedia est\u00e1 cerca Por Redacci\u00f3n QP","og_url":"https:\/\/quehacerpolitico.mx\/?p=3279","article_published_time":"2018-08-27T22:08:25+00:00","author":"Redacci\u00f3n QP","twitter_card":"summary_large_image","twitter_misc":{"Escrito por":"Redacci\u00f3n QP","Tiempo de lectura":"6 minutos"},"schema":{"@context":"https:\/\/schema.org","@graph":[{"@type":"Article","@id":"https:\/\/quehacerpolitico.mx\/?p=3279#article","isPartOf":{"@id":"https:\/\/quehacerpolitico.mx\/?p=3279"},"author":{"name":"Redacci\u00f3n QP","@id":"https:\/\/quehacerpolitico.mx\/#\/schema\/person\/496d8ad2d1d3f8036101dca7ee39e585"},"headline":"La minera de EU saca oro y deja t\u00f3xicos en una presa; el pueblo cree que una tragedia est\u00e1 cerca","datePublished":"2018-08-27T22:08:25+00:00","mainEntityOfPage":{"@id":"https:\/\/quehacerpolitico.mx\/?p=3279"},"wordCount":1126,"commentCount":0,"image":{"@id":"https:\/\/quehacerpolitico.mx\/?p=3279#primaryimage"},"thumbnailUrl":"","articleSection":["Noticias"],"inLanguage":"es","potentialAction":[{"@type":"CommentAction","name":"Comment","target":["https:\/\/quehacerpolitico.mx\/?p=3279#respond"]}]},{"@type":"WebPage","@id":"https:\/\/quehacerpolitico.mx\/?p=3279","url":"https:\/\/quehacerpolitico.mx\/?p=3279","name":"La minera de EU saca oro y deja t\u00f3xicos en una presa; el pueblo cree que una tragedia est\u00e1 cerca -","isPartOf":{"@id":"https:\/\/quehacerpolitico.mx\/#website"},"primaryImageOfPage":{"@id":"https:\/\/quehacerpolitico.mx\/?p=3279#primaryimage"},"image":{"@id":"https:\/\/quehacerpolitico.mx\/?p=3279#primaryimage"},"thumbnailUrl":"","datePublished":"2018-08-27T22:08:25+00:00","author":{"@id":"https:\/\/quehacerpolitico.mx\/#\/schema\/person\/496d8ad2d1d3f8036101dca7ee39e585"},"breadcrumb":{"@id":"https:\/\/quehacerpolitico.mx\/?p=3279#breadcrumb"},"inLanguage":"es","potentialAction":[{"@type":"ReadAction","target":["https:\/\/quehacerpolitico.mx\/?p=3279"]}]},{"@type":"ImageObject","inLanguage":"es","@id":"https:\/\/quehacerpolitico.mx\/?p=3279#primaryimage","url":"","contentUrl":""},{"@type":"BreadcrumbList","@id":"https:\/\/quehacerpolitico.mx\/?p=3279#breadcrumb","itemListElement":[{"@type":"ListItem","position":1,"name":"Inicio","item":"https:\/\/quehacerpolitico.mx\/"},{"@type":"ListItem","position":2,"name":"La minera de EU saca oro y deja t\u00f3xicos en una presa; el pueblo cree que una tragedia est\u00e1 cerca"}]},{"@type":"WebSite","@id":"https:\/\/quehacerpolitico.mx\/#website","url":"https:\/\/quehacerpolitico.mx\/","name":"","description":"","potentialAction":[{"@type":"SearchAction","target":{"@type":"EntryPoint","urlTemplate":"https:\/\/quehacerpolitico.mx\/?s={search_term_string}"},"query-input":{"@type":"PropertyValueSpecification","valueRequired":true,"valueName":"search_term_string"}}],"inLanguage":"es"},{"@type":"Person","@id":"https:\/\/quehacerpolitico.mx\/#\/schema\/person\/496d8ad2d1d3f8036101dca7ee39e585","name":"Redacci\u00f3n QP","image":{"@type":"ImageObject","inLanguage":"es","@id":"https:\/\/secure.gravatar.com\/avatar\/c7164ed6fdec453195284ad24a5ae5b6e1eed2b848477fa2a4787ba9adf39a41?s=96&d=mm&r=g","url":"https:\/\/secure.gravatar.com\/avatar\/c7164ed6fdec453195284ad24a5ae5b6e1eed2b848477fa2a4787ba9adf39a41?s=96&d=mm&r=g","contentUrl":"https:\/\/secure.gravatar.com\/avatar\/c7164ed6fdec453195284ad24a5ae5b6e1eed2b848477fa2a4787ba9adf39a41?s=96&d=mm&r=g","caption":"Redacci\u00f3n QP"},"url":"https:\/\/quehacerpolitico.mx\/?author=2"}]}},"featured_image_urls":{"full":"","thumbnail":"","medium":"","medium_large":"","large":"","1536x1536":"","2048x2048":"","covernews-featured":"","covernews-medium":""},"author_info":{"display_name":"Redacci\u00f3n QP","author_link":"https:\/\/quehacerpolitico.mx\/?author=2"},"category_info":"<a href=\"https:\/\/quehacerpolitico.mx\/?cat=2\" rel=\"category\">Noticias<\/a>","tag_info":"Noticias","comment_count":"0","_links":{"self":[{"href":"https:\/\/quehacerpolitico.mx\/index.php?rest_route=\/wp\/v2\/posts\/3279","targetHints":{"allow":["GET"]}}],"collection":[{"href":"https:\/\/quehacerpolitico.mx\/index.php?rest_route=\/wp\/v2\/posts"}],"about":[{"href":"https:\/\/quehacerpolitico.mx\/index.php?rest_route=\/wp\/v2\/types\/post"}],"author":[{"embeddable":true,"href":"https:\/\/quehacerpolitico.mx\/index.php?rest_route=\/wp\/v2\/users\/2"}],"replies":[{"embeddable":true,"href":"https:\/\/quehacerpolitico.mx\/index.php?rest_route=%2Fwp%2Fv2%2Fcomments&post=3279"}],"version-history":[{"count":0,"href":"https:\/\/quehacerpolitico.mx\/index.php?rest_route=\/wp\/v2\/posts\/3279\/revisions"}],"wp:featuredmedia":[{"embeddable":true,"href":"https:\/\/quehacerpolitico.mx\/index.php?rest_route=\/"}],"wp:attachment":[{"href":"https:\/\/quehacerpolitico.mx\/index.php?rest_route=%2Fwp%2Fv2%2Fmedia&parent=3279"}],"wp:term":[{"taxonomy":"category","embeddable":true,"href":"https:\/\/quehacerpolitico.mx\/index.php?rest_route=%2Fwp%2Fv2%2Fcategories&post=3279"},{"taxonomy":"post_tag","embeddable":true,"href":"https:\/\/quehacerpolitico.mx\/index.php?rest_route=%2Fwp%2Fv2%2Ftags&post=3279"}],"curies":[{"name":"wp","href":"https:\/\/api.w.org\/{rel}","templated":true}]}}