{"id":32685,"date":"2019-07-23T12:56:11","date_gmt":"2019-07-23T12:56:11","guid":{"rendered":"http:\/\/quehacerpolitico.mx\/voces-del-periodista-desde-filomeno-mata-8-mouris-salloum-george-luz-en-el-tunel-y-si-es-de-tren-en-sentido-contrario\/"},"modified":"2019-07-23T12:56:11","modified_gmt":"2019-07-23T12:56:11","slug":"voces-del-periodista-desde-filomeno-mata-8-mouris-salloum-george-luz-en-el-tunel-y-si-es-de-tren-en-sentido-contrario","status":"publish","type":"post","link":"https:\/\/quehacerpolitico.mx\/?p=32685","title":{"rendered":"Voces del Periodista Desde Filomeno Mata 8\/\/\/Mouris Salloum George\/\/\/Luz en el t\u00fanel, \u00bfy si es de tren en sentido contrario?"},"content":{"rendered":"<h1 class=\"entry-title penci-entry-title penci-title-\">Luz en el t\u00fanel, \u00bfy si es de tren en sentido contrario?<\/h1>\n<p>Por Mouris Salloum George <br \/>Director General del Club de Periodistas de M\u00e9xico AC<\/p>\n<p>En el tr\u00e1nsito de la presidencia de <strong>Felipe Calder\u00f3n <\/strong>a la de <strong>Enrique Pe\u00f1a Nieto<\/strong>, usamos la met\u00e1fora <strong><em>barril sin fondo<\/em><\/strong>, referida a la situaci\u00f3n financiera de <strong>Petr\u00f3leos Mexicanos <\/strong>(Pemex).<\/p>\n<p>Para entonces, los barriles de crudo de Pemex aparec\u00edan a\u00fan llenos. El \u201cbarril sin fondo\u201d era la <strong>Secretar\u00eda de Hacienda y Cr\u00e9dito P\u00fablico<\/strong>, a la que la paraestatal no pod\u00eda saciar su <strong><em>apetito fiscal<\/em><\/strong>.<\/p>\n<p>Pasaron por Hacienda <strong>Agust\u00edn Carstens, Ernesto Cordero Arroyo, Jos\u00e9 Antonio Meade Kuribre\u00f1a, Luis Videgaray<\/strong>, de nuevo Meade y <strong>Jos\u00e9 Antonio Gonz\u00e1lez Anaya<\/strong>: No hubo soldadura aut\u00f3gena bastante para sellar los boquetes del barril.<\/p>\n<p><strong>De la gallina de los huevos de oro no qued\u00f3 ni una pluma<\/strong><\/p>\n<p>En el mismo periodo, se pas\u00f3 de la <strong>Reforma Energ\u00e9tica <\/strong>del michoacano a la <strong><em>contrarreforma petrolera <\/em><\/strong>del mexiquense.<\/p>\n<p>A finales del sexenio pasado se dio por asesinada a la <strong><em>gallina de los huevos de oro<\/em><\/strong>. El nuevo gobierno no encontr\u00f3 una <em>pluma del ave<\/em> ni para firmar el acta de defunci\u00f3n.<\/p>\n<p>Empleamos la figura asesinato: No fue un homicidio culposo; fue <strong>doloso<\/strong>. Para herir de muerte a la empresa, se aplic\u00f3 con premeditaci\u00f3n y alevos\u00eda una f\u00f3rmula simplista: <strong><em>Es m\u00e1s barato importar que producir<\/em><\/strong> (producir, es refinar. Los derivados importados se pagan a costo de d\u00f3lar).<\/p>\n<p><strong>2019: Deuda por m\u00e1s de 105 mil millones de d\u00f3lares<\/strong><\/p>\n<p>Al amanecer 2019, a m\u00e1s de la ca\u00edda libre de la producci\u00f3n, sus altos costos operativos y la <strong>galopante corrupci\u00f3n<\/strong>, la empresa report\u00f3 un <em>deud\u00f3n <\/em>de <strong>105 mil millones de d\u00f3lares <\/strong>contra un mont\u00f3n de activos convertidos en <strong><em>chatarra<\/em><\/strong>.<\/p>\n<p>Se dan ocasiones en que la pregunta es si resulta m\u00e1s barato <strong><em>revivir un cad\u00e1ver que dise\u00f1ar un clon<\/em><\/strong>. Es el caso de Pemex.<\/p>\n<p>La semana pasada se dio a conocer el <strong>Plan de Negocios <\/strong>2020-2022 de la empresa \u201cproductiva del Estado\u201d, seg\u00fan nueva tipificaci\u00f3n pe\u00f1ista.<\/p>\n<p>El doble eje de esa propuesta de resurrecci\u00f3n gira sobre dos palancas: Invertir <strong>141 mil millones de pesos <\/strong>entre 2020 y 2022 y reducir la carga fiscal, que monta unos <strong>128 mil millones de pesos<\/strong><em>.<\/em><\/p>\n<p>En el cambio de titularidad en Hacienda, no queda claro c\u00f3mo el fisco reparar\u00e1 la lesi\u00f3n que le ocasionar\u00e1 el estre\u00f1imiento recaudatorio.<\/p>\n<p><strong>\u00bfD\u00f3nde quedaron los 200 mil millones de d\u00f3lares anunciados?<\/strong><\/p>\n<p>Est\u00e1 todav\u00eda sin especificaci\u00f3n c\u00f3mo un acuerdo bancario sindicado le inyectar\u00eda a Pemex una dosis de <strong>ocho mil millones de d\u00f3lares<\/strong>.<\/p>\n<p>En gestaci\u00f3n\u00a0 el Plan de Negocios y cr\u00e9dito bancarios sindicado, bancos extranjeros y, obvio, las calificadoras extranjeras meten al costal de dudas la viabilidad del rescate de la que fue buque insignia de la econom\u00eda nacional.<\/p>\n<p>Lo que, frente a esa crisis terminal, vale indagar, es d\u00f3nde quedaron los <strong>200 mil millones de d\u00f3lares <\/strong>que -seg\u00fan anunciaron los triunfalistas tecn\u00f3cratas pe\u00f1istas para tratar de justificar la <strong>contrarreforma petrolera<\/strong>\u2013 generar\u00edan los contratos puestos a subasta en los pasados tres a\u00f1os, con especial selecci\u00f3n de inversionistas extranjeros.<\/p>\n<p>\u00bfUna luz al final del t\u00fanel? \u00a1Cuidado! Puede ser el fanal del <strong>tren que<\/strong> <strong>viene en sentido contrario<\/strong>. Suele ocurrir.<\/p>\n","protected":false},"excerpt":{"rendered":"<p>Luz en el t\u00fanel, \u00bfy si es de tren en sentido contrario?<br \/>\nPor Mouris Salloum George<br \/>\nDirector General del Club de Periodistas de M\u00e9xico AC<\/p>\n","protected":false},"author":2,"featured_media":32684,"comment_status":"open","ping_status":"open","sticky":false,"template":"","format":"standard","meta":{"_monsterinsights_skip_tracking":false,"_monsterinsights_sitenote_active":false,"_monsterinsights_sitenote_note":"","_monsterinsights_sitenote_category":0,"footnotes":""},"categories":[2],"tags":[],"class_list":["post-32685","post","type-post","status-publish","format-standard","has-post-thumbnail","hentry","category-noticias"],"yoast_head":"<!-- This site is optimized with the Yoast SEO plugin v27.3 - https:\/\/yoast.com\/product\/yoast-seo-wordpress\/ -->\n<title>Voces del Periodista Desde Filomeno Mata 8\/\/\/Mouris Salloum George\/\/\/Luz en el t\u00fanel, \u00bfy si es de tren en sentido contrario? -<\/title>\n<meta name=\"robots\" content=\"index, follow, max-snippet:-1, max-image-preview:large, max-video-preview:-1\" \/>\n<link rel=\"canonical\" href=\"https:\/\/quehacerpolitico.mx\/?p=32685\" \/>\n<meta property=\"og:locale\" content=\"es_MX\" \/>\n<meta property=\"og:type\" content=\"article\" \/>\n<meta property=\"og:title\" content=\"Voces del Periodista Desde Filomeno Mata 8\/\/\/Mouris Salloum George\/\/\/Luz en el t\u00fanel, \u00bfy si es de tren en sentido contrario? -\" \/>\n<meta property=\"og:description\" content=\"Luz en el t\u00fanel, \u00bfy si es de tren en sentido contrario? Por Mouris Salloum George Director General del Club de Periodistas de M\u00e9xico AC\" \/>\n<meta property=\"og:url\" content=\"https:\/\/quehacerpolitico.mx\/?p=32685\" \/>\n<meta property=\"article:published_time\" content=\"2019-07-23T12:56:11+00:00\" \/>\n<meta name=\"author\" content=\"Redacci\u00f3n QP\" \/>\n<meta name=\"twitter:card\" content=\"summary_large_image\" \/>\n<meta name=\"twitter:label1\" content=\"Escrito por\" \/>\n\t<meta name=\"twitter:data1\" content=\"Redacci\u00f3n QP\" \/>\n\t<meta name=\"twitter:label2\" content=\"Tiempo de lectura\" \/>\n\t<meta name=\"twitter:data2\" content=\"3 minutos\" \/>\n<script type=\"application\/ld+json\" class=\"yoast-schema-graph\">{\"@context\":\"https:\\\/\\\/schema.org\",\"@graph\":[{\"@type\":\"Article\",\"@id\":\"https:\\\/\\\/quehacerpolitico.mx\\\/?p=32685#article\",\"isPartOf\":{\"@id\":\"https:\\\/\\\/quehacerpolitico.mx\\\/?p=32685\"},\"author\":{\"name\":\"Redacci\u00f3n QP\",\"@id\":\"https:\\\/\\\/quehacerpolitico.mx\\\/#\\\/schema\\\/person\\\/496d8ad2d1d3f8036101dca7ee39e585\"},\"headline\":\"Voces del Periodista Desde Filomeno Mata 8\\\/\\\/\\\/Mouris Salloum George\\\/\\\/\\\/Luz en el t\u00fanel, \u00bfy si es de tren en sentido contrario?\",\"datePublished\":\"2019-07-23T12:56:11+00:00\",\"mainEntityOfPage\":{\"@id\":\"https:\\\/\\\/quehacerpolitico.mx\\\/?p=32685\"},\"wordCount\":593,\"commentCount\":0,\"image\":{\"@id\":\"https:\\\/\\\/quehacerpolitico.mx\\\/?p=32685#primaryimage\"},\"thumbnailUrl\":\"\",\"articleSection\":[\"Noticias\"],\"inLanguage\":\"es\",\"potentialAction\":[{\"@type\":\"CommentAction\",\"name\":\"Comment\",\"target\":[\"https:\\\/\\\/quehacerpolitico.mx\\\/?p=32685#respond\"]}]},{\"@type\":\"WebPage\",\"@id\":\"https:\\\/\\\/quehacerpolitico.mx\\\/?p=32685\",\"url\":\"https:\\\/\\\/quehacerpolitico.mx\\\/?p=32685\",\"name\":\"Voces del Periodista Desde Filomeno Mata 8\\\/\\\/\\\/Mouris Salloum George\\\/\\\/\\\/Luz en el t\u00fanel, \u00bfy si es de tren en sentido contrario? -\",\"isPartOf\":{\"@id\":\"https:\\\/\\\/quehacerpolitico.mx\\\/#website\"},\"primaryImageOfPage\":{\"@id\":\"https:\\\/\\\/quehacerpolitico.mx\\\/?p=32685#primaryimage\"},\"image\":{\"@id\":\"https:\\\/\\\/quehacerpolitico.mx\\\/?p=32685#primaryimage\"},\"thumbnailUrl\":\"\",\"datePublished\":\"2019-07-23T12:56:11+00:00\",\"author\":{\"@id\":\"https:\\\/\\\/quehacerpolitico.mx\\\/#\\\/schema\\\/person\\\/496d8ad2d1d3f8036101dca7ee39e585\"},\"breadcrumb\":{\"@id\":\"https:\\\/\\\/quehacerpolitico.mx\\\/?p=32685#breadcrumb\"},\"inLanguage\":\"es\",\"potentialAction\":[{\"@type\":\"ReadAction\",\"target\":[\"https:\\\/\\\/quehacerpolitico.mx\\\/?p=32685\"]}]},{\"@type\":\"ImageObject\",\"inLanguage\":\"es\",\"@id\":\"https:\\\/\\\/quehacerpolitico.mx\\\/?p=32685#primaryimage\",\"url\":\"\",\"contentUrl\":\"\"},{\"@type\":\"BreadcrumbList\",\"@id\":\"https:\\\/\\\/quehacerpolitico.mx\\\/?p=32685#breadcrumb\",\"itemListElement\":[{\"@type\":\"ListItem\",\"position\":1,\"name\":\"Inicio\",\"item\":\"https:\\\/\\\/quehacerpolitico.mx\\\/\"},{\"@type\":\"ListItem\",\"position\":2,\"name\":\"Voces del Periodista Desde Filomeno Mata 8\\\/\\\/\\\/Mouris Salloum George\\\/\\\/\\\/Luz en el t\u00fanel, \u00bfy si es de tren en sentido contrario?\"}]},{\"@type\":\"WebSite\",\"@id\":\"https:\\\/\\\/quehacerpolitico.mx\\\/#website\",\"url\":\"https:\\\/\\\/quehacerpolitico.mx\\\/\",\"name\":\"\",\"description\":\"\",\"potentialAction\":[{\"@type\":\"SearchAction\",\"target\":{\"@type\":\"EntryPoint\",\"urlTemplate\":\"https:\\\/\\\/quehacerpolitico.mx\\\/?s={search_term_string}\"},\"query-input\":{\"@type\":\"PropertyValueSpecification\",\"valueRequired\":true,\"valueName\":\"search_term_string\"}}],\"inLanguage\":\"es\"},{\"@type\":\"Person\",\"@id\":\"https:\\\/\\\/quehacerpolitico.mx\\\/#\\\/schema\\\/person\\\/496d8ad2d1d3f8036101dca7ee39e585\",\"name\":\"Redacci\u00f3n QP\",\"image\":{\"@type\":\"ImageObject\",\"inLanguage\":\"es\",\"@id\":\"https:\\\/\\\/secure.gravatar.com\\\/avatar\\\/c7164ed6fdec453195284ad24a5ae5b6e1eed2b848477fa2a4787ba9adf39a41?s=96&d=mm&r=g\",\"url\":\"https:\\\/\\\/secure.gravatar.com\\\/avatar\\\/c7164ed6fdec453195284ad24a5ae5b6e1eed2b848477fa2a4787ba9adf39a41?s=96&d=mm&r=g\",\"contentUrl\":\"https:\\\/\\\/secure.gravatar.com\\\/avatar\\\/c7164ed6fdec453195284ad24a5ae5b6e1eed2b848477fa2a4787ba9adf39a41?s=96&d=mm&r=g\",\"caption\":\"Redacci\u00f3n QP\"},\"url\":\"https:\\\/\\\/quehacerpolitico.mx\\\/?author=2\"}]}<\/script>\n<!-- \/ Yoast SEO plugin. -->","yoast_head_json":{"title":"Voces del Periodista Desde Filomeno Mata 8\/\/\/Mouris Salloum George\/\/\/Luz en el t\u00fanel, \u00bfy si es de tren en sentido contrario? -","robots":{"index":"index","follow":"follow","max-snippet":"max-snippet:-1","max-image-preview":"max-image-preview:large","max-video-preview":"max-video-preview:-1"},"canonical":"https:\/\/quehacerpolitico.mx\/?p=32685","og_locale":"es_MX","og_type":"article","og_title":"Voces del Periodista Desde Filomeno Mata 8\/\/\/Mouris Salloum George\/\/\/Luz en el t\u00fanel, \u00bfy si es de tren en sentido contrario? -","og_description":"Luz en el t\u00fanel, \u00bfy si es de tren en sentido contrario? Por Mouris Salloum George Director General del Club de Periodistas de M\u00e9xico AC","og_url":"https:\/\/quehacerpolitico.mx\/?p=32685","article_published_time":"2019-07-23T12:56:11+00:00","author":"Redacci\u00f3n QP","twitter_card":"summary_large_image","twitter_misc":{"Escrito por":"Redacci\u00f3n QP","Tiempo de lectura":"3 minutos"},"schema":{"@context":"https:\/\/schema.org","@graph":[{"@type":"Article","@id":"https:\/\/quehacerpolitico.mx\/?p=32685#article","isPartOf":{"@id":"https:\/\/quehacerpolitico.mx\/?p=32685"},"author":{"name":"Redacci\u00f3n QP","@id":"https:\/\/quehacerpolitico.mx\/#\/schema\/person\/496d8ad2d1d3f8036101dca7ee39e585"},"headline":"Voces del Periodista Desde Filomeno Mata 8\/\/\/Mouris Salloum George\/\/\/Luz en el t\u00fanel, \u00bfy si es de tren en sentido contrario?","datePublished":"2019-07-23T12:56:11+00:00","mainEntityOfPage":{"@id":"https:\/\/quehacerpolitico.mx\/?p=32685"},"wordCount":593,"commentCount":0,"image":{"@id":"https:\/\/quehacerpolitico.mx\/?p=32685#primaryimage"},"thumbnailUrl":"","articleSection":["Noticias"],"inLanguage":"es","potentialAction":[{"@type":"CommentAction","name":"Comment","target":["https:\/\/quehacerpolitico.mx\/?p=32685#respond"]}]},{"@type":"WebPage","@id":"https:\/\/quehacerpolitico.mx\/?p=32685","url":"https:\/\/quehacerpolitico.mx\/?p=32685","name":"Voces del Periodista Desde Filomeno Mata 8\/\/\/Mouris Salloum George\/\/\/Luz en el t\u00fanel, \u00bfy si es de tren en sentido contrario? -","isPartOf":{"@id":"https:\/\/quehacerpolitico.mx\/#website"},"primaryImageOfPage":{"@id":"https:\/\/quehacerpolitico.mx\/?p=32685#primaryimage"},"image":{"@id":"https:\/\/quehacerpolitico.mx\/?p=32685#primaryimage"},"thumbnailUrl":"","datePublished":"2019-07-23T12:56:11+00:00","author":{"@id":"https:\/\/quehacerpolitico.mx\/#\/schema\/person\/496d8ad2d1d3f8036101dca7ee39e585"},"breadcrumb":{"@id":"https:\/\/quehacerpolitico.mx\/?p=32685#breadcrumb"},"inLanguage":"es","potentialAction":[{"@type":"ReadAction","target":["https:\/\/quehacerpolitico.mx\/?p=32685"]}]},{"@type":"ImageObject","inLanguage":"es","@id":"https:\/\/quehacerpolitico.mx\/?p=32685#primaryimage","url":"","contentUrl":""},{"@type":"BreadcrumbList","@id":"https:\/\/quehacerpolitico.mx\/?p=32685#breadcrumb","itemListElement":[{"@type":"ListItem","position":1,"name":"Inicio","item":"https:\/\/quehacerpolitico.mx\/"},{"@type":"ListItem","position":2,"name":"Voces del Periodista Desde Filomeno Mata 8\/\/\/Mouris Salloum George\/\/\/Luz en el t\u00fanel, \u00bfy si es de tren en sentido contrario?"}]},{"@type":"WebSite","@id":"https:\/\/quehacerpolitico.mx\/#website","url":"https:\/\/quehacerpolitico.mx\/","name":"","description":"","potentialAction":[{"@type":"SearchAction","target":{"@type":"EntryPoint","urlTemplate":"https:\/\/quehacerpolitico.mx\/?s={search_term_string}"},"query-input":{"@type":"PropertyValueSpecification","valueRequired":true,"valueName":"search_term_string"}}],"inLanguage":"es"},{"@type":"Person","@id":"https:\/\/quehacerpolitico.mx\/#\/schema\/person\/496d8ad2d1d3f8036101dca7ee39e585","name":"Redacci\u00f3n QP","image":{"@type":"ImageObject","inLanguage":"es","@id":"https:\/\/secure.gravatar.com\/avatar\/c7164ed6fdec453195284ad24a5ae5b6e1eed2b848477fa2a4787ba9adf39a41?s=96&d=mm&r=g","url":"https:\/\/secure.gravatar.com\/avatar\/c7164ed6fdec453195284ad24a5ae5b6e1eed2b848477fa2a4787ba9adf39a41?s=96&d=mm&r=g","contentUrl":"https:\/\/secure.gravatar.com\/avatar\/c7164ed6fdec453195284ad24a5ae5b6e1eed2b848477fa2a4787ba9adf39a41?s=96&d=mm&r=g","caption":"Redacci\u00f3n QP"},"url":"https:\/\/quehacerpolitico.mx\/?author=2"}]}},"featured_image_urls":{"full":"","thumbnail":"","medium":"","medium_large":"","large":"","1536x1536":"","2048x2048":"","covernews-featured":"","covernews-medium":""},"author_info":{"display_name":"Redacci\u00f3n QP","author_link":"https:\/\/quehacerpolitico.mx\/?author=2"},"category_info":"<a href=\"https:\/\/quehacerpolitico.mx\/?cat=2\" rel=\"category\">Noticias<\/a>","tag_info":"Noticias","comment_count":"0","_links":{"self":[{"href":"https:\/\/quehacerpolitico.mx\/index.php?rest_route=\/wp\/v2\/posts\/32685","targetHints":{"allow":["GET"]}}],"collection":[{"href":"https:\/\/quehacerpolitico.mx\/index.php?rest_route=\/wp\/v2\/posts"}],"about":[{"href":"https:\/\/quehacerpolitico.mx\/index.php?rest_route=\/wp\/v2\/types\/post"}],"author":[{"embeddable":true,"href":"https:\/\/quehacerpolitico.mx\/index.php?rest_route=\/wp\/v2\/users\/2"}],"replies":[{"embeddable":true,"href":"https:\/\/quehacerpolitico.mx\/index.php?rest_route=%2Fwp%2Fv2%2Fcomments&post=32685"}],"version-history":[{"count":0,"href":"https:\/\/quehacerpolitico.mx\/index.php?rest_route=\/wp\/v2\/posts\/32685\/revisions"}],"wp:featuredmedia":[{"embeddable":true,"href":"https:\/\/quehacerpolitico.mx\/index.php?rest_route=\/"}],"wp:attachment":[{"href":"https:\/\/quehacerpolitico.mx\/index.php?rest_route=%2Fwp%2Fv2%2Fmedia&parent=32685"}],"wp:term":[{"taxonomy":"category","embeddable":true,"href":"https:\/\/quehacerpolitico.mx\/index.php?rest_route=%2Fwp%2Fv2%2Fcategories&post=32685"},{"taxonomy":"post_tag","embeddable":true,"href":"https:\/\/quehacerpolitico.mx\/index.php?rest_route=%2Fwp%2Fv2%2Ftags&post=32685"}],"curies":[{"name":"wp","href":"https:\/\/api.w.org\/{rel}","templated":true}]}}