{"id":32425,"date":"2019-07-20T14:32:48","date_gmt":"2019-07-20T14:32:48","guid":{"rendered":"http:\/\/quehacerpolitico.mx\/voces-del-periodista-desde-filomeno-mata-8-mouris-salloum-george-pero-que-necesidad\/"},"modified":"2019-07-20T14:32:48","modified_gmt":"2019-07-20T14:32:48","slug":"voces-del-periodista-desde-filomeno-mata-8-mouris-salloum-george-pero-que-necesidad","status":"publish","type":"post","link":"https:\/\/quehacerpolitico.mx\/?p=32425","title":{"rendered":"Voces del Periodista Desde Filomeno Mata 8\/\/\/Mouris Salloum George\/\/\/Pero qu\u00e9 necesidad"},"content":{"rendered":"<h1 class=\"entry-title penci-entry-title penci-title-\">Pero qu\u00e9 necesidad<\/h1>\n<p>Por Mouris Salloum George<br \/>Director General del Club de Periodistas de M\u00e9xico AC<\/p>\n<p>Lo m\u00e1s f\u00e1cil, es convertir un problema <strong>en una crisis<\/strong>.<\/p>\n<p>Hablamos de <strong>Pol\u00edtica<\/strong>: Suelen incurrir en ese riesgo personas ignorantes o despistadas, pero lo perpetran individuos <strong>con pleno<\/strong> <strong>conocimiento de causa<\/strong>.<\/p>\n<p>Es el caso de <strong>Baja California<\/strong>, escenario en que la ambici\u00f3n personal exhibe la <strong><em>b\u00fasqueda del poder, por el poder mismo<\/em><\/strong>.<\/p>\n<p>En el ojo del hurac\u00e1n se encuentra el gobernador electo <strong>Jaime Bonilla<\/strong> <strong>Valdez<\/strong>.<\/p>\n<p>Si el asunto no le fue consultado a Bonilla Valdez, grave. Si le fue consultado, peor; <strong>el resultado es el mismo<\/strong>.<\/p>\n<p>El caso es que el Congreso bajacaliforniano vot\u00f3 en <strong>2014<\/strong> una reforma a la Constituci\u00f3n estatal por la cual el periodo gubernamental <strong>se redujo de 6 a 2 a\u00f1os<\/strong>.<\/p>\n<p>A lomo de los cambios en el control de la Legislatura estatal en 2018, <strong>que qued\u00f3 en manos de la mayor\u00eda de Morena<\/strong>, se le dio reversa a aquel mandato y se extendi\u00f3 el periodo a 2024, ya estando confirmado el triunfo de Bonilla en junio pasado, nominado por ese partido.<\/p>\n<p>La insidia opositora -a qui\u00e9n le dan pan que llore- encontr\u00f3 en esa <strong>cerril aberraci\u00f3n<\/strong> pretexto para sospechar que la prolongaci\u00f3n del periodo en la gobernaci\u00f3n bajacaliforniana, es un ensayo a escala <strong>para la prolongaci\u00f3n del periodo presidencial<\/strong>, no obstante que Andr\u00e9s Manuel L\u00f3pez Obrador se ha declarado dispuesto a exponer su investidura a consulta popular en 2021.<\/p>\n<p>En esas andamos: La Comisi\u00f3n Permanente del Congreso de la Uni\u00f3n, cuya bancada senatorial se dice depositaria de la observancia del Pacto Federal, ech\u00f3 su cuarto a espada y aprob\u00f3, con el voto de representantes de cinco partidos, <strong>incluyendo a Morena<\/strong>, un llamado al gobierno del estado y a los ayuntamientos, para que no publiquen el decreto 112 referido al periodo gubernamental extendido.<\/p>\n<p>Publicado el decreto -lo cual no se ha hecho- \u00a0dar\u00eda lugar al recurso de <strong>acci\u00f3n de inconstitucionalidad<\/strong>, que involucrar\u00eda al Poder Judicial de la Federaci\u00f3n. Con independencia de jerarqu\u00edas, los tres poderes, pues, <strong>metidos en el hoyo<\/strong>. Pero, qu\u00e9 necesidad.<\/p>\n","protected":false},"excerpt":{"rendered":"<p>Pero qu\u00e9 necesidad<br \/>\nPor Mouris Salloum George<br \/>\nDirector General del Club de Periodistas de M\u00e9xico AC<\/p>\n","protected":false},"author":2,"featured_media":32424,"comment_status":"open","ping_status":"open","sticky":false,"template":"","format":"standard","meta":{"_monsterinsights_skip_tracking":false,"_monsterinsights_sitenote_active":false,"_monsterinsights_sitenote_note":"","_monsterinsights_sitenote_category":0,"footnotes":""},"categories":[2],"tags":[],"class_list":["post-32425","post","type-post","status-publish","format-standard","has-post-thumbnail","hentry","category-noticias"],"yoast_head":"<!-- This site is optimized with the Yoast SEO plugin v27.3 - https:\/\/yoast.com\/product\/yoast-seo-wordpress\/ -->\n<title>Voces del Periodista Desde Filomeno Mata 8\/\/\/Mouris Salloum George\/\/\/Pero qu\u00e9 necesidad -<\/title>\n<meta name=\"robots\" content=\"index, follow, max-snippet:-1, max-image-preview:large, max-video-preview:-1\" \/>\n<link rel=\"canonical\" href=\"https:\/\/quehacerpolitico.mx\/?p=32425\" \/>\n<meta property=\"og:locale\" content=\"es_MX\" \/>\n<meta property=\"og:type\" content=\"article\" \/>\n<meta property=\"og:title\" content=\"Voces del Periodista Desde Filomeno Mata 8\/\/\/Mouris Salloum George\/\/\/Pero qu\u00e9 necesidad -\" \/>\n<meta property=\"og:description\" content=\"Pero qu\u00e9 necesidad Por Mouris Salloum George Director General del Club de Periodistas de M\u00e9xico AC\" \/>\n<meta property=\"og:url\" content=\"https:\/\/quehacerpolitico.mx\/?p=32425\" \/>\n<meta property=\"article:published_time\" content=\"2019-07-20T14:32:48+00:00\" \/>\n<meta name=\"author\" content=\"Redacci\u00f3n QP\" \/>\n<meta name=\"twitter:card\" content=\"summary_large_image\" \/>\n<meta name=\"twitter:label1\" content=\"Escrito por\" \/>\n\t<meta name=\"twitter:data1\" content=\"Redacci\u00f3n QP\" \/>\n\t<meta name=\"twitter:label2\" content=\"Tiempo de lectura\" \/>\n\t<meta name=\"twitter:data2\" content=\"2 minutos\" \/>\n<script type=\"application\/ld+json\" class=\"yoast-schema-graph\">{\"@context\":\"https:\\\/\\\/schema.org\",\"@graph\":[{\"@type\":\"Article\",\"@id\":\"https:\\\/\\\/quehacerpolitico.mx\\\/?p=32425#article\",\"isPartOf\":{\"@id\":\"https:\\\/\\\/quehacerpolitico.mx\\\/?p=32425\"},\"author\":{\"name\":\"Redacci\u00f3n QP\",\"@id\":\"https:\\\/\\\/quehacerpolitico.mx\\\/#\\\/schema\\\/person\\\/496d8ad2d1d3f8036101dca7ee39e585\"},\"headline\":\"Voces del Periodista Desde Filomeno Mata 8\\\/\\\/\\\/Mouris Salloum George\\\/\\\/\\\/Pero qu\u00e9 necesidad\",\"datePublished\":\"2019-07-20T14:32:48+00:00\",\"mainEntityOfPage\":{\"@id\":\"https:\\\/\\\/quehacerpolitico.mx\\\/?p=32425\"},\"wordCount\":371,\"commentCount\":0,\"image\":{\"@id\":\"https:\\\/\\\/quehacerpolitico.mx\\\/?p=32425#primaryimage\"},\"thumbnailUrl\":\"\",\"articleSection\":[\"Noticias\"],\"inLanguage\":\"es\",\"potentialAction\":[{\"@type\":\"CommentAction\",\"name\":\"Comment\",\"target\":[\"https:\\\/\\\/quehacerpolitico.mx\\\/?p=32425#respond\"]}]},{\"@type\":\"WebPage\",\"@id\":\"https:\\\/\\\/quehacerpolitico.mx\\\/?p=32425\",\"url\":\"https:\\\/\\\/quehacerpolitico.mx\\\/?p=32425\",\"name\":\"Voces del Periodista Desde Filomeno Mata 8\\\/\\\/\\\/Mouris Salloum George\\\/\\\/\\\/Pero qu\u00e9 necesidad -\",\"isPartOf\":{\"@id\":\"https:\\\/\\\/quehacerpolitico.mx\\\/#website\"},\"primaryImageOfPage\":{\"@id\":\"https:\\\/\\\/quehacerpolitico.mx\\\/?p=32425#primaryimage\"},\"image\":{\"@id\":\"https:\\\/\\\/quehacerpolitico.mx\\\/?p=32425#primaryimage\"},\"thumbnailUrl\":\"\",\"datePublished\":\"2019-07-20T14:32:48+00:00\",\"author\":{\"@id\":\"https:\\\/\\\/quehacerpolitico.mx\\\/#\\\/schema\\\/person\\\/496d8ad2d1d3f8036101dca7ee39e585\"},\"breadcrumb\":{\"@id\":\"https:\\\/\\\/quehacerpolitico.mx\\\/?p=32425#breadcrumb\"},\"inLanguage\":\"es\",\"potentialAction\":[{\"@type\":\"ReadAction\",\"target\":[\"https:\\\/\\\/quehacerpolitico.mx\\\/?p=32425\"]}]},{\"@type\":\"ImageObject\",\"inLanguage\":\"es\",\"@id\":\"https:\\\/\\\/quehacerpolitico.mx\\\/?p=32425#primaryimage\",\"url\":\"\",\"contentUrl\":\"\"},{\"@type\":\"BreadcrumbList\",\"@id\":\"https:\\\/\\\/quehacerpolitico.mx\\\/?p=32425#breadcrumb\",\"itemListElement\":[{\"@type\":\"ListItem\",\"position\":1,\"name\":\"Inicio\",\"item\":\"https:\\\/\\\/quehacerpolitico.mx\\\/\"},{\"@type\":\"ListItem\",\"position\":2,\"name\":\"Voces del Periodista Desde Filomeno Mata 8\\\/\\\/\\\/Mouris Salloum George\\\/\\\/\\\/Pero qu\u00e9 necesidad\"}]},{\"@type\":\"WebSite\",\"@id\":\"https:\\\/\\\/quehacerpolitico.mx\\\/#website\",\"url\":\"https:\\\/\\\/quehacerpolitico.mx\\\/\",\"name\":\"\",\"description\":\"\",\"potentialAction\":[{\"@type\":\"SearchAction\",\"target\":{\"@type\":\"EntryPoint\",\"urlTemplate\":\"https:\\\/\\\/quehacerpolitico.mx\\\/?s={search_term_string}\"},\"query-input\":{\"@type\":\"PropertyValueSpecification\",\"valueRequired\":true,\"valueName\":\"search_term_string\"}}],\"inLanguage\":\"es\"},{\"@type\":\"Person\",\"@id\":\"https:\\\/\\\/quehacerpolitico.mx\\\/#\\\/schema\\\/person\\\/496d8ad2d1d3f8036101dca7ee39e585\",\"name\":\"Redacci\u00f3n QP\",\"image\":{\"@type\":\"ImageObject\",\"inLanguage\":\"es\",\"@id\":\"https:\\\/\\\/secure.gravatar.com\\\/avatar\\\/c7164ed6fdec453195284ad24a5ae5b6e1eed2b848477fa2a4787ba9adf39a41?s=96&d=mm&r=g\",\"url\":\"https:\\\/\\\/secure.gravatar.com\\\/avatar\\\/c7164ed6fdec453195284ad24a5ae5b6e1eed2b848477fa2a4787ba9adf39a41?s=96&d=mm&r=g\",\"contentUrl\":\"https:\\\/\\\/secure.gravatar.com\\\/avatar\\\/c7164ed6fdec453195284ad24a5ae5b6e1eed2b848477fa2a4787ba9adf39a41?s=96&d=mm&r=g\",\"caption\":\"Redacci\u00f3n QP\"},\"url\":\"https:\\\/\\\/quehacerpolitico.mx\\\/?author=2\"}]}<\/script>\n<!-- \/ Yoast SEO plugin. -->","yoast_head_json":{"title":"Voces del Periodista Desde Filomeno Mata 8\/\/\/Mouris Salloum George\/\/\/Pero qu\u00e9 necesidad -","robots":{"index":"index","follow":"follow","max-snippet":"max-snippet:-1","max-image-preview":"max-image-preview:large","max-video-preview":"max-video-preview:-1"},"canonical":"https:\/\/quehacerpolitico.mx\/?p=32425","og_locale":"es_MX","og_type":"article","og_title":"Voces del Periodista Desde Filomeno Mata 8\/\/\/Mouris Salloum George\/\/\/Pero qu\u00e9 necesidad -","og_description":"Pero qu\u00e9 necesidad Por Mouris Salloum George Director General del Club de Periodistas de M\u00e9xico AC","og_url":"https:\/\/quehacerpolitico.mx\/?p=32425","article_published_time":"2019-07-20T14:32:48+00:00","author":"Redacci\u00f3n QP","twitter_card":"summary_large_image","twitter_misc":{"Escrito por":"Redacci\u00f3n QP","Tiempo de lectura":"2 minutos"},"schema":{"@context":"https:\/\/schema.org","@graph":[{"@type":"Article","@id":"https:\/\/quehacerpolitico.mx\/?p=32425#article","isPartOf":{"@id":"https:\/\/quehacerpolitico.mx\/?p=32425"},"author":{"name":"Redacci\u00f3n QP","@id":"https:\/\/quehacerpolitico.mx\/#\/schema\/person\/496d8ad2d1d3f8036101dca7ee39e585"},"headline":"Voces del Periodista Desde Filomeno Mata 8\/\/\/Mouris Salloum George\/\/\/Pero qu\u00e9 necesidad","datePublished":"2019-07-20T14:32:48+00:00","mainEntityOfPage":{"@id":"https:\/\/quehacerpolitico.mx\/?p=32425"},"wordCount":371,"commentCount":0,"image":{"@id":"https:\/\/quehacerpolitico.mx\/?p=32425#primaryimage"},"thumbnailUrl":"","articleSection":["Noticias"],"inLanguage":"es","potentialAction":[{"@type":"CommentAction","name":"Comment","target":["https:\/\/quehacerpolitico.mx\/?p=32425#respond"]}]},{"@type":"WebPage","@id":"https:\/\/quehacerpolitico.mx\/?p=32425","url":"https:\/\/quehacerpolitico.mx\/?p=32425","name":"Voces del Periodista Desde Filomeno Mata 8\/\/\/Mouris Salloum George\/\/\/Pero qu\u00e9 necesidad -","isPartOf":{"@id":"https:\/\/quehacerpolitico.mx\/#website"},"primaryImageOfPage":{"@id":"https:\/\/quehacerpolitico.mx\/?p=32425#primaryimage"},"image":{"@id":"https:\/\/quehacerpolitico.mx\/?p=32425#primaryimage"},"thumbnailUrl":"","datePublished":"2019-07-20T14:32:48+00:00","author":{"@id":"https:\/\/quehacerpolitico.mx\/#\/schema\/person\/496d8ad2d1d3f8036101dca7ee39e585"},"breadcrumb":{"@id":"https:\/\/quehacerpolitico.mx\/?p=32425#breadcrumb"},"inLanguage":"es","potentialAction":[{"@type":"ReadAction","target":["https:\/\/quehacerpolitico.mx\/?p=32425"]}]},{"@type":"ImageObject","inLanguage":"es","@id":"https:\/\/quehacerpolitico.mx\/?p=32425#primaryimage","url":"","contentUrl":""},{"@type":"BreadcrumbList","@id":"https:\/\/quehacerpolitico.mx\/?p=32425#breadcrumb","itemListElement":[{"@type":"ListItem","position":1,"name":"Inicio","item":"https:\/\/quehacerpolitico.mx\/"},{"@type":"ListItem","position":2,"name":"Voces del Periodista Desde Filomeno Mata 8\/\/\/Mouris Salloum George\/\/\/Pero qu\u00e9 necesidad"}]},{"@type":"WebSite","@id":"https:\/\/quehacerpolitico.mx\/#website","url":"https:\/\/quehacerpolitico.mx\/","name":"","description":"","potentialAction":[{"@type":"SearchAction","target":{"@type":"EntryPoint","urlTemplate":"https:\/\/quehacerpolitico.mx\/?s={search_term_string}"},"query-input":{"@type":"PropertyValueSpecification","valueRequired":true,"valueName":"search_term_string"}}],"inLanguage":"es"},{"@type":"Person","@id":"https:\/\/quehacerpolitico.mx\/#\/schema\/person\/496d8ad2d1d3f8036101dca7ee39e585","name":"Redacci\u00f3n QP","image":{"@type":"ImageObject","inLanguage":"es","@id":"https:\/\/secure.gravatar.com\/avatar\/c7164ed6fdec453195284ad24a5ae5b6e1eed2b848477fa2a4787ba9adf39a41?s=96&d=mm&r=g","url":"https:\/\/secure.gravatar.com\/avatar\/c7164ed6fdec453195284ad24a5ae5b6e1eed2b848477fa2a4787ba9adf39a41?s=96&d=mm&r=g","contentUrl":"https:\/\/secure.gravatar.com\/avatar\/c7164ed6fdec453195284ad24a5ae5b6e1eed2b848477fa2a4787ba9adf39a41?s=96&d=mm&r=g","caption":"Redacci\u00f3n QP"},"url":"https:\/\/quehacerpolitico.mx\/?author=2"}]}},"featured_image_urls":{"full":"","thumbnail":"","medium":"","medium_large":"","large":"","1536x1536":"","2048x2048":"","covernews-featured":"","covernews-medium":""},"author_info":{"display_name":"Redacci\u00f3n QP","author_link":"https:\/\/quehacerpolitico.mx\/?author=2"},"category_info":"<a href=\"https:\/\/quehacerpolitico.mx\/?cat=2\" rel=\"category\">Noticias<\/a>","tag_info":"Noticias","comment_count":"0","_links":{"self":[{"href":"https:\/\/quehacerpolitico.mx\/index.php?rest_route=\/wp\/v2\/posts\/32425","targetHints":{"allow":["GET"]}}],"collection":[{"href":"https:\/\/quehacerpolitico.mx\/index.php?rest_route=\/wp\/v2\/posts"}],"about":[{"href":"https:\/\/quehacerpolitico.mx\/index.php?rest_route=\/wp\/v2\/types\/post"}],"author":[{"embeddable":true,"href":"https:\/\/quehacerpolitico.mx\/index.php?rest_route=\/wp\/v2\/users\/2"}],"replies":[{"embeddable":true,"href":"https:\/\/quehacerpolitico.mx\/index.php?rest_route=%2Fwp%2Fv2%2Fcomments&post=32425"}],"version-history":[{"count":0,"href":"https:\/\/quehacerpolitico.mx\/index.php?rest_route=\/wp\/v2\/posts\/32425\/revisions"}],"wp:featuredmedia":[{"embeddable":true,"href":"https:\/\/quehacerpolitico.mx\/index.php?rest_route=\/"}],"wp:attachment":[{"href":"https:\/\/quehacerpolitico.mx\/index.php?rest_route=%2Fwp%2Fv2%2Fmedia&parent=32425"}],"wp:term":[{"taxonomy":"category","embeddable":true,"href":"https:\/\/quehacerpolitico.mx\/index.php?rest_route=%2Fwp%2Fv2%2Fcategories&post=32425"},{"taxonomy":"post_tag","embeddable":true,"href":"https:\/\/quehacerpolitico.mx\/index.php?rest_route=%2Fwp%2Fv2%2Ftags&post=32425"}],"curies":[{"name":"wp","href":"https:\/\/api.w.org\/{rel}","templated":true}]}}