{"id":31721,"date":"2019-07-13T22:47:57","date_gmt":"2019-07-13T22:47:57","guid":{"rendered":"http:\/\/quehacerpolitico.mx\/sheinbaum-da-la-bienvenida-a-la-guardia-nacional-en-venustiano-carranza-y-iztacalco\/"},"modified":"2019-07-13T22:47:57","modified_gmt":"2019-07-13T22:47:57","slug":"sheinbaum-da-la-bienvenida-a-la-guardia-nacional-en-venustiano-carranza-y-iztacalco","status":"publish","type":"post","link":"https:\/\/quehacerpolitico.mx\/?p=31721","title":{"rendered":"Sheinbaum da la bienvenida a la Guardia Nacional en Venustiano Carranza y Iztacalco"},"content":{"rendered":"<p>Sheinbaum da la bienvenida a la Guardia Nacional en Venustiano Carranza y Iztacalco<\/p>\n<p>Por Redacci\u00f3n QP<\/p>\n<p>La jefa de <strong>Gobierno de la Cuidad de M\u00e9xico<\/strong>, <strong>Claudia Sheinbaum<\/strong>, inici\u00f3 un recorrido con la <strong>Guardia Nacional<\/strong> (<strong>GN<\/strong>)\u00a0a lo largo de avenida <strong>Xochimilco<\/strong>, al oriente de la capital, as\u00ed como en diversas colonias de la alcald\u00eda <strong>Venustiano Carranza<\/strong> en colindancia con el <strong>Estado de M\u00e9xico<\/strong>.<\/p>\n<p>Acompa\u00f1ada del titular de la <strong>Secretar\u00eda de Seguridad Ciudadana, Jes\u00fas Orta<\/strong>, y de los alcaldes de Venustiano Carranza e Iztacalco, <strong>Julio C\u00e9sar Moreno Rivera<\/strong> y<strong> Armando Quintero<\/strong>, respectivamente, la funcionaria capitalina supervis\u00f3 las operaciones\u00a0de este cuerpo de seguridad.<\/p>\n<p>https:\/\/twitter.com\/mreldiablo8\/status\/1150100565227200512?s=21<\/p>\n<p>En dichas demarcaciones se desplegaron, desde este viernes, 400 elementos de la Guardia Naciona, que son ubicados en puntos estrat\u00e9gicos en los que se registran mayores actos delictivos.<\/p>\n<p>El mes pasado, el presidente Andr\u00e9s Manuel L\u00f3pez Obrador anunci\u00f3 que la Guardia Nacional tendr\u00eda presencia en la Ciudad de M\u00e9xico, donde desde el\u00a02018 se vive una crisis de violencia.<\/p>\n<p>Se contempla que\u00a0dos mil 700 elementos de este cuerpo armado realicen acciones de seguridad en ocho de las 16 alcald\u00edas capitalinas.<\/p>\n<p>De acuerdo con la jefa de Gobierno capitalina, en una primera etapa, la Guardia Nacional estar\u00e1 en toda la Ciudad de M\u00e9xico con operativos especiales, aunque tendr\u00e1n mayor presencia en las alcald\u00edas Gustavo A. Madero, Venustiano Carranza, Iztacalco, Iztapalapa, Tl\u00e1huac, Xochimilco, Milpa Alta y Tlalpan.<\/p>\n<p>Adem\u00e1s, se reforzar\u00e1 la seguridad en el resto de las demarcaciones a trav\u00e9s del Comando de Operaciones Especiales de la Secretar\u00eda de Seguridad P\u00fablica Ciudadana, con particular presencia de la polic\u00eda preventiva y mayor patrullaje con nueva infraestructura.<\/p>\n<p>https:\/\/twitter.com\/mreldiablo8\/status\/1150124566859124736?s=21<\/p>\n","protected":false},"excerpt":{"rendered":"<p>Sheinbaum da la bienvenida a la Guardia Nacional en Venustiano Carranza y Iztacalco<br \/>\nPor Redacci\u00f3n QP<\/p>\n","protected":false},"author":2,"featured_media":31720,"comment_status":"open","ping_status":"open","sticky":false,"template":"","format":"standard","meta":{"_monsterinsights_skip_tracking":false,"_monsterinsights_sitenote_active":false,"_monsterinsights_sitenote_note":"","_monsterinsights_sitenote_category":0,"footnotes":""},"categories":[55],"tags":[],"class_list":["post-31721","post","type-post","status-publish","format-standard","has-post-thumbnail","hentry","category-cdmx"],"yoast_head":"<!-- This site is optimized with the Yoast SEO plugin v27.3 - https:\/\/yoast.com\/product\/yoast-seo-wordpress\/ -->\n<title>Sheinbaum da la bienvenida a la Guardia Nacional en Venustiano Carranza y Iztacalco -<\/title>\n<meta name=\"robots\" content=\"index, follow, max-snippet:-1, max-image-preview:large, max-video-preview:-1\" \/>\n<link rel=\"canonical\" href=\"https:\/\/quehacerpolitico.mx\/?p=31721\" \/>\n<meta property=\"og:locale\" content=\"es_MX\" \/>\n<meta property=\"og:type\" content=\"article\" \/>\n<meta property=\"og:title\" content=\"Sheinbaum da la bienvenida a la Guardia Nacional en Venustiano Carranza y Iztacalco -\" \/>\n<meta property=\"og:description\" content=\"Sheinbaum da la bienvenida a la Guardia Nacional en Venustiano Carranza y Iztacalco Por Redacci\u00f3n QP\" \/>\n<meta property=\"og:url\" content=\"https:\/\/quehacerpolitico.mx\/?p=31721\" \/>\n<meta property=\"article:published_time\" content=\"2019-07-13T22:47:57+00:00\" \/>\n<meta name=\"author\" content=\"Redacci\u00f3n QP\" \/>\n<meta name=\"twitter:card\" content=\"summary_large_image\" \/>\n<meta name=\"twitter:label1\" content=\"Escrito por\" \/>\n\t<meta name=\"twitter:data1\" content=\"Redacci\u00f3n QP\" \/>\n\t<meta name=\"twitter:label2\" content=\"Tiempo de lectura\" \/>\n\t<meta name=\"twitter:data2\" content=\"1 minuto\" \/>\n<script type=\"application\/ld+json\" class=\"yoast-schema-graph\">{\"@context\":\"https:\\\/\\\/schema.org\",\"@graph\":[{\"@type\":\"Article\",\"@id\":\"https:\\\/\\\/quehacerpolitico.mx\\\/?p=31721#article\",\"isPartOf\":{\"@id\":\"https:\\\/\\\/quehacerpolitico.mx\\\/?p=31721\"},\"author\":{\"name\":\"Redacci\u00f3n QP\",\"@id\":\"https:\\\/\\\/quehacerpolitico.mx\\\/#\\\/schema\\\/person\\\/496d8ad2d1d3f8036101dca7ee39e585\"},\"headline\":\"Sheinbaum da la bienvenida a la Guardia Nacional en Venustiano Carranza y Iztacalco\",\"datePublished\":\"2019-07-13T22:47:57+00:00\",\"mainEntityOfPage\":{\"@id\":\"https:\\\/\\\/quehacerpolitico.mx\\\/?p=31721\"},\"wordCount\":310,\"commentCount\":0,\"image\":{\"@id\":\"https:\\\/\\\/quehacerpolitico.mx\\\/?p=31721#primaryimage\"},\"thumbnailUrl\":\"\",\"articleSection\":[\"CDMX\"],\"inLanguage\":\"es\",\"potentialAction\":[{\"@type\":\"CommentAction\",\"name\":\"Comment\",\"target\":[\"https:\\\/\\\/quehacerpolitico.mx\\\/?p=31721#respond\"]}]},{\"@type\":\"WebPage\",\"@id\":\"https:\\\/\\\/quehacerpolitico.mx\\\/?p=31721\",\"url\":\"https:\\\/\\\/quehacerpolitico.mx\\\/?p=31721\",\"name\":\"Sheinbaum da la bienvenida a la Guardia Nacional en Venustiano Carranza y Iztacalco -\",\"isPartOf\":{\"@id\":\"https:\\\/\\\/quehacerpolitico.mx\\\/#website\"},\"primaryImageOfPage\":{\"@id\":\"https:\\\/\\\/quehacerpolitico.mx\\\/?p=31721#primaryimage\"},\"image\":{\"@id\":\"https:\\\/\\\/quehacerpolitico.mx\\\/?p=31721#primaryimage\"},\"thumbnailUrl\":\"\",\"datePublished\":\"2019-07-13T22:47:57+00:00\",\"author\":{\"@id\":\"https:\\\/\\\/quehacerpolitico.mx\\\/#\\\/schema\\\/person\\\/496d8ad2d1d3f8036101dca7ee39e585\"},\"breadcrumb\":{\"@id\":\"https:\\\/\\\/quehacerpolitico.mx\\\/?p=31721#breadcrumb\"},\"inLanguage\":\"es\",\"potentialAction\":[{\"@type\":\"ReadAction\",\"target\":[\"https:\\\/\\\/quehacerpolitico.mx\\\/?p=31721\"]}]},{\"@type\":\"ImageObject\",\"inLanguage\":\"es\",\"@id\":\"https:\\\/\\\/quehacerpolitico.mx\\\/?p=31721#primaryimage\",\"url\":\"\",\"contentUrl\":\"\"},{\"@type\":\"BreadcrumbList\",\"@id\":\"https:\\\/\\\/quehacerpolitico.mx\\\/?p=31721#breadcrumb\",\"itemListElement\":[{\"@type\":\"ListItem\",\"position\":1,\"name\":\"Inicio\",\"item\":\"https:\\\/\\\/quehacerpolitico.mx\\\/\"},{\"@type\":\"ListItem\",\"position\":2,\"name\":\"Sheinbaum da la bienvenida a la Guardia Nacional en Venustiano Carranza y Iztacalco\"}]},{\"@type\":\"WebSite\",\"@id\":\"https:\\\/\\\/quehacerpolitico.mx\\\/#website\",\"url\":\"https:\\\/\\\/quehacerpolitico.mx\\\/\",\"name\":\"\",\"description\":\"\",\"potentialAction\":[{\"@type\":\"SearchAction\",\"target\":{\"@type\":\"EntryPoint\",\"urlTemplate\":\"https:\\\/\\\/quehacerpolitico.mx\\\/?s={search_term_string}\"},\"query-input\":{\"@type\":\"PropertyValueSpecification\",\"valueRequired\":true,\"valueName\":\"search_term_string\"}}],\"inLanguage\":\"es\"},{\"@type\":\"Person\",\"@id\":\"https:\\\/\\\/quehacerpolitico.mx\\\/#\\\/schema\\\/person\\\/496d8ad2d1d3f8036101dca7ee39e585\",\"name\":\"Redacci\u00f3n QP\",\"image\":{\"@type\":\"ImageObject\",\"inLanguage\":\"es\",\"@id\":\"https:\\\/\\\/secure.gravatar.com\\\/avatar\\\/c7164ed6fdec453195284ad24a5ae5b6e1eed2b848477fa2a4787ba9adf39a41?s=96&d=mm&r=g\",\"url\":\"https:\\\/\\\/secure.gravatar.com\\\/avatar\\\/c7164ed6fdec453195284ad24a5ae5b6e1eed2b848477fa2a4787ba9adf39a41?s=96&d=mm&r=g\",\"contentUrl\":\"https:\\\/\\\/secure.gravatar.com\\\/avatar\\\/c7164ed6fdec453195284ad24a5ae5b6e1eed2b848477fa2a4787ba9adf39a41?s=96&d=mm&r=g\",\"caption\":\"Redacci\u00f3n QP\"},\"url\":\"https:\\\/\\\/quehacerpolitico.mx\\\/?author=2\"}]}<\/script>\n<!-- \/ Yoast SEO plugin. -->","yoast_head_json":{"title":"Sheinbaum da la bienvenida a la Guardia Nacional en Venustiano Carranza y Iztacalco -","robots":{"index":"index","follow":"follow","max-snippet":"max-snippet:-1","max-image-preview":"max-image-preview:large","max-video-preview":"max-video-preview:-1"},"canonical":"https:\/\/quehacerpolitico.mx\/?p=31721","og_locale":"es_MX","og_type":"article","og_title":"Sheinbaum da la bienvenida a la Guardia Nacional en Venustiano Carranza y Iztacalco -","og_description":"Sheinbaum da la bienvenida a la Guardia Nacional en Venustiano Carranza y Iztacalco Por Redacci\u00f3n QP","og_url":"https:\/\/quehacerpolitico.mx\/?p=31721","article_published_time":"2019-07-13T22:47:57+00:00","author":"Redacci\u00f3n QP","twitter_card":"summary_large_image","twitter_misc":{"Escrito por":"Redacci\u00f3n QP","Tiempo de lectura":"1 minuto"},"schema":{"@context":"https:\/\/schema.org","@graph":[{"@type":"Article","@id":"https:\/\/quehacerpolitico.mx\/?p=31721#article","isPartOf":{"@id":"https:\/\/quehacerpolitico.mx\/?p=31721"},"author":{"name":"Redacci\u00f3n QP","@id":"https:\/\/quehacerpolitico.mx\/#\/schema\/person\/496d8ad2d1d3f8036101dca7ee39e585"},"headline":"Sheinbaum da la bienvenida a la Guardia Nacional en Venustiano Carranza y Iztacalco","datePublished":"2019-07-13T22:47:57+00:00","mainEntityOfPage":{"@id":"https:\/\/quehacerpolitico.mx\/?p=31721"},"wordCount":310,"commentCount":0,"image":{"@id":"https:\/\/quehacerpolitico.mx\/?p=31721#primaryimage"},"thumbnailUrl":"","articleSection":["CDMX"],"inLanguage":"es","potentialAction":[{"@type":"CommentAction","name":"Comment","target":["https:\/\/quehacerpolitico.mx\/?p=31721#respond"]}]},{"@type":"WebPage","@id":"https:\/\/quehacerpolitico.mx\/?p=31721","url":"https:\/\/quehacerpolitico.mx\/?p=31721","name":"Sheinbaum da la bienvenida a la Guardia Nacional en Venustiano Carranza y Iztacalco -","isPartOf":{"@id":"https:\/\/quehacerpolitico.mx\/#website"},"primaryImageOfPage":{"@id":"https:\/\/quehacerpolitico.mx\/?p=31721#primaryimage"},"image":{"@id":"https:\/\/quehacerpolitico.mx\/?p=31721#primaryimage"},"thumbnailUrl":"","datePublished":"2019-07-13T22:47:57+00:00","author":{"@id":"https:\/\/quehacerpolitico.mx\/#\/schema\/person\/496d8ad2d1d3f8036101dca7ee39e585"},"breadcrumb":{"@id":"https:\/\/quehacerpolitico.mx\/?p=31721#breadcrumb"},"inLanguage":"es","potentialAction":[{"@type":"ReadAction","target":["https:\/\/quehacerpolitico.mx\/?p=31721"]}]},{"@type":"ImageObject","inLanguage":"es","@id":"https:\/\/quehacerpolitico.mx\/?p=31721#primaryimage","url":"","contentUrl":""},{"@type":"BreadcrumbList","@id":"https:\/\/quehacerpolitico.mx\/?p=31721#breadcrumb","itemListElement":[{"@type":"ListItem","position":1,"name":"Inicio","item":"https:\/\/quehacerpolitico.mx\/"},{"@type":"ListItem","position":2,"name":"Sheinbaum da la bienvenida a la Guardia Nacional en Venustiano Carranza y Iztacalco"}]},{"@type":"WebSite","@id":"https:\/\/quehacerpolitico.mx\/#website","url":"https:\/\/quehacerpolitico.mx\/","name":"","description":"","potentialAction":[{"@type":"SearchAction","target":{"@type":"EntryPoint","urlTemplate":"https:\/\/quehacerpolitico.mx\/?s={search_term_string}"},"query-input":{"@type":"PropertyValueSpecification","valueRequired":true,"valueName":"search_term_string"}}],"inLanguage":"es"},{"@type":"Person","@id":"https:\/\/quehacerpolitico.mx\/#\/schema\/person\/496d8ad2d1d3f8036101dca7ee39e585","name":"Redacci\u00f3n QP","image":{"@type":"ImageObject","inLanguage":"es","@id":"https:\/\/secure.gravatar.com\/avatar\/c7164ed6fdec453195284ad24a5ae5b6e1eed2b848477fa2a4787ba9adf39a41?s=96&d=mm&r=g","url":"https:\/\/secure.gravatar.com\/avatar\/c7164ed6fdec453195284ad24a5ae5b6e1eed2b848477fa2a4787ba9adf39a41?s=96&d=mm&r=g","contentUrl":"https:\/\/secure.gravatar.com\/avatar\/c7164ed6fdec453195284ad24a5ae5b6e1eed2b848477fa2a4787ba9adf39a41?s=96&d=mm&r=g","caption":"Redacci\u00f3n QP"},"url":"https:\/\/quehacerpolitico.mx\/?author=2"}]}},"featured_image_urls":{"full":"","thumbnail":"","medium":"","medium_large":"","large":"","1536x1536":"","2048x2048":"","covernews-featured":"","covernews-medium":""},"author_info":{"display_name":"Redacci\u00f3n QP","author_link":"https:\/\/quehacerpolitico.mx\/?author=2"},"category_info":"<a href=\"https:\/\/quehacerpolitico.mx\/?cat=55\" rel=\"category\">CDMX<\/a>","tag_info":"CDMX","comment_count":"0","_links":{"self":[{"href":"https:\/\/quehacerpolitico.mx\/index.php?rest_route=\/wp\/v2\/posts\/31721","targetHints":{"allow":["GET"]}}],"collection":[{"href":"https:\/\/quehacerpolitico.mx\/index.php?rest_route=\/wp\/v2\/posts"}],"about":[{"href":"https:\/\/quehacerpolitico.mx\/index.php?rest_route=\/wp\/v2\/types\/post"}],"author":[{"embeddable":true,"href":"https:\/\/quehacerpolitico.mx\/index.php?rest_route=\/wp\/v2\/users\/2"}],"replies":[{"embeddable":true,"href":"https:\/\/quehacerpolitico.mx\/index.php?rest_route=%2Fwp%2Fv2%2Fcomments&post=31721"}],"version-history":[{"count":0,"href":"https:\/\/quehacerpolitico.mx\/index.php?rest_route=\/wp\/v2\/posts\/31721\/revisions"}],"wp:featuredmedia":[{"embeddable":true,"href":"https:\/\/quehacerpolitico.mx\/index.php?rest_route=\/"}],"wp:attachment":[{"href":"https:\/\/quehacerpolitico.mx\/index.php?rest_route=%2Fwp%2Fv2%2Fmedia&parent=31721"}],"wp:term":[{"taxonomy":"category","embeddable":true,"href":"https:\/\/quehacerpolitico.mx\/index.php?rest_route=%2Fwp%2Fv2%2Fcategories&post=31721"},{"taxonomy":"post_tag","embeddable":true,"href":"https:\/\/quehacerpolitico.mx\/index.php?rest_route=%2Fwp%2Fv2%2Ftags&post=31721"}],"curies":[{"name":"wp","href":"https:\/\/api.w.org\/{rel}","templated":true}]}}