{"id":31714,"date":"2019-07-13T18:13:54","date_gmt":"2019-07-13T18:13:54","guid":{"rendered":"http:\/\/quehacerpolitico.mx\/frida-kahlo-la-artista-que-rompio-con-estilos-internacionales\/"},"modified":"2019-07-13T18:13:54","modified_gmt":"2019-07-13T18:13:54","slug":"frida-kahlo-la-artista-que-rompio-con-estilos-internacionales","status":"publish","type":"post","link":"https:\/\/quehacerpolitico.mx\/?p=31714","title":{"rendered":"Frida Kahlo, la artista que rompi\u00f3 con estilos internacionales"},"content":{"rendered":"<p>Frida Kahlo, la artista que rompi\u00f3 con estilos internacionales<\/p>\n<p>Por Redacci\u00f3n QP<\/p>\n<p>Autora de m\u00e1s de 200 obras, la mexicana Frida Kahlo implement\u00f3 vanguardias art\u00edsticas para establecer una independencia entre ella y las corrientes internacionales, por lo que su trabajo es inclasificable en un \u00fanico estilo, afirm\u00f3 Marisol Arg\u00fcelles.<\/p>\n<p>La directora del Museo Casa Estudio Diego Rivera y Frida Kahlo destac\u00f3 que las obras de la artista se encuentran en diversos museos de M\u00e9xico y el mundo, as\u00ed como en colecciones privadas.<\/p>\n<p>Para conmemorar los 112 a\u00f1os de su natalicio ocurrido el 6 de julio de 1907, as\u00ed como el 65 aniversario de su deceso, el 13 de julio\u00a0de 1954, el Museo Casa Estudio Diego Rivera y Frida Kahlo cuenta\u00a0desde mayo con una sala permanente dedicada a la pintora.<\/p>\n<p>\u201cEn este museo hab\u00edamos tenido exposiciones temporales, pero ninguna permanente sobre Frida. En ella se pueden encontrar fotograf\u00edas de ella de diferentes autores\u201d, dio a conocer Marisol Arg\u00fcelles en un comunicado de la Secretar\u00eda de Cultura.<\/p>\n<p>En este mes, adem\u00e1s, habr\u00e1 varias actividades\u00a0para rememorar el gusto de la pintora por el arte y la cultura popular; este s\u00e1bado, por ejemplo, se presentar\u00e1 el grupo Xilangos, que se caracteriza por el rescate, la difusi\u00f3n y la renovaci\u00f3n de la m\u00fasica tradicional mexicana.<\/p>\n<p>Otro recinto que resguarda la obra de la homenajeada es el Museo Frida Kahlo, tambi\u00e9n conocido como la Casa Azul de Coyoac\u00e1n, espacio donde la pintora realiz\u00f3 gran parte de su trabajo. Aqu\u00ed, el p\u00fablico asistente pude ubicar el cuadro <em>Retrato de mi padre Guillermo Kahlo<\/em>, as\u00ed como una obra inconclusa en la que plasmaba a los miembros de su familia.<\/p>\n<p>El Museo de Arte Moderno,\u00a0en la zona del Bosque de Chapultepec\u00a0en la Ciudad de M\u00e9xico, alberga <em>Las dos Fridas<\/em>\u00a0que, a decir de Arg\u00fcelles, \u201ces la integraci\u00f3n de las dos mujeres que fue en vida. Es principalmente por este autorretrato que artistas como Andr\u00e9 Bret\u00f3n la asociaron al surrealismo, porque en ella plasma una atm\u00f3sfera de ensue\u00f1o\u201d.<\/p>\n<p>Mientras que en el acervo del recinto museogr\u00e1fico Dolores Olmedo se encuentra la obra <em>La columna rota<\/em>, pintado en 1944 despu\u00e9s de que Magdalena Carmen Frida\u00a0Kahlo\u00a0Calder\u00f3n (su nombre completo) se sometiera a una cirug\u00eda en la columna vertebral y quedara postrada en la cama.<\/p>\n<p>Este autorretrato, dijo al especialista, \u201crepresenta a Frida Kahlo en su momento m\u00e1s maduro y simb\u00f3lico, porque abri\u00f3 una ventana para verla desde diferentes perspectivas\u201d. El museo tambi\u00e9n expone otras 25 obras y una colecci\u00f3n de fotograf\u00edas de la artista.<\/p>\n<p>En tanto que el Museo de Arte de Tlaxcala alberga el \u00f3leo que la pintora hizo\u00a0al poeta Miguel N. Lira, ic\u00f3nico escritor de ese estado, y el Instituto Tlaxcalteca de Cultura cuenta con un acervo conformado por las primeras obras de Frida, en las que se puede apreciar los inicios de su t\u00e9cnica.<\/p>\n<p>Con Informaci\u00f3n de NTX\u00a0<\/p>\n","protected":false},"excerpt":{"rendered":"<p>Frida Kahlo, la artista que rompi\u00f3 con estilos internacionales<br \/>\nPor Redacci\u00f3n QP<\/p>\n","protected":false},"author":2,"featured_media":31713,"comment_status":"open","ping_status":"open","sticky":false,"template":"","format":"standard","meta":{"_monsterinsights_skip_tracking":false,"_monsterinsights_sitenote_active":false,"_monsterinsights_sitenote_note":"","_monsterinsights_sitenote_category":0,"footnotes":""},"categories":[58],"tags":[],"class_list":["post-31714","post","type-post","status-publish","format-standard","has-post-thumbnail","hentry","category-cultura"],"yoast_head":"<!-- This site is optimized with the Yoast SEO plugin v27.3 - https:\/\/yoast.com\/product\/yoast-seo-wordpress\/ -->\n<title>Frida Kahlo, la artista que rompi\u00f3 con estilos internacionales -<\/title>\n<meta name=\"robots\" content=\"index, follow, max-snippet:-1, max-image-preview:large, max-video-preview:-1\" \/>\n<link rel=\"canonical\" href=\"https:\/\/quehacerpolitico.mx\/?p=31714\" \/>\n<meta property=\"og:locale\" content=\"es_MX\" \/>\n<meta property=\"og:type\" content=\"article\" \/>\n<meta property=\"og:title\" content=\"Frida Kahlo, la artista que rompi\u00f3 con estilos internacionales -\" \/>\n<meta property=\"og:description\" content=\"Frida Kahlo, la artista que rompi\u00f3 con estilos internacionales Por Redacci\u00f3n QP\" \/>\n<meta property=\"og:url\" content=\"https:\/\/quehacerpolitico.mx\/?p=31714\" \/>\n<meta property=\"article:published_time\" content=\"2019-07-13T18:13:54+00:00\" \/>\n<meta name=\"author\" content=\"Redacci\u00f3n QP\" \/>\n<meta name=\"twitter:card\" content=\"summary_large_image\" \/>\n<meta name=\"twitter:label1\" content=\"Escrito por\" \/>\n\t<meta name=\"twitter:data1\" content=\"Redacci\u00f3n QP\" \/>\n\t<meta name=\"twitter:label2\" content=\"Tiempo de lectura\" \/>\n\t<meta name=\"twitter:data2\" content=\"3 minutos\" \/>\n<script type=\"application\/ld+json\" class=\"yoast-schema-graph\">{\"@context\":\"https:\\\/\\\/schema.org\",\"@graph\":[{\"@type\":\"Article\",\"@id\":\"https:\\\/\\\/quehacerpolitico.mx\\\/?p=31714#article\",\"isPartOf\":{\"@id\":\"https:\\\/\\\/quehacerpolitico.mx\\\/?p=31714\"},\"author\":{\"name\":\"Redacci\u00f3n QP\",\"@id\":\"https:\\\/\\\/quehacerpolitico.mx\\\/#\\\/schema\\\/person\\\/496d8ad2d1d3f8036101dca7ee39e585\"},\"headline\":\"Frida Kahlo, la artista que rompi\u00f3 con estilos internacionales\",\"datePublished\":\"2019-07-13T18:13:54+00:00\",\"mainEntityOfPage\":{\"@id\":\"https:\\\/\\\/quehacerpolitico.mx\\\/?p=31714\"},\"wordCount\":513,\"commentCount\":0,\"image\":{\"@id\":\"https:\\\/\\\/quehacerpolitico.mx\\\/?p=31714#primaryimage\"},\"thumbnailUrl\":\"\",\"articleSection\":[\"Cultura y Entretenimiento\"],\"inLanguage\":\"es\",\"potentialAction\":[{\"@type\":\"CommentAction\",\"name\":\"Comment\",\"target\":[\"https:\\\/\\\/quehacerpolitico.mx\\\/?p=31714#respond\"]}]},{\"@type\":\"WebPage\",\"@id\":\"https:\\\/\\\/quehacerpolitico.mx\\\/?p=31714\",\"url\":\"https:\\\/\\\/quehacerpolitico.mx\\\/?p=31714\",\"name\":\"Frida Kahlo, la artista que rompi\u00f3 con estilos internacionales -\",\"isPartOf\":{\"@id\":\"https:\\\/\\\/quehacerpolitico.mx\\\/#website\"},\"primaryImageOfPage\":{\"@id\":\"https:\\\/\\\/quehacerpolitico.mx\\\/?p=31714#primaryimage\"},\"image\":{\"@id\":\"https:\\\/\\\/quehacerpolitico.mx\\\/?p=31714#primaryimage\"},\"thumbnailUrl\":\"\",\"datePublished\":\"2019-07-13T18:13:54+00:00\",\"author\":{\"@id\":\"https:\\\/\\\/quehacerpolitico.mx\\\/#\\\/schema\\\/person\\\/496d8ad2d1d3f8036101dca7ee39e585\"},\"breadcrumb\":{\"@id\":\"https:\\\/\\\/quehacerpolitico.mx\\\/?p=31714#breadcrumb\"},\"inLanguage\":\"es\",\"potentialAction\":[{\"@type\":\"ReadAction\",\"target\":[\"https:\\\/\\\/quehacerpolitico.mx\\\/?p=31714\"]}]},{\"@type\":\"ImageObject\",\"inLanguage\":\"es\",\"@id\":\"https:\\\/\\\/quehacerpolitico.mx\\\/?p=31714#primaryimage\",\"url\":\"\",\"contentUrl\":\"\"},{\"@type\":\"BreadcrumbList\",\"@id\":\"https:\\\/\\\/quehacerpolitico.mx\\\/?p=31714#breadcrumb\",\"itemListElement\":[{\"@type\":\"ListItem\",\"position\":1,\"name\":\"Inicio\",\"item\":\"https:\\\/\\\/quehacerpolitico.mx\\\/\"},{\"@type\":\"ListItem\",\"position\":2,\"name\":\"Frida Kahlo, la artista que rompi\u00f3 con estilos internacionales\"}]},{\"@type\":\"WebSite\",\"@id\":\"https:\\\/\\\/quehacerpolitico.mx\\\/#website\",\"url\":\"https:\\\/\\\/quehacerpolitico.mx\\\/\",\"name\":\"\",\"description\":\"\",\"potentialAction\":[{\"@type\":\"SearchAction\",\"target\":{\"@type\":\"EntryPoint\",\"urlTemplate\":\"https:\\\/\\\/quehacerpolitico.mx\\\/?s={search_term_string}\"},\"query-input\":{\"@type\":\"PropertyValueSpecification\",\"valueRequired\":true,\"valueName\":\"search_term_string\"}}],\"inLanguage\":\"es\"},{\"@type\":\"Person\",\"@id\":\"https:\\\/\\\/quehacerpolitico.mx\\\/#\\\/schema\\\/person\\\/496d8ad2d1d3f8036101dca7ee39e585\",\"name\":\"Redacci\u00f3n QP\",\"image\":{\"@type\":\"ImageObject\",\"inLanguage\":\"es\",\"@id\":\"https:\\\/\\\/secure.gravatar.com\\\/avatar\\\/c7164ed6fdec453195284ad24a5ae5b6e1eed2b848477fa2a4787ba9adf39a41?s=96&d=mm&r=g\",\"url\":\"https:\\\/\\\/secure.gravatar.com\\\/avatar\\\/c7164ed6fdec453195284ad24a5ae5b6e1eed2b848477fa2a4787ba9adf39a41?s=96&d=mm&r=g\",\"contentUrl\":\"https:\\\/\\\/secure.gravatar.com\\\/avatar\\\/c7164ed6fdec453195284ad24a5ae5b6e1eed2b848477fa2a4787ba9adf39a41?s=96&d=mm&r=g\",\"caption\":\"Redacci\u00f3n QP\"},\"url\":\"https:\\\/\\\/quehacerpolitico.mx\\\/?author=2\"}]}<\/script>\n<!-- \/ Yoast SEO plugin. -->","yoast_head_json":{"title":"Frida Kahlo, la artista que rompi\u00f3 con estilos internacionales -","robots":{"index":"index","follow":"follow","max-snippet":"max-snippet:-1","max-image-preview":"max-image-preview:large","max-video-preview":"max-video-preview:-1"},"canonical":"https:\/\/quehacerpolitico.mx\/?p=31714","og_locale":"es_MX","og_type":"article","og_title":"Frida Kahlo, la artista que rompi\u00f3 con estilos internacionales -","og_description":"Frida Kahlo, la artista que rompi\u00f3 con estilos internacionales Por Redacci\u00f3n QP","og_url":"https:\/\/quehacerpolitico.mx\/?p=31714","article_published_time":"2019-07-13T18:13:54+00:00","author":"Redacci\u00f3n QP","twitter_card":"summary_large_image","twitter_misc":{"Escrito por":"Redacci\u00f3n QP","Tiempo de lectura":"3 minutos"},"schema":{"@context":"https:\/\/schema.org","@graph":[{"@type":"Article","@id":"https:\/\/quehacerpolitico.mx\/?p=31714#article","isPartOf":{"@id":"https:\/\/quehacerpolitico.mx\/?p=31714"},"author":{"name":"Redacci\u00f3n QP","@id":"https:\/\/quehacerpolitico.mx\/#\/schema\/person\/496d8ad2d1d3f8036101dca7ee39e585"},"headline":"Frida Kahlo, la artista que rompi\u00f3 con estilos internacionales","datePublished":"2019-07-13T18:13:54+00:00","mainEntityOfPage":{"@id":"https:\/\/quehacerpolitico.mx\/?p=31714"},"wordCount":513,"commentCount":0,"image":{"@id":"https:\/\/quehacerpolitico.mx\/?p=31714#primaryimage"},"thumbnailUrl":"","articleSection":["Cultura y Entretenimiento"],"inLanguage":"es","potentialAction":[{"@type":"CommentAction","name":"Comment","target":["https:\/\/quehacerpolitico.mx\/?p=31714#respond"]}]},{"@type":"WebPage","@id":"https:\/\/quehacerpolitico.mx\/?p=31714","url":"https:\/\/quehacerpolitico.mx\/?p=31714","name":"Frida Kahlo, la artista que rompi\u00f3 con estilos internacionales -","isPartOf":{"@id":"https:\/\/quehacerpolitico.mx\/#website"},"primaryImageOfPage":{"@id":"https:\/\/quehacerpolitico.mx\/?p=31714#primaryimage"},"image":{"@id":"https:\/\/quehacerpolitico.mx\/?p=31714#primaryimage"},"thumbnailUrl":"","datePublished":"2019-07-13T18:13:54+00:00","author":{"@id":"https:\/\/quehacerpolitico.mx\/#\/schema\/person\/496d8ad2d1d3f8036101dca7ee39e585"},"breadcrumb":{"@id":"https:\/\/quehacerpolitico.mx\/?p=31714#breadcrumb"},"inLanguage":"es","potentialAction":[{"@type":"ReadAction","target":["https:\/\/quehacerpolitico.mx\/?p=31714"]}]},{"@type":"ImageObject","inLanguage":"es","@id":"https:\/\/quehacerpolitico.mx\/?p=31714#primaryimage","url":"","contentUrl":""},{"@type":"BreadcrumbList","@id":"https:\/\/quehacerpolitico.mx\/?p=31714#breadcrumb","itemListElement":[{"@type":"ListItem","position":1,"name":"Inicio","item":"https:\/\/quehacerpolitico.mx\/"},{"@type":"ListItem","position":2,"name":"Frida Kahlo, la artista que rompi\u00f3 con estilos internacionales"}]},{"@type":"WebSite","@id":"https:\/\/quehacerpolitico.mx\/#website","url":"https:\/\/quehacerpolitico.mx\/","name":"","description":"","potentialAction":[{"@type":"SearchAction","target":{"@type":"EntryPoint","urlTemplate":"https:\/\/quehacerpolitico.mx\/?s={search_term_string}"},"query-input":{"@type":"PropertyValueSpecification","valueRequired":true,"valueName":"search_term_string"}}],"inLanguage":"es"},{"@type":"Person","@id":"https:\/\/quehacerpolitico.mx\/#\/schema\/person\/496d8ad2d1d3f8036101dca7ee39e585","name":"Redacci\u00f3n QP","image":{"@type":"ImageObject","inLanguage":"es","@id":"https:\/\/secure.gravatar.com\/avatar\/c7164ed6fdec453195284ad24a5ae5b6e1eed2b848477fa2a4787ba9adf39a41?s=96&d=mm&r=g","url":"https:\/\/secure.gravatar.com\/avatar\/c7164ed6fdec453195284ad24a5ae5b6e1eed2b848477fa2a4787ba9adf39a41?s=96&d=mm&r=g","contentUrl":"https:\/\/secure.gravatar.com\/avatar\/c7164ed6fdec453195284ad24a5ae5b6e1eed2b848477fa2a4787ba9adf39a41?s=96&d=mm&r=g","caption":"Redacci\u00f3n QP"},"url":"https:\/\/quehacerpolitico.mx\/?author=2"}]}},"featured_image_urls":{"full":"","thumbnail":"","medium":"","medium_large":"","large":"","1536x1536":"","2048x2048":"","covernews-featured":"","covernews-medium":""},"author_info":{"display_name":"Redacci\u00f3n QP","author_link":"https:\/\/quehacerpolitico.mx\/?author=2"},"category_info":"<a href=\"https:\/\/quehacerpolitico.mx\/?cat=58\" rel=\"category\">Cultura y Entretenimiento<\/a>","tag_info":"Cultura y Entretenimiento","comment_count":"0","_links":{"self":[{"href":"https:\/\/quehacerpolitico.mx\/index.php?rest_route=\/wp\/v2\/posts\/31714","targetHints":{"allow":["GET"]}}],"collection":[{"href":"https:\/\/quehacerpolitico.mx\/index.php?rest_route=\/wp\/v2\/posts"}],"about":[{"href":"https:\/\/quehacerpolitico.mx\/index.php?rest_route=\/wp\/v2\/types\/post"}],"author":[{"embeddable":true,"href":"https:\/\/quehacerpolitico.mx\/index.php?rest_route=\/wp\/v2\/users\/2"}],"replies":[{"embeddable":true,"href":"https:\/\/quehacerpolitico.mx\/index.php?rest_route=%2Fwp%2Fv2%2Fcomments&post=31714"}],"version-history":[{"count":0,"href":"https:\/\/quehacerpolitico.mx\/index.php?rest_route=\/wp\/v2\/posts\/31714\/revisions"}],"wp:featuredmedia":[{"embeddable":true,"href":"https:\/\/quehacerpolitico.mx\/index.php?rest_route=\/"}],"wp:attachment":[{"href":"https:\/\/quehacerpolitico.mx\/index.php?rest_route=%2Fwp%2Fv2%2Fmedia&parent=31714"}],"wp:term":[{"taxonomy":"category","embeddable":true,"href":"https:\/\/quehacerpolitico.mx\/index.php?rest_route=%2Fwp%2Fv2%2Fcategories&post=31714"},{"taxonomy":"post_tag","embeddable":true,"href":"https:\/\/quehacerpolitico.mx\/index.php?rest_route=%2Fwp%2Fv2%2Ftags&post=31714"}],"curies":[{"name":"wp","href":"https:\/\/api.w.org\/{rel}","templated":true}]}}