{"id":31705,"date":"2019-07-13T16:49:34","date_gmt":"2019-07-13T16:49:34","guid":{"rendered":"http:\/\/quehacerpolitico.mx\/yahel-castillo-y-juan-celaya-logran-bronce-en-mundial-de-clavados\/"},"modified":"2019-07-13T16:49:34","modified_gmt":"2019-07-13T16:49:34","slug":"yahel-castillo-y-juan-celaya-logran-bronce-en-mundial-de-clavados","status":"publish","type":"post","link":"https:\/\/quehacerpolitico.mx\/?p=31705","title":{"rendered":"Yahel Castillo y Juan Celaya logran bronce en Mundial de Clavados"},"content":{"rendered":"<h1 class=\"news-title\">Yahel Castillo y Juan Celaya logran bronce en Mundial de Clavados<\/h1>\n<p>Por Redacci\u00f3n QP<\/p>\n<header class=\"news-header\">\n<div class=\"news-subtitle\">\n<p>La dupla mexicana consigue as\u00ed el pase para la competencia en los Juegos Ol\u00edmpicos de Tokio 2020<\/p>\n<\/div>\n<\/header>\n<div class=\"news-content\">\n<div class=\"news-body row\">\n<p><strong>Los clavadistas mexicanos Yahel Castillo y Juan Manuel Celaya se colgaron la medalla de bronce en la prueba masculina de tres metros sincronizados<\/strong> del Mundial de nataci\u00f3n de Gwangju, este s\u00e1bado.<\/p>\n<p>Fue el segundo bronce para M\u00e9xico en los clavados\u00a0de la cita surcoreana, ya que este s\u00e1bado <strong>tambi\u00e9n se quedaron con la tercera posici\u00f3n Jos\u00e9 Balleza y Mar\u00eda Jos\u00e9 S\u00e1nchez en la prueba mixta sincronizada de 10 metros.<\/strong><\/p>\n<p>Castillo y Celaya sumaron en su final 413.94 puntos, siendo superados por los chinos Cao Yuan y Xie Siyi (439.74 puntos) y por los brit\u00e1nicos Daniel Goodfellow y Jack Laugher (415.02 puntos).<\/p>\n<div>\n<figure class=\"image\"><img decoding=\"async\" title=\"\" src=\"https:\/\/www.informador.mx\/export\/sites\/elinformador\/img\/2019\/07\/13\/mexicoxs_yahel_castil_x31047693x_ap.jpg_324333119.jpg\" alt=\"\" hspace=\"5\" vspace=\"5\" data-height=\"470\" data-size=\"w:2557,h:1719\" data-width=\"700\" \/><figcaption>Castillo y Celaya sumaron en su final 413.94 puntos. AP \/ J. Lee<\/figcaption><\/figure>\n<\/div>\n<p>Castillo, de 32 a\u00f1os, consigui\u00f3 as\u00ed su tercera medalla en Mundiales, despu\u00e9s de los bronces que logr\u00f3 tambi\u00e9n en tres metros sincronizados en Shanghai-2011 y en trampol\u00edn de tres metros en Barcelona 2013.<\/p>\n<p>Juan Manuel Celaya, de 20 a\u00f1os, estrena su medallero en grandes eventos.<\/p>\n<p><strong>Castillo y Celaya consiguen adem\u00e1s el pase ol\u00edmpico para Tokio 2020 en esta prueba.<\/strong><\/p>\n<div>\n<figure class=\"image\"><img decoding=\"async\" title=\"\" src=\"https:\/\/www.informador.mx\/export\/sites\/elinformador\/img\/2019\/07\/13\/fina_swimming_world_c_x31045598x_efe.jpg_316021430.jpg\" alt=\"\" hspace=\"5\" vspace=\"5\" data-height=\"479\" data-size=\"w:4008,h:2747\" data-width=\"700\" \/><figcaption>Tambi\u00e9n se quedaron con la tercera posici\u00f3n Jos\u00e9 Balleza y Mar\u00eda Jos\u00e9 S\u00e1nchez en la prueba mixta sincronizada de 10 metros. EFE \/ A. Bat<\/figcaption><\/figure>\n<\/div>\n<p>Con las medallas de este s\u00e1bado, <strong>M\u00e9xico supera ya num\u00e9ricamente el n\u00famero de preseaslogradas en los clavados del Mundial 2017,<\/strong>donde la potencia latinoamericana en esta disciplina consigui\u00f3 una medalla, plata de Viviana del \u00c1ngel y Rommel Pacheco en la prueba por equipos mixtos.<\/p>\n<p>Este s\u00e1bado era el primero en el que se entregaban medallas en Gwangju 2019. Habr\u00e1 finales en clavados todos los d\u00edas hasta el s\u00e1bado de la pr\u00f3xima semana, 20 de julio, por lo que la cuenta de M\u00e9xico puede continuar creciendo.<\/p>\n<\/div>\n<\/div>\n","protected":false},"excerpt":{"rendered":"<p>Yahel Castillo y Juan Celaya logran bronce en Mundial de Clavados<br \/>\nPor Redacci\u00f3n QP<\/p>\n","protected":false},"author":2,"featured_media":31704,"comment_status":"open","ping_status":"open","sticky":false,"template":"","format":"standard","meta":{"_monsterinsights_skip_tracking":false,"_monsterinsights_sitenote_active":false,"_monsterinsights_sitenote_note":"","_monsterinsights_sitenote_category":0,"footnotes":""},"categories":[54],"tags":[],"class_list":["post-31705","post","type-post","status-publish","format-standard","has-post-thumbnail","hentry","category-deportes"],"yoast_head":"<!-- This site is optimized with the Yoast SEO plugin v27.3 - https:\/\/yoast.com\/product\/yoast-seo-wordpress\/ -->\n<title>Yahel Castillo y Juan Celaya logran bronce en Mundial de Clavados -<\/title>\n<meta name=\"robots\" content=\"index, follow, max-snippet:-1, max-image-preview:large, max-video-preview:-1\" \/>\n<link rel=\"canonical\" href=\"https:\/\/quehacerpolitico.mx\/?p=31705\" \/>\n<meta property=\"og:locale\" content=\"es_MX\" \/>\n<meta property=\"og:type\" content=\"article\" \/>\n<meta property=\"og:title\" content=\"Yahel Castillo y Juan Celaya logran bronce en Mundial de Clavados -\" \/>\n<meta property=\"og:description\" content=\"Yahel Castillo y Juan Celaya logran bronce en Mundial de Clavados Por Redacci\u00f3n QP\" \/>\n<meta property=\"og:url\" content=\"https:\/\/quehacerpolitico.mx\/?p=31705\" \/>\n<meta property=\"article:published_time\" content=\"2019-07-13T16:49:34+00:00\" \/>\n<meta name=\"author\" content=\"Redacci\u00f3n QP\" \/>\n<meta name=\"twitter:card\" content=\"summary_large_image\" \/>\n<meta name=\"twitter:label1\" content=\"Escrito por\" \/>\n\t<meta name=\"twitter:data1\" content=\"Redacci\u00f3n QP\" \/>\n\t<meta name=\"twitter:label2\" content=\"Tiempo de lectura\" \/>\n\t<meta name=\"twitter:data2\" content=\"2 minutos\" \/>\n<script type=\"application\/ld+json\" class=\"yoast-schema-graph\">{\"@context\":\"https:\\\/\\\/schema.org\",\"@graph\":[{\"@type\":\"Article\",\"@id\":\"https:\\\/\\\/quehacerpolitico.mx\\\/?p=31705#article\",\"isPartOf\":{\"@id\":\"https:\\\/\\\/quehacerpolitico.mx\\\/?p=31705\"},\"author\":{\"name\":\"Redacci\u00f3n QP\",\"@id\":\"https:\\\/\\\/quehacerpolitico.mx\\\/#\\\/schema\\\/person\\\/496d8ad2d1d3f8036101dca7ee39e585\"},\"headline\":\"Yahel Castillo y Juan Celaya logran bronce en Mundial de Clavados\",\"datePublished\":\"2019-07-13T16:49:34+00:00\",\"mainEntityOfPage\":{\"@id\":\"https:\\\/\\\/quehacerpolitico.mx\\\/?p=31705\"},\"wordCount\":340,\"commentCount\":0,\"image\":{\"@id\":\"https:\\\/\\\/quehacerpolitico.mx\\\/?p=31705#primaryimage\"},\"thumbnailUrl\":\"\",\"articleSection\":[\"Deportes\"],\"inLanguage\":\"es\",\"potentialAction\":[{\"@type\":\"CommentAction\",\"name\":\"Comment\",\"target\":[\"https:\\\/\\\/quehacerpolitico.mx\\\/?p=31705#respond\"]}]},{\"@type\":\"WebPage\",\"@id\":\"https:\\\/\\\/quehacerpolitico.mx\\\/?p=31705\",\"url\":\"https:\\\/\\\/quehacerpolitico.mx\\\/?p=31705\",\"name\":\"Yahel Castillo y Juan Celaya logran bronce en Mundial de Clavados -\",\"isPartOf\":{\"@id\":\"https:\\\/\\\/quehacerpolitico.mx\\\/#website\"},\"primaryImageOfPage\":{\"@id\":\"https:\\\/\\\/quehacerpolitico.mx\\\/?p=31705#primaryimage\"},\"image\":{\"@id\":\"https:\\\/\\\/quehacerpolitico.mx\\\/?p=31705#primaryimage\"},\"thumbnailUrl\":\"\",\"datePublished\":\"2019-07-13T16:49:34+00:00\",\"author\":{\"@id\":\"https:\\\/\\\/quehacerpolitico.mx\\\/#\\\/schema\\\/person\\\/496d8ad2d1d3f8036101dca7ee39e585\"},\"breadcrumb\":{\"@id\":\"https:\\\/\\\/quehacerpolitico.mx\\\/?p=31705#breadcrumb\"},\"inLanguage\":\"es\",\"potentialAction\":[{\"@type\":\"ReadAction\",\"target\":[\"https:\\\/\\\/quehacerpolitico.mx\\\/?p=31705\"]}]},{\"@type\":\"ImageObject\",\"inLanguage\":\"es\",\"@id\":\"https:\\\/\\\/quehacerpolitico.mx\\\/?p=31705#primaryimage\",\"url\":\"\",\"contentUrl\":\"\"},{\"@type\":\"BreadcrumbList\",\"@id\":\"https:\\\/\\\/quehacerpolitico.mx\\\/?p=31705#breadcrumb\",\"itemListElement\":[{\"@type\":\"ListItem\",\"position\":1,\"name\":\"Inicio\",\"item\":\"https:\\\/\\\/quehacerpolitico.mx\\\/\"},{\"@type\":\"ListItem\",\"position\":2,\"name\":\"Yahel Castillo y Juan Celaya logran bronce en Mundial de Clavados\"}]},{\"@type\":\"WebSite\",\"@id\":\"https:\\\/\\\/quehacerpolitico.mx\\\/#website\",\"url\":\"https:\\\/\\\/quehacerpolitico.mx\\\/\",\"name\":\"\",\"description\":\"\",\"potentialAction\":[{\"@type\":\"SearchAction\",\"target\":{\"@type\":\"EntryPoint\",\"urlTemplate\":\"https:\\\/\\\/quehacerpolitico.mx\\\/?s={search_term_string}\"},\"query-input\":{\"@type\":\"PropertyValueSpecification\",\"valueRequired\":true,\"valueName\":\"search_term_string\"}}],\"inLanguage\":\"es\"},{\"@type\":\"Person\",\"@id\":\"https:\\\/\\\/quehacerpolitico.mx\\\/#\\\/schema\\\/person\\\/496d8ad2d1d3f8036101dca7ee39e585\",\"name\":\"Redacci\u00f3n QP\",\"image\":{\"@type\":\"ImageObject\",\"inLanguage\":\"es\",\"@id\":\"https:\\\/\\\/secure.gravatar.com\\\/avatar\\\/c7164ed6fdec453195284ad24a5ae5b6e1eed2b848477fa2a4787ba9adf39a41?s=96&d=mm&r=g\",\"url\":\"https:\\\/\\\/secure.gravatar.com\\\/avatar\\\/c7164ed6fdec453195284ad24a5ae5b6e1eed2b848477fa2a4787ba9adf39a41?s=96&d=mm&r=g\",\"contentUrl\":\"https:\\\/\\\/secure.gravatar.com\\\/avatar\\\/c7164ed6fdec453195284ad24a5ae5b6e1eed2b848477fa2a4787ba9adf39a41?s=96&d=mm&r=g\",\"caption\":\"Redacci\u00f3n QP\"},\"url\":\"https:\\\/\\\/quehacerpolitico.mx\\\/?author=2\"}]}<\/script>\n<!-- \/ Yoast SEO plugin. -->","yoast_head_json":{"title":"Yahel Castillo y Juan Celaya logran bronce en Mundial de Clavados -","robots":{"index":"index","follow":"follow","max-snippet":"max-snippet:-1","max-image-preview":"max-image-preview:large","max-video-preview":"max-video-preview:-1"},"canonical":"https:\/\/quehacerpolitico.mx\/?p=31705","og_locale":"es_MX","og_type":"article","og_title":"Yahel Castillo y Juan Celaya logran bronce en Mundial de Clavados -","og_description":"Yahel Castillo y Juan Celaya logran bronce en Mundial de Clavados Por Redacci\u00f3n QP","og_url":"https:\/\/quehacerpolitico.mx\/?p=31705","article_published_time":"2019-07-13T16:49:34+00:00","author":"Redacci\u00f3n QP","twitter_card":"summary_large_image","twitter_misc":{"Escrito por":"Redacci\u00f3n QP","Tiempo de lectura":"2 minutos"},"schema":{"@context":"https:\/\/schema.org","@graph":[{"@type":"Article","@id":"https:\/\/quehacerpolitico.mx\/?p=31705#article","isPartOf":{"@id":"https:\/\/quehacerpolitico.mx\/?p=31705"},"author":{"name":"Redacci\u00f3n QP","@id":"https:\/\/quehacerpolitico.mx\/#\/schema\/person\/496d8ad2d1d3f8036101dca7ee39e585"},"headline":"Yahel Castillo y Juan Celaya logran bronce en Mundial de Clavados","datePublished":"2019-07-13T16:49:34+00:00","mainEntityOfPage":{"@id":"https:\/\/quehacerpolitico.mx\/?p=31705"},"wordCount":340,"commentCount":0,"image":{"@id":"https:\/\/quehacerpolitico.mx\/?p=31705#primaryimage"},"thumbnailUrl":"","articleSection":["Deportes"],"inLanguage":"es","potentialAction":[{"@type":"CommentAction","name":"Comment","target":["https:\/\/quehacerpolitico.mx\/?p=31705#respond"]}]},{"@type":"WebPage","@id":"https:\/\/quehacerpolitico.mx\/?p=31705","url":"https:\/\/quehacerpolitico.mx\/?p=31705","name":"Yahel Castillo y Juan Celaya logran bronce en Mundial de Clavados -","isPartOf":{"@id":"https:\/\/quehacerpolitico.mx\/#website"},"primaryImageOfPage":{"@id":"https:\/\/quehacerpolitico.mx\/?p=31705#primaryimage"},"image":{"@id":"https:\/\/quehacerpolitico.mx\/?p=31705#primaryimage"},"thumbnailUrl":"","datePublished":"2019-07-13T16:49:34+00:00","author":{"@id":"https:\/\/quehacerpolitico.mx\/#\/schema\/person\/496d8ad2d1d3f8036101dca7ee39e585"},"breadcrumb":{"@id":"https:\/\/quehacerpolitico.mx\/?p=31705#breadcrumb"},"inLanguage":"es","potentialAction":[{"@type":"ReadAction","target":["https:\/\/quehacerpolitico.mx\/?p=31705"]}]},{"@type":"ImageObject","inLanguage":"es","@id":"https:\/\/quehacerpolitico.mx\/?p=31705#primaryimage","url":"","contentUrl":""},{"@type":"BreadcrumbList","@id":"https:\/\/quehacerpolitico.mx\/?p=31705#breadcrumb","itemListElement":[{"@type":"ListItem","position":1,"name":"Inicio","item":"https:\/\/quehacerpolitico.mx\/"},{"@type":"ListItem","position":2,"name":"Yahel Castillo y Juan Celaya logran bronce en Mundial de Clavados"}]},{"@type":"WebSite","@id":"https:\/\/quehacerpolitico.mx\/#website","url":"https:\/\/quehacerpolitico.mx\/","name":"","description":"","potentialAction":[{"@type":"SearchAction","target":{"@type":"EntryPoint","urlTemplate":"https:\/\/quehacerpolitico.mx\/?s={search_term_string}"},"query-input":{"@type":"PropertyValueSpecification","valueRequired":true,"valueName":"search_term_string"}}],"inLanguage":"es"},{"@type":"Person","@id":"https:\/\/quehacerpolitico.mx\/#\/schema\/person\/496d8ad2d1d3f8036101dca7ee39e585","name":"Redacci\u00f3n QP","image":{"@type":"ImageObject","inLanguage":"es","@id":"https:\/\/secure.gravatar.com\/avatar\/c7164ed6fdec453195284ad24a5ae5b6e1eed2b848477fa2a4787ba9adf39a41?s=96&d=mm&r=g","url":"https:\/\/secure.gravatar.com\/avatar\/c7164ed6fdec453195284ad24a5ae5b6e1eed2b848477fa2a4787ba9adf39a41?s=96&d=mm&r=g","contentUrl":"https:\/\/secure.gravatar.com\/avatar\/c7164ed6fdec453195284ad24a5ae5b6e1eed2b848477fa2a4787ba9adf39a41?s=96&d=mm&r=g","caption":"Redacci\u00f3n QP"},"url":"https:\/\/quehacerpolitico.mx\/?author=2"}]}},"featured_image_urls":{"full":"","thumbnail":"","medium":"","medium_large":"","large":"","1536x1536":"","2048x2048":"","covernews-featured":"","covernews-medium":""},"author_info":{"display_name":"Redacci\u00f3n QP","author_link":"https:\/\/quehacerpolitico.mx\/?author=2"},"category_info":"<a href=\"https:\/\/quehacerpolitico.mx\/?cat=54\" rel=\"category\">Deportes<\/a>","tag_info":"Deportes","comment_count":"0","_links":{"self":[{"href":"https:\/\/quehacerpolitico.mx\/index.php?rest_route=\/wp\/v2\/posts\/31705","targetHints":{"allow":["GET"]}}],"collection":[{"href":"https:\/\/quehacerpolitico.mx\/index.php?rest_route=\/wp\/v2\/posts"}],"about":[{"href":"https:\/\/quehacerpolitico.mx\/index.php?rest_route=\/wp\/v2\/types\/post"}],"author":[{"embeddable":true,"href":"https:\/\/quehacerpolitico.mx\/index.php?rest_route=\/wp\/v2\/users\/2"}],"replies":[{"embeddable":true,"href":"https:\/\/quehacerpolitico.mx\/index.php?rest_route=%2Fwp%2Fv2%2Fcomments&post=31705"}],"version-history":[{"count":0,"href":"https:\/\/quehacerpolitico.mx\/index.php?rest_route=\/wp\/v2\/posts\/31705\/revisions"}],"wp:featuredmedia":[{"embeddable":true,"href":"https:\/\/quehacerpolitico.mx\/index.php?rest_route=\/"}],"wp:attachment":[{"href":"https:\/\/quehacerpolitico.mx\/index.php?rest_route=%2Fwp%2Fv2%2Fmedia&parent=31705"}],"wp:term":[{"taxonomy":"category","embeddable":true,"href":"https:\/\/quehacerpolitico.mx\/index.php?rest_route=%2Fwp%2Fv2%2Fcategories&post=31705"},{"taxonomy":"post_tag","embeddable":true,"href":"https:\/\/quehacerpolitico.mx\/index.php?rest_route=%2Fwp%2Fv2%2Ftags&post=31705"}],"curies":[{"name":"wp","href":"https:\/\/api.w.org\/{rel}","templated":true}]}}