{"id":3161,"date":"2018-08-24T19:13:33","date_gmt":"2018-08-24T19:13:33","guid":{"rendered":"http:\/\/quehacerpolitico.mx\/amlo-le-dice-no-gracias-al-empresario-que-le-ofrece-comprar-el-avion-presidencial-y-transportarlo-en-el\/"},"modified":"2018-08-24T19:13:33","modified_gmt":"2018-08-24T19:13:33","slug":"amlo-le-dice-no-gracias-al-empresario-que-le-ofrece-comprar-el-avion-presidencial-y-transportarlo-en-el","status":"publish","type":"post","link":"https:\/\/quehacerpolitico.mx\/?p=3161","title":{"rendered":"AMLO le dice \u201cno, gracias\u201d al empresario que le ofrece comprar el avi\u00f3n presidencial y transportarlo en \u00e9l"},"content":{"rendered":"<h3>Andr\u00e9s Manuel L\u00f3pez Obrador solicitar\u00e1 toda la informaci\u00f3n sobre la aeronave presidencial y la flotilla que est\u00e1 al servicio de los funcionarios p\u00fablicos para iniciar con la licitaci\u00f3n correspondiente, y que pueda ser adquirida por quienes lo deseen.<\/h3>\n<h3>El Presidente electo dijo que no piensa subirse a un avi\u00f3n del Gobierno por lo que continuar\u00e1 viajando en aerol\u00edneas comerciales.<\/h3>\n<h3>El Boeing 787-8 se adquiri\u00f3 en 2012 por 218.7 millones de d\u00f3lares, tiene nueve a\u00f1os de antig\u00fcedad, ya que sali\u00f3 de f\u00e1brica en 2009, y, considerando que una aeronave se deprecia entre 5 y 8 por ciento cada a\u00f1o, su valor puede ser de 120.2 millones de d\u00f3lares, de acuerdo con un vendedor de aviones privados.<\/h3>\n<p>El Presidente electo <strong>Andr\u00e9s Manuel L\u00f3pez Obrador<\/strong> confirm\u00f3 que recibi\u00f3 una oferta por el avi\u00f3n presidencial, pero est\u00e1 a la espera de la informaci\u00f3n que el Gobierno de Enrique Pe\u00f1a Nieto le env\u00ede sobre el valor de la flotilla para preparar la licitaci\u00f3n correspondiente e iniciar su venta.<\/p>\n<p>Ayer el empresario <strong>Gustavo Jim\u00e9nez Pons<\/strong>present\u00f3 una propuesta de compra con un valor de hasta mil 900 millones de pesos por el <strong>avi\u00f3n presidencial<\/strong>.<\/p>\n<p>Dijo dijo que est\u00e1 interesado en adquirir la aeronave porque ser\u00e1 hasta el a\u00f1o 2020 cuando se conseguir\u00e1 en el mercado y pretende utilizarla como taxi a\u00e9reo VIP, con un costo de 20 mil pesos la hora.<\/p>\n<blockquote>\n<p>\u201cEs un avi\u00f3n que tiene la capacidad de transportar a m\u00e1s de 200 personas en toda la comodidad existente, eso no existe en el mundo y ese ser\u00eda el inter\u00e9s. Si al final de cuentas el Gobierno decide venderlo, yo esperar\u00eda que s\u00ed (me consideren en la lista y ser de los primeros), pero si decide conservarlo me dar\u00eda gusto porque le va a servir para representar dignamente a M\u00e9xico\u201d, dijo Jim\u00e9nez Pons, sobrino de Rogelio Jim\u00e9nez Pons, futuro titular del Fondo Nacional de Fomento al Turismo (Fonatur).<\/p>\n<\/blockquote>\n<p>Al respecto, el <strong>Presidente electo<\/strong> se\u00f1al\u00f3 que la oferta no ser\u00e1 como \u201clo plante\u00f3 el se\u00f1or que lo quiere comprar, que me lo presta\u201d. Ya que \u201cno me voy a subir a ese avi\u00f3n ni a ninguno del Gobierno, aunque tenga que ir a China\u201d.<\/p>\n<p>Por lo que reiter\u00f3 que segur\u00eda viajando en aerol\u00edneas comerciales.<\/p>\n<p>El ex Jefe de Gobierno de la Ciudad de M\u00e9xico a\u00f1adi\u00f3 que hoy pedir\u00e1 toda la informaci\u00f3n sobre la aeronave y la flotilla que est\u00e1 al servicio de los funcionarios p\u00fablicos para iniciar con <strong>la licitaci\u00f3n correspondiente<\/strong>, y que pueda ser adquirida por quienes lo deseen.<\/p>\n<p>\u201cS\u00f3lo van a quedar los aviones y helic\u00f3pteros que se van a utilizar para la Protecci\u00f3n Civil\u201d, sentenci\u00f3.<\/p>\n<p>Finalmente, dijo que en los primeros d\u00edas de diciembre, se informar\u00e1 si la flotilla se vende por partes o de manera completa; aunque, agreg\u00f3, la opci\u00f3n de rentarla no est\u00e1 descartada<\/p>\n<p><strong>EL COSTO DEL AVI\u00d3N<\/strong><\/p>\n<section class=\"post-content\">\n<p>El Boeing 787-8 se adquiri\u00f3 en 2012 por 218.7 millones de d\u00f3lares (187.6 millones de euros), equivalentes a 2 mil 952.4 millones de pesos, con un tipo de cambio de 13.50 pesos por d\u00f3lar.<\/p>\n<p>El avi\u00f3n tiene nueve a\u00f1os de antig\u00fcedad, ya que sali\u00f3 de f\u00e1brica en 2009 y considerando que una aeronave se deprecia entre 5 y 8 por ciento cada a\u00f1o, ahora puede tener un valor de 103.1 millones de euros (120.2 millones de d\u00f3lares), de acuerdo con un vendedor de aviones privados.<\/p>\n<p>Pero como se configur\u00f3 para uso del Gobierno, todo ese equipamiento se va a perder porque no tiene ning\u00fan valor para una aerol\u00ednea comercial, por lo que se puede vender por 30 por ciento de su precio original.<\/p>\n<p>El avi\u00f3n cuenta con un menor n\u00famero de asientos que el de una aerol\u00ednea comercial, 80 contra los 274 del nuevo Boeing 787, cabinas especializadas, oficinas y salas privadas, estancias y dormitorios, pero todo eso no tiene ning\u00fan valor para una aerol\u00ednea comercial. Y para reconvertir el avi\u00f3n presidencial para transporte regular de pasajeros, se tienen que invertir entre 8 y 12 millones de euros, de acuerdo con la consultora global Ascend.<\/p>\n<p>En 2016, cuando se entreg\u00f3 el avi\u00f3n, el Gobierno mexicano dio a conocer una evaluaci\u00f3n de la firma Ascend Flightglobal Consultancy sobre la conveniencia de venderlo. El c\u00e1lculo fue que venderlo a una aerol\u00ednea comercial en enero de 2019, ser\u00eda por un valor de 70 millones de euros (81.6 millones de d\u00f3lares), es decir, 37 por ciento de lo que se pag\u00f3 por \u00e9l. Y si se le vendiera a un cliente privado, ser\u00eda por alrededor de 121.8 millones de euros (142 millones de d\u00f3lares).<\/p>\n<p>Adem\u00e1s de la p\u00e9rdida econ\u00f3mica que representar\u00eda para el nuevo Gobierno la venta del avi\u00f3n presidencial, los expertos consideran que se debe hacer un an\u00e1lisis del costo-beneficio de utilizar vuelos comerciales en lugar de tener una flota presidencial.<\/p>\n<\/section>\n","protected":false},"excerpt":{"rendered":"<p>AMLO le dice \u201cno, gracias\u201d al empresario que le ofrece comprar el avi\u00f3n presidencial y transportarlo en \u00e9l<br \/>\nPor Redacci\u00f3n QP<\/p>\n","protected":false},"author":2,"featured_media":3160,"comment_status":"open","ping_status":"open","sticky":false,"template":"","format":"standard","meta":{"_monsterinsights_skip_tracking":false,"_monsterinsights_sitenote_active":false,"_monsterinsights_sitenote_note":"","_monsterinsights_sitenote_category":0,"footnotes":""},"categories":[2],"tags":[],"class_list":["post-3161","post","type-post","status-publish","format-standard","has-post-thumbnail","hentry","category-noticias"],"yoast_head":"<!-- This site is optimized with the Yoast SEO plugin v27.3 - https:\/\/yoast.com\/product\/yoast-seo-wordpress\/ -->\n<title>AMLO le dice \u201cno, gracias\u201d al empresario que le ofrece comprar el avi\u00f3n presidencial y transportarlo en \u00e9l -<\/title>\n<meta name=\"robots\" content=\"index, follow, max-snippet:-1, max-image-preview:large, max-video-preview:-1\" \/>\n<link rel=\"canonical\" href=\"https:\/\/quehacerpolitico.mx\/?p=3161\" \/>\n<meta property=\"og:locale\" content=\"es_MX\" \/>\n<meta property=\"og:type\" content=\"article\" \/>\n<meta property=\"og:title\" content=\"AMLO le dice \u201cno, gracias\u201d al empresario que le ofrece comprar el avi\u00f3n presidencial y transportarlo en \u00e9l -\" \/>\n<meta property=\"og:description\" content=\"AMLO le dice \u201cno, gracias\u201d al empresario que le ofrece comprar el avi\u00f3n presidencial y transportarlo en \u00e9l Por Redacci\u00f3n QP\" \/>\n<meta property=\"og:url\" content=\"https:\/\/quehacerpolitico.mx\/?p=3161\" \/>\n<meta property=\"article:published_time\" content=\"2018-08-24T19:13:33+00:00\" \/>\n<meta name=\"author\" content=\"Redacci\u00f3n QP\" \/>\n<meta name=\"twitter:card\" content=\"summary_large_image\" \/>\n<meta name=\"twitter:label1\" content=\"Escrito por\" \/>\n\t<meta name=\"twitter:data1\" content=\"Redacci\u00f3n QP\" \/>\n\t<meta name=\"twitter:label2\" content=\"Tiempo de lectura\" \/>\n\t<meta name=\"twitter:data2\" content=\"4 minutos\" \/>\n<script type=\"application\/ld+json\" class=\"yoast-schema-graph\">{\"@context\":\"https:\\\/\\\/schema.org\",\"@graph\":[{\"@type\":\"Article\",\"@id\":\"https:\\\/\\\/quehacerpolitico.mx\\\/?p=3161#article\",\"isPartOf\":{\"@id\":\"https:\\\/\\\/quehacerpolitico.mx\\\/?p=3161\"},\"author\":{\"name\":\"Redacci\u00f3n QP\",\"@id\":\"https:\\\/\\\/quehacerpolitico.mx\\\/#\\\/schema\\\/person\\\/496d8ad2d1d3f8036101dca7ee39e585\"},\"headline\":\"AMLO le dice \u201cno, gracias\u201d al empresario que le ofrece comprar el avi\u00f3n presidencial y transportarlo en \u00e9l\",\"datePublished\":\"2018-08-24T19:13:33+00:00\",\"mainEntityOfPage\":{\"@id\":\"https:\\\/\\\/quehacerpolitico.mx\\\/?p=3161\"},\"wordCount\":848,\"commentCount\":0,\"image\":{\"@id\":\"https:\\\/\\\/quehacerpolitico.mx\\\/?p=3161#primaryimage\"},\"thumbnailUrl\":\"\",\"articleSection\":[\"Noticias\"],\"inLanguage\":\"es\",\"potentialAction\":[{\"@type\":\"CommentAction\",\"name\":\"Comment\",\"target\":[\"https:\\\/\\\/quehacerpolitico.mx\\\/?p=3161#respond\"]}]},{\"@type\":\"WebPage\",\"@id\":\"https:\\\/\\\/quehacerpolitico.mx\\\/?p=3161\",\"url\":\"https:\\\/\\\/quehacerpolitico.mx\\\/?p=3161\",\"name\":\"AMLO le dice \u201cno, gracias\u201d al empresario que le ofrece comprar el avi\u00f3n presidencial y transportarlo en \u00e9l -\",\"isPartOf\":{\"@id\":\"https:\\\/\\\/quehacerpolitico.mx\\\/#website\"},\"primaryImageOfPage\":{\"@id\":\"https:\\\/\\\/quehacerpolitico.mx\\\/?p=3161#primaryimage\"},\"image\":{\"@id\":\"https:\\\/\\\/quehacerpolitico.mx\\\/?p=3161#primaryimage\"},\"thumbnailUrl\":\"\",\"datePublished\":\"2018-08-24T19:13:33+00:00\",\"author\":{\"@id\":\"https:\\\/\\\/quehacerpolitico.mx\\\/#\\\/schema\\\/person\\\/496d8ad2d1d3f8036101dca7ee39e585\"},\"breadcrumb\":{\"@id\":\"https:\\\/\\\/quehacerpolitico.mx\\\/?p=3161#breadcrumb\"},\"inLanguage\":\"es\",\"potentialAction\":[{\"@type\":\"ReadAction\",\"target\":[\"https:\\\/\\\/quehacerpolitico.mx\\\/?p=3161\"]}]},{\"@type\":\"ImageObject\",\"inLanguage\":\"es\",\"@id\":\"https:\\\/\\\/quehacerpolitico.mx\\\/?p=3161#primaryimage\",\"url\":\"\",\"contentUrl\":\"\"},{\"@type\":\"BreadcrumbList\",\"@id\":\"https:\\\/\\\/quehacerpolitico.mx\\\/?p=3161#breadcrumb\",\"itemListElement\":[{\"@type\":\"ListItem\",\"position\":1,\"name\":\"Inicio\",\"item\":\"https:\\\/\\\/quehacerpolitico.mx\\\/\"},{\"@type\":\"ListItem\",\"position\":2,\"name\":\"AMLO le dice \u201cno, gracias\u201d al empresario que le ofrece comprar el avi\u00f3n presidencial y transportarlo en \u00e9l\"}]},{\"@type\":\"WebSite\",\"@id\":\"https:\\\/\\\/quehacerpolitico.mx\\\/#website\",\"url\":\"https:\\\/\\\/quehacerpolitico.mx\\\/\",\"name\":\"\",\"description\":\"\",\"potentialAction\":[{\"@type\":\"SearchAction\",\"target\":{\"@type\":\"EntryPoint\",\"urlTemplate\":\"https:\\\/\\\/quehacerpolitico.mx\\\/?s={search_term_string}\"},\"query-input\":{\"@type\":\"PropertyValueSpecification\",\"valueRequired\":true,\"valueName\":\"search_term_string\"}}],\"inLanguage\":\"es\"},{\"@type\":\"Person\",\"@id\":\"https:\\\/\\\/quehacerpolitico.mx\\\/#\\\/schema\\\/person\\\/496d8ad2d1d3f8036101dca7ee39e585\",\"name\":\"Redacci\u00f3n QP\",\"image\":{\"@type\":\"ImageObject\",\"inLanguage\":\"es\",\"@id\":\"https:\\\/\\\/secure.gravatar.com\\\/avatar\\\/c7164ed6fdec453195284ad24a5ae5b6e1eed2b848477fa2a4787ba9adf39a41?s=96&d=mm&r=g\",\"url\":\"https:\\\/\\\/secure.gravatar.com\\\/avatar\\\/c7164ed6fdec453195284ad24a5ae5b6e1eed2b848477fa2a4787ba9adf39a41?s=96&d=mm&r=g\",\"contentUrl\":\"https:\\\/\\\/secure.gravatar.com\\\/avatar\\\/c7164ed6fdec453195284ad24a5ae5b6e1eed2b848477fa2a4787ba9adf39a41?s=96&d=mm&r=g\",\"caption\":\"Redacci\u00f3n QP\"},\"url\":\"https:\\\/\\\/quehacerpolitico.mx\\\/?author=2\"}]}<\/script>\n<!-- \/ Yoast SEO plugin. -->","yoast_head_json":{"title":"AMLO le dice \u201cno, gracias\u201d al empresario que le ofrece comprar el avi\u00f3n presidencial y transportarlo en \u00e9l -","robots":{"index":"index","follow":"follow","max-snippet":"max-snippet:-1","max-image-preview":"max-image-preview:large","max-video-preview":"max-video-preview:-1"},"canonical":"https:\/\/quehacerpolitico.mx\/?p=3161","og_locale":"es_MX","og_type":"article","og_title":"AMLO le dice \u201cno, gracias\u201d al empresario que le ofrece comprar el avi\u00f3n presidencial y transportarlo en \u00e9l -","og_description":"AMLO le dice \u201cno, gracias\u201d al empresario que le ofrece comprar el avi\u00f3n presidencial y transportarlo en \u00e9l Por Redacci\u00f3n QP","og_url":"https:\/\/quehacerpolitico.mx\/?p=3161","article_published_time":"2018-08-24T19:13:33+00:00","author":"Redacci\u00f3n QP","twitter_card":"summary_large_image","twitter_misc":{"Escrito por":"Redacci\u00f3n QP","Tiempo de lectura":"4 minutos"},"schema":{"@context":"https:\/\/schema.org","@graph":[{"@type":"Article","@id":"https:\/\/quehacerpolitico.mx\/?p=3161#article","isPartOf":{"@id":"https:\/\/quehacerpolitico.mx\/?p=3161"},"author":{"name":"Redacci\u00f3n QP","@id":"https:\/\/quehacerpolitico.mx\/#\/schema\/person\/496d8ad2d1d3f8036101dca7ee39e585"},"headline":"AMLO le dice \u201cno, gracias\u201d al empresario que le ofrece comprar el avi\u00f3n presidencial y transportarlo en \u00e9l","datePublished":"2018-08-24T19:13:33+00:00","mainEntityOfPage":{"@id":"https:\/\/quehacerpolitico.mx\/?p=3161"},"wordCount":848,"commentCount":0,"image":{"@id":"https:\/\/quehacerpolitico.mx\/?p=3161#primaryimage"},"thumbnailUrl":"","articleSection":["Noticias"],"inLanguage":"es","potentialAction":[{"@type":"CommentAction","name":"Comment","target":["https:\/\/quehacerpolitico.mx\/?p=3161#respond"]}]},{"@type":"WebPage","@id":"https:\/\/quehacerpolitico.mx\/?p=3161","url":"https:\/\/quehacerpolitico.mx\/?p=3161","name":"AMLO le dice \u201cno, gracias\u201d al empresario que le ofrece comprar el avi\u00f3n presidencial y transportarlo en \u00e9l -","isPartOf":{"@id":"https:\/\/quehacerpolitico.mx\/#website"},"primaryImageOfPage":{"@id":"https:\/\/quehacerpolitico.mx\/?p=3161#primaryimage"},"image":{"@id":"https:\/\/quehacerpolitico.mx\/?p=3161#primaryimage"},"thumbnailUrl":"","datePublished":"2018-08-24T19:13:33+00:00","author":{"@id":"https:\/\/quehacerpolitico.mx\/#\/schema\/person\/496d8ad2d1d3f8036101dca7ee39e585"},"breadcrumb":{"@id":"https:\/\/quehacerpolitico.mx\/?p=3161#breadcrumb"},"inLanguage":"es","potentialAction":[{"@type":"ReadAction","target":["https:\/\/quehacerpolitico.mx\/?p=3161"]}]},{"@type":"ImageObject","inLanguage":"es","@id":"https:\/\/quehacerpolitico.mx\/?p=3161#primaryimage","url":"","contentUrl":""},{"@type":"BreadcrumbList","@id":"https:\/\/quehacerpolitico.mx\/?p=3161#breadcrumb","itemListElement":[{"@type":"ListItem","position":1,"name":"Inicio","item":"https:\/\/quehacerpolitico.mx\/"},{"@type":"ListItem","position":2,"name":"AMLO le dice \u201cno, gracias\u201d al empresario que le ofrece comprar el avi\u00f3n presidencial y transportarlo en \u00e9l"}]},{"@type":"WebSite","@id":"https:\/\/quehacerpolitico.mx\/#website","url":"https:\/\/quehacerpolitico.mx\/","name":"","description":"","potentialAction":[{"@type":"SearchAction","target":{"@type":"EntryPoint","urlTemplate":"https:\/\/quehacerpolitico.mx\/?s={search_term_string}"},"query-input":{"@type":"PropertyValueSpecification","valueRequired":true,"valueName":"search_term_string"}}],"inLanguage":"es"},{"@type":"Person","@id":"https:\/\/quehacerpolitico.mx\/#\/schema\/person\/496d8ad2d1d3f8036101dca7ee39e585","name":"Redacci\u00f3n QP","image":{"@type":"ImageObject","inLanguage":"es","@id":"https:\/\/secure.gravatar.com\/avatar\/c7164ed6fdec453195284ad24a5ae5b6e1eed2b848477fa2a4787ba9adf39a41?s=96&d=mm&r=g","url":"https:\/\/secure.gravatar.com\/avatar\/c7164ed6fdec453195284ad24a5ae5b6e1eed2b848477fa2a4787ba9adf39a41?s=96&d=mm&r=g","contentUrl":"https:\/\/secure.gravatar.com\/avatar\/c7164ed6fdec453195284ad24a5ae5b6e1eed2b848477fa2a4787ba9adf39a41?s=96&d=mm&r=g","caption":"Redacci\u00f3n QP"},"url":"https:\/\/quehacerpolitico.mx\/?author=2"}]}},"featured_image_urls":{"full":"","thumbnail":"","medium":"","medium_large":"","large":"","1536x1536":"","2048x2048":"","covernews-featured":"","covernews-medium":""},"author_info":{"display_name":"Redacci\u00f3n QP","author_link":"https:\/\/quehacerpolitico.mx\/?author=2"},"category_info":"<a href=\"https:\/\/quehacerpolitico.mx\/?cat=2\" rel=\"category\">Noticias<\/a>","tag_info":"Noticias","comment_count":"0","_links":{"self":[{"href":"https:\/\/quehacerpolitico.mx\/index.php?rest_route=\/wp\/v2\/posts\/3161","targetHints":{"allow":["GET"]}}],"collection":[{"href":"https:\/\/quehacerpolitico.mx\/index.php?rest_route=\/wp\/v2\/posts"}],"about":[{"href":"https:\/\/quehacerpolitico.mx\/index.php?rest_route=\/wp\/v2\/types\/post"}],"author":[{"embeddable":true,"href":"https:\/\/quehacerpolitico.mx\/index.php?rest_route=\/wp\/v2\/users\/2"}],"replies":[{"embeddable":true,"href":"https:\/\/quehacerpolitico.mx\/index.php?rest_route=%2Fwp%2Fv2%2Fcomments&post=3161"}],"version-history":[{"count":0,"href":"https:\/\/quehacerpolitico.mx\/index.php?rest_route=\/wp\/v2\/posts\/3161\/revisions"}],"wp:featuredmedia":[{"embeddable":true,"href":"https:\/\/quehacerpolitico.mx\/index.php?rest_route=\/"}],"wp:attachment":[{"href":"https:\/\/quehacerpolitico.mx\/index.php?rest_route=%2Fwp%2Fv2%2Fmedia&parent=3161"}],"wp:term":[{"taxonomy":"category","embeddable":true,"href":"https:\/\/quehacerpolitico.mx\/index.php?rest_route=%2Fwp%2Fv2%2Fcategories&post=3161"},{"taxonomy":"post_tag","embeddable":true,"href":"https:\/\/quehacerpolitico.mx\/index.php?rest_route=%2Fwp%2Fv2%2Ftags&post=3161"}],"curies":[{"name":"wp","href":"https:\/\/api.w.org\/{rel}","templated":true}]}}