{"id":3153,"date":"2018-08-24T15:50:09","date_gmt":"2018-08-24T15:50:09","guid":{"rendered":"http:\/\/quehacerpolitico.mx\/del-me-estoy-mordiendo-un-huevo-al-merezco-abundancia-el-caso-duarte-karime-indigna-a-mexico\/"},"modified":"2018-08-24T15:50:09","modified_gmt":"2018-08-24T15:50:09","slug":"del-me-estoy-mordiendo-un-huevo-al-merezco-abundancia-el-caso-duarte-karime-indigna-a-mexico","status":"publish","type":"post","link":"https:\/\/quehacerpolitico.mx\/?p=3153","title":{"rendered":"Del \u201cme estoy mordiendo un huevo\u201d al \u201cmerezco abundancia\u201d: el caso Duarte-Karime indigna a M\u00e9xico"},"content":{"rendered":"<h3>El ex pol\u00edtico que gobern\u00f3 Veracruz de 2010 a octubre de 2016 fue arrestado en Guatemala en abril del a\u00f1o pasado y despu\u00e9s extraditado a M\u00e9xico, al ser reclamado en el pa\u00eds por una orden de arresto derivada de los cargos federales y las dos \u00f3rdenes de la fiscal\u00eda del estado reci\u00e9n cumplimentadas.<\/h3>\n<p>Desde finales de 2016, el nombre de <strong>Javier Duarte<\/strong> y el de su esposa <strong>Karime Mac\u00edas<\/strong>, han sido sin\u00f3nimo de <strong>corrupci\u00f3n<\/strong> e <strong>impunidad<\/strong> durante la administraci\u00f3n de <strong>Enrique Pe\u00f1a Nieto<\/strong>, por acusaciones por corrupci\u00f3n y enriquecimiento il\u00edcito y otros agregados desde que escap\u00f3 en octubre de 2016 a Guatemala.<\/p>\n<p>Javier Duarte, ex Gobernador de <strong>Veracruz<\/strong> est\u00e1 recluido en el <strong>Reclusorio Norte<\/strong> de la Ciudad de M\u00e9xico, donde espera a que avance el proceso en su contra que en los \u00faltimos d\u00edas se tambaleo luego de que la <strong>PGR<\/strong> admitiera que no encontr\u00f3 pruebas suficientes para acusarlo por delincuencia organizada.<\/p>\n<p>Por lo anterior, la Procuradur\u00eda General de la Rep\u00fablica (PGR) retir\u00f3 de los cargos el delito de delincuencia organizada y lo reclasific\u00f3 por el de asociaci\u00f3n delictuosa.<\/p>\n<p>Miguel \u00c1ngel Yunes, actual gobernador de Veracruz, indic\u00f3 que aunque la PGR deje en libertad a Duarte, \u00e9l y su esposa tienen \u2018cuentas pendientes\u2019 con las autoridades de Veracruz.<\/p>\n<p>A continuaci\u00f3n te presentamos algunas de las acusaciones y episodios \u2018memorables\u2019 del caso Duarte-Mac\u00edas.<\/p>\n<blockquote>\n<p><strong>EL ESCAPE<\/strong><\/p>\n<\/blockquote>\n<p>En octubre de 2016 Javier Duarte hizo su \u00faltima aparici\u00f3n p\u00fablica en una entrevista para Televisa en la que negaba las acusaciones en su contra por corrupci\u00f3n y Enriquecimiento il\u00edcito, adem\u00e1s de serios cuestionamientos por el incremento de la violencia en el estado durante su gesti\u00f3n.<\/p>\n<p>Miguel \u00c1ngel Yunes, actual gobernador de Veracruz, indic\u00f3 que aunque la PGR deje en libertad a Duarte, \u00e9l y su esposa tienen \u2018cuentas pendientes\u2019 con las autoridades de Veracruz.<\/p>\n<p>A continuaci\u00f3n te presentamos algunas de las acusaciones y episodios \u2018memorables\u2019 del caso Duarte-Mac\u00edas.<\/p>\n<blockquote>\n<p><strong>EL ESCAPE<\/strong><\/p>\n<\/blockquote>\n<p>En octubre de 2016 Javier Duarte hizo su \u00faltima aparici\u00f3n p\u00fablica en una entrevista para Televisa en la que negaba las acusaciones en su contra por corrupci\u00f3n y Enriquecimiento il\u00edcito, adem\u00e1s de serios cuestionamientos por el incremento de la violencia en el estado durante su gesti\u00f3n.<\/p>\n<blockquote class=\"twitter-tweet\" data-width=\"550\" data-dnt=\"true\">\n<p lang=\"es\" dir=\"ltr\">Los Simpson predicen pasaporte falso de  <a href=\"https:\/\/twitter.com\/hashtag\/JavierDuarte?src=hash&amp;ref_src=twsrc%5Etfw\">#JavierDuarte<\/a>  <a href=\"https:\/\/twitter.com\/hashtag\/Duarte?src=hash&amp;ref_src=twsrc%5Etfw\">#Duarte<\/a> <a href=\"https:\/\/t.co\/sTqotRIC1j\">pic.twitter.com\/sTqotRIC1j<\/a><\/p>\n<p>&mdash; Mr. X (@HomeroLodijo) <a href=\"https:\/\/twitter.com\/HomeroLodijo\/status\/799614798811910144?ref_src=twsrc%5Etfw\">November 18, 2016<\/a><\/p><\/blockquote>\n<p><script async src=\"https:\/\/platform.twitter.com\/widgets.js\" charset=\"utf-8\"><\/script><\/p>\n<p>https:\/\/twitter.com\/orlandobunbury\/status\/799698902266028032?s=21<\/p>\n<blockquote class=\"twitter-tweet\" data-width=\"550\" data-dnt=\"true\">\n<p lang=\"es\" dir=\"ltr\">&quot;Alex Huerta del Valle&quot; alias Javier Duarte&#8230; <a href=\"https:\/\/t.co\/QYE7KKpOoA\">pic.twitter.com\/QYE7KKpOoA<\/a><\/p>\n<p>&mdash; Pol\u00edtica Mexicana (@politicosmex) <a href=\"https:\/\/twitter.com\/politicosmex\/status\/799698492759429120?ref_src=twsrc%5Etfw\">November 18, 2016<\/a><\/p><\/blockquote>\n<p><script async src=\"https:\/\/platform.twitter.com\/widgets.js\" charset=\"utf-8\"><\/script><\/p>\n<blockquote>\n<p><strong>EVADIENDO LA AUTORIDAD<\/strong><\/p>\n<\/blockquote>\n<p>Pr\u00f3fugo de la justicia, Duarte habr\u00eda hecho escala en Puebla y de alguna forma lleg\u00f3 hasta Guatemala, donde fue detenido en abril de 2017 en el hotel La Riviera de Atitl\u00e1n, municipio de Panajachel.<\/p>\n<blockquote>\n<p><strong>EMPRESAS FANTASMA<\/strong><\/p>\n<\/blockquote>\n<p>La organizaci\u00f3n Mexicanos contra la Corrupci\u00f3n y la Impunidad (MCCI) y el medio <em>Animal Pol\u00edtico<\/em> informaron que el ex Gobernador de Veracruz Javier Duarte desvi\u00f3 m\u00e1s de 3 mil 617 millones de pesos a trav\u00e9s de una \u201cf\u00e1brica de empresas fantasma\u201d.<\/p>\n<p>Esta red est\u00e1 formada en realidad por 400 empresas, de las cuales 57 empresas obtuvieron contratos p\u00fablicos por 3,617 millones de pesos. Hasta antes de estos nuevos datos, s\u00f3lo se conoc\u00eda la existencia de 38 empresas fantasma ligadas entre s\u00ed en Veracruz, y el monto del desfalco ascend\u00eda a 905 millones de pesos.<\/p>\n<div id=\"attachment_3461605\" class=\"wp-caption alignnone\"><img loading=\"lazy\" decoding=\"async\" class=\"size-full wp-image-3461605\" src=\"http:\/\/www.sinembargo.mx\/wp-content\/uploads\/2018\/08\/cumbre_tajin_conferencia-9.jpg\" sizes=\"auto, (max-width: 700px) 100vw, 700px\" srcset=\"http:\/\/www.sinembargo.mx\/wp-content\/uploads\/2018\/08\/cumbre_tajin_conferencia-9.jpg 700w, http:\/\/www.sinembargo.mx\/wp-content\/uploads\/2018\/08\/cumbre_tajin_conferencia-9-300x257.jpg 300w\" alt=\"\" width=\"700\" height=\"599\" \/><\/p>\n<p class=\"wp-caption-text\">Javier Duarte desvi\u00f3 m\u00e1s de 3 mil 617 millones de pesos a trav\u00e9s de una \u201cf\u00e1brica de empresas fantasma\u201d. Foto: Juan Pablo Zamora, Cuartoscuro<\/p>\n<\/div>\n<blockquote>\n<p><strong>AGUA DESTILADA<\/strong><\/p>\n<\/blockquote>\n<p>El Gobernador de Veracruz, Miguel \u00c1ngel Yunes ofreci\u00f3 acus\u00f3 que durante la administraci\u00f3n de Duarte se compraron pruebas falsas para detectar VIH y se ofrecieron quimioterapias con agua destilada a ni\u00f1os.<\/p>\n<p>La Secretar\u00eda de Salud del Estado ofreci\u00f3 dicho tratamiento para el c\u00e1ncer pero que en vez de suministrar el medicamento original, recib\u00edan dosis de agua destilada \u201cera un compuesto inerte, agua\u201d.<\/p>\n<p>Sin embargo, Yunes descart\u00f3 hablar sobre personas fallecidas como consecuencia de los tratamientos falsos y medicamentos caducos.<\/p>\n<p>Por el caso, Samuel Garc\u00eda, diputado de Movimiento Ciudadano, impuls\u00f3 una petici\u00f3n en la plataforma Change.org para solicitar que la Corte Interamericana de los Derechos Humanos indagara al ex funcionario por el suministro de medicamentos.<\/p>\n<p>Finalmente, anunci\u00f3 que la CIDH hab\u00eda aceptado la petici\u00f3n<\/p>\n<blockquote>\n<p><strong>EL \u201cS\u00cd MEREZCO\u201d DE KARIME<\/strong><\/p>\n<\/blockquote>\n<p>Karime Mac\u00edas Tubilla, esposa del ex Gobernador de Veracruz y pr\u00f3fugo de la justicia, Javier Duarte gast\u00f3 durante el primer a\u00f1o de gobierno m\u00e1s de 8 millones de pesos aplicando el llamado \u201ctarjetazo\u201d.<\/p>\n<p>De acuerdo a una investigaci\u00f3n de Reforma, Karime Mac\u00edas pag\u00f3 con una tarjeta adicional American Espress Platino, cuyo titular era Mo\u00edses Mansur Cysneros, ropa, art\u00edculos y hoteles de lujo.<\/p>\n<p>Mac\u00edas Tubilla gast\u00f3 511,740 d\u00f3lares en Estados Unidos, 1 mill\u00f3n 27,000 pesos en M\u00e9xico y 51,000 en joyer\u00edas de Sao Paulo, Brasil.<\/p>\n<p>Tambi\u00e9n se dio a conocer que se localiz\u00f3 una bodega perteneciente a Javier Duarte y su esposa, en la que se hallaron diversos art\u00edculos, entre estos, una libreta presuntamente de Karime Mac\u00edas con una plana completa con la leyenda \u201cS\u00ed merezco abundancia, s\u00ed merezco abundancia\u201d.<\/p>\n<blockquote>\n<p><strong>\u201cME ESTOY MORDIENDO UN HUEVO\u201d<\/strong><\/p>\n<p>Tras ser extraditado a M\u00e9xico, Duarte habl\u00f3 en mayo de 2017 por primera vez desde el Reclusorio Norte con el periodista Humberto Padget a qui\u00e9n le dijo \u201clo voy a decir en buen jarocho: me estoy mordiendo un huevo por no decir todo lo que tengo que decir y el otro para no mentarle su madre a Miguel \u00c1ngel Yunes\u201d.<\/p>\n<\/blockquote>\n<p>Adem\u00e1s, cont\u00f3 algunas cosas sobre su vida dentro del reclusori o, como que por la noches lee y por el d\u00eda duerme, ya que por cuestiones de seguridad no puede estar en las \u00e1reas de poblaci\u00f3n general.<\/p>\n<blockquote>\n<p><strong>MAC\u00cdAS EN LONDRES <\/strong><\/p>\n<\/blockquote>\n<div id=\"attachment_3461599\" class=\"wp-caption alignnone\"><img loading=\"lazy\" decoding=\"async\" class=\"size-full wp-image-3461599\" src=\"http:\/\/www.sinembargo.mx\/wp-content\/uploads\/2018\/08\/conferencia_yunes_karime-5.jpg\" sizes=\"auto, (max-width: 700px) 100vw, 700px\" srcset=\"http:\/\/www.sinembargo.mx\/wp-content\/uploads\/2018\/08\/conferencia_yunes_karime-5.jpg 700w, http:\/\/www.sinembargo.mx\/wp-content\/uploads\/2018\/08\/conferencia_yunes_karime-5-300x169.jpg 300w\" alt=\"\" width=\"700\" height=\"394\" \/><\/p>\n<p class=\"wp-caption-text\">Karime Mac\u00edas vide junto con sus hijos en Londres. Foto: Alberto Roa, Cuartoscuro<\/p>\n<\/div>\n<p>En mayo de este a\u00f1o, el gobernador de Veracruz, Miguel \u00c1ngel Yunes ofreci\u00f3 una conferencia de prensa en la que inform\u00f3 que hab\u00eda ubicado la esposa del ex Gobernador Javier Duarte, Karime Mac\u00edas, quien vive en un barrio exclusivo de Londres a tan solo un kil\u00f3metro de donde vive la Reina Isabel II.<\/p>\n<p>D\u00edas despu\u00e9s, la Fiscal\u00eda de Veracruz gir\u00f3 una orden de aprehensi\u00f3n contra Mac\u00edas acusada por haber otorgado contratos a supuestas empresas fantasmas a trav\u00e9s del sistema estatal del DIF.<\/p>\n<p>Las autoridades de Veracruz y la PGR fueron incapaces de detener a la esposa de Duarte; sin embargo, un reportero de <em>Televisa<\/em> fue capaz, al menos de incomodarla en su departamento en Londres, video que se hizo viral en redes.<\/p>\n<p>Con Informaci\u00f3n de Econom\u00edaHoy\u00a0<\/p>\n","protected":false},"excerpt":{"rendered":"<p>Del \u201cme estoy mordiendo un huevo\u201d al \u201cmerezco abundancia\u201d: el caso Duarte-Karime indigna a M\u00e9xico<br \/>\nPor Redacci\u00f3n QP<\/p>\n","protected":false},"author":2,"featured_media":3152,"comment_status":"open","ping_status":"open","sticky":false,"template":"","format":"standard","meta":{"_monsterinsights_skip_tracking":false,"_monsterinsights_sitenote_active":false,"_monsterinsights_sitenote_note":"","_monsterinsights_sitenote_category":0,"footnotes":""},"categories":[2],"tags":[],"class_list":["post-3153","post","type-post","status-publish","format-standard","has-post-thumbnail","hentry","category-noticias"],"yoast_head":"<!-- This site is optimized with the Yoast SEO plugin v27.3 - https:\/\/yoast.com\/product\/yoast-seo-wordpress\/ -->\n<title>Del \u201cme estoy mordiendo un huevo\u201d al \u201cmerezco abundancia\u201d: el caso Duarte-Karime indigna a M\u00e9xico -<\/title>\n<meta name=\"robots\" content=\"index, follow, max-snippet:-1, max-image-preview:large, max-video-preview:-1\" \/>\n<link rel=\"canonical\" href=\"https:\/\/quehacerpolitico.mx\/?p=3153\" \/>\n<meta property=\"og:locale\" content=\"es_MX\" \/>\n<meta property=\"og:type\" content=\"article\" \/>\n<meta property=\"og:title\" content=\"Del \u201cme estoy mordiendo un huevo\u201d al \u201cmerezco abundancia\u201d: el caso Duarte-Karime indigna a M\u00e9xico -\" \/>\n<meta property=\"og:description\" content=\"Del \u201cme estoy mordiendo un huevo\u201d al \u201cmerezco abundancia\u201d: el caso Duarte-Karime indigna a M\u00e9xico Por Redacci\u00f3n QP\" \/>\n<meta property=\"og:url\" content=\"https:\/\/quehacerpolitico.mx\/?p=3153\" \/>\n<meta property=\"article:published_time\" content=\"2018-08-24T15:50:09+00:00\" \/>\n<meta name=\"author\" content=\"Redacci\u00f3n QP\" \/>\n<meta name=\"twitter:card\" content=\"summary_large_image\" \/>\n<meta name=\"twitter:label1\" content=\"Escrito por\" \/>\n\t<meta name=\"twitter:data1\" content=\"Redacci\u00f3n QP\" \/>\n\t<meta name=\"twitter:label2\" content=\"Tiempo de lectura\" \/>\n\t<meta name=\"twitter:data2\" content=\"6 minutos\" \/>\n<script type=\"application\/ld+json\" class=\"yoast-schema-graph\">{\"@context\":\"https:\\\/\\\/schema.org\",\"@graph\":[{\"@type\":\"Article\",\"@id\":\"https:\\\/\\\/quehacerpolitico.mx\\\/?p=3153#article\",\"isPartOf\":{\"@id\":\"https:\\\/\\\/quehacerpolitico.mx\\\/?p=3153\"},\"author\":{\"name\":\"Redacci\u00f3n QP\",\"@id\":\"https:\\\/\\\/quehacerpolitico.mx\\\/#\\\/schema\\\/person\\\/496d8ad2d1d3f8036101dca7ee39e585\"},\"headline\":\"Del \u201cme estoy mordiendo un huevo\u201d al \u201cmerezco abundancia\u201d: el caso Duarte-Karime indigna a M\u00e9xico\",\"datePublished\":\"2018-08-24T15:50:09+00:00\",\"mainEntityOfPage\":{\"@id\":\"https:\\\/\\\/quehacerpolitico.mx\\\/?p=3153\"},\"wordCount\":1129,\"commentCount\":0,\"image\":{\"@id\":\"https:\\\/\\\/quehacerpolitico.mx\\\/?p=3153#primaryimage\"},\"thumbnailUrl\":\"\",\"articleSection\":[\"Noticias\"],\"inLanguage\":\"es\",\"potentialAction\":[{\"@type\":\"CommentAction\",\"name\":\"Comment\",\"target\":[\"https:\\\/\\\/quehacerpolitico.mx\\\/?p=3153#respond\"]}]},{\"@type\":\"WebPage\",\"@id\":\"https:\\\/\\\/quehacerpolitico.mx\\\/?p=3153\",\"url\":\"https:\\\/\\\/quehacerpolitico.mx\\\/?p=3153\",\"name\":\"Del \u201cme estoy mordiendo un huevo\u201d al \u201cmerezco abundancia\u201d: el caso Duarte-Karime indigna a M\u00e9xico -\",\"isPartOf\":{\"@id\":\"https:\\\/\\\/quehacerpolitico.mx\\\/#website\"},\"primaryImageOfPage\":{\"@id\":\"https:\\\/\\\/quehacerpolitico.mx\\\/?p=3153#primaryimage\"},\"image\":{\"@id\":\"https:\\\/\\\/quehacerpolitico.mx\\\/?p=3153#primaryimage\"},\"thumbnailUrl\":\"\",\"datePublished\":\"2018-08-24T15:50:09+00:00\",\"author\":{\"@id\":\"https:\\\/\\\/quehacerpolitico.mx\\\/#\\\/schema\\\/person\\\/496d8ad2d1d3f8036101dca7ee39e585\"},\"breadcrumb\":{\"@id\":\"https:\\\/\\\/quehacerpolitico.mx\\\/?p=3153#breadcrumb\"},\"inLanguage\":\"es\",\"potentialAction\":[{\"@type\":\"ReadAction\",\"target\":[\"https:\\\/\\\/quehacerpolitico.mx\\\/?p=3153\"]}]},{\"@type\":\"ImageObject\",\"inLanguage\":\"es\",\"@id\":\"https:\\\/\\\/quehacerpolitico.mx\\\/?p=3153#primaryimage\",\"url\":\"\",\"contentUrl\":\"\"},{\"@type\":\"BreadcrumbList\",\"@id\":\"https:\\\/\\\/quehacerpolitico.mx\\\/?p=3153#breadcrumb\",\"itemListElement\":[{\"@type\":\"ListItem\",\"position\":1,\"name\":\"Inicio\",\"item\":\"https:\\\/\\\/quehacerpolitico.mx\\\/\"},{\"@type\":\"ListItem\",\"position\":2,\"name\":\"Del \u201cme estoy mordiendo un huevo\u201d al \u201cmerezco abundancia\u201d: el caso Duarte-Karime indigna a M\u00e9xico\"}]},{\"@type\":\"WebSite\",\"@id\":\"https:\\\/\\\/quehacerpolitico.mx\\\/#website\",\"url\":\"https:\\\/\\\/quehacerpolitico.mx\\\/\",\"name\":\"\",\"description\":\"\",\"potentialAction\":[{\"@type\":\"SearchAction\",\"target\":{\"@type\":\"EntryPoint\",\"urlTemplate\":\"https:\\\/\\\/quehacerpolitico.mx\\\/?s={search_term_string}\"},\"query-input\":{\"@type\":\"PropertyValueSpecification\",\"valueRequired\":true,\"valueName\":\"search_term_string\"}}],\"inLanguage\":\"es\"},{\"@type\":\"Person\",\"@id\":\"https:\\\/\\\/quehacerpolitico.mx\\\/#\\\/schema\\\/person\\\/496d8ad2d1d3f8036101dca7ee39e585\",\"name\":\"Redacci\u00f3n QP\",\"image\":{\"@type\":\"ImageObject\",\"inLanguage\":\"es\",\"@id\":\"https:\\\/\\\/secure.gravatar.com\\\/avatar\\\/c7164ed6fdec453195284ad24a5ae5b6e1eed2b848477fa2a4787ba9adf39a41?s=96&d=mm&r=g\",\"url\":\"https:\\\/\\\/secure.gravatar.com\\\/avatar\\\/c7164ed6fdec453195284ad24a5ae5b6e1eed2b848477fa2a4787ba9adf39a41?s=96&d=mm&r=g\",\"contentUrl\":\"https:\\\/\\\/secure.gravatar.com\\\/avatar\\\/c7164ed6fdec453195284ad24a5ae5b6e1eed2b848477fa2a4787ba9adf39a41?s=96&d=mm&r=g\",\"caption\":\"Redacci\u00f3n QP\"},\"url\":\"https:\\\/\\\/quehacerpolitico.mx\\\/?author=2\"}]}<\/script>\n<!-- \/ Yoast SEO plugin. -->","yoast_head_json":{"title":"Del \u201cme estoy mordiendo un huevo\u201d al \u201cmerezco abundancia\u201d: el caso Duarte-Karime indigna a M\u00e9xico -","robots":{"index":"index","follow":"follow","max-snippet":"max-snippet:-1","max-image-preview":"max-image-preview:large","max-video-preview":"max-video-preview:-1"},"canonical":"https:\/\/quehacerpolitico.mx\/?p=3153","og_locale":"es_MX","og_type":"article","og_title":"Del \u201cme estoy mordiendo un huevo\u201d al \u201cmerezco abundancia\u201d: el caso Duarte-Karime indigna a M\u00e9xico -","og_description":"Del \u201cme estoy mordiendo un huevo\u201d al \u201cmerezco abundancia\u201d: el caso Duarte-Karime indigna a M\u00e9xico Por Redacci\u00f3n QP","og_url":"https:\/\/quehacerpolitico.mx\/?p=3153","article_published_time":"2018-08-24T15:50:09+00:00","author":"Redacci\u00f3n QP","twitter_card":"summary_large_image","twitter_misc":{"Escrito por":"Redacci\u00f3n QP","Tiempo de lectura":"6 minutos"},"schema":{"@context":"https:\/\/schema.org","@graph":[{"@type":"Article","@id":"https:\/\/quehacerpolitico.mx\/?p=3153#article","isPartOf":{"@id":"https:\/\/quehacerpolitico.mx\/?p=3153"},"author":{"name":"Redacci\u00f3n QP","@id":"https:\/\/quehacerpolitico.mx\/#\/schema\/person\/496d8ad2d1d3f8036101dca7ee39e585"},"headline":"Del \u201cme estoy mordiendo un huevo\u201d al \u201cmerezco abundancia\u201d: el caso Duarte-Karime indigna a M\u00e9xico","datePublished":"2018-08-24T15:50:09+00:00","mainEntityOfPage":{"@id":"https:\/\/quehacerpolitico.mx\/?p=3153"},"wordCount":1129,"commentCount":0,"image":{"@id":"https:\/\/quehacerpolitico.mx\/?p=3153#primaryimage"},"thumbnailUrl":"","articleSection":["Noticias"],"inLanguage":"es","potentialAction":[{"@type":"CommentAction","name":"Comment","target":["https:\/\/quehacerpolitico.mx\/?p=3153#respond"]}]},{"@type":"WebPage","@id":"https:\/\/quehacerpolitico.mx\/?p=3153","url":"https:\/\/quehacerpolitico.mx\/?p=3153","name":"Del \u201cme estoy mordiendo un huevo\u201d al \u201cmerezco abundancia\u201d: el caso Duarte-Karime indigna a M\u00e9xico -","isPartOf":{"@id":"https:\/\/quehacerpolitico.mx\/#website"},"primaryImageOfPage":{"@id":"https:\/\/quehacerpolitico.mx\/?p=3153#primaryimage"},"image":{"@id":"https:\/\/quehacerpolitico.mx\/?p=3153#primaryimage"},"thumbnailUrl":"","datePublished":"2018-08-24T15:50:09+00:00","author":{"@id":"https:\/\/quehacerpolitico.mx\/#\/schema\/person\/496d8ad2d1d3f8036101dca7ee39e585"},"breadcrumb":{"@id":"https:\/\/quehacerpolitico.mx\/?p=3153#breadcrumb"},"inLanguage":"es","potentialAction":[{"@type":"ReadAction","target":["https:\/\/quehacerpolitico.mx\/?p=3153"]}]},{"@type":"ImageObject","inLanguage":"es","@id":"https:\/\/quehacerpolitico.mx\/?p=3153#primaryimage","url":"","contentUrl":""},{"@type":"BreadcrumbList","@id":"https:\/\/quehacerpolitico.mx\/?p=3153#breadcrumb","itemListElement":[{"@type":"ListItem","position":1,"name":"Inicio","item":"https:\/\/quehacerpolitico.mx\/"},{"@type":"ListItem","position":2,"name":"Del \u201cme estoy mordiendo un huevo\u201d al \u201cmerezco abundancia\u201d: el caso Duarte-Karime indigna a M\u00e9xico"}]},{"@type":"WebSite","@id":"https:\/\/quehacerpolitico.mx\/#website","url":"https:\/\/quehacerpolitico.mx\/","name":"","description":"","potentialAction":[{"@type":"SearchAction","target":{"@type":"EntryPoint","urlTemplate":"https:\/\/quehacerpolitico.mx\/?s={search_term_string}"},"query-input":{"@type":"PropertyValueSpecification","valueRequired":true,"valueName":"search_term_string"}}],"inLanguage":"es"},{"@type":"Person","@id":"https:\/\/quehacerpolitico.mx\/#\/schema\/person\/496d8ad2d1d3f8036101dca7ee39e585","name":"Redacci\u00f3n QP","image":{"@type":"ImageObject","inLanguage":"es","@id":"https:\/\/secure.gravatar.com\/avatar\/c7164ed6fdec453195284ad24a5ae5b6e1eed2b848477fa2a4787ba9adf39a41?s=96&d=mm&r=g","url":"https:\/\/secure.gravatar.com\/avatar\/c7164ed6fdec453195284ad24a5ae5b6e1eed2b848477fa2a4787ba9adf39a41?s=96&d=mm&r=g","contentUrl":"https:\/\/secure.gravatar.com\/avatar\/c7164ed6fdec453195284ad24a5ae5b6e1eed2b848477fa2a4787ba9adf39a41?s=96&d=mm&r=g","caption":"Redacci\u00f3n QP"},"url":"https:\/\/quehacerpolitico.mx\/?author=2"}]}},"featured_image_urls":{"full":"","thumbnail":"","medium":"","medium_large":"","large":"","1536x1536":"","2048x2048":"","covernews-featured":"","covernews-medium":""},"author_info":{"display_name":"Redacci\u00f3n QP","author_link":"https:\/\/quehacerpolitico.mx\/?author=2"},"category_info":"<a href=\"https:\/\/quehacerpolitico.mx\/?cat=2\" rel=\"category\">Noticias<\/a>","tag_info":"Noticias","comment_count":"0","_links":{"self":[{"href":"https:\/\/quehacerpolitico.mx\/index.php?rest_route=\/wp\/v2\/posts\/3153","targetHints":{"allow":["GET"]}}],"collection":[{"href":"https:\/\/quehacerpolitico.mx\/index.php?rest_route=\/wp\/v2\/posts"}],"about":[{"href":"https:\/\/quehacerpolitico.mx\/index.php?rest_route=\/wp\/v2\/types\/post"}],"author":[{"embeddable":true,"href":"https:\/\/quehacerpolitico.mx\/index.php?rest_route=\/wp\/v2\/users\/2"}],"replies":[{"embeddable":true,"href":"https:\/\/quehacerpolitico.mx\/index.php?rest_route=%2Fwp%2Fv2%2Fcomments&post=3153"}],"version-history":[{"count":0,"href":"https:\/\/quehacerpolitico.mx\/index.php?rest_route=\/wp\/v2\/posts\/3153\/revisions"}],"wp:featuredmedia":[{"embeddable":true,"href":"https:\/\/quehacerpolitico.mx\/index.php?rest_route=\/"}],"wp:attachment":[{"href":"https:\/\/quehacerpolitico.mx\/index.php?rest_route=%2Fwp%2Fv2%2Fmedia&parent=3153"}],"wp:term":[{"taxonomy":"category","embeddable":true,"href":"https:\/\/quehacerpolitico.mx\/index.php?rest_route=%2Fwp%2Fv2%2Fcategories&post=3153"},{"taxonomy":"post_tag","embeddable":true,"href":"https:\/\/quehacerpolitico.mx\/index.php?rest_route=%2Fwp%2Fv2%2Ftags&post=3153"}],"curies":[{"name":"wp","href":"https:\/\/api.w.org\/{rel}","templated":true}]}}