{"id":3032,"date":"2018-08-23T16:58:30","date_gmt":"2018-08-23T16:58:30","guid":{"rendered":"http:\/\/quehacerpolitico.mx\/amlo-y-trump-deben-comerse-muy-pronto-la-papa-caliente-a-quien-le-toca-el-agua-de-la-frontera\/"},"modified":"2018-08-23T16:58:30","modified_gmt":"2018-08-23T16:58:30","slug":"amlo-y-trump-deben-comerse-muy-pronto-la-papa-caliente-a-quien-le-toca-el-agua-de-la-frontera","status":"publish","type":"post","link":"https:\/\/quehacerpolitico.mx\/?p=3032","title":{"rendered":"AMLO y Trump deben comerse, muy pronto, la papa caliente: a qui\u00e9n le toca el agua de la frontera"},"content":{"rendered":"<h3><strong>Estados Unidos y M\u00e9xico tienen acuerdos de intercambio detallados para el agua que fluye a trav\u00e9s sus fronteras. Ain embargo, ambos pa\u00edses apenas saben sobre sus aguas subterr\u00e1neas compartidas, de acuerdo con una investigaci\u00f3n de\u00a0<em>Quartz<\/em>, un sitio de noticias especializado en temas de econom\u00eda.<\/strong><\/h3>\n<h3><strong>\u201cTodo el mundo sabe que el agua subterr\u00e1nea es compartida por ambas naciones, pero ninguno de los lados quiere poner los acu\u00edferos en un mapa unificado para que ambas partes firmen. Hacerlo desencadenar\u00eda conversaciones dif\u00edciles sobre a qui\u00e9n pertenecen, qui\u00e9n est\u00e1 usando m\u00e1s de lo que les corresponde y c\u00f3mo dividir el agua\u201d, precis\u00f3 el medio.<\/strong><\/h3>\n<h3><strong>La primera reuni\u00f3n sobre los acu\u00edferos est\u00e1 programada para el pr\u00f3ximo verano. Si todo va seg\u00fan lo planeado, las conversaciones abrir\u00e1n un nuevo per\u00edodo de reconocimiento oficial de la antigua geolog\u00eda que conecta a los dos pa\u00edses, un tema que enfrentar\u00e1 la pr\u00f3xima administraci\u00f3n federal que encabezar\u00e1 Andr\u00e9s Manuel L\u00f3pez Obrador.<\/strong><\/h3>\n<p>El <strong>Tratado de Libre Comercio de Am\u00e9rica del Norte<\/strong> (TLCAN) no es el \u00fanico pendiente en la <strong>relaci\u00f3n M\u00e9xico-Estados Unidos<\/strong> que enfrentar\u00e1 el <strong>Presidente electo Andr\u00e9s Manuel L\u00f3pez Obrador<\/strong>. De acuerdo con una investigaci\u00f3n del sitio de noticias <em>Quartz<\/em>, ambos pa\u00edses comparten mil 250 millas (2 mil 11.680 kil\u00f3metros) de acu\u00edferos subterr\u00e1neos que en su mayor\u00eda no est\u00e1n en los mapas de <strong>aguas compartidas<\/strong> ni existe un acuerdo binacional, lo que representa una bomba de tiempo en la relaci\u00f3n de las naciones.<\/p>\n<blockquote>\n<p>El medio explic\u00f3 que a lo largo de las mil 250 millas de frontera entre Texas y M\u00e9xico, ocultas bajo cientos de pies de tierra y roca, se encuentran m\u00e1s de una docena de acu\u00edferos subterr\u00e1neos, los cuales, podr\u00edan ser las \u00fanicas fuentes de agua que le quedar\u00e1 a la regi\u00f3n cuando el vital l\u00edquido del R\u00edo Grande \u2013golpeado por el cambio clim\u00e1tico y una poblaci\u00f3n en pleno auge\u2013 se agote.<\/p>\n<\/blockquote>\n<p>Estados Unidos y M\u00e9xico tienen acuerdos de intercambio detallados por cada acre-pie de agua que fluye a trav\u00e9s del R\u00edo Grande, indic\u00f3 la investigaci\u00f3n firmada por \u00a0Zo\u00eb Schlanger, sin embargo, ambos pa\u00edses apenas saben sobre sus aguas subterr\u00e1neas compartidas. \u201cLas dos naciones solo reconocen oficialmente cuatro acu\u00edferos transfronterizos. Pero Rosario S\u00e1nchez, una hidr\u00f3loga de la Universidad de Texas A &amp; M, quien ha dedicado su vida acad\u00e9mica a buscar acu\u00edferos transfronterizos que a\u00fan no est\u00e1n en los mapas, ha identificado 36. De ellos, 15 son compartidos entre Texas y M\u00e9xico\u201d.<\/p>\n<p>\u201cEn comparaci\u00f3n con los temas de inmigraci\u00f3n ilegal, violencia de drogas, TLCAN y otros asuntos fronterizos y no fronterizos, la gesti\u00f3n del agua subterr\u00e1nea ocupa un lugar relativamente bajo entre las prioridades de ambos gobiernos federales\u201d, escribi\u00f3 Gabriel Eckstein, un experto en derecho del agua en la Facultad de Derecho de Texas A &amp; M, en un documento del a\u00f1o 2012 citado por<em> Quartz.<\/em><\/p>\n<blockquote>\n<p>\u201cComo resultado, los recursos de aguas subterr\u00e1neas [de la regi\u00f3n del Valle del R\u00edo Grande] est\u00e1n siendo sobreexplotados en ambas fronteras a medida que las poblaciones y las industrias bombean sin tener en cuenta la sostenibilidad o las consecuencias transfronterizas\u201d, a\u00f1adi\u00f3 el sitio de noticias especializado en econom\u00eda.<\/p>\n<\/blockquote>\n<p>La hidr\u00f3loga Rosario S\u00e1nchez, originaria de Saltillo, Coahuila, y que se mud\u00f3 a los Estados Unidos en el a\u00f1o 2000 mientras trabajaba para el servicio exterior mexicano, dijo al medio que muy pocas personas han podido reconocer cu\u00e1n arriesgado es no saber qu\u00e9 est\u00e1 pasando con las aguas subterr\u00e1neas en la frontera. Nadie realmente le presta atenci\u00f3n\u201d.<\/p>\n<div id=\"attachment_3460288\" class=\"wp-caption alignnone\"><img loading=\"lazy\" decoding=\"async\" class=\"size-full wp-image-3460288\" src=\"http:\/\/www.sinembargo.mx\/wp-content\/uploads\/2018\/08\/aguas.jpg\" sizes=\"auto, (max-width: 700px) 100vw, 700px\" srcset=\"http:\/\/www.sinembargo.mx\/wp-content\/uploads\/2018\/08\/aguas.jpg 700w, http:\/\/www.sinembargo.mx\/wp-content\/uploads\/2018\/08\/aguas-272x300.jpg 272w\" alt=\"\" width=\"700\" height=\"771\" \/><\/p>\n<p class=\"wp-caption-text\">El \u00e1rea geogr\u00e1fica combinada cubierta por los 15 acu\u00edferos que la hidr\u00f3loga mexicana Rosario S\u00e1nchez ha encontrado debajo de la frontera de Texas-M\u00e9xico. Foto: Quartz<\/p>\n<\/div>\n<p><em>Quartz<\/em> indic\u00f3 que en 1973 la <strong>Comisi\u00f3n Internacional de L\u00edmites y Aguas<\/strong>, un organismo conjunto de Estados Unidos y M\u00e9xico que rige el agua en las fronteras, agreg\u00f3 una cl\u00e1usula a su acuerdo de agua compartida que reconoc\u00eda la necesidad de reglas de aguas subterr\u00e1neas que ambos pa\u00edses pudieran cumplir. Pero ah\u00ed es donde la negociaci\u00f3n se detuvo. \u201cEl Gobierno de los Estados Unidos sabe desde al menos el 2013 que la cuenca inferior de R\u00edo Grande est\u00e1 en v\u00edas de quedarse sin agua en las pr\u00f3ximas d\u00e9cadas, pero ning\u00fan acuerdo binacional que rija las aguas subterr\u00e1neas se ha materializado alguna vez\u201d.<\/p>\n<blockquote>\n<p>Los mapas del acu\u00edfero en ambos lados \u201cterminan\u201d en el borde, seg\u00fan la investigaci\u00f3n. \u201cTodo el mundo sabe que el agua subterr\u00e1nea es compartida por ambas naciones, pero ninguno de los lados quiere poner los acu\u00edferos en un mapa unificado para que ambas partes firmen. Hacerlo desencadenar\u00eda conversaciones dif\u00edciles sobre a qui\u00e9n pertenecen, qui\u00e9n est\u00e1 usando m\u00e1s de lo que les corresponde y c\u00f3mo dividir el agua. Definitivamente significar\u00eda cambiar las leyes, o, al menos, su aplicaci\u00f3n, en ambos lados\u201d, precis\u00f3 el medio.<\/p>\n<\/blockquote>\n<p><strong>\u00bfY EL AGUA QUE USA CONSTELLATION BRANDS?<\/strong><\/p>\n<p>\u00bfQu\u00e9 pasar\u00eda si el acu\u00edfero Allende-Piedras Negras fuera reconocido como transfronterizo? Para empezar, se\u00f1al\u00f3 el medio, un importante proyecto del gobierno mexicano para la fracturaci\u00f3n hidr\u00e1ulica en Coahuila podr\u00eda convertirse en una historia internacional, en lugar de nacional. Lo que M\u00e9xico eligi\u00f3 hacer con sus aguas subterr\u00e1neas fronterizas cambiar\u00eda la cantidad de agua disponible en el sur de Texas, y sin un tratado, podr\u00eda volverse diplom\u00e1ticamente desordenado.<\/p>\n<blockquote>\n<p>En ese mismo sentido, a\u00f1adi\u00f3, \u201cla elaboraci\u00f3n de la cerveza podr\u00eda convertirse en una cuesti\u00f3n de seguridad internacional\u201d. En 2016, Constellation Brands, el gigante estadounidense de cerveza, vino y licores que fabrica las cervezas Corona, Modelo, Pacifico y Victoria en Nava, Coahuila, para exportar a los Estados Unidos, fue el centro de una controversia sobre la extracci\u00f3n de agua del acu\u00edfero de Allende-Piedras Negras.<\/p>\n<\/blockquote>\n<p>La empresa Constellation Brands est\u00e1 ubicada en el municipio de Nava, pero extrae el agua de Zaragoza para producir cerveza.<br \/>La planta inici\u00f3 operaciones en marzo de 2010 como Grupo Modelo, pero en 2013 la compa\u00f1\u00eda estadounidense l\u00edder en vinos y licores Constellation Brands, compr\u00f3 las acciones de la empresa.<\/p>\n<p>De acuerdo con datos proporcionados por Constellation Brands, para producir un litro de cerveza se necesitan 3.25 litros de agua. Una parte de lo que sobra se reutiliza en las diferentes \u00e1reas de la planta y el resto se desecha al R\u00edo Bravo.<\/p>\n<p>Seg\u00fan la investigaci\u00f3n de <em>Quartz,<\/em> la cervecer\u00eda se encuentra a menos de 30 millas al sur de Eagle Pass, Texas. En este momento, Eagle Pass, en el condado de Maverick, extrae la mayor parte de su agua del R\u00edo Grande. Pero si el R\u00edo Grande se seca, como predicen los cient\u00edficos del clima y los planificadores del agua, la ciudad tendr\u00e1 que recurrir al agua subterr\u00e1nea. El Plan Estatal del Agua de Texas ya exige inversiones en nuevas infraestructuras de aguas subterr\u00e1neas para mantener a flote el Condado de Maverick en las pr\u00f3ximas d\u00e9cadas.<\/p>\n<blockquote>\n<p>\u201cEn el futuro, si una ciudad de Texas culpa a M\u00e9xico por agotar un acu\u00edfero, plantear\u00eda preguntas que ning\u00fan gobierno est\u00e1 preparado para responder\u201d, indic\u00f3 el medio.<\/p>\n<\/blockquote>\n<p><strong>UN PROYECTO QUE AYUDARIA A M\u00c9XICO Y EU<\/strong><\/p>\n<p>El primer paso para evitar el conflicto es la ciencia b\u00e1sica, expuso Quartz. \u00bfD\u00f3nde existe el agua subterr\u00e1nea, cu\u00e1nto hay y cu\u00e1nto se est\u00e1 bombeando?<\/p>\n<p>Un campus de la universidad de Texas A &amp; M, ubicado en College Station, en el estado estadounidense de Texas, sirve como sede para el \u00fanico proyecto de investigaci\u00f3n con la oportunidad de convencer a los Estados Unidos y M\u00e9xico para que reconozcan cu\u00e1ntos acu\u00edferos realmente comparten.<\/p>\n<p>La hidr\u00f3loga Rosario S\u00e1nchez y Laura Rodr\u00edguez digitalizaron viejos mapas de pozos petrol\u00edferos para ubicar los sistemas de agua subterr\u00e1nea debajo de la frontera entre Estados Unidos y M\u00e9xico.<\/p>\n<p>Seg\u00fan explic\u00f3 <em>Quartz<\/em>, una vez que Rodr\u00edguez encuentra la formaci\u00f3n estructural usando los mapas petroleros, S\u00e1nchez comienza a negociar por los datos. Identifica los pozos de agua existentes, determina si el agua es salada o fresca, y calcula la cantidad de gente que bombea: todas las pistas sobre la salud del acu\u00edfero.<\/p>\n<blockquote>\n<p>En Texas, en la mayor\u00eda de los casos, ella puede simplemente pedirle a los distritos locales de irrigaci\u00f3n por esos datos, pero en M\u00e9xico, dijo al medio, no es tan f\u00e1cil. \u201cTodo est\u00e1 centralizado en el gobierno federal\u201d.<\/p>\n<p>Del lado estadounidense, Edward Drusina, el veterano comisionado de la Comisi\u00f3n Internacional de L\u00edmites y Aguas de Estados Unidos (IBWC, por sus siglas en ingl\u00e9s) que fue destituido recientemente por la administraci\u00f3n del Presidente Donald Trump, dijo al medio que la investigaci\u00f3n de S\u00e1nchez provoc\u00f3 que IBWC finalmente caminase hacia las conversaciones sobre docenas de acu\u00edferos transfronterizos que nunca antes hab\u00edan considerado.<\/p>\n<p>La primera reuni\u00f3n sobre los acu\u00edferos est\u00e1 programada para el pr\u00f3ximo verano. Si todo va seg\u00fan lo planeado, las conversaciones abrir\u00e1n un nuevo per\u00edodo de reconocimiento oficial de la antigua geolog\u00eda que conecta a los dos pa\u00edses, inform\u00f3 <em>Quartz<\/em>.<\/p>\n<\/blockquote>\n","protected":false},"excerpt":{"rendered":"<p>AMLO y Trump deben comerse, muy pronto, la papa caliente: a qui\u00e9n le toca el agua de la frontera<br \/>\nPor Redacci\u00f3n QP<\/p>\n","protected":false},"author":2,"featured_media":3031,"comment_status":"open","ping_status":"open","sticky":false,"template":"","format":"standard","meta":{"_monsterinsights_skip_tracking":false,"_monsterinsights_sitenote_active":false,"_monsterinsights_sitenote_note":"","_monsterinsights_sitenote_category":0,"footnotes":""},"categories":[2],"tags":[],"class_list":["post-3032","post","type-post","status-publish","format-standard","has-post-thumbnail","hentry","category-noticias"],"yoast_head":"<!-- This site is optimized with the Yoast SEO plugin v27.3 - https:\/\/yoast.com\/product\/yoast-seo-wordpress\/ -->\n<title>AMLO y Trump deben comerse, muy pronto, la papa caliente: a qui\u00e9n le toca el agua de la frontera -<\/title>\n<meta name=\"robots\" content=\"index, follow, max-snippet:-1, max-image-preview:large, max-video-preview:-1\" \/>\n<link rel=\"canonical\" href=\"https:\/\/quehacerpolitico.mx\/?p=3032\" \/>\n<meta property=\"og:locale\" content=\"es_MX\" \/>\n<meta property=\"og:type\" content=\"article\" \/>\n<meta property=\"og:title\" content=\"AMLO y Trump deben comerse, muy pronto, la papa caliente: a qui\u00e9n le toca el agua de la frontera -\" \/>\n<meta property=\"og:description\" content=\"AMLO y Trump deben comerse, muy pronto, la papa caliente: a qui\u00e9n le toca el agua de la frontera Por Redacci\u00f3n QP\" \/>\n<meta property=\"og:url\" content=\"https:\/\/quehacerpolitico.mx\/?p=3032\" \/>\n<meta property=\"article:published_time\" content=\"2018-08-23T16:58:30+00:00\" \/>\n<meta name=\"author\" content=\"Redacci\u00f3n QP\" \/>\n<meta name=\"twitter:card\" content=\"summary_large_image\" \/>\n<meta name=\"twitter:label1\" content=\"Escrito por\" \/>\n\t<meta name=\"twitter:data1\" content=\"Redacci\u00f3n QP\" \/>\n\t<meta name=\"twitter:label2\" content=\"Tiempo de lectura\" \/>\n\t<meta name=\"twitter:data2\" content=\"8 minutos\" \/>\n<script type=\"application\/ld+json\" class=\"yoast-schema-graph\">{\"@context\":\"https:\\\/\\\/schema.org\",\"@graph\":[{\"@type\":\"Article\",\"@id\":\"https:\\\/\\\/quehacerpolitico.mx\\\/?p=3032#article\",\"isPartOf\":{\"@id\":\"https:\\\/\\\/quehacerpolitico.mx\\\/?p=3032\"},\"author\":{\"name\":\"Redacci\u00f3n QP\",\"@id\":\"https:\\\/\\\/quehacerpolitico.mx\\\/#\\\/schema\\\/person\\\/496d8ad2d1d3f8036101dca7ee39e585\"},\"headline\":\"AMLO y Trump deben comerse, muy pronto, la papa caliente: a qui\u00e9n le toca el agua de la frontera\",\"datePublished\":\"2018-08-23T16:58:30+00:00\",\"mainEntityOfPage\":{\"@id\":\"https:\\\/\\\/quehacerpolitico.mx\\\/?p=3032\"},\"wordCount\":1617,\"commentCount\":0,\"image\":{\"@id\":\"https:\\\/\\\/quehacerpolitico.mx\\\/?p=3032#primaryimage\"},\"thumbnailUrl\":\"\",\"articleSection\":[\"Noticias\"],\"inLanguage\":\"es\",\"potentialAction\":[{\"@type\":\"CommentAction\",\"name\":\"Comment\",\"target\":[\"https:\\\/\\\/quehacerpolitico.mx\\\/?p=3032#respond\"]}]},{\"@type\":\"WebPage\",\"@id\":\"https:\\\/\\\/quehacerpolitico.mx\\\/?p=3032\",\"url\":\"https:\\\/\\\/quehacerpolitico.mx\\\/?p=3032\",\"name\":\"AMLO y Trump deben comerse, muy pronto, la papa caliente: a qui\u00e9n le toca el agua de la frontera -\",\"isPartOf\":{\"@id\":\"https:\\\/\\\/quehacerpolitico.mx\\\/#website\"},\"primaryImageOfPage\":{\"@id\":\"https:\\\/\\\/quehacerpolitico.mx\\\/?p=3032#primaryimage\"},\"image\":{\"@id\":\"https:\\\/\\\/quehacerpolitico.mx\\\/?p=3032#primaryimage\"},\"thumbnailUrl\":\"\",\"datePublished\":\"2018-08-23T16:58:30+00:00\",\"author\":{\"@id\":\"https:\\\/\\\/quehacerpolitico.mx\\\/#\\\/schema\\\/person\\\/496d8ad2d1d3f8036101dca7ee39e585\"},\"breadcrumb\":{\"@id\":\"https:\\\/\\\/quehacerpolitico.mx\\\/?p=3032#breadcrumb\"},\"inLanguage\":\"es\",\"potentialAction\":[{\"@type\":\"ReadAction\",\"target\":[\"https:\\\/\\\/quehacerpolitico.mx\\\/?p=3032\"]}]},{\"@type\":\"ImageObject\",\"inLanguage\":\"es\",\"@id\":\"https:\\\/\\\/quehacerpolitico.mx\\\/?p=3032#primaryimage\",\"url\":\"\",\"contentUrl\":\"\"},{\"@type\":\"BreadcrumbList\",\"@id\":\"https:\\\/\\\/quehacerpolitico.mx\\\/?p=3032#breadcrumb\",\"itemListElement\":[{\"@type\":\"ListItem\",\"position\":1,\"name\":\"Inicio\",\"item\":\"https:\\\/\\\/quehacerpolitico.mx\\\/\"},{\"@type\":\"ListItem\",\"position\":2,\"name\":\"AMLO y Trump deben comerse, muy pronto, la papa caliente: a qui\u00e9n le toca el agua de la frontera\"}]},{\"@type\":\"WebSite\",\"@id\":\"https:\\\/\\\/quehacerpolitico.mx\\\/#website\",\"url\":\"https:\\\/\\\/quehacerpolitico.mx\\\/\",\"name\":\"\",\"description\":\"\",\"potentialAction\":[{\"@type\":\"SearchAction\",\"target\":{\"@type\":\"EntryPoint\",\"urlTemplate\":\"https:\\\/\\\/quehacerpolitico.mx\\\/?s={search_term_string}\"},\"query-input\":{\"@type\":\"PropertyValueSpecification\",\"valueRequired\":true,\"valueName\":\"search_term_string\"}}],\"inLanguage\":\"es\"},{\"@type\":\"Person\",\"@id\":\"https:\\\/\\\/quehacerpolitico.mx\\\/#\\\/schema\\\/person\\\/496d8ad2d1d3f8036101dca7ee39e585\",\"name\":\"Redacci\u00f3n QP\",\"image\":{\"@type\":\"ImageObject\",\"inLanguage\":\"es\",\"@id\":\"https:\\\/\\\/secure.gravatar.com\\\/avatar\\\/c7164ed6fdec453195284ad24a5ae5b6e1eed2b848477fa2a4787ba9adf39a41?s=96&d=mm&r=g\",\"url\":\"https:\\\/\\\/secure.gravatar.com\\\/avatar\\\/c7164ed6fdec453195284ad24a5ae5b6e1eed2b848477fa2a4787ba9adf39a41?s=96&d=mm&r=g\",\"contentUrl\":\"https:\\\/\\\/secure.gravatar.com\\\/avatar\\\/c7164ed6fdec453195284ad24a5ae5b6e1eed2b848477fa2a4787ba9adf39a41?s=96&d=mm&r=g\",\"caption\":\"Redacci\u00f3n QP\"},\"url\":\"https:\\\/\\\/quehacerpolitico.mx\\\/?author=2\"}]}<\/script>\n<!-- \/ Yoast SEO plugin. -->","yoast_head_json":{"title":"AMLO y Trump deben comerse, muy pronto, la papa caliente: a qui\u00e9n le toca el agua de la frontera -","robots":{"index":"index","follow":"follow","max-snippet":"max-snippet:-1","max-image-preview":"max-image-preview:large","max-video-preview":"max-video-preview:-1"},"canonical":"https:\/\/quehacerpolitico.mx\/?p=3032","og_locale":"es_MX","og_type":"article","og_title":"AMLO y Trump deben comerse, muy pronto, la papa caliente: a qui\u00e9n le toca el agua de la frontera -","og_description":"AMLO y Trump deben comerse, muy pronto, la papa caliente: a qui\u00e9n le toca el agua de la frontera Por Redacci\u00f3n QP","og_url":"https:\/\/quehacerpolitico.mx\/?p=3032","article_published_time":"2018-08-23T16:58:30+00:00","author":"Redacci\u00f3n QP","twitter_card":"summary_large_image","twitter_misc":{"Escrito por":"Redacci\u00f3n QP","Tiempo de lectura":"8 minutos"},"schema":{"@context":"https:\/\/schema.org","@graph":[{"@type":"Article","@id":"https:\/\/quehacerpolitico.mx\/?p=3032#article","isPartOf":{"@id":"https:\/\/quehacerpolitico.mx\/?p=3032"},"author":{"name":"Redacci\u00f3n QP","@id":"https:\/\/quehacerpolitico.mx\/#\/schema\/person\/496d8ad2d1d3f8036101dca7ee39e585"},"headline":"AMLO y Trump deben comerse, muy pronto, la papa caliente: a qui\u00e9n le toca el agua de la frontera","datePublished":"2018-08-23T16:58:30+00:00","mainEntityOfPage":{"@id":"https:\/\/quehacerpolitico.mx\/?p=3032"},"wordCount":1617,"commentCount":0,"image":{"@id":"https:\/\/quehacerpolitico.mx\/?p=3032#primaryimage"},"thumbnailUrl":"","articleSection":["Noticias"],"inLanguage":"es","potentialAction":[{"@type":"CommentAction","name":"Comment","target":["https:\/\/quehacerpolitico.mx\/?p=3032#respond"]}]},{"@type":"WebPage","@id":"https:\/\/quehacerpolitico.mx\/?p=3032","url":"https:\/\/quehacerpolitico.mx\/?p=3032","name":"AMLO y Trump deben comerse, muy pronto, la papa caliente: a qui\u00e9n le toca el agua de la frontera -","isPartOf":{"@id":"https:\/\/quehacerpolitico.mx\/#website"},"primaryImageOfPage":{"@id":"https:\/\/quehacerpolitico.mx\/?p=3032#primaryimage"},"image":{"@id":"https:\/\/quehacerpolitico.mx\/?p=3032#primaryimage"},"thumbnailUrl":"","datePublished":"2018-08-23T16:58:30+00:00","author":{"@id":"https:\/\/quehacerpolitico.mx\/#\/schema\/person\/496d8ad2d1d3f8036101dca7ee39e585"},"breadcrumb":{"@id":"https:\/\/quehacerpolitico.mx\/?p=3032#breadcrumb"},"inLanguage":"es","potentialAction":[{"@type":"ReadAction","target":["https:\/\/quehacerpolitico.mx\/?p=3032"]}]},{"@type":"ImageObject","inLanguage":"es","@id":"https:\/\/quehacerpolitico.mx\/?p=3032#primaryimage","url":"","contentUrl":""},{"@type":"BreadcrumbList","@id":"https:\/\/quehacerpolitico.mx\/?p=3032#breadcrumb","itemListElement":[{"@type":"ListItem","position":1,"name":"Inicio","item":"https:\/\/quehacerpolitico.mx\/"},{"@type":"ListItem","position":2,"name":"AMLO y Trump deben comerse, muy pronto, la papa caliente: a qui\u00e9n le toca el agua de la frontera"}]},{"@type":"WebSite","@id":"https:\/\/quehacerpolitico.mx\/#website","url":"https:\/\/quehacerpolitico.mx\/","name":"","description":"","potentialAction":[{"@type":"SearchAction","target":{"@type":"EntryPoint","urlTemplate":"https:\/\/quehacerpolitico.mx\/?s={search_term_string}"},"query-input":{"@type":"PropertyValueSpecification","valueRequired":true,"valueName":"search_term_string"}}],"inLanguage":"es"},{"@type":"Person","@id":"https:\/\/quehacerpolitico.mx\/#\/schema\/person\/496d8ad2d1d3f8036101dca7ee39e585","name":"Redacci\u00f3n QP","image":{"@type":"ImageObject","inLanguage":"es","@id":"https:\/\/secure.gravatar.com\/avatar\/c7164ed6fdec453195284ad24a5ae5b6e1eed2b848477fa2a4787ba9adf39a41?s=96&d=mm&r=g","url":"https:\/\/secure.gravatar.com\/avatar\/c7164ed6fdec453195284ad24a5ae5b6e1eed2b848477fa2a4787ba9adf39a41?s=96&d=mm&r=g","contentUrl":"https:\/\/secure.gravatar.com\/avatar\/c7164ed6fdec453195284ad24a5ae5b6e1eed2b848477fa2a4787ba9adf39a41?s=96&d=mm&r=g","caption":"Redacci\u00f3n QP"},"url":"https:\/\/quehacerpolitico.mx\/?author=2"}]}},"featured_image_urls":{"full":"","thumbnail":"","medium":"","medium_large":"","large":"","1536x1536":"","2048x2048":"","covernews-featured":"","covernews-medium":""},"author_info":{"display_name":"Redacci\u00f3n QP","author_link":"https:\/\/quehacerpolitico.mx\/?author=2"},"category_info":"<a href=\"https:\/\/quehacerpolitico.mx\/?cat=2\" rel=\"category\">Noticias<\/a>","tag_info":"Noticias","comment_count":"0","_links":{"self":[{"href":"https:\/\/quehacerpolitico.mx\/index.php?rest_route=\/wp\/v2\/posts\/3032","targetHints":{"allow":["GET"]}}],"collection":[{"href":"https:\/\/quehacerpolitico.mx\/index.php?rest_route=\/wp\/v2\/posts"}],"about":[{"href":"https:\/\/quehacerpolitico.mx\/index.php?rest_route=\/wp\/v2\/types\/post"}],"author":[{"embeddable":true,"href":"https:\/\/quehacerpolitico.mx\/index.php?rest_route=\/wp\/v2\/users\/2"}],"replies":[{"embeddable":true,"href":"https:\/\/quehacerpolitico.mx\/index.php?rest_route=%2Fwp%2Fv2%2Fcomments&post=3032"}],"version-history":[{"count":0,"href":"https:\/\/quehacerpolitico.mx\/index.php?rest_route=\/wp\/v2\/posts\/3032\/revisions"}],"wp:featuredmedia":[{"embeddable":true,"href":"https:\/\/quehacerpolitico.mx\/index.php?rest_route=\/"}],"wp:attachment":[{"href":"https:\/\/quehacerpolitico.mx\/index.php?rest_route=%2Fwp%2Fv2%2Fmedia&parent=3032"}],"wp:term":[{"taxonomy":"category","embeddable":true,"href":"https:\/\/quehacerpolitico.mx\/index.php?rest_route=%2Fwp%2Fv2%2Fcategories&post=3032"},{"taxonomy":"post_tag","embeddable":true,"href":"https:\/\/quehacerpolitico.mx\/index.php?rest_route=%2Fwp%2Fv2%2Ftags&post=3032"}],"curies":[{"name":"wp","href":"https:\/\/api.w.org\/{rel}","templated":true}]}}