{"id":3028,"date":"2018-08-23T16:42:15","date_gmt":"2018-08-23T16:42:15","guid":{"rendered":"http:\/\/quehacerpolitico.mx\/internacionales-carolina-alonso-romei-poderoso-tifon-cimaron-toca-tierra-en-japon-surcorea-esta-en-alerta\/"},"modified":"2018-08-23T16:42:15","modified_gmt":"2018-08-23T16:42:15","slug":"internacionales-carolina-alonso-romei-poderoso-tifon-cimaron-toca-tierra-en-japon-surcorea-esta-en-alerta","status":"publish","type":"post","link":"https:\/\/quehacerpolitico.mx\/?p=3028","title":{"rendered":"Internacionales\/\/\/Carolina Alonso Romei\/\/\/Poderoso tif\u00f3n &#8220;Cimaron&#8221; toca tierra en Jap\u00f3n; Surcorea est\u00e1 en alerta"},"content":{"rendered":"<p>El tif\u00f3n &#8220;Cimaron&#8221; toc\u00f3 tierra en el oeste de <a href=\"https:\/\/www.informador.mx\/japon-t808\" target=\"_blank\" rel=\"noopener\"><strong>Jap\u00f3n<\/strong><\/a> trayendo consigo intensas lluvias y fuertes vientos, <strong>por lo que las aerol\u00edneas cancelaron m\u00e1s de 350 vuelos este jueves y m\u00e1s de 60 el viernes hacia y desde aeropuertos de esa parte del pa\u00eds<\/strong>, informaron fuentes meteorol\u00f3gicas.<\/p>\n<div id=\"div-gpt-ad-1524682842930-0\" data-google-query-id=\"CKiKkrLOg90CFRA6TwodzHUKKw\">\n<div id=\"google_ads_iframe_\/40135427\/informador_mx_Video_Outstream_0__container__\">&#8220;Cimaron&#8221; es el vig\u00e9simo tif\u00f3n de la temporada en el Pac\u00edfico y el segundo que golpea a Jap\u00f3n esta semana tras el paso por el suroeste del territorio del Soulik, que ya se dirige a la pen\u00ednsula coreana y se prev\u00e9 que llegue en las pr\u00f3ximas horas.<\/div>\n<div>\n<p>Esta noche (tiempo local) <strong>el tif\u00f3n se encuentra a unos 50 kil\u00f3metros al sur-sureste de la ciudad de Anan, en la prefectura de Tokushina<\/strong>, report\u00f3 la Agencia Meteorol\u00f3gica de Jap\u00f3n (JMA).<\/p>\n<p>Con vientos de m\u00e1s de 216 kil\u00f3metros por hora, el meteoro se mueve hacia el norte a una velocidad de 35 kil\u00f3metros por hora, por lo que <strong>se espera que cruce el archipi\u00e9lago japon\u00e9s y llegue al mar de Jap\u00f3n antes de la madrugada del viernes<\/strong>.<\/p>\n<p>Adem\u00e1s de la cancelaci\u00f3n de cientos de vuelos en siete aeropuertos en el oeste de la isla de Honshu y en la isla de Shikoku, los operadores ferroviarios tambi\u00e9n suspendieron algunos servicios, entre ellos los viajes de trenes bala entre Osaka e Hiroshima, seg\u00fan reportes de la agencia local de noticias Kyodo.<\/p>\n<p>El primer ministro japon\u00e9s, <strong>Shinzo Abe, pidi\u00f3 a su gobierno tomar las medidas necesarias para disminuir los da\u00f1os y priorizar las evacuaciones tempranas para evitar posibles v\u00edctimas<\/strong>.<\/p>\n<p>El tif\u00f3n podr\u00eda golpear algunas zonas donde las lluvias torrenciales y r\u00edos de lodo se cobraron la vida de 220 personas hace un mes.<\/p>\n<p>Antes de Cimaron, el tif\u00f3n Soulik pas\u00f3 por el suroeste del territorio japon\u00e9s y sigue su curso en direcci\u00f3n norte, por lo que se pronostica que llegue a la pen\u00ednsula coreana en las pr\u00f3ximas horas.<\/p>\n<p>El primer ministro de Corea del Sur, Lee Nk-yon, ha ordenado a las autoridades correspondientes tomar todas las medidas posibles ante la llegada del tif\u00f3n Soulik, el primero que pasar\u00e1 por su territorio en seis a\u00f1os.<\/p>\n<p>El\u00a0tif\u00f3n, con vientos de hasta 155 kil\u00f3metros por hora, se encuentra este jueves a unos 340 kil\u00f3metros al sureste de la isla de Jeju, afectada ya por las lluvias y vientos, report\u00f3 la Administraci\u00f3n Meteorol\u00f3gica de Corea del Sur.<\/p>\n<p>Se espera que Soulik, que se desplaza a 20 kil\u00f3metros por hora en direcci\u00f3n oeste-noroeste, atraviese aguas de la costa suroeste antes de tocar tierra en el condado de Taea, ma\u00f1ana viernes.\u00a0<\/p>\n<\/div>\n<\/div>\n","protected":false},"excerpt":{"rendered":"<p>Por lo que las aerol\u00edneas cancelaron m\u00e1s de 350 vuelos este jueves y m\u00e1s de 60 el viernes hacia y desde aeropuertos de esa parte del pa\u00eds<br \/>\nPor Carolina Alonso Romei<br \/>\nInternacionalista<\/p>\n","protected":false},"author":2,"featured_media":3027,"comment_status":"open","ping_status":"open","sticky":false,"template":"","format":"standard","meta":{"_monsterinsights_skip_tracking":false,"_monsterinsights_sitenote_active":false,"_monsterinsights_sitenote_note":"","_monsterinsights_sitenote_category":0,"footnotes":""},"categories":[1],"tags":[],"class_list":["post-3028","post","type-post","status-publish","format-standard","has-post-thumbnail","hentry","category-sin-categoria"],"yoast_head":"<!-- This site is optimized with the Yoast SEO plugin v27.3 - https:\/\/yoast.com\/product\/yoast-seo-wordpress\/ -->\n<title>Internacionales\/\/\/Carolina Alonso Romei\/\/\/Poderoso tif\u00f3n &quot;Cimaron&quot; toca tierra en Jap\u00f3n; Surcorea est\u00e1 en alerta -<\/title>\n<meta name=\"robots\" content=\"index, follow, max-snippet:-1, max-image-preview:large, max-video-preview:-1\" \/>\n<link rel=\"canonical\" href=\"https:\/\/quehacerpolitico.mx\/?p=3028\" \/>\n<meta property=\"og:locale\" content=\"es_MX\" \/>\n<meta property=\"og:type\" content=\"article\" \/>\n<meta property=\"og:title\" content=\"Internacionales\/\/\/Carolina Alonso Romei\/\/\/Poderoso tif\u00f3n &quot;Cimaron&quot; toca tierra en Jap\u00f3n; Surcorea est\u00e1 en alerta -\" \/>\n<meta property=\"og:description\" content=\"Por lo que las aerol\u00edneas cancelaron m\u00e1s de 350 vuelos este jueves y m\u00e1s de 60 el viernes hacia y desde aeropuertos de esa parte del pa\u00eds Por Carolina Alonso Romei Internacionalista\" \/>\n<meta property=\"og:url\" content=\"https:\/\/quehacerpolitico.mx\/?p=3028\" \/>\n<meta property=\"article:published_time\" content=\"2018-08-23T16:42:15+00:00\" \/>\n<meta name=\"author\" content=\"Redacci\u00f3n QP\" \/>\n<meta name=\"twitter:card\" content=\"summary_large_image\" \/>\n<meta name=\"twitter:label1\" content=\"Escrito por\" \/>\n\t<meta name=\"twitter:data1\" content=\"Redacci\u00f3n QP\" \/>\n\t<meta name=\"twitter:label2\" content=\"Tiempo de lectura\" \/>\n\t<meta name=\"twitter:data2\" content=\"2 minutos\" \/>\n<script type=\"application\/ld+json\" class=\"yoast-schema-graph\">{\"@context\":\"https:\\\/\\\/schema.org\",\"@graph\":[{\"@type\":\"Article\",\"@id\":\"https:\\\/\\\/quehacerpolitico.mx\\\/?p=3028#article\",\"isPartOf\":{\"@id\":\"https:\\\/\\\/quehacerpolitico.mx\\\/?p=3028\"},\"author\":{\"name\":\"Redacci\u00f3n QP\",\"@id\":\"https:\\\/\\\/quehacerpolitico.mx\\\/#\\\/schema\\\/person\\\/496d8ad2d1d3f8036101dca7ee39e585\"},\"headline\":\"Internacionales\\\/\\\/\\\/Carolina Alonso Romei\\\/\\\/\\\/Poderoso tif\u00f3n &#8220;Cimaron&#8221; toca tierra en Jap\u00f3n; Surcorea est\u00e1 en alerta\",\"datePublished\":\"2018-08-23T16:42:15+00:00\",\"mainEntityOfPage\":{\"@id\":\"https:\\\/\\\/quehacerpolitico.mx\\\/?p=3028\"},\"wordCount\":473,\"commentCount\":0,\"image\":{\"@id\":\"https:\\\/\\\/quehacerpolitico.mx\\\/?p=3028#primaryimage\"},\"thumbnailUrl\":\"\",\"articleSection\":[\"Internacionales\"],\"inLanguage\":\"es\",\"potentialAction\":[{\"@type\":\"CommentAction\",\"name\":\"Comment\",\"target\":[\"https:\\\/\\\/quehacerpolitico.mx\\\/?p=3028#respond\"]}]},{\"@type\":\"WebPage\",\"@id\":\"https:\\\/\\\/quehacerpolitico.mx\\\/?p=3028\",\"url\":\"https:\\\/\\\/quehacerpolitico.mx\\\/?p=3028\",\"name\":\"Internacionales\\\/\\\/\\\/Carolina Alonso Romei\\\/\\\/\\\/Poderoso tif\u00f3n \\\"Cimaron\\\" toca tierra en Jap\u00f3n; Surcorea est\u00e1 en alerta -\",\"isPartOf\":{\"@id\":\"https:\\\/\\\/quehacerpolitico.mx\\\/#website\"},\"primaryImageOfPage\":{\"@id\":\"https:\\\/\\\/quehacerpolitico.mx\\\/?p=3028#primaryimage\"},\"image\":{\"@id\":\"https:\\\/\\\/quehacerpolitico.mx\\\/?p=3028#primaryimage\"},\"thumbnailUrl\":\"\",\"datePublished\":\"2018-08-23T16:42:15+00:00\",\"author\":{\"@id\":\"https:\\\/\\\/quehacerpolitico.mx\\\/#\\\/schema\\\/person\\\/496d8ad2d1d3f8036101dca7ee39e585\"},\"breadcrumb\":{\"@id\":\"https:\\\/\\\/quehacerpolitico.mx\\\/?p=3028#breadcrumb\"},\"inLanguage\":\"es\",\"potentialAction\":[{\"@type\":\"ReadAction\",\"target\":[\"https:\\\/\\\/quehacerpolitico.mx\\\/?p=3028\"]}]},{\"@type\":\"ImageObject\",\"inLanguage\":\"es\",\"@id\":\"https:\\\/\\\/quehacerpolitico.mx\\\/?p=3028#primaryimage\",\"url\":\"\",\"contentUrl\":\"\"},{\"@type\":\"BreadcrumbList\",\"@id\":\"https:\\\/\\\/quehacerpolitico.mx\\\/?p=3028#breadcrumb\",\"itemListElement\":[{\"@type\":\"ListItem\",\"position\":1,\"name\":\"Inicio\",\"item\":\"https:\\\/\\\/quehacerpolitico.mx\\\/\"},{\"@type\":\"ListItem\",\"position\":2,\"name\":\"Internacionales\\\/\\\/\\\/Carolina Alonso Romei\\\/\\\/\\\/Poderoso tif\u00f3n &#8220;Cimaron&#8221; toca tierra en Jap\u00f3n; Surcorea est\u00e1 en alerta\"}]},{\"@type\":\"WebSite\",\"@id\":\"https:\\\/\\\/quehacerpolitico.mx\\\/#website\",\"url\":\"https:\\\/\\\/quehacerpolitico.mx\\\/\",\"name\":\"\",\"description\":\"\",\"potentialAction\":[{\"@type\":\"SearchAction\",\"target\":{\"@type\":\"EntryPoint\",\"urlTemplate\":\"https:\\\/\\\/quehacerpolitico.mx\\\/?s={search_term_string}\"},\"query-input\":{\"@type\":\"PropertyValueSpecification\",\"valueRequired\":true,\"valueName\":\"search_term_string\"}}],\"inLanguage\":\"es\"},{\"@type\":\"Person\",\"@id\":\"https:\\\/\\\/quehacerpolitico.mx\\\/#\\\/schema\\\/person\\\/496d8ad2d1d3f8036101dca7ee39e585\",\"name\":\"Redacci\u00f3n QP\",\"image\":{\"@type\":\"ImageObject\",\"inLanguage\":\"es\",\"@id\":\"https:\\\/\\\/secure.gravatar.com\\\/avatar\\\/c7164ed6fdec453195284ad24a5ae5b6e1eed2b848477fa2a4787ba9adf39a41?s=96&d=mm&r=g\",\"url\":\"https:\\\/\\\/secure.gravatar.com\\\/avatar\\\/c7164ed6fdec453195284ad24a5ae5b6e1eed2b848477fa2a4787ba9adf39a41?s=96&d=mm&r=g\",\"contentUrl\":\"https:\\\/\\\/secure.gravatar.com\\\/avatar\\\/c7164ed6fdec453195284ad24a5ae5b6e1eed2b848477fa2a4787ba9adf39a41?s=96&d=mm&r=g\",\"caption\":\"Redacci\u00f3n QP\"},\"url\":\"https:\\\/\\\/quehacerpolitico.mx\\\/?author=2\"}]}<\/script>\n<!-- \/ Yoast SEO plugin. -->","yoast_head_json":{"title":"Internacionales\/\/\/Carolina Alonso Romei\/\/\/Poderoso tif\u00f3n \"Cimaron\" toca tierra en Jap\u00f3n; Surcorea est\u00e1 en alerta -","robots":{"index":"index","follow":"follow","max-snippet":"max-snippet:-1","max-image-preview":"max-image-preview:large","max-video-preview":"max-video-preview:-1"},"canonical":"https:\/\/quehacerpolitico.mx\/?p=3028","og_locale":"es_MX","og_type":"article","og_title":"Internacionales\/\/\/Carolina Alonso Romei\/\/\/Poderoso tif\u00f3n \"Cimaron\" toca tierra en Jap\u00f3n; Surcorea est\u00e1 en alerta -","og_description":"Por lo que las aerol\u00edneas cancelaron m\u00e1s de 350 vuelos este jueves y m\u00e1s de 60 el viernes hacia y desde aeropuertos de esa parte del pa\u00eds Por Carolina Alonso Romei Internacionalista","og_url":"https:\/\/quehacerpolitico.mx\/?p=3028","article_published_time":"2018-08-23T16:42:15+00:00","author":"Redacci\u00f3n QP","twitter_card":"summary_large_image","twitter_misc":{"Escrito por":"Redacci\u00f3n QP","Tiempo de lectura":"2 minutos"},"schema":{"@context":"https:\/\/schema.org","@graph":[{"@type":"Article","@id":"https:\/\/quehacerpolitico.mx\/?p=3028#article","isPartOf":{"@id":"https:\/\/quehacerpolitico.mx\/?p=3028"},"author":{"name":"Redacci\u00f3n QP","@id":"https:\/\/quehacerpolitico.mx\/#\/schema\/person\/496d8ad2d1d3f8036101dca7ee39e585"},"headline":"Internacionales\/\/\/Carolina Alonso Romei\/\/\/Poderoso tif\u00f3n &#8220;Cimaron&#8221; toca tierra en Jap\u00f3n; Surcorea est\u00e1 en alerta","datePublished":"2018-08-23T16:42:15+00:00","mainEntityOfPage":{"@id":"https:\/\/quehacerpolitico.mx\/?p=3028"},"wordCount":473,"commentCount":0,"image":{"@id":"https:\/\/quehacerpolitico.mx\/?p=3028#primaryimage"},"thumbnailUrl":"","articleSection":["Internacionales"],"inLanguage":"es","potentialAction":[{"@type":"CommentAction","name":"Comment","target":["https:\/\/quehacerpolitico.mx\/?p=3028#respond"]}]},{"@type":"WebPage","@id":"https:\/\/quehacerpolitico.mx\/?p=3028","url":"https:\/\/quehacerpolitico.mx\/?p=3028","name":"Internacionales\/\/\/Carolina Alonso Romei\/\/\/Poderoso tif\u00f3n \"Cimaron\" toca tierra en Jap\u00f3n; Surcorea est\u00e1 en alerta -","isPartOf":{"@id":"https:\/\/quehacerpolitico.mx\/#website"},"primaryImageOfPage":{"@id":"https:\/\/quehacerpolitico.mx\/?p=3028#primaryimage"},"image":{"@id":"https:\/\/quehacerpolitico.mx\/?p=3028#primaryimage"},"thumbnailUrl":"","datePublished":"2018-08-23T16:42:15+00:00","author":{"@id":"https:\/\/quehacerpolitico.mx\/#\/schema\/person\/496d8ad2d1d3f8036101dca7ee39e585"},"breadcrumb":{"@id":"https:\/\/quehacerpolitico.mx\/?p=3028#breadcrumb"},"inLanguage":"es","potentialAction":[{"@type":"ReadAction","target":["https:\/\/quehacerpolitico.mx\/?p=3028"]}]},{"@type":"ImageObject","inLanguage":"es","@id":"https:\/\/quehacerpolitico.mx\/?p=3028#primaryimage","url":"","contentUrl":""},{"@type":"BreadcrumbList","@id":"https:\/\/quehacerpolitico.mx\/?p=3028#breadcrumb","itemListElement":[{"@type":"ListItem","position":1,"name":"Inicio","item":"https:\/\/quehacerpolitico.mx\/"},{"@type":"ListItem","position":2,"name":"Internacionales\/\/\/Carolina Alonso Romei\/\/\/Poderoso tif\u00f3n &#8220;Cimaron&#8221; toca tierra en Jap\u00f3n; Surcorea est\u00e1 en alerta"}]},{"@type":"WebSite","@id":"https:\/\/quehacerpolitico.mx\/#website","url":"https:\/\/quehacerpolitico.mx\/","name":"","description":"","potentialAction":[{"@type":"SearchAction","target":{"@type":"EntryPoint","urlTemplate":"https:\/\/quehacerpolitico.mx\/?s={search_term_string}"},"query-input":{"@type":"PropertyValueSpecification","valueRequired":true,"valueName":"search_term_string"}}],"inLanguage":"es"},{"@type":"Person","@id":"https:\/\/quehacerpolitico.mx\/#\/schema\/person\/496d8ad2d1d3f8036101dca7ee39e585","name":"Redacci\u00f3n QP","image":{"@type":"ImageObject","inLanguage":"es","@id":"https:\/\/secure.gravatar.com\/avatar\/c7164ed6fdec453195284ad24a5ae5b6e1eed2b848477fa2a4787ba9adf39a41?s=96&d=mm&r=g","url":"https:\/\/secure.gravatar.com\/avatar\/c7164ed6fdec453195284ad24a5ae5b6e1eed2b848477fa2a4787ba9adf39a41?s=96&d=mm&r=g","contentUrl":"https:\/\/secure.gravatar.com\/avatar\/c7164ed6fdec453195284ad24a5ae5b6e1eed2b848477fa2a4787ba9adf39a41?s=96&d=mm&r=g","caption":"Redacci\u00f3n QP"},"url":"https:\/\/quehacerpolitico.mx\/?author=2"}]}},"featured_image_urls":{"full":"","thumbnail":"","medium":"","medium_large":"","large":"","1536x1536":"","2048x2048":"","covernews-featured":"","covernews-medium":""},"author_info":{"display_name":"Redacci\u00f3n QP","author_link":"https:\/\/quehacerpolitico.mx\/?author=2"},"category_info":"<a href=\"https:\/\/quehacerpolitico.mx\/?cat=1\" rel=\"category\">Internacionales<\/a>","tag_info":"Internacionales","comment_count":"0","_links":{"self":[{"href":"https:\/\/quehacerpolitico.mx\/index.php?rest_route=\/wp\/v2\/posts\/3028","targetHints":{"allow":["GET"]}}],"collection":[{"href":"https:\/\/quehacerpolitico.mx\/index.php?rest_route=\/wp\/v2\/posts"}],"about":[{"href":"https:\/\/quehacerpolitico.mx\/index.php?rest_route=\/wp\/v2\/types\/post"}],"author":[{"embeddable":true,"href":"https:\/\/quehacerpolitico.mx\/index.php?rest_route=\/wp\/v2\/users\/2"}],"replies":[{"embeddable":true,"href":"https:\/\/quehacerpolitico.mx\/index.php?rest_route=%2Fwp%2Fv2%2Fcomments&post=3028"}],"version-history":[{"count":0,"href":"https:\/\/quehacerpolitico.mx\/index.php?rest_route=\/wp\/v2\/posts\/3028\/revisions"}],"wp:featuredmedia":[{"embeddable":true,"href":"https:\/\/quehacerpolitico.mx\/index.php?rest_route=\/"}],"wp:attachment":[{"href":"https:\/\/quehacerpolitico.mx\/index.php?rest_route=%2Fwp%2Fv2%2Fmedia&parent=3028"}],"wp:term":[{"taxonomy":"category","embeddable":true,"href":"https:\/\/quehacerpolitico.mx\/index.php?rest_route=%2Fwp%2Fv2%2Fcategories&post=3028"},{"taxonomy":"post_tag","embeddable":true,"href":"https:\/\/quehacerpolitico.mx\/index.php?rest_route=%2Fwp%2Fv2%2Ftags&post=3028"}],"curies":[{"name":"wp","href":"https:\/\/api.w.org\/{rel}","templated":true}]}}