{"id":3024,"date":"2018-08-23T16:24:55","date_gmt":"2018-08-23T16:24:55","guid":{"rendered":"http:\/\/quehacerpolitico.mx\/trump-no-entiende-de-comercio-dice-ministro-japones\/"},"modified":"2018-08-23T16:24:55","modified_gmt":"2018-08-23T16:24:55","slug":"trump-no-entiende-de-comercio-dice-ministro-japones","status":"publish","type":"post","link":"https:\/\/quehacerpolitico.mx\/?p=3024","title":{"rendered":"Trump no entiende de comercio, dice ministro japon\u00e9s"},"content":{"rendered":"<p>Las pol\u00edticas arancelarias del presidente Donald Trump reflejan una falta grave de entendimiento de la importancia del libre comercio y de las contribuciones de las empresas japonesas a la econom\u00eda estadounidense, opin\u00f3 el jueves el ministro de Comercio de Jap\u00f3n.<\/p>\n<div id=\"div-gpt-ad-1524682842930-0\" data-google-query-id=\"CJyZ5tfKg90CFQjFwAodLvYLXA\">\n<div id=\"google_ads_iframe_\/40135427\/informador_mx_Video_Outstream_0__container__\"><strong>Hiroshige Seko, ministro de Econom\u00eda, Comercio e Industria, advirti\u00f3 en entrevista exclusiva con The Associated Press que Tokiopodr\u00eda tomar medidas si Estados Unidos cumple su amenaza de elevar en un 25% los aranceles a los autom\u00f3viles importados<\/strong>. No dio detalles, pero tampoco descart\u00f3 que pudiera haber aranceles en respuesta.<\/div>\n<div>\u00a0<\/div>\n<div>&#8220;Las automotrices japonesas son un importante contribuyente de la econom\u00eda estadounidense&#8221;, dijo Seko en una entrevista en sus oficinas en Tokio. &#8220;Si la industria automotriz japonesa es debilitada, no ser\u00e1 capaz de invertir en Estados Unidos&#8221;.<\/div>\n<div>\n<p>Seko tambi\u00e9n expuso su preocupaci\u00f3n por la creciente disputa comercial entre Washington y Beijing y dijo que este tipo de acciones amenazan a toda la econom\u00eda mundial. Ambos pa\u00edses se impusieron entre s\u00ed el jueves aranceles adicionales a veh\u00edculos, maquinaria y otros bienes por un valor de miles de millones de d\u00f3lares.<\/p>\n<p>&#8220;Esto definitivamente no aporta a la econom\u00eda mundial y las empresas japonesas est\u00e1n enviando partes a China para terminarlas como productos ah\u00ed, que luego son exportados a Estados Unidos y los efectos ya se est\u00e1n sintiendo&#8221;, agreg\u00f3 el ministro. &#8220;Al final, esto da\u00f1ar\u00e1 a las econom\u00edas de Estados Unidos y China&#8221;.<\/p>\n<p>Seko dijo que simpatiza con los &#8220;sentimientos&#8221; de Trump de preocuparse por el creciente d\u00e9ficit comercial de Estados Unidos, pero <strong>agreg\u00f3 que el primer ministro Shinzo Abe y otras autoridades japonesas han tratado pacientemente de persuadir al mandatario estadounidense de que los productos japoneses no representan una amenaza para Estados Unidos<\/strong>.<\/p>\n<p>El d\u00e9ficit comercial anual de Estados Unidos con Jap\u00f3n totaliz\u00f3 m\u00e1s de 68 mil millones de d\u00f3lares el a\u00f1o pasado. El de Estados Unidos con China fue de 376 mil millones.<\/p>\n<p>La industria automotriz es uno de los impulsores de la econom\u00eda japonesa: la exportaci\u00f3n de veh\u00edculos y partes a Estados Unidos representan el 1% del producto interno bruto nip\u00f3n.<\/p>\n<p>Toyota Motor Corp. calcula que los aranceles a los veh\u00edculos podr\u00edan elevar hasta seis mil d\u00f3lares el costo de cada unidad exportada a Estados Unidos desde Jap\u00f3n. A niveles actuales, eso representar\u00eda cuatro mil 200 millones de d\u00f3lares anuales.<\/p>\n<\/div>\n<\/div>\n","protected":false},"excerpt":{"rendered":"<p>Hiroshige Seko advierte que Tokio podr\u00eda tomar medidas si EU cumple su amenaza de elevar los aranceles a los autom\u00f3viles importados<br \/>\nPor Redacci\u00f3n QP<\/p>\n","protected":false},"author":2,"featured_media":3023,"comment_status":"open","ping_status":"open","sticky":false,"template":"","format":"standard","meta":{"_monsterinsights_skip_tracking":false,"_monsterinsights_sitenote_active":false,"_monsterinsights_sitenote_note":"","_monsterinsights_sitenote_category":0,"footnotes":""},"categories":[56],"tags":[],"class_list":["post-3024","post","type-post","status-publish","format-standard","has-post-thumbnail","hentry","category-economia"],"yoast_head":"<!-- This site is optimized with the Yoast SEO plugin v27.3 - https:\/\/yoast.com\/product\/yoast-seo-wordpress\/ -->\n<title>Trump no entiende de comercio, dice ministro japon\u00e9s -<\/title>\n<meta name=\"robots\" content=\"index, follow, max-snippet:-1, max-image-preview:large, max-video-preview:-1\" \/>\n<link rel=\"canonical\" href=\"https:\/\/quehacerpolitico.mx\/?p=3024\" \/>\n<meta property=\"og:locale\" content=\"es_MX\" \/>\n<meta property=\"og:type\" content=\"article\" \/>\n<meta property=\"og:title\" content=\"Trump no entiende de comercio, dice ministro japon\u00e9s -\" \/>\n<meta property=\"og:description\" content=\"Hiroshige Seko advierte que Tokio podr\u00eda tomar medidas si EU cumple su amenaza de elevar los aranceles a los autom\u00f3viles importados Por Redacci\u00f3n QP\" \/>\n<meta property=\"og:url\" content=\"https:\/\/quehacerpolitico.mx\/?p=3024\" \/>\n<meta property=\"article:published_time\" content=\"2018-08-23T16:24:55+00:00\" \/>\n<meta name=\"author\" content=\"Redacci\u00f3n QP\" \/>\n<meta name=\"twitter:card\" content=\"summary_large_image\" \/>\n<meta name=\"twitter:label1\" content=\"Escrito por\" \/>\n\t<meta name=\"twitter:data1\" content=\"Redacci\u00f3n QP\" \/>\n\t<meta name=\"twitter:label2\" content=\"Tiempo de lectura\" \/>\n\t<meta name=\"twitter:data2\" content=\"2 minutos\" \/>\n<script type=\"application\/ld+json\" class=\"yoast-schema-graph\">{\"@context\":\"https:\\\/\\\/schema.org\",\"@graph\":[{\"@type\":\"Article\",\"@id\":\"https:\\\/\\\/quehacerpolitico.mx\\\/?p=3024#article\",\"isPartOf\":{\"@id\":\"https:\\\/\\\/quehacerpolitico.mx\\\/?p=3024\"},\"author\":{\"name\":\"Redacci\u00f3n QP\",\"@id\":\"https:\\\/\\\/quehacerpolitico.mx\\\/#\\\/schema\\\/person\\\/496d8ad2d1d3f8036101dca7ee39e585\"},\"headline\":\"Trump no entiende de comercio, dice ministro japon\u00e9s\",\"datePublished\":\"2018-08-23T16:24:55+00:00\",\"mainEntityOfPage\":{\"@id\":\"https:\\\/\\\/quehacerpolitico.mx\\\/?p=3024\"},\"wordCount\":416,\"commentCount\":0,\"image\":{\"@id\":\"https:\\\/\\\/quehacerpolitico.mx\\\/?p=3024#primaryimage\"},\"thumbnailUrl\":\"\",\"articleSection\":[\"Econom\u00eda\"],\"inLanguage\":\"es\",\"potentialAction\":[{\"@type\":\"CommentAction\",\"name\":\"Comment\",\"target\":[\"https:\\\/\\\/quehacerpolitico.mx\\\/?p=3024#respond\"]}]},{\"@type\":\"WebPage\",\"@id\":\"https:\\\/\\\/quehacerpolitico.mx\\\/?p=3024\",\"url\":\"https:\\\/\\\/quehacerpolitico.mx\\\/?p=3024\",\"name\":\"Trump no entiende de comercio, dice ministro japon\u00e9s -\",\"isPartOf\":{\"@id\":\"https:\\\/\\\/quehacerpolitico.mx\\\/#website\"},\"primaryImageOfPage\":{\"@id\":\"https:\\\/\\\/quehacerpolitico.mx\\\/?p=3024#primaryimage\"},\"image\":{\"@id\":\"https:\\\/\\\/quehacerpolitico.mx\\\/?p=3024#primaryimage\"},\"thumbnailUrl\":\"\",\"datePublished\":\"2018-08-23T16:24:55+00:00\",\"author\":{\"@id\":\"https:\\\/\\\/quehacerpolitico.mx\\\/#\\\/schema\\\/person\\\/496d8ad2d1d3f8036101dca7ee39e585\"},\"breadcrumb\":{\"@id\":\"https:\\\/\\\/quehacerpolitico.mx\\\/?p=3024#breadcrumb\"},\"inLanguage\":\"es\",\"potentialAction\":[{\"@type\":\"ReadAction\",\"target\":[\"https:\\\/\\\/quehacerpolitico.mx\\\/?p=3024\"]}]},{\"@type\":\"ImageObject\",\"inLanguage\":\"es\",\"@id\":\"https:\\\/\\\/quehacerpolitico.mx\\\/?p=3024#primaryimage\",\"url\":\"\",\"contentUrl\":\"\"},{\"@type\":\"BreadcrumbList\",\"@id\":\"https:\\\/\\\/quehacerpolitico.mx\\\/?p=3024#breadcrumb\",\"itemListElement\":[{\"@type\":\"ListItem\",\"position\":1,\"name\":\"Inicio\",\"item\":\"https:\\\/\\\/quehacerpolitico.mx\\\/\"},{\"@type\":\"ListItem\",\"position\":2,\"name\":\"Trump no entiende de comercio, dice ministro japon\u00e9s\"}]},{\"@type\":\"WebSite\",\"@id\":\"https:\\\/\\\/quehacerpolitico.mx\\\/#website\",\"url\":\"https:\\\/\\\/quehacerpolitico.mx\\\/\",\"name\":\"\",\"description\":\"\",\"potentialAction\":[{\"@type\":\"SearchAction\",\"target\":{\"@type\":\"EntryPoint\",\"urlTemplate\":\"https:\\\/\\\/quehacerpolitico.mx\\\/?s={search_term_string}\"},\"query-input\":{\"@type\":\"PropertyValueSpecification\",\"valueRequired\":true,\"valueName\":\"search_term_string\"}}],\"inLanguage\":\"es\"},{\"@type\":\"Person\",\"@id\":\"https:\\\/\\\/quehacerpolitico.mx\\\/#\\\/schema\\\/person\\\/496d8ad2d1d3f8036101dca7ee39e585\",\"name\":\"Redacci\u00f3n QP\",\"image\":{\"@type\":\"ImageObject\",\"inLanguage\":\"es\",\"@id\":\"https:\\\/\\\/secure.gravatar.com\\\/avatar\\\/c7164ed6fdec453195284ad24a5ae5b6e1eed2b848477fa2a4787ba9adf39a41?s=96&d=mm&r=g\",\"url\":\"https:\\\/\\\/secure.gravatar.com\\\/avatar\\\/c7164ed6fdec453195284ad24a5ae5b6e1eed2b848477fa2a4787ba9adf39a41?s=96&d=mm&r=g\",\"contentUrl\":\"https:\\\/\\\/secure.gravatar.com\\\/avatar\\\/c7164ed6fdec453195284ad24a5ae5b6e1eed2b848477fa2a4787ba9adf39a41?s=96&d=mm&r=g\",\"caption\":\"Redacci\u00f3n QP\"},\"url\":\"https:\\\/\\\/quehacerpolitico.mx\\\/?author=2\"}]}<\/script>\n<!-- \/ Yoast SEO plugin. -->","yoast_head_json":{"title":"Trump no entiende de comercio, dice ministro japon\u00e9s -","robots":{"index":"index","follow":"follow","max-snippet":"max-snippet:-1","max-image-preview":"max-image-preview:large","max-video-preview":"max-video-preview:-1"},"canonical":"https:\/\/quehacerpolitico.mx\/?p=3024","og_locale":"es_MX","og_type":"article","og_title":"Trump no entiende de comercio, dice ministro japon\u00e9s -","og_description":"Hiroshige Seko advierte que Tokio podr\u00eda tomar medidas si EU cumple su amenaza de elevar los aranceles a los autom\u00f3viles importados Por Redacci\u00f3n QP","og_url":"https:\/\/quehacerpolitico.mx\/?p=3024","article_published_time":"2018-08-23T16:24:55+00:00","author":"Redacci\u00f3n QP","twitter_card":"summary_large_image","twitter_misc":{"Escrito por":"Redacci\u00f3n QP","Tiempo de lectura":"2 minutos"},"schema":{"@context":"https:\/\/schema.org","@graph":[{"@type":"Article","@id":"https:\/\/quehacerpolitico.mx\/?p=3024#article","isPartOf":{"@id":"https:\/\/quehacerpolitico.mx\/?p=3024"},"author":{"name":"Redacci\u00f3n QP","@id":"https:\/\/quehacerpolitico.mx\/#\/schema\/person\/496d8ad2d1d3f8036101dca7ee39e585"},"headline":"Trump no entiende de comercio, dice ministro japon\u00e9s","datePublished":"2018-08-23T16:24:55+00:00","mainEntityOfPage":{"@id":"https:\/\/quehacerpolitico.mx\/?p=3024"},"wordCount":416,"commentCount":0,"image":{"@id":"https:\/\/quehacerpolitico.mx\/?p=3024#primaryimage"},"thumbnailUrl":"","articleSection":["Econom\u00eda"],"inLanguage":"es","potentialAction":[{"@type":"CommentAction","name":"Comment","target":["https:\/\/quehacerpolitico.mx\/?p=3024#respond"]}]},{"@type":"WebPage","@id":"https:\/\/quehacerpolitico.mx\/?p=3024","url":"https:\/\/quehacerpolitico.mx\/?p=3024","name":"Trump no entiende de comercio, dice ministro japon\u00e9s -","isPartOf":{"@id":"https:\/\/quehacerpolitico.mx\/#website"},"primaryImageOfPage":{"@id":"https:\/\/quehacerpolitico.mx\/?p=3024#primaryimage"},"image":{"@id":"https:\/\/quehacerpolitico.mx\/?p=3024#primaryimage"},"thumbnailUrl":"","datePublished":"2018-08-23T16:24:55+00:00","author":{"@id":"https:\/\/quehacerpolitico.mx\/#\/schema\/person\/496d8ad2d1d3f8036101dca7ee39e585"},"breadcrumb":{"@id":"https:\/\/quehacerpolitico.mx\/?p=3024#breadcrumb"},"inLanguage":"es","potentialAction":[{"@type":"ReadAction","target":["https:\/\/quehacerpolitico.mx\/?p=3024"]}]},{"@type":"ImageObject","inLanguage":"es","@id":"https:\/\/quehacerpolitico.mx\/?p=3024#primaryimage","url":"","contentUrl":""},{"@type":"BreadcrumbList","@id":"https:\/\/quehacerpolitico.mx\/?p=3024#breadcrumb","itemListElement":[{"@type":"ListItem","position":1,"name":"Inicio","item":"https:\/\/quehacerpolitico.mx\/"},{"@type":"ListItem","position":2,"name":"Trump no entiende de comercio, dice ministro japon\u00e9s"}]},{"@type":"WebSite","@id":"https:\/\/quehacerpolitico.mx\/#website","url":"https:\/\/quehacerpolitico.mx\/","name":"","description":"","potentialAction":[{"@type":"SearchAction","target":{"@type":"EntryPoint","urlTemplate":"https:\/\/quehacerpolitico.mx\/?s={search_term_string}"},"query-input":{"@type":"PropertyValueSpecification","valueRequired":true,"valueName":"search_term_string"}}],"inLanguage":"es"},{"@type":"Person","@id":"https:\/\/quehacerpolitico.mx\/#\/schema\/person\/496d8ad2d1d3f8036101dca7ee39e585","name":"Redacci\u00f3n QP","image":{"@type":"ImageObject","inLanguage":"es","@id":"https:\/\/secure.gravatar.com\/avatar\/c7164ed6fdec453195284ad24a5ae5b6e1eed2b848477fa2a4787ba9adf39a41?s=96&d=mm&r=g","url":"https:\/\/secure.gravatar.com\/avatar\/c7164ed6fdec453195284ad24a5ae5b6e1eed2b848477fa2a4787ba9adf39a41?s=96&d=mm&r=g","contentUrl":"https:\/\/secure.gravatar.com\/avatar\/c7164ed6fdec453195284ad24a5ae5b6e1eed2b848477fa2a4787ba9adf39a41?s=96&d=mm&r=g","caption":"Redacci\u00f3n QP"},"url":"https:\/\/quehacerpolitico.mx\/?author=2"}]}},"featured_image_urls":{"full":"","thumbnail":"","medium":"","medium_large":"","large":"","1536x1536":"","2048x2048":"","covernews-featured":"","covernews-medium":""},"author_info":{"display_name":"Redacci\u00f3n QP","author_link":"https:\/\/quehacerpolitico.mx\/?author=2"},"category_info":"<a href=\"https:\/\/quehacerpolitico.mx\/?cat=56\" rel=\"category\">Econom\u00eda<\/a>","tag_info":"Econom\u00eda","comment_count":"0","_links":{"self":[{"href":"https:\/\/quehacerpolitico.mx\/index.php?rest_route=\/wp\/v2\/posts\/3024","targetHints":{"allow":["GET"]}}],"collection":[{"href":"https:\/\/quehacerpolitico.mx\/index.php?rest_route=\/wp\/v2\/posts"}],"about":[{"href":"https:\/\/quehacerpolitico.mx\/index.php?rest_route=\/wp\/v2\/types\/post"}],"author":[{"embeddable":true,"href":"https:\/\/quehacerpolitico.mx\/index.php?rest_route=\/wp\/v2\/users\/2"}],"replies":[{"embeddable":true,"href":"https:\/\/quehacerpolitico.mx\/index.php?rest_route=%2Fwp%2Fv2%2Fcomments&post=3024"}],"version-history":[{"count":0,"href":"https:\/\/quehacerpolitico.mx\/index.php?rest_route=\/wp\/v2\/posts\/3024\/revisions"}],"wp:featuredmedia":[{"embeddable":true,"href":"https:\/\/quehacerpolitico.mx\/index.php?rest_route=\/"}],"wp:attachment":[{"href":"https:\/\/quehacerpolitico.mx\/index.php?rest_route=%2Fwp%2Fv2%2Fmedia&parent=3024"}],"wp:term":[{"taxonomy":"category","embeddable":true,"href":"https:\/\/quehacerpolitico.mx\/index.php?rest_route=%2Fwp%2Fv2%2Fcategories&post=3024"},{"taxonomy":"post_tag","embeddable":true,"href":"https:\/\/quehacerpolitico.mx\/index.php?rest_route=%2Fwp%2Fv2%2Ftags&post=3024"}],"curies":[{"name":"wp","href":"https:\/\/api.w.org\/{rel}","templated":true}]}}