{"id":3008,"date":"2018-08-23T15:34:27","date_gmt":"2018-08-23T15:34:27","guid":{"rendered":"http:\/\/quehacerpolitico.mx\/caen-211-policias-de-tehuacan-sus-jefes-desaparecen-si-no-se-donde-estan-mis-hijos-sindico\/"},"modified":"2018-08-23T15:34:27","modified_gmt":"2018-08-23T15:34:27","slug":"caen-211-policias-de-tehuacan-sus-jefes-desaparecen-si-no-se-donde-estan-mis-hijos-sindico","status":"publish","type":"post","link":"https:\/\/quehacerpolitico.mx\/?p=3008","title":{"rendered":"Caen 211 polic\u00edas de Tehuac\u00e1n, sus jefes desaparecen; \u201c\u2026si no s\u00e9 d\u00f3nde est\u00e1n mis hijos\u201d: s\u00edndico"},"content":{"rendered":"<h3>El Gobierno de Puebla ha asumido el control de la polic\u00eda municipal de otros tres municipios,\u00a0Ciudad Serd\u00e1n, Amozoc y\u00a0Texmelucan, debido a que en la mayor\u00eda de los casos los uniformados tienen nexos con el crimen organizado. Esta ma\u00f1ana en\u00a0Tehuac\u00e1n el Gobierno de la entidad tambi\u00e9n ha asumido\u00a0el control de la seguridad.<\/h3>\n<h3>Hasta el momento, 211 elementos policiacos fueron retenidos para realizarles las revisiones corrspondientes y verificar que cumplan con las normas de ley; despu\u00e9s de esto, se decidir\u00e1 cu\u00e1ntos elementos ser\u00e1n vinculados a proceso.<\/h3>\n<p>El director de Seguridad P\u00fablica del municipio de Tehuac\u00e1n, Marco Antonio L\u00f3pez Alfaro y el de Vialidad, Enrique Ximello Salaya, no se presentaron en el Palacio Municipal en donde la Secretar\u00eda de Seguridad P\u00fablica del Estado de Puebla convoc\u00f3 a todos los elementos policiacos en el operativo ocurrido la ma\u00f1ana de este 23 de agosto para investigar sus presuntos nexos con el crimen organizado. 211 elementos fueron retenidos<\/p>\n<p>El \u00fanico alto mando que se present\u00f3 fue el Coordinador de Operativo, Heriberto Quitzaman.<\/p>\n<blockquote>\n<p>El s\u00edndico Miguel \u00c1ngel Romero no pudo responder en d\u00f3nde se encuentran los funcionarios: \u201csi no s\u00e9 d\u00f3nde est\u00e1n mis hijos, c\u00f3mo voy a saber d\u00f3nde est\u00e1n ellos\u201d, dijo.<\/p>\n<\/blockquote>\n<p>Hasta ahora no se ha confirmado si dejaron el municipio o s\u00f3lo no se presentaron al llamado, mientras que los elementos de seguridad p\u00fablica municipal est\u00e1n molestos por la falta de sus directores.<\/p>\n<p>Hasta el momento, 211 elementos policiacos fueron retenidos para realizarles las revisiones correspondientes y verificar que cumplan con las normas de ley; despu\u00e9s de esto, se decidir\u00e1 cu\u00e1ntos elementos ser\u00e1n vinculados a proceso. De esta cifra 118 elementos se encuentran en el z\u00f3calo del municipio, 60 en la direcci\u00f3n de seguridad vial y 33 en el CERI-<\/p>\n<p>Esta ma\u00f1ana, el Gobierno de Puebla lleva a cabo un operativo en Tehuac\u00e1n para tomar el mando de la seguridad p\u00fablica. Este es el cuarto municipio intervenido, pues ya lo han hecho en San Mart\u00edn, Ciudad Serd\u00e1n y Amozc.<\/p>\n<p>La actual administraci\u00f3n estatal ha asumido el control de la polic\u00eda municipal de cuatro municipios, debido a que en la mayor\u00eda de los casos los uniformados tienen nexos con el crimen organizado.<\/p>\n<p>El golpe m\u00e1s reciente del Gobernador Jos\u00e9 Antonio Gali Fayad, fue el de este jueves 23 de agosto en Tehuac\u00e1n.<\/p>\n<p>Ah\u00ed se llev\u00f3 a cabo un operativo implementado por la polic\u00eda estatal para detener a los uniformados. Algunas versiones se\u00f1alaron que los uniformados fueron \u201ccorreteados\u201d por la polic\u00eda estatal.<\/p>\n<p>https:\/\/www.facebook.com\/lapaginanegramx\/videos\/535093136950438\/<\/p>\n<p>El \u00faltimo operativo que se report\u00f3 en el estado fue el del pasado 31 de junio cuando la Secretar\u00eda de Seguridad P\u00fablica asumi\u00f3 el cargo de la polic\u00eda municipal de Ciudad Serd\u00e1n, por el creciente n\u00famero de ejecuciones y robo a trenes.<\/p>\n<p>Seis d\u00edas antes, el pasado 15 de junio, seis polic\u00edas municipales fueron asesinados. Los agentes fueron levantados, torturados y ejecutados, pues todos ten\u00edan los chalecos antibalas intactos y fueron colocados en fila; adem\u00e1s los cuerpos se encontraban muy golpeados.<\/p>\n<p>Tras la ejecuci\u00f3n de Alejandro Mu\u00f1oz Antonino, Arturo Hern\u00e1ndez Gallardo, Mart\u00edn Estudillo Vergara, Laura Rojas Romero, David Ortega Melchi y Miguel Montes Anaya, dos mandos de la Polic\u00eda Municipal de Amozoc fueron detenidos por miembros de la Agencia Estatal de Investigaci\u00f3n de la Fiscal\u00eda General del Estado por su presunta participaci\u00f3n en los hechos.<\/p>\n<p>La Secretar\u00eda de Seguridad P\u00fablica, entreg\u00f3 el equipo de la Comisar\u00eda de Seguridad P\u00fablica al Oficial Gumersindo Rodr\u00edguez Santiago y por parte de Tr\u00e1nsito Municipal, al Inspector Manuel Mart\u00ednez Reyes, en presencia de autoridades de Amozoc.<\/p>\n<p>Pero la primera vez que el gobierno de Puebla asumi\u00f3 el control de la polic\u00eda de un municipio, fue el pasado 2 de mayo cuando SSP organiz\u00f3 un operativo para detener a 185 polic\u00edas municipales de San Mart\u00edn Texmelucan quienes fueron enviados a la Academia de Formaci\u00f3n y Desarrollo Policial Puebla para ser sometidos a pruebas de control de confianza e indagar si ten\u00edan v\u00ednculos con el crimen organizado que azot\u00f3 al municipio y que dej\u00f3 cuerpos desmembrados en cuatro ocasiones.<\/p>\n<p>Con Informaci\u00f3n de Peri\u00f3dico Central<\/p>\n","protected":false},"excerpt":{"rendered":"<p>Caen 211 polic\u00edas de Tehuac\u00e1n, sus jefes desaparecen; \u201c\u2026si no s\u00e9 d\u00f3nde est\u00e1n mis hijos\u201d: s\u00edndico<br \/>\nPor Redacci\u00f3n QP<\/p>\n","protected":false},"author":2,"featured_media":3007,"comment_status":"open","ping_status":"open","sticky":false,"template":"","format":"standard","meta":{"_monsterinsights_skip_tracking":false,"_monsterinsights_sitenote_active":false,"_monsterinsights_sitenote_note":"","_monsterinsights_sitenote_category":0,"footnotes":""},"categories":[2],"tags":[],"class_list":["post-3008","post","type-post","status-publish","format-standard","has-post-thumbnail","hentry","category-noticias"],"yoast_head":"<!-- This site is optimized with the Yoast SEO plugin v27.3 - https:\/\/yoast.com\/product\/yoast-seo-wordpress\/ -->\n<title>Caen 211 polic\u00edas de Tehuac\u00e1n, sus jefes desaparecen; \u201c\u2026si no s\u00e9 d\u00f3nde est\u00e1n mis hijos\u201d: s\u00edndico -<\/title>\n<meta name=\"robots\" content=\"index, follow, max-snippet:-1, max-image-preview:large, max-video-preview:-1\" \/>\n<link rel=\"canonical\" href=\"https:\/\/quehacerpolitico.mx\/?p=3008\" \/>\n<meta property=\"og:locale\" content=\"es_MX\" \/>\n<meta property=\"og:type\" content=\"article\" \/>\n<meta property=\"og:title\" content=\"Caen 211 polic\u00edas de Tehuac\u00e1n, sus jefes desaparecen; \u201c\u2026si no s\u00e9 d\u00f3nde est\u00e1n mis hijos\u201d: s\u00edndico -\" \/>\n<meta property=\"og:description\" content=\"Caen 211 polic\u00edas de Tehuac\u00e1n, sus jefes desaparecen; \u201c\u2026si no s\u00e9 d\u00f3nde est\u00e1n mis hijos\u201d: s\u00edndico Por Redacci\u00f3n QP\" \/>\n<meta property=\"og:url\" content=\"https:\/\/quehacerpolitico.mx\/?p=3008\" \/>\n<meta property=\"article:published_time\" content=\"2018-08-23T15:34:27+00:00\" \/>\n<meta name=\"author\" content=\"Redacci\u00f3n QP\" \/>\n<meta name=\"twitter:card\" content=\"summary_large_image\" \/>\n<meta name=\"twitter:label1\" content=\"Escrito por\" \/>\n\t<meta name=\"twitter:data1\" content=\"Redacci\u00f3n QP\" \/>\n\t<meta name=\"twitter:label2\" content=\"Tiempo de lectura\" \/>\n\t<meta name=\"twitter:data2\" content=\"4 minutos\" \/>\n<script type=\"application\/ld+json\" class=\"yoast-schema-graph\">{\"@context\":\"https:\\\/\\\/schema.org\",\"@graph\":[{\"@type\":\"Article\",\"@id\":\"https:\\\/\\\/quehacerpolitico.mx\\\/?p=3008#article\",\"isPartOf\":{\"@id\":\"https:\\\/\\\/quehacerpolitico.mx\\\/?p=3008\"},\"author\":{\"name\":\"Redacci\u00f3n QP\",\"@id\":\"https:\\\/\\\/quehacerpolitico.mx\\\/#\\\/schema\\\/person\\\/496d8ad2d1d3f8036101dca7ee39e585\"},\"headline\":\"Caen 211 polic\u00edas de Tehuac\u00e1n, sus jefes desaparecen; \u201c\u2026si no s\u00e9 d\u00f3nde est\u00e1n mis hijos\u201d: s\u00edndico\",\"datePublished\":\"2018-08-23T15:34:27+00:00\",\"mainEntityOfPage\":{\"@id\":\"https:\\\/\\\/quehacerpolitico.mx\\\/?p=3008\"},\"wordCount\":755,\"commentCount\":0,\"image\":{\"@id\":\"https:\\\/\\\/quehacerpolitico.mx\\\/?p=3008#primaryimage\"},\"thumbnailUrl\":\"\",\"articleSection\":[\"Noticias\"],\"inLanguage\":\"es\",\"potentialAction\":[{\"@type\":\"CommentAction\",\"name\":\"Comment\",\"target\":[\"https:\\\/\\\/quehacerpolitico.mx\\\/?p=3008#respond\"]}]},{\"@type\":\"WebPage\",\"@id\":\"https:\\\/\\\/quehacerpolitico.mx\\\/?p=3008\",\"url\":\"https:\\\/\\\/quehacerpolitico.mx\\\/?p=3008\",\"name\":\"Caen 211 polic\u00edas de Tehuac\u00e1n, sus jefes desaparecen; \u201c\u2026si no s\u00e9 d\u00f3nde est\u00e1n mis hijos\u201d: s\u00edndico -\",\"isPartOf\":{\"@id\":\"https:\\\/\\\/quehacerpolitico.mx\\\/#website\"},\"primaryImageOfPage\":{\"@id\":\"https:\\\/\\\/quehacerpolitico.mx\\\/?p=3008#primaryimage\"},\"image\":{\"@id\":\"https:\\\/\\\/quehacerpolitico.mx\\\/?p=3008#primaryimage\"},\"thumbnailUrl\":\"\",\"datePublished\":\"2018-08-23T15:34:27+00:00\",\"author\":{\"@id\":\"https:\\\/\\\/quehacerpolitico.mx\\\/#\\\/schema\\\/person\\\/496d8ad2d1d3f8036101dca7ee39e585\"},\"breadcrumb\":{\"@id\":\"https:\\\/\\\/quehacerpolitico.mx\\\/?p=3008#breadcrumb\"},\"inLanguage\":\"es\",\"potentialAction\":[{\"@type\":\"ReadAction\",\"target\":[\"https:\\\/\\\/quehacerpolitico.mx\\\/?p=3008\"]}]},{\"@type\":\"ImageObject\",\"inLanguage\":\"es\",\"@id\":\"https:\\\/\\\/quehacerpolitico.mx\\\/?p=3008#primaryimage\",\"url\":\"\",\"contentUrl\":\"\"},{\"@type\":\"BreadcrumbList\",\"@id\":\"https:\\\/\\\/quehacerpolitico.mx\\\/?p=3008#breadcrumb\",\"itemListElement\":[{\"@type\":\"ListItem\",\"position\":1,\"name\":\"Inicio\",\"item\":\"https:\\\/\\\/quehacerpolitico.mx\\\/\"},{\"@type\":\"ListItem\",\"position\":2,\"name\":\"Caen 211 polic\u00edas de Tehuac\u00e1n, sus jefes desaparecen; \u201c\u2026si no s\u00e9 d\u00f3nde est\u00e1n mis hijos\u201d: s\u00edndico\"}]},{\"@type\":\"WebSite\",\"@id\":\"https:\\\/\\\/quehacerpolitico.mx\\\/#website\",\"url\":\"https:\\\/\\\/quehacerpolitico.mx\\\/\",\"name\":\"\",\"description\":\"\",\"potentialAction\":[{\"@type\":\"SearchAction\",\"target\":{\"@type\":\"EntryPoint\",\"urlTemplate\":\"https:\\\/\\\/quehacerpolitico.mx\\\/?s={search_term_string}\"},\"query-input\":{\"@type\":\"PropertyValueSpecification\",\"valueRequired\":true,\"valueName\":\"search_term_string\"}}],\"inLanguage\":\"es\"},{\"@type\":\"Person\",\"@id\":\"https:\\\/\\\/quehacerpolitico.mx\\\/#\\\/schema\\\/person\\\/496d8ad2d1d3f8036101dca7ee39e585\",\"name\":\"Redacci\u00f3n QP\",\"image\":{\"@type\":\"ImageObject\",\"inLanguage\":\"es\",\"@id\":\"https:\\\/\\\/secure.gravatar.com\\\/avatar\\\/c7164ed6fdec453195284ad24a5ae5b6e1eed2b848477fa2a4787ba9adf39a41?s=96&d=mm&r=g\",\"url\":\"https:\\\/\\\/secure.gravatar.com\\\/avatar\\\/c7164ed6fdec453195284ad24a5ae5b6e1eed2b848477fa2a4787ba9adf39a41?s=96&d=mm&r=g\",\"contentUrl\":\"https:\\\/\\\/secure.gravatar.com\\\/avatar\\\/c7164ed6fdec453195284ad24a5ae5b6e1eed2b848477fa2a4787ba9adf39a41?s=96&d=mm&r=g\",\"caption\":\"Redacci\u00f3n QP\"},\"url\":\"https:\\\/\\\/quehacerpolitico.mx\\\/?author=2\"}]}<\/script>\n<!-- \/ Yoast SEO plugin. -->","yoast_head_json":{"title":"Caen 211 polic\u00edas de Tehuac\u00e1n, sus jefes desaparecen; \u201c\u2026si no s\u00e9 d\u00f3nde est\u00e1n mis hijos\u201d: s\u00edndico -","robots":{"index":"index","follow":"follow","max-snippet":"max-snippet:-1","max-image-preview":"max-image-preview:large","max-video-preview":"max-video-preview:-1"},"canonical":"https:\/\/quehacerpolitico.mx\/?p=3008","og_locale":"es_MX","og_type":"article","og_title":"Caen 211 polic\u00edas de Tehuac\u00e1n, sus jefes desaparecen; \u201c\u2026si no s\u00e9 d\u00f3nde est\u00e1n mis hijos\u201d: s\u00edndico -","og_description":"Caen 211 polic\u00edas de Tehuac\u00e1n, sus jefes desaparecen; \u201c\u2026si no s\u00e9 d\u00f3nde est\u00e1n mis hijos\u201d: s\u00edndico Por Redacci\u00f3n QP","og_url":"https:\/\/quehacerpolitico.mx\/?p=3008","article_published_time":"2018-08-23T15:34:27+00:00","author":"Redacci\u00f3n QP","twitter_card":"summary_large_image","twitter_misc":{"Escrito por":"Redacci\u00f3n QP","Tiempo de lectura":"4 minutos"},"schema":{"@context":"https:\/\/schema.org","@graph":[{"@type":"Article","@id":"https:\/\/quehacerpolitico.mx\/?p=3008#article","isPartOf":{"@id":"https:\/\/quehacerpolitico.mx\/?p=3008"},"author":{"name":"Redacci\u00f3n QP","@id":"https:\/\/quehacerpolitico.mx\/#\/schema\/person\/496d8ad2d1d3f8036101dca7ee39e585"},"headline":"Caen 211 polic\u00edas de Tehuac\u00e1n, sus jefes desaparecen; \u201c\u2026si no s\u00e9 d\u00f3nde est\u00e1n mis hijos\u201d: s\u00edndico","datePublished":"2018-08-23T15:34:27+00:00","mainEntityOfPage":{"@id":"https:\/\/quehacerpolitico.mx\/?p=3008"},"wordCount":755,"commentCount":0,"image":{"@id":"https:\/\/quehacerpolitico.mx\/?p=3008#primaryimage"},"thumbnailUrl":"","articleSection":["Noticias"],"inLanguage":"es","potentialAction":[{"@type":"CommentAction","name":"Comment","target":["https:\/\/quehacerpolitico.mx\/?p=3008#respond"]}]},{"@type":"WebPage","@id":"https:\/\/quehacerpolitico.mx\/?p=3008","url":"https:\/\/quehacerpolitico.mx\/?p=3008","name":"Caen 211 polic\u00edas de Tehuac\u00e1n, sus jefes desaparecen; \u201c\u2026si no s\u00e9 d\u00f3nde est\u00e1n mis hijos\u201d: s\u00edndico -","isPartOf":{"@id":"https:\/\/quehacerpolitico.mx\/#website"},"primaryImageOfPage":{"@id":"https:\/\/quehacerpolitico.mx\/?p=3008#primaryimage"},"image":{"@id":"https:\/\/quehacerpolitico.mx\/?p=3008#primaryimage"},"thumbnailUrl":"","datePublished":"2018-08-23T15:34:27+00:00","author":{"@id":"https:\/\/quehacerpolitico.mx\/#\/schema\/person\/496d8ad2d1d3f8036101dca7ee39e585"},"breadcrumb":{"@id":"https:\/\/quehacerpolitico.mx\/?p=3008#breadcrumb"},"inLanguage":"es","potentialAction":[{"@type":"ReadAction","target":["https:\/\/quehacerpolitico.mx\/?p=3008"]}]},{"@type":"ImageObject","inLanguage":"es","@id":"https:\/\/quehacerpolitico.mx\/?p=3008#primaryimage","url":"","contentUrl":""},{"@type":"BreadcrumbList","@id":"https:\/\/quehacerpolitico.mx\/?p=3008#breadcrumb","itemListElement":[{"@type":"ListItem","position":1,"name":"Inicio","item":"https:\/\/quehacerpolitico.mx\/"},{"@type":"ListItem","position":2,"name":"Caen 211 polic\u00edas de Tehuac\u00e1n, sus jefes desaparecen; \u201c\u2026si no s\u00e9 d\u00f3nde est\u00e1n mis hijos\u201d: s\u00edndico"}]},{"@type":"WebSite","@id":"https:\/\/quehacerpolitico.mx\/#website","url":"https:\/\/quehacerpolitico.mx\/","name":"","description":"","potentialAction":[{"@type":"SearchAction","target":{"@type":"EntryPoint","urlTemplate":"https:\/\/quehacerpolitico.mx\/?s={search_term_string}"},"query-input":{"@type":"PropertyValueSpecification","valueRequired":true,"valueName":"search_term_string"}}],"inLanguage":"es"},{"@type":"Person","@id":"https:\/\/quehacerpolitico.mx\/#\/schema\/person\/496d8ad2d1d3f8036101dca7ee39e585","name":"Redacci\u00f3n QP","image":{"@type":"ImageObject","inLanguage":"es","@id":"https:\/\/secure.gravatar.com\/avatar\/c7164ed6fdec453195284ad24a5ae5b6e1eed2b848477fa2a4787ba9adf39a41?s=96&d=mm&r=g","url":"https:\/\/secure.gravatar.com\/avatar\/c7164ed6fdec453195284ad24a5ae5b6e1eed2b848477fa2a4787ba9adf39a41?s=96&d=mm&r=g","contentUrl":"https:\/\/secure.gravatar.com\/avatar\/c7164ed6fdec453195284ad24a5ae5b6e1eed2b848477fa2a4787ba9adf39a41?s=96&d=mm&r=g","caption":"Redacci\u00f3n QP"},"url":"https:\/\/quehacerpolitico.mx\/?author=2"}]}},"featured_image_urls":{"full":"","thumbnail":"","medium":"","medium_large":"","large":"","1536x1536":"","2048x2048":"","covernews-featured":"","covernews-medium":""},"author_info":{"display_name":"Redacci\u00f3n QP","author_link":"https:\/\/quehacerpolitico.mx\/?author=2"},"category_info":"<a href=\"https:\/\/quehacerpolitico.mx\/?cat=2\" rel=\"category\">Noticias<\/a>","tag_info":"Noticias","comment_count":"0","_links":{"self":[{"href":"https:\/\/quehacerpolitico.mx\/index.php?rest_route=\/wp\/v2\/posts\/3008","targetHints":{"allow":["GET"]}}],"collection":[{"href":"https:\/\/quehacerpolitico.mx\/index.php?rest_route=\/wp\/v2\/posts"}],"about":[{"href":"https:\/\/quehacerpolitico.mx\/index.php?rest_route=\/wp\/v2\/types\/post"}],"author":[{"embeddable":true,"href":"https:\/\/quehacerpolitico.mx\/index.php?rest_route=\/wp\/v2\/users\/2"}],"replies":[{"embeddable":true,"href":"https:\/\/quehacerpolitico.mx\/index.php?rest_route=%2Fwp%2Fv2%2Fcomments&post=3008"}],"version-history":[{"count":0,"href":"https:\/\/quehacerpolitico.mx\/index.php?rest_route=\/wp\/v2\/posts\/3008\/revisions"}],"wp:featuredmedia":[{"embeddable":true,"href":"https:\/\/quehacerpolitico.mx\/index.php?rest_route=\/"}],"wp:attachment":[{"href":"https:\/\/quehacerpolitico.mx\/index.php?rest_route=%2Fwp%2Fv2%2Fmedia&parent=3008"}],"wp:term":[{"taxonomy":"category","embeddable":true,"href":"https:\/\/quehacerpolitico.mx\/index.php?rest_route=%2Fwp%2Fv2%2Fcategories&post=3008"},{"taxonomy":"post_tag","embeddable":true,"href":"https:\/\/quehacerpolitico.mx\/index.php?rest_route=%2Fwp%2Fv2%2Ftags&post=3008"}],"curies":[{"name":"wp","href":"https:\/\/api.w.org\/{rel}","templated":true}]}}