{"id":3002,"date":"2018-08-23T15:04:30","date_gmt":"2018-08-23T15:04:30","guid":{"rendered":"http:\/\/quehacerpolitico.mx\/video-pena-le-dice-a-ciro-que-no-fue-su-baja-popularidad-que-fue-meade-el-que-no-funciono\/"},"modified":"2018-08-23T15:04:30","modified_gmt":"2018-08-23T15:04:30","slug":"video-pena-le-dice-a-ciro-que-no-fue-su-baja-popularidad-que-fue-meade-el-que-no-funciono","status":"publish","type":"post","link":"https:\/\/quehacerpolitico.mx\/?p=3002","title":{"rendered":"VIDEO: Pe\u00f1a le dice a Ciro que no fue su baja popularidad, que fue Meade el que \u201cno funcion\u00f3\u201d"},"content":{"rendered":"<h3>El Presidente Enrique Pe\u00f1a Nieto anda de gira de medios. Denise Maerker difundi\u00f3 el martes por la noche una entrevista en la que dijo que su gran error fue \u201cno haber explicado con suficiencia los errores o se\u00f1alamientos que hubo en distintos temas. \u2018Casa blanca\u2019, por ejemplo\u201d. En la noche del mi\u00e9rcoles le ha dicho a Ciro G\u00f3mez Leyva que no fueron sus bajos indices de aprobaci\u00f3n sino el candidato, Jos\u00e9 Antonio Meade, el que \u201cno funcion\u00f3\u201d.<\/h3>\n<p><iframe loading=\"lazy\" title=\"Noticias con Ciro G\u00f3mez Leyva | Programa completo 22\/agosto\/2018\" width=\"640\" height=\"360\" src=\"https:\/\/www.youtube.com\/embed\/aPY8ujGJPDY?feature=oembed\" frameborder=\"0\" allow=\"accelerometer; autoplay; clipboard-write; encrypted-media; gyroscope; picture-in-picture; web-share\" referrerpolicy=\"strict-origin-when-cross-origin\" allowfullscreen><\/iframe><\/p>\n<p>El Presidente Enrique Pe\u00f1a Nieto dijo al periodista Ciro G\u00f3mez Leyva que no fue \u00e9l quien hizo perder al Partido Revolucionario Institucional (PRI) en las elecciones del 1 de julio sino que fue Jos\u00e9 Antonio Meade Kuribre\u00f1a, el abanderado externo, el que no funcion\u00f3.<\/p>\n<p>Se justific\u00f3 ampliamente por sus bajos niveles de aprobaci\u00f3n, los peores de un Presidente desde que se tiene registro.<\/p>\n<p>Tambi\u00e9n exculp\u00f3 a Miguel \u00c1ngel Osorio Chong y a Jos\u00e9 Narro de no haberse empe\u00f1ado en la campa\u00f1a, como sugiri\u00f3 el periodista de <em>Imagen<\/em> <em>Televisi\u00f3n<\/em>.<\/p>\n<p>\u2013Veinte por ciento de popularidad de usted en las encuestas \u2013dijo Ciro G\u00f3mez Leyva. Luego pregunt\u00f3\u2013: \u00bfEl Presidente Pe\u00f1a Nieto fue el principal factor de la derrota del PRI en esta elecci\u00f3n?<\/p>\n<p>\u2013Pues mira \u2013contest\u00f3 con una cierta sonrisa\u2013, obviamente quien fue un detractor de tu servidor as\u00ed lo podr\u00e1 apreciar. Mi consideraci\u00f3n personal es que no. Y yo creo que en el mundo la actuaci\u00f3n de un Jefe de Estado, la verdad, el rigor que hay de la sociedad en t\u00e9rminos de evaluar a un Presidente pues vamos observando que no son exactamente iguales que en el pasado. Hoy observar\u00e1s que no s\u00f3lo en M\u00e9xico sino en diferentes partes del mundo, pr\u00e1cticamente, los niveles de aprobaci\u00f3n que tiene un gobernantes pues son muy menores a las que ten\u00edan los gobernantes en el pasado.<\/p>\n<blockquote class=\"twitter-tweet\" data-width=\"550\" data-dnt=\"true\">\n<p lang=\"es\" dir=\"ltr\">El presidente Enrique Pe\u00f1a Nieto admite que la campa\u00f1a presidencial de Jos\u00e9 Antonio Meade no funcion\u00f3 <a href=\"https:\/\/t.co\/riU7gKNH5r\">pic.twitter.com\/riU7gKNH5r<\/a><\/p>\n<p>&mdash; Imagen Televisi\u00f3n (@ImagenTVMex) <a href=\"https:\/\/twitter.com\/ImagenTVMex\/status\/1032475645379399680?ref_src=twsrc%5Etfw\">August 23, 2018<\/a><\/p><\/blockquote>\n<p><script async src=\"https:\/\/platform.twitter.com\/widgets.js\" charset=\"utf-8\"><\/script><\/p>\n<p>\u00a0\u2013No fue el factor Pe\u00f1a Nieto \u2013insisti\u00f3 G\u00f3mez Leyva\u2013. La derrota no es el factor Pe\u00f1a Nieto. No, yo lo atribuyo, lo atribuir\u00eda al desgaste en el ejercicio de gobierno. Sin duda la opci\u00f3n pol\u00edtica que hoy est\u00e1 en el gobierno se desgasta en el ejercicio del gobierno. Atribuyo tambi\u00e9n que hay un clima <em>antisist\u00e9mico<\/em> en el mundo, donde los partidos pol\u00edticos tradicionales han dejado de tener respaldo. El desgaste del ejercicio del gobierno, los desaciertos y la evaluaci\u00f3n que hay sin duda fueron factor para que el partido, mi partido, no haya logrado verse favorecido con el respaldo ciudadano.<\/p>\n<p>\u2013Sobre hechos consumados, \u00bfJos\u00e9 Antonio Meade fue el mejor candidato del PRI, Presidente?<\/p>\n<p>\u2013Jos\u00e9 Antonio Meade fue mi colaborador y es un extraordinario colaborador. Fue una gente formada con una larga trayectoria en el servicio p\u00fablico. Y creo que el PRI, entonces, precisamente consciente del desgaste ten\u00eda que buscar una opci\u00f3n no tradicional, una opci\u00f3n que fuera distinta de alguien del priismo puro, y precisamente por eso modific\u00f3 sus estatutos\u2026<\/p>\n<p>\u2013..Pero no funcion\u00f3\u2026 \u2013interrumpi\u00f3 el periodista de Imagen televisi\u00f3n.<\/p>\n<p>\u2013\u2026para dar espacio a tener candidato ciudadano.<\/p>\n<p>\u2013Y no funcion\u00f3 \u2013insisti\u00f3.<\/p>\n<p>\u2013En este caso no funcion\u00f3. Lamentablemente no funcion\u00f3 para quien es seguidor del priismo. Pero al final de cuentas es sano en democracia el que haya hoy un gobierno electo con un amplio respaldo social y evidentemente con una gran expectativa generada entre quienes confiaron y dieron su voto a esta opci\u00f3n pol\u00edtica.<\/p>\n<p>\u2013Opini\u00f3n de periodista, observando los hechos \u2013agreg\u00f3 G\u00f3mez Leyva\u2013: queda la percepci\u00f3n de que dos personajes muy importantes, el Secretario de Gobernaci\u00f3n Miguel \u00c1ngel Osorio Chong y el Secretario de Salud Jos\u00e9 Narro, no fueron institucionales. No se sumaron a la candidatura y al proyecto con la fuerza que un momento como el que se avecinaba parec\u00eda indicar.<\/p>\n<p>\u2013Mira, yo observ\u00e9 y apreci\u00e9 algo distinto. Yo observ\u00e9, m\u00e1s bien, de parte de ambos, una actitud muy institucional. S\u00ed de respaldo al proyecto que el PRI estaba impulsando o que impuls\u00f3 en esta elecci\u00f3n y eso es lo que yo aprecio. Evidentemente habr\u00e1\u2026 mira: en toda\u2026 en pol\u00edtica como en todos los \u00e1mbitos hay quienes pueden coincidir con esta visi\u00f3n o quienes tengan otra.<\/p>\n<p>\u2013Nada que reclamarle a ninguno de los dos.<\/p>\n<p>\u2013Nada.<\/p>\n<p>\u2013Nada.<\/p>\n<p>\u2013Nada.<\/p>\n<p>Un d\u00eda antes, con Denise Maerker en <em>Televisa<\/em>, Pe\u00f1a Nieto enumer\u00f3 como su gran error la forma en que se present\u00f3 el caso de la \u201ccasa blanca\u201d, una propiedad en Ciudad de M\u00e9xico que su esposa presuntamente compr\u00f3 a un empresario que ten\u00eda contratos con el gobierno, por la cual se hicieron se\u00f1alamientos de corrupci\u00f3n.<\/p>\n<p>\u201cEl se\u00f1alamiento de la \u2018casa blanca\u2019 fue indebido. No deb\u00ed involucrar a mi esposa, me arrepent\u00ed de haberla involucrado, ha sido dif\u00edcil superarlo en todo este tiempo\u201d, asegur\u00f3.<\/p>\n<p>\u2013\u00bfCu\u00e1l es el error m\u00e1s grande? \u2013le pregunta la periodista<\/p>\n<blockquote>\n<p>\u2013No haber explicado con suficiencia los errores o se\u00f1alamientos que hubo en distintos temas.<\/p>\n<\/blockquote>\n<p>\u2013\u00bfConcretamente?<\/p>\n<blockquote>\n<p>\u2013El tema de la \u201ccasa blanca\u201d, por ejemplo, es uno que a m\u00ed me queda muy marcado porque creo que fue\u2026 he sido \u00fanicamente\u2026 se dio en el 2014 este evento. Un se\u00f1alamiento\u2026 con un soporte indebido\u2026 abrimos la informaci\u00f3n\u2026 \u00bfQu\u00e9 lamento de este tema? Primero, que no obstante la informaci\u00f3n p\u00fablica sobre la que no hab\u00eda ni informaci\u00f3n legal de hacer, pero que se comparti\u00f3 para esclarecer el tema, fue suficiente para quitar el estigma que se qued\u00f3 en el Gobierno, en el Presidente de la Rep\u00fablica, y en la credibilidad que ten\u00eda lo que estaba haciendo el Gobierno. No obstante la explicaci\u00f3n tan abierta\u2026<\/p>\n<p>\u00a0\u2013Me lament\u00e9 haber involucrado a mi esposa en la explicaci\u00f3n del tema. Si me dijeras: \u00bfla hubiese vuelto a involucrar? No, porque ella no correspond\u00eda. No es funcionaria, no es servidora p\u00fablica, ella tiene su propia trayectoria, y la involucr\u00e9 porque era ella, como matrimonio, que est\u00e1bamos haci\u00e9ndonos de una nueva casa. Me arrepent\u00ed de haber involucrado a mi esposa porque creo que a ella tambi\u00e9n lke dej\u00f3 un mal sabor y un tema que ha sido dif\u00edcil superar en todo este tiempo.<\/p>\n<p>\u2013Hoy \u2013dice Denise Maerker\u2013, \u00bfsigue pensando que no hubo conflicto de inter\u00e9s?<\/p>\n<p>\u2013Sigo pensando que no hubo\u2026<\/p>\n<p>\u2013\u2026No dije delito. Conflicto de inter\u00e9s.<\/p>\n<p>\u2013Lo sigo pensando adem\u00e1s por una raz\u00f3n: el supuesto conflicto de inter\u00e9s que se sucitaba era sobre un proyecto, una obra, que se iba a realizar y que nunca se realiz\u00f3. Donde se genera el conflicto de inter\u00e9s era en el proyecto del empresario que entonces nos estaba vendiendo la casa, de este grupo [Grupo Higa, de Armando Hinojosa, su amigo] era parte de un conjunto de empresas que se hab\u00edan agrupado para hacer el tren Interurbano M\u00e9xico Quer\u00e9taro, proyecto que por razones del ajuste presupuestal que realizamos no prosper\u00f3.<\/p>\n<\/blockquote>\n","protected":false},"excerpt":{"rendered":"<p>VIDEO: Pe\u00f1a le dice a Ciro que no fue su baja popularidad, que fue Meade el que \u201cno funcion\u00f3\u201d<br \/>\nPor Redacci\u00f3n QP<\/p>\n","protected":false},"author":2,"featured_media":3001,"comment_status":"open","ping_status":"open","sticky":false,"template":"","format":"standard","meta":{"_monsterinsights_skip_tracking":false,"_monsterinsights_sitenote_active":false,"_monsterinsights_sitenote_note":"","_monsterinsights_sitenote_category":0,"footnotes":""},"categories":[2],"tags":[],"class_list":["post-3002","post","type-post","status-publish","format-standard","has-post-thumbnail","hentry","category-noticias"],"yoast_head":"<!-- This site is optimized with the Yoast SEO plugin v27.3 - https:\/\/yoast.com\/product\/yoast-seo-wordpress\/ -->\n<title>VIDEO: Pe\u00f1a le dice a Ciro que no fue su baja popularidad, que fue Meade el que \u201cno funcion\u00f3\u201d -<\/title>\n<meta name=\"robots\" content=\"index, follow, max-snippet:-1, max-image-preview:large, max-video-preview:-1\" \/>\n<link rel=\"canonical\" href=\"https:\/\/quehacerpolitico.mx\/?p=3002\" \/>\n<meta property=\"og:locale\" content=\"es_MX\" \/>\n<meta property=\"og:type\" content=\"article\" \/>\n<meta property=\"og:title\" content=\"VIDEO: Pe\u00f1a le dice a Ciro que no fue su baja popularidad, que fue Meade el que \u201cno funcion\u00f3\u201d -\" \/>\n<meta property=\"og:description\" content=\"VIDEO: Pe\u00f1a le dice a Ciro que no fue su baja popularidad, que fue Meade el que \u201cno funcion\u00f3\u201d Por Redacci\u00f3n QP\" \/>\n<meta property=\"og:url\" content=\"https:\/\/quehacerpolitico.mx\/?p=3002\" \/>\n<meta property=\"article:published_time\" content=\"2018-08-23T15:04:30+00:00\" \/>\n<meta name=\"author\" content=\"Redacci\u00f3n QP\" \/>\n<meta name=\"twitter:card\" content=\"summary_large_image\" \/>\n<meta name=\"twitter:label1\" content=\"Escrito por\" \/>\n\t<meta name=\"twitter:data1\" content=\"Redacci\u00f3n QP\" \/>\n\t<meta name=\"twitter:label2\" content=\"Tiempo de lectura\" \/>\n\t<meta name=\"twitter:data2\" content=\"6 minutos\" \/>\n<script type=\"application\/ld+json\" class=\"yoast-schema-graph\">{\"@context\":\"https:\\\/\\\/schema.org\",\"@graph\":[{\"@type\":\"Article\",\"@id\":\"https:\\\/\\\/quehacerpolitico.mx\\\/?p=3002#article\",\"isPartOf\":{\"@id\":\"https:\\\/\\\/quehacerpolitico.mx\\\/?p=3002\"},\"author\":{\"name\":\"Redacci\u00f3n QP\",\"@id\":\"https:\\\/\\\/quehacerpolitico.mx\\\/#\\\/schema\\\/person\\\/496d8ad2d1d3f8036101dca7ee39e585\"},\"headline\":\"VIDEO: Pe\u00f1a le dice a Ciro que no fue su baja popularidad, que fue Meade el que \u201cno funcion\u00f3\u201d\",\"datePublished\":\"2018-08-23T15:04:30+00:00\",\"mainEntityOfPage\":{\"@id\":\"https:\\\/\\\/quehacerpolitico.mx\\\/?p=3002\"},\"wordCount\":1202,\"commentCount\":0,\"image\":{\"@id\":\"https:\\\/\\\/quehacerpolitico.mx\\\/?p=3002#primaryimage\"},\"thumbnailUrl\":\"\",\"articleSection\":[\"Noticias\"],\"inLanguage\":\"es\",\"potentialAction\":[{\"@type\":\"CommentAction\",\"name\":\"Comment\",\"target\":[\"https:\\\/\\\/quehacerpolitico.mx\\\/?p=3002#respond\"]}]},{\"@type\":\"WebPage\",\"@id\":\"https:\\\/\\\/quehacerpolitico.mx\\\/?p=3002\",\"url\":\"https:\\\/\\\/quehacerpolitico.mx\\\/?p=3002\",\"name\":\"VIDEO: Pe\u00f1a le dice a Ciro que no fue su baja popularidad, que fue Meade el que \u201cno funcion\u00f3\u201d -\",\"isPartOf\":{\"@id\":\"https:\\\/\\\/quehacerpolitico.mx\\\/#website\"},\"primaryImageOfPage\":{\"@id\":\"https:\\\/\\\/quehacerpolitico.mx\\\/?p=3002#primaryimage\"},\"image\":{\"@id\":\"https:\\\/\\\/quehacerpolitico.mx\\\/?p=3002#primaryimage\"},\"thumbnailUrl\":\"\",\"datePublished\":\"2018-08-23T15:04:30+00:00\",\"author\":{\"@id\":\"https:\\\/\\\/quehacerpolitico.mx\\\/#\\\/schema\\\/person\\\/496d8ad2d1d3f8036101dca7ee39e585\"},\"breadcrumb\":{\"@id\":\"https:\\\/\\\/quehacerpolitico.mx\\\/?p=3002#breadcrumb\"},\"inLanguage\":\"es\",\"potentialAction\":[{\"@type\":\"ReadAction\",\"target\":[\"https:\\\/\\\/quehacerpolitico.mx\\\/?p=3002\"]}]},{\"@type\":\"ImageObject\",\"inLanguage\":\"es\",\"@id\":\"https:\\\/\\\/quehacerpolitico.mx\\\/?p=3002#primaryimage\",\"url\":\"\",\"contentUrl\":\"\"},{\"@type\":\"BreadcrumbList\",\"@id\":\"https:\\\/\\\/quehacerpolitico.mx\\\/?p=3002#breadcrumb\",\"itemListElement\":[{\"@type\":\"ListItem\",\"position\":1,\"name\":\"Inicio\",\"item\":\"https:\\\/\\\/quehacerpolitico.mx\\\/\"},{\"@type\":\"ListItem\",\"position\":2,\"name\":\"VIDEO: Pe\u00f1a le dice a Ciro que no fue su baja popularidad, que fue Meade el que \u201cno funcion\u00f3\u201d\"}]},{\"@type\":\"WebSite\",\"@id\":\"https:\\\/\\\/quehacerpolitico.mx\\\/#website\",\"url\":\"https:\\\/\\\/quehacerpolitico.mx\\\/\",\"name\":\"\",\"description\":\"\",\"potentialAction\":[{\"@type\":\"SearchAction\",\"target\":{\"@type\":\"EntryPoint\",\"urlTemplate\":\"https:\\\/\\\/quehacerpolitico.mx\\\/?s={search_term_string}\"},\"query-input\":{\"@type\":\"PropertyValueSpecification\",\"valueRequired\":true,\"valueName\":\"search_term_string\"}}],\"inLanguage\":\"es\"},{\"@type\":\"Person\",\"@id\":\"https:\\\/\\\/quehacerpolitico.mx\\\/#\\\/schema\\\/person\\\/496d8ad2d1d3f8036101dca7ee39e585\",\"name\":\"Redacci\u00f3n QP\",\"image\":{\"@type\":\"ImageObject\",\"inLanguage\":\"es\",\"@id\":\"https:\\\/\\\/secure.gravatar.com\\\/avatar\\\/c7164ed6fdec453195284ad24a5ae5b6e1eed2b848477fa2a4787ba9adf39a41?s=96&d=mm&r=g\",\"url\":\"https:\\\/\\\/secure.gravatar.com\\\/avatar\\\/c7164ed6fdec453195284ad24a5ae5b6e1eed2b848477fa2a4787ba9adf39a41?s=96&d=mm&r=g\",\"contentUrl\":\"https:\\\/\\\/secure.gravatar.com\\\/avatar\\\/c7164ed6fdec453195284ad24a5ae5b6e1eed2b848477fa2a4787ba9adf39a41?s=96&d=mm&r=g\",\"caption\":\"Redacci\u00f3n QP\"},\"url\":\"https:\\\/\\\/quehacerpolitico.mx\\\/?author=2\"}]}<\/script>\n<!-- \/ Yoast SEO plugin. -->","yoast_head_json":{"title":"VIDEO: Pe\u00f1a le dice a Ciro que no fue su baja popularidad, que fue Meade el que \u201cno funcion\u00f3\u201d -","robots":{"index":"index","follow":"follow","max-snippet":"max-snippet:-1","max-image-preview":"max-image-preview:large","max-video-preview":"max-video-preview:-1"},"canonical":"https:\/\/quehacerpolitico.mx\/?p=3002","og_locale":"es_MX","og_type":"article","og_title":"VIDEO: Pe\u00f1a le dice a Ciro que no fue su baja popularidad, que fue Meade el que \u201cno funcion\u00f3\u201d -","og_description":"VIDEO: Pe\u00f1a le dice a Ciro que no fue su baja popularidad, que fue Meade el que \u201cno funcion\u00f3\u201d Por Redacci\u00f3n QP","og_url":"https:\/\/quehacerpolitico.mx\/?p=3002","article_published_time":"2018-08-23T15:04:30+00:00","author":"Redacci\u00f3n QP","twitter_card":"summary_large_image","twitter_misc":{"Escrito por":"Redacci\u00f3n QP","Tiempo de lectura":"6 minutos"},"schema":{"@context":"https:\/\/schema.org","@graph":[{"@type":"Article","@id":"https:\/\/quehacerpolitico.mx\/?p=3002#article","isPartOf":{"@id":"https:\/\/quehacerpolitico.mx\/?p=3002"},"author":{"name":"Redacci\u00f3n QP","@id":"https:\/\/quehacerpolitico.mx\/#\/schema\/person\/496d8ad2d1d3f8036101dca7ee39e585"},"headline":"VIDEO: Pe\u00f1a le dice a Ciro que no fue su baja popularidad, que fue Meade el que \u201cno funcion\u00f3\u201d","datePublished":"2018-08-23T15:04:30+00:00","mainEntityOfPage":{"@id":"https:\/\/quehacerpolitico.mx\/?p=3002"},"wordCount":1202,"commentCount":0,"image":{"@id":"https:\/\/quehacerpolitico.mx\/?p=3002#primaryimage"},"thumbnailUrl":"","articleSection":["Noticias"],"inLanguage":"es","potentialAction":[{"@type":"CommentAction","name":"Comment","target":["https:\/\/quehacerpolitico.mx\/?p=3002#respond"]}]},{"@type":"WebPage","@id":"https:\/\/quehacerpolitico.mx\/?p=3002","url":"https:\/\/quehacerpolitico.mx\/?p=3002","name":"VIDEO: Pe\u00f1a le dice a Ciro que no fue su baja popularidad, que fue Meade el que \u201cno funcion\u00f3\u201d -","isPartOf":{"@id":"https:\/\/quehacerpolitico.mx\/#website"},"primaryImageOfPage":{"@id":"https:\/\/quehacerpolitico.mx\/?p=3002#primaryimage"},"image":{"@id":"https:\/\/quehacerpolitico.mx\/?p=3002#primaryimage"},"thumbnailUrl":"","datePublished":"2018-08-23T15:04:30+00:00","author":{"@id":"https:\/\/quehacerpolitico.mx\/#\/schema\/person\/496d8ad2d1d3f8036101dca7ee39e585"},"breadcrumb":{"@id":"https:\/\/quehacerpolitico.mx\/?p=3002#breadcrumb"},"inLanguage":"es","potentialAction":[{"@type":"ReadAction","target":["https:\/\/quehacerpolitico.mx\/?p=3002"]}]},{"@type":"ImageObject","inLanguage":"es","@id":"https:\/\/quehacerpolitico.mx\/?p=3002#primaryimage","url":"","contentUrl":""},{"@type":"BreadcrumbList","@id":"https:\/\/quehacerpolitico.mx\/?p=3002#breadcrumb","itemListElement":[{"@type":"ListItem","position":1,"name":"Inicio","item":"https:\/\/quehacerpolitico.mx\/"},{"@type":"ListItem","position":2,"name":"VIDEO: Pe\u00f1a le dice a Ciro que no fue su baja popularidad, que fue Meade el que \u201cno funcion\u00f3\u201d"}]},{"@type":"WebSite","@id":"https:\/\/quehacerpolitico.mx\/#website","url":"https:\/\/quehacerpolitico.mx\/","name":"","description":"","potentialAction":[{"@type":"SearchAction","target":{"@type":"EntryPoint","urlTemplate":"https:\/\/quehacerpolitico.mx\/?s={search_term_string}"},"query-input":{"@type":"PropertyValueSpecification","valueRequired":true,"valueName":"search_term_string"}}],"inLanguage":"es"},{"@type":"Person","@id":"https:\/\/quehacerpolitico.mx\/#\/schema\/person\/496d8ad2d1d3f8036101dca7ee39e585","name":"Redacci\u00f3n QP","image":{"@type":"ImageObject","inLanguage":"es","@id":"https:\/\/secure.gravatar.com\/avatar\/c7164ed6fdec453195284ad24a5ae5b6e1eed2b848477fa2a4787ba9adf39a41?s=96&d=mm&r=g","url":"https:\/\/secure.gravatar.com\/avatar\/c7164ed6fdec453195284ad24a5ae5b6e1eed2b848477fa2a4787ba9adf39a41?s=96&d=mm&r=g","contentUrl":"https:\/\/secure.gravatar.com\/avatar\/c7164ed6fdec453195284ad24a5ae5b6e1eed2b848477fa2a4787ba9adf39a41?s=96&d=mm&r=g","caption":"Redacci\u00f3n QP"},"url":"https:\/\/quehacerpolitico.mx\/?author=2"}]}},"featured_image_urls":{"full":"","thumbnail":"","medium":"","medium_large":"","large":"","1536x1536":"","2048x2048":"","covernews-featured":"","covernews-medium":""},"author_info":{"display_name":"Redacci\u00f3n QP","author_link":"https:\/\/quehacerpolitico.mx\/?author=2"},"category_info":"<a href=\"https:\/\/quehacerpolitico.mx\/?cat=2\" rel=\"category\">Noticias<\/a>","tag_info":"Noticias","comment_count":"0","_links":{"self":[{"href":"https:\/\/quehacerpolitico.mx\/index.php?rest_route=\/wp\/v2\/posts\/3002","targetHints":{"allow":["GET"]}}],"collection":[{"href":"https:\/\/quehacerpolitico.mx\/index.php?rest_route=\/wp\/v2\/posts"}],"about":[{"href":"https:\/\/quehacerpolitico.mx\/index.php?rest_route=\/wp\/v2\/types\/post"}],"author":[{"embeddable":true,"href":"https:\/\/quehacerpolitico.mx\/index.php?rest_route=\/wp\/v2\/users\/2"}],"replies":[{"embeddable":true,"href":"https:\/\/quehacerpolitico.mx\/index.php?rest_route=%2Fwp%2Fv2%2Fcomments&post=3002"}],"version-history":[{"count":0,"href":"https:\/\/quehacerpolitico.mx\/index.php?rest_route=\/wp\/v2\/posts\/3002\/revisions"}],"wp:featuredmedia":[{"embeddable":true,"href":"https:\/\/quehacerpolitico.mx\/index.php?rest_route=\/"}],"wp:attachment":[{"href":"https:\/\/quehacerpolitico.mx\/index.php?rest_route=%2Fwp%2Fv2%2Fmedia&parent=3002"}],"wp:term":[{"taxonomy":"category","embeddable":true,"href":"https:\/\/quehacerpolitico.mx\/index.php?rest_route=%2Fwp%2Fv2%2Fcategories&post=3002"},{"taxonomy":"post_tag","embeddable":true,"href":"https:\/\/quehacerpolitico.mx\/index.php?rest_route=%2Fwp%2Fv2%2Ftags&post=3002"}],"curies":[{"name":"wp","href":"https:\/\/api.w.org\/{rel}","templated":true}]}}