{"id":3000,"date":"2018-08-23T14:55:53","date_gmt":"2018-08-23T14:55:53","guid":{"rendered":"http:\/\/quehacerpolitico.mx\/de-como-vicente-fox-metio-coca-cola-en-el-tuetano-de-los-mexicanos-la-historia-contada-por-business-insider\/"},"modified":"2018-08-23T14:55:53","modified_gmt":"2018-08-23T14:55:53","slug":"de-como-vicente-fox-metio-coca-cola-en-el-tuetano-de-los-mexicanos-la-historia-contada-por-business-insider","status":"publish","type":"post","link":"https:\/\/quehacerpolitico.mx\/?p=3000","title":{"rendered":"De c\u00f3mo Vicente Fox meti\u00f3 Coca-Cola en el tu\u00e9tano de los mexicanos; la historia, contada por Business Insider"},"content":{"rendered":"<h3>Uno de los motivos por los que Coca-Cola creci\u00f3 de manera explosiva en M\u00e9xico durante el sexenio de Vicente Fox se debe al Tratado de Libre Comercio de Am\u00e9rica del Norte. M\u00e9xico se uni\u00f3 al TLCAN en 1994, y se hizo mucho m\u00e1s barato comprar Coca-Cola en M\u00e9xico. Tambi\u00e9n se hizo m\u00e1s accesible.<\/h3>\n<h3>En algunas partes de M\u00e9xico, era m\u00e1s barato y m\u00e1s f\u00e1cil encontrar Coca-Cola que agua potable. Muchas comunidades desnutridas necesitaban las calor\u00edas, por lo que comenzaron a beber m\u00e1s Coca-Cola.<\/h3>\n<p>El refresco Coca-Cola se ha vuelto parte importante en la vida del mexicano gracias a un personaje fuerte de la pol\u00edtica en el pa\u00eds: Vicente Fox Quesada. De acuerdo a un art\u00edculo de<em> Bussiness Insider,<\/em> un mexicano bebe en promedio m\u00e1s de 700 vasos de Coca-Cola al a\u00f1o, cerca del doble del consumo que tienen los estadounidenses.<\/p>\n<p>Este producto creci\u00f3 en popularidad durante el sexenio del panista, quien fue Presidente de esa marca en M\u00e9xico. Fox Quesada comenz\u00f3 a trabajar en la compa\u00f1\u00eda en 1965 como distribuidor local.<\/p>\n<blockquote>\n<p>\u201cCoca-Cola hab\u00eda estado en M\u00e9xico durante d\u00e9cadas antes de que comenzara a crecer en popularidad. A principios de la d\u00e9cada de 1970, una campa\u00f1a publicitaria internacional para la bebida se extendi\u00f3 por todo M\u00e9xico. Por la misma \u00e9poca, Coca-Cola patrocin\u00f3 los Juegos Ol\u00edmpicos de la Ciudad de M\u00e9xico y la Copa del Mundo\u2019, menciona el art\u00edculo.<\/p>\n<p>As\u00ed es como se hizo tan popular:<\/p>\n<p><strong>1.<\/strong> La historia comienza en la d\u00e9cada de 1960, mucho antes de que Vicente Fox se convirtiera en el presidente de M\u00e9xico. En ese entonces, Fox trabajaba para Coca-Cola como vendedor, entregando Coca-Cola a empresas locales. Fox dijo que incentivar\u00eda a las empresas locales a convertirse en exclusivas de Coca-Cola, en lugar de Pepsi.<\/p>\n<p><strong>2.<\/strong> En 1971, una ic\u00f3nica campa\u00f1a publicitaria de Coca-Cola se hizo popular en M\u00e9xico. Por la misma \u00e9poca, Coca-Cola patrocin\u00f3 los Juegos Ol\u00edmpicos de la Ciudad de M\u00e9xico y, m\u00e1s tarde, la Copa del Mundo. El marketing de Coca-Cola estaba en todas partes en M\u00e9xico.<\/p>\n<p><strong>3.<\/strong> Despu\u00e9s de 10 a\u00f1os, la participaci\u00f3n de mercado estuvo del lado de Coca-Cola. Entonces Fox fue promovido.<\/p>\n<p><strong>4.<\/strong> Fox estaba enojado por la forma en que el gobierno era un gran negocio. Pero moverse entre las filas de Coca-Cola significaba lidiar con la pol\u00edtica.<\/p>\n<p><strong>5.<\/strong> Un d\u00eda, Fox dijo que lo llamaron a la casa presidencial. El entonces Presidente Luis Echeverr\u00eda quer\u00eda la receta de Coca-Cola y nacionalizar Coca-Cola y sus embotelladoras.<\/p>\n<p><strong>6.<\/strong> Para distraer al Presidente de su demanda de la f\u00f3rmula de Coca, Fox dijo que \u00e9l y su equipo decidieron presumir de la flamante granja de Coca-Cola. Pudieron distraer exitosamente a Echeverr\u00eda de tratar de obtener la f\u00f3rmula.<\/p>\n<p><strong>7.<\/strong> Poco despu\u00e9s, Fox se convirti\u00f3 en Presidente de Coca-Cola M\u00e9xico. Pero \u00e9l no estaba satisfecho en el puesto. En 1979, regres\u00f3 a su granja familiar.<\/p>\n<p><strong>8.<\/strong> Varias d\u00e9cadas m\u00e1s tarde, decidi\u00f3 trabajar para el p\u00fablico en su lugar. En 2000, gan\u00f3 la presidencia mexicana.<\/p>\n<p><strong>9.<\/strong> Fox dijo que algunas de sus primeras donaciones mientras dirig\u00eda su campa\u00f1a proven\u00edan de Coca-Cola. A pesar de que la presidencia de Fox decepcion\u00f3 a muchos mexicanos, el negocio de Coca-Cola creci\u00f3 mientras \u00e9l estaba en el cargo.<\/p>\n<p><strong>10.<\/strong> Parte de por qu\u00e9 Coca-Cola estaba creciendo tan explosivamente en M\u00e9xico alrededor de la \u00e9poca de la presidencia de Fox se debe al Tratado de Libre Comercio de Am\u00e9rica del Norte. M\u00e9xico se uni\u00f3 al TLCAN en 1994, y se hizo mucho m\u00e1s barato comprar Coca-Cola en M\u00e9xico.<\/p>\n<p><strong>11.<\/strong> Tambi\u00e9n se hizo m\u00e1s accesible.<\/p>\n<p><strong>12.<\/strong> En algunas partes de M\u00e9xico, era m\u00e1s barato y m\u00e1s f\u00e1cil encontrar Coca-Cola que agua potable. Muchas comunidades desnutridas necesitaban las calor\u00edas, por lo que comenzaron a beber m\u00e1s Coca-Cola.<\/p>\n<p><strong>13.<\/strong> Hay algunos lugares donde se usa en ceremonias religiosas, como en la \u201cIglesia de Coca-Cola\u201d en el estado de Chiapas. Realmente es la Iglesia de San Juan, pero eso no es lo que la mayor\u00eda de la gente llama. Hace algunas d\u00e9cadas, los l\u00edderes religiosos reemplazaron un alcohol tradicional por Coca-Cola. Lo usan para una variedad de cosas como la decoraci\u00f3n y la curaci\u00f3n, y lo beben en ceremonias.<\/p>\n<p><strong>14.<\/strong> Pero hubo un inconveniente en el repentino aumento de popularidad del refresco: la tasa de diabetes se duplic\u00f3 en M\u00e9xico entre 2000 y 2007.<\/p>\n<p>Con Informaci\u00f3n de Vanguardia\u00a0<\/p>\n<\/blockquote>\n","protected":false},"excerpt":{"rendered":"<p>De c\u00f3mo Vicente Fox meti\u00f3 Coca-Cola en el tu\u00e9tano de los mexicanos; la historia, contada por Business Insider<br \/>\nPor Redacci\u00f3n QP<\/p>\n","protected":false},"author":2,"featured_media":2999,"comment_status":"open","ping_status":"open","sticky":false,"template":"","format":"standard","meta":{"_monsterinsights_skip_tracking":false,"_monsterinsights_sitenote_active":false,"_monsterinsights_sitenote_note":"","_monsterinsights_sitenote_category":0,"footnotes":""},"categories":[2],"tags":[],"class_list":["post-3000","post","type-post","status-publish","format-standard","has-post-thumbnail","hentry","category-noticias"],"yoast_head":"<!-- This site is optimized with the Yoast SEO plugin v27.3 - https:\/\/yoast.com\/product\/yoast-seo-wordpress\/ -->\n<title>De c\u00f3mo Vicente Fox meti\u00f3 Coca-Cola en el tu\u00e9tano de los mexicanos; la historia, contada por Business Insider -<\/title>\n<meta name=\"robots\" content=\"index, follow, max-snippet:-1, max-image-preview:large, max-video-preview:-1\" \/>\n<link rel=\"canonical\" href=\"https:\/\/quehacerpolitico.mx\/?p=3000\" \/>\n<meta property=\"og:locale\" content=\"es_MX\" \/>\n<meta property=\"og:type\" content=\"article\" \/>\n<meta property=\"og:title\" content=\"De c\u00f3mo Vicente Fox meti\u00f3 Coca-Cola en el tu\u00e9tano de los mexicanos; la historia, contada por Business Insider -\" \/>\n<meta property=\"og:description\" content=\"De c\u00f3mo Vicente Fox meti\u00f3 Coca-Cola en el tu\u00e9tano de los mexicanos; la historia, contada por Business Insider Por Redacci\u00f3n QP\" \/>\n<meta property=\"og:url\" content=\"https:\/\/quehacerpolitico.mx\/?p=3000\" \/>\n<meta property=\"article:published_time\" content=\"2018-08-23T14:55:53+00:00\" \/>\n<meta name=\"author\" content=\"Redacci\u00f3n QP\" \/>\n<meta name=\"twitter:card\" content=\"summary_large_image\" \/>\n<meta name=\"twitter:label1\" content=\"Escrito por\" \/>\n\t<meta name=\"twitter:data1\" content=\"Redacci\u00f3n QP\" \/>\n\t<meta name=\"twitter:label2\" content=\"Tiempo de lectura\" \/>\n\t<meta name=\"twitter:data2\" content=\"4 minutos\" \/>\n<script type=\"application\/ld+json\" class=\"yoast-schema-graph\">{\"@context\":\"https:\\\/\\\/schema.org\",\"@graph\":[{\"@type\":\"Article\",\"@id\":\"https:\\\/\\\/quehacerpolitico.mx\\\/?p=3000#article\",\"isPartOf\":{\"@id\":\"https:\\\/\\\/quehacerpolitico.mx\\\/?p=3000\"},\"author\":{\"name\":\"Redacci\u00f3n QP\",\"@id\":\"https:\\\/\\\/quehacerpolitico.mx\\\/#\\\/schema\\\/person\\\/496d8ad2d1d3f8036101dca7ee39e585\"},\"headline\":\"De c\u00f3mo Vicente Fox meti\u00f3 Coca-Cola en el tu\u00e9tano de los mexicanos; la historia, contada por Business Insider\",\"datePublished\":\"2018-08-23T14:55:53+00:00\",\"mainEntityOfPage\":{\"@id\":\"https:\\\/\\\/quehacerpolitico.mx\\\/?p=3000\"},\"wordCount\":785,\"commentCount\":0,\"image\":{\"@id\":\"https:\\\/\\\/quehacerpolitico.mx\\\/?p=3000#primaryimage\"},\"thumbnailUrl\":\"\",\"articleSection\":[\"Noticias\"],\"inLanguage\":\"es\",\"potentialAction\":[{\"@type\":\"CommentAction\",\"name\":\"Comment\",\"target\":[\"https:\\\/\\\/quehacerpolitico.mx\\\/?p=3000#respond\"]}]},{\"@type\":\"WebPage\",\"@id\":\"https:\\\/\\\/quehacerpolitico.mx\\\/?p=3000\",\"url\":\"https:\\\/\\\/quehacerpolitico.mx\\\/?p=3000\",\"name\":\"De c\u00f3mo Vicente Fox meti\u00f3 Coca-Cola en el tu\u00e9tano de los mexicanos; la historia, contada por Business Insider -\",\"isPartOf\":{\"@id\":\"https:\\\/\\\/quehacerpolitico.mx\\\/#website\"},\"primaryImageOfPage\":{\"@id\":\"https:\\\/\\\/quehacerpolitico.mx\\\/?p=3000#primaryimage\"},\"image\":{\"@id\":\"https:\\\/\\\/quehacerpolitico.mx\\\/?p=3000#primaryimage\"},\"thumbnailUrl\":\"\",\"datePublished\":\"2018-08-23T14:55:53+00:00\",\"author\":{\"@id\":\"https:\\\/\\\/quehacerpolitico.mx\\\/#\\\/schema\\\/person\\\/496d8ad2d1d3f8036101dca7ee39e585\"},\"breadcrumb\":{\"@id\":\"https:\\\/\\\/quehacerpolitico.mx\\\/?p=3000#breadcrumb\"},\"inLanguage\":\"es\",\"potentialAction\":[{\"@type\":\"ReadAction\",\"target\":[\"https:\\\/\\\/quehacerpolitico.mx\\\/?p=3000\"]}]},{\"@type\":\"ImageObject\",\"inLanguage\":\"es\",\"@id\":\"https:\\\/\\\/quehacerpolitico.mx\\\/?p=3000#primaryimage\",\"url\":\"\",\"contentUrl\":\"\"},{\"@type\":\"BreadcrumbList\",\"@id\":\"https:\\\/\\\/quehacerpolitico.mx\\\/?p=3000#breadcrumb\",\"itemListElement\":[{\"@type\":\"ListItem\",\"position\":1,\"name\":\"Inicio\",\"item\":\"https:\\\/\\\/quehacerpolitico.mx\\\/\"},{\"@type\":\"ListItem\",\"position\":2,\"name\":\"De c\u00f3mo Vicente Fox meti\u00f3 Coca-Cola en el tu\u00e9tano de los mexicanos; la historia, contada por Business Insider\"}]},{\"@type\":\"WebSite\",\"@id\":\"https:\\\/\\\/quehacerpolitico.mx\\\/#website\",\"url\":\"https:\\\/\\\/quehacerpolitico.mx\\\/\",\"name\":\"\",\"description\":\"\",\"potentialAction\":[{\"@type\":\"SearchAction\",\"target\":{\"@type\":\"EntryPoint\",\"urlTemplate\":\"https:\\\/\\\/quehacerpolitico.mx\\\/?s={search_term_string}\"},\"query-input\":{\"@type\":\"PropertyValueSpecification\",\"valueRequired\":true,\"valueName\":\"search_term_string\"}}],\"inLanguage\":\"es\"},{\"@type\":\"Person\",\"@id\":\"https:\\\/\\\/quehacerpolitico.mx\\\/#\\\/schema\\\/person\\\/496d8ad2d1d3f8036101dca7ee39e585\",\"name\":\"Redacci\u00f3n QP\",\"image\":{\"@type\":\"ImageObject\",\"inLanguage\":\"es\",\"@id\":\"https:\\\/\\\/secure.gravatar.com\\\/avatar\\\/c7164ed6fdec453195284ad24a5ae5b6e1eed2b848477fa2a4787ba9adf39a41?s=96&d=mm&r=g\",\"url\":\"https:\\\/\\\/secure.gravatar.com\\\/avatar\\\/c7164ed6fdec453195284ad24a5ae5b6e1eed2b848477fa2a4787ba9adf39a41?s=96&d=mm&r=g\",\"contentUrl\":\"https:\\\/\\\/secure.gravatar.com\\\/avatar\\\/c7164ed6fdec453195284ad24a5ae5b6e1eed2b848477fa2a4787ba9adf39a41?s=96&d=mm&r=g\",\"caption\":\"Redacci\u00f3n QP\"},\"url\":\"https:\\\/\\\/quehacerpolitico.mx\\\/?author=2\"}]}<\/script>\n<!-- \/ Yoast SEO plugin. -->","yoast_head_json":{"title":"De c\u00f3mo Vicente Fox meti\u00f3 Coca-Cola en el tu\u00e9tano de los mexicanos; la historia, contada por Business Insider -","robots":{"index":"index","follow":"follow","max-snippet":"max-snippet:-1","max-image-preview":"max-image-preview:large","max-video-preview":"max-video-preview:-1"},"canonical":"https:\/\/quehacerpolitico.mx\/?p=3000","og_locale":"es_MX","og_type":"article","og_title":"De c\u00f3mo Vicente Fox meti\u00f3 Coca-Cola en el tu\u00e9tano de los mexicanos; la historia, contada por Business Insider -","og_description":"De c\u00f3mo Vicente Fox meti\u00f3 Coca-Cola en el tu\u00e9tano de los mexicanos; la historia, contada por Business Insider Por Redacci\u00f3n QP","og_url":"https:\/\/quehacerpolitico.mx\/?p=3000","article_published_time":"2018-08-23T14:55:53+00:00","author":"Redacci\u00f3n QP","twitter_card":"summary_large_image","twitter_misc":{"Escrito por":"Redacci\u00f3n QP","Tiempo de lectura":"4 minutos"},"schema":{"@context":"https:\/\/schema.org","@graph":[{"@type":"Article","@id":"https:\/\/quehacerpolitico.mx\/?p=3000#article","isPartOf":{"@id":"https:\/\/quehacerpolitico.mx\/?p=3000"},"author":{"name":"Redacci\u00f3n QP","@id":"https:\/\/quehacerpolitico.mx\/#\/schema\/person\/496d8ad2d1d3f8036101dca7ee39e585"},"headline":"De c\u00f3mo Vicente Fox meti\u00f3 Coca-Cola en el tu\u00e9tano de los mexicanos; la historia, contada por Business Insider","datePublished":"2018-08-23T14:55:53+00:00","mainEntityOfPage":{"@id":"https:\/\/quehacerpolitico.mx\/?p=3000"},"wordCount":785,"commentCount":0,"image":{"@id":"https:\/\/quehacerpolitico.mx\/?p=3000#primaryimage"},"thumbnailUrl":"","articleSection":["Noticias"],"inLanguage":"es","potentialAction":[{"@type":"CommentAction","name":"Comment","target":["https:\/\/quehacerpolitico.mx\/?p=3000#respond"]}]},{"@type":"WebPage","@id":"https:\/\/quehacerpolitico.mx\/?p=3000","url":"https:\/\/quehacerpolitico.mx\/?p=3000","name":"De c\u00f3mo Vicente Fox meti\u00f3 Coca-Cola en el tu\u00e9tano de los mexicanos; la historia, contada por Business Insider -","isPartOf":{"@id":"https:\/\/quehacerpolitico.mx\/#website"},"primaryImageOfPage":{"@id":"https:\/\/quehacerpolitico.mx\/?p=3000#primaryimage"},"image":{"@id":"https:\/\/quehacerpolitico.mx\/?p=3000#primaryimage"},"thumbnailUrl":"","datePublished":"2018-08-23T14:55:53+00:00","author":{"@id":"https:\/\/quehacerpolitico.mx\/#\/schema\/person\/496d8ad2d1d3f8036101dca7ee39e585"},"breadcrumb":{"@id":"https:\/\/quehacerpolitico.mx\/?p=3000#breadcrumb"},"inLanguage":"es","potentialAction":[{"@type":"ReadAction","target":["https:\/\/quehacerpolitico.mx\/?p=3000"]}]},{"@type":"ImageObject","inLanguage":"es","@id":"https:\/\/quehacerpolitico.mx\/?p=3000#primaryimage","url":"","contentUrl":""},{"@type":"BreadcrumbList","@id":"https:\/\/quehacerpolitico.mx\/?p=3000#breadcrumb","itemListElement":[{"@type":"ListItem","position":1,"name":"Inicio","item":"https:\/\/quehacerpolitico.mx\/"},{"@type":"ListItem","position":2,"name":"De c\u00f3mo Vicente Fox meti\u00f3 Coca-Cola en el tu\u00e9tano de los mexicanos; la historia, contada por Business Insider"}]},{"@type":"WebSite","@id":"https:\/\/quehacerpolitico.mx\/#website","url":"https:\/\/quehacerpolitico.mx\/","name":"","description":"","potentialAction":[{"@type":"SearchAction","target":{"@type":"EntryPoint","urlTemplate":"https:\/\/quehacerpolitico.mx\/?s={search_term_string}"},"query-input":{"@type":"PropertyValueSpecification","valueRequired":true,"valueName":"search_term_string"}}],"inLanguage":"es"},{"@type":"Person","@id":"https:\/\/quehacerpolitico.mx\/#\/schema\/person\/496d8ad2d1d3f8036101dca7ee39e585","name":"Redacci\u00f3n QP","image":{"@type":"ImageObject","inLanguage":"es","@id":"https:\/\/secure.gravatar.com\/avatar\/c7164ed6fdec453195284ad24a5ae5b6e1eed2b848477fa2a4787ba9adf39a41?s=96&d=mm&r=g","url":"https:\/\/secure.gravatar.com\/avatar\/c7164ed6fdec453195284ad24a5ae5b6e1eed2b848477fa2a4787ba9adf39a41?s=96&d=mm&r=g","contentUrl":"https:\/\/secure.gravatar.com\/avatar\/c7164ed6fdec453195284ad24a5ae5b6e1eed2b848477fa2a4787ba9adf39a41?s=96&d=mm&r=g","caption":"Redacci\u00f3n QP"},"url":"https:\/\/quehacerpolitico.mx\/?author=2"}]}},"featured_image_urls":{"full":"","thumbnail":"","medium":"","medium_large":"","large":"","1536x1536":"","2048x2048":"","covernews-featured":"","covernews-medium":""},"author_info":{"display_name":"Redacci\u00f3n QP","author_link":"https:\/\/quehacerpolitico.mx\/?author=2"},"category_info":"<a href=\"https:\/\/quehacerpolitico.mx\/?cat=2\" rel=\"category\">Noticias<\/a>","tag_info":"Noticias","comment_count":"0","_links":{"self":[{"href":"https:\/\/quehacerpolitico.mx\/index.php?rest_route=\/wp\/v2\/posts\/3000","targetHints":{"allow":["GET"]}}],"collection":[{"href":"https:\/\/quehacerpolitico.mx\/index.php?rest_route=\/wp\/v2\/posts"}],"about":[{"href":"https:\/\/quehacerpolitico.mx\/index.php?rest_route=\/wp\/v2\/types\/post"}],"author":[{"embeddable":true,"href":"https:\/\/quehacerpolitico.mx\/index.php?rest_route=\/wp\/v2\/users\/2"}],"replies":[{"embeddable":true,"href":"https:\/\/quehacerpolitico.mx\/index.php?rest_route=%2Fwp%2Fv2%2Fcomments&post=3000"}],"version-history":[{"count":0,"href":"https:\/\/quehacerpolitico.mx\/index.php?rest_route=\/wp\/v2\/posts\/3000\/revisions"}],"wp:featuredmedia":[{"embeddable":true,"href":"https:\/\/quehacerpolitico.mx\/index.php?rest_route=\/"}],"wp:attachment":[{"href":"https:\/\/quehacerpolitico.mx\/index.php?rest_route=%2Fwp%2Fv2%2Fmedia&parent=3000"}],"wp:term":[{"taxonomy":"category","embeddable":true,"href":"https:\/\/quehacerpolitico.mx\/index.php?rest_route=%2Fwp%2Fv2%2Fcategories&post=3000"},{"taxonomy":"post_tag","embeddable":true,"href":"https:\/\/quehacerpolitico.mx\/index.php?rest_route=%2Fwp%2Fv2%2Ftags&post=3000"}],"curies":[{"name":"wp","href":"https:\/\/api.w.org\/{rel}","templated":true}]}}