{"id":2998,"date":"2018-08-23T14:46:39","date_gmt":"2018-08-23T14:46:39","guid":{"rendered":"http:\/\/quehacerpolitico.mx\/internacionales-carolina-alonso-romei-trump-asegura-que-si-le-abren-un-juicio-politico-los-mercados-se-hundirian\/"},"modified":"2018-08-23T14:46:39","modified_gmt":"2018-08-23T14:46:39","slug":"internacionales-carolina-alonso-romei-trump-asegura-que-si-le-abren-un-juicio-politico-los-mercados-se-hundirian","status":"publish","type":"post","link":"https:\/\/quehacerpolitico.mx\/?p=2998","title":{"rendered":"Internacionales\/\/\/Carolina Alonso Romei\/\/\/Trump asegura que si le abren un juicio pol\u00edtico \u201clos mercados se hundir\u00edan\u201d"},"content":{"rendered":"<h3>Tras las declaraciones del ex abogado del Presidente sobre las financiaciones que habr\u00edan violado las leyes electorales, Trump podr\u00eda ser sujeto a un <em>impeachment<\/em>, ante esta posibilidad, el mandatario dijo que los mercados sufrir\u00edan, \u201csi soy censurado, los mercados financieros se hundir\u00edan\u201d, se\u00f1al\u00f3.<\/h3>\n<h3>Michael Cohen, ex abogado de Trump, se declar\u00f3 culpable ante un juez federal de Nueva York de varios delitos y dijo que fue el propio Presidente quien le pidi\u00f3 que pagara a dos mujeres para comprar su silencios durante la campa\u00f1a electoral.<\/h3>\n<p>El <strong>Presidente estadounidense<\/strong>, <strong>Donald Trump<\/strong>, asegur\u00f3 hoy que si se le abre un <strong>juicio pol\u00edtico<\/strong>, tras las acusaciones de su ex abogado de haber violado las<strong> leyes de financiaci\u00f3n electoral<\/strong>, \u201clos mercados (financieros) se hundir\u00edan\u201d y el crecimiento econ\u00f3mico se frenar\u00eda.<\/p>\n<blockquote>\n<p>\u201cSi soy censurado, los mercados (financieros) se hundir\u00edan. Creo que todo el mundo ser\u00eda m\u00e1s pobre\u201d, afirm\u00f3 Trump en una entrevista en la cadena estadounidense <em>Fox<\/em>.<\/p>\n<\/blockquote>\n<p>Trump insisti\u00f3 en la buena salud de la econom\u00eda en EU, cuyo crecimiento en el segundo trimestre del a\u00f1o fue de una tasa anualizada del 4.1 por ciento, algo que atribuy\u00f3 a sus pol\u00edticas de desregulaci\u00f3n y recorte de impuestos.<\/p>\n<blockquote>\n<p>\u201cNo se c\u00f3mo se puede censurar a alguien que est\u00e1 haciendo un gran trabajo (\u2026) Se ver\u00edan n\u00fameros que (ustedes) no creer\u00edan, en retroceso (de abrirse el juicio pol\u00edtico)\u201d, agreg\u00f3.<\/p>\n<\/blockquote>\n<p>Las palabras del mandatario se producen despu\u00e9s de que su ex abogado, Michael Cohen, se declarase culpable este martes ante un juez federal de Nueva York de varios delitos y dijese que fue el propio Trump quien le pidi\u00f3 que pagara a dos mujeres para comprar su silencios durante la campa\u00f1a electoral.<\/p>\n<p>Trump ha reconocido estos pagos pero ha negado que procediesen de su campa\u00f1a electoral, lo que constituir\u00eda una violaci\u00f3n de las leyes financiaci\u00f3n, y ha subrayado que proven\u00edan de su bolsillo.<\/p>\n<p>La revelaci\u00f3n de Cohen ha azuzado las especulaciones sobre la posibilidad de que los dem\u00f3cratas abran un juicio pol\u00edtico contra Trump si retoman la C\u00e1mara Baja tras las elecciones legislativas de noviembre, pero los l\u00edderes de la oposici\u00f3n han evitado por ahora hacer promesas sobre ese proceso de destituci\u00f3n.<\/p>\n<p>Con Informaci\u00f3n de EFE<\/p>\n","protected":false},"excerpt":{"rendered":"<p>Trump asegura que si le abren un juicio pol\u00edtico \u201clos mercados se hundir\u00edan\u201d<br \/>\nPor Carolina Alonso Romei<br \/>\nInternacionalista<\/p>\n","protected":false},"author":2,"featured_media":2997,"comment_status":"open","ping_status":"open","sticky":false,"template":"","format":"standard","meta":{"_monsterinsights_skip_tracking":false,"_monsterinsights_sitenote_active":false,"_monsterinsights_sitenote_note":"","_monsterinsights_sitenote_category":0,"footnotes":""},"categories":[1],"tags":[],"class_list":["post-2998","post","type-post","status-publish","format-standard","has-post-thumbnail","hentry","category-sin-categoria"],"yoast_head":"<!-- This site is optimized with the Yoast SEO plugin v27.3 - https:\/\/yoast.com\/product\/yoast-seo-wordpress\/ -->\n<title>Internacionales\/\/\/Carolina Alonso Romei\/\/\/Trump asegura que si le abren un juicio pol\u00edtico \u201clos mercados se hundir\u00edan\u201d -<\/title>\n<meta name=\"robots\" content=\"index, follow, max-snippet:-1, max-image-preview:large, max-video-preview:-1\" \/>\n<link rel=\"canonical\" href=\"https:\/\/quehacerpolitico.mx\/?p=2998\" \/>\n<meta property=\"og:locale\" content=\"es_MX\" \/>\n<meta property=\"og:type\" content=\"article\" \/>\n<meta property=\"og:title\" content=\"Internacionales\/\/\/Carolina Alonso Romei\/\/\/Trump asegura que si le abren un juicio pol\u00edtico \u201clos mercados se hundir\u00edan\u201d -\" \/>\n<meta property=\"og:description\" content=\"Trump asegura que si le abren un juicio pol\u00edtico \u201clos mercados se hundir\u00edan\u201d Por Carolina Alonso Romei Internacionalista\" \/>\n<meta property=\"og:url\" content=\"https:\/\/quehacerpolitico.mx\/?p=2998\" \/>\n<meta property=\"article:published_time\" content=\"2018-08-23T14:46:39+00:00\" \/>\n<meta name=\"author\" content=\"Redacci\u00f3n QP\" \/>\n<meta name=\"twitter:card\" content=\"summary_large_image\" \/>\n<meta name=\"twitter:label1\" content=\"Escrito por\" \/>\n\t<meta name=\"twitter:data1\" content=\"Redacci\u00f3n QP\" \/>\n\t<meta name=\"twitter:label2\" content=\"Tiempo de lectura\" \/>\n\t<meta name=\"twitter:data2\" content=\"2 minutos\" \/>\n<script type=\"application\/ld+json\" class=\"yoast-schema-graph\">{\"@context\":\"https:\\\/\\\/schema.org\",\"@graph\":[{\"@type\":\"Article\",\"@id\":\"https:\\\/\\\/quehacerpolitico.mx\\\/?p=2998#article\",\"isPartOf\":{\"@id\":\"https:\\\/\\\/quehacerpolitico.mx\\\/?p=2998\"},\"author\":{\"name\":\"Redacci\u00f3n QP\",\"@id\":\"https:\\\/\\\/quehacerpolitico.mx\\\/#\\\/schema\\\/person\\\/496d8ad2d1d3f8036101dca7ee39e585\"},\"headline\":\"Internacionales\\\/\\\/\\\/Carolina Alonso Romei\\\/\\\/\\\/Trump asegura que si le abren un juicio pol\u00edtico \u201clos mercados se hundir\u00edan\u201d\",\"datePublished\":\"2018-08-23T14:46:39+00:00\",\"mainEntityOfPage\":{\"@id\":\"https:\\\/\\\/quehacerpolitico.mx\\\/?p=2998\"},\"wordCount\":413,\"commentCount\":0,\"image\":{\"@id\":\"https:\\\/\\\/quehacerpolitico.mx\\\/?p=2998#primaryimage\"},\"thumbnailUrl\":\"\",\"articleSection\":[\"Internacionales\"],\"inLanguage\":\"es\",\"potentialAction\":[{\"@type\":\"CommentAction\",\"name\":\"Comment\",\"target\":[\"https:\\\/\\\/quehacerpolitico.mx\\\/?p=2998#respond\"]}]},{\"@type\":\"WebPage\",\"@id\":\"https:\\\/\\\/quehacerpolitico.mx\\\/?p=2998\",\"url\":\"https:\\\/\\\/quehacerpolitico.mx\\\/?p=2998\",\"name\":\"Internacionales\\\/\\\/\\\/Carolina Alonso Romei\\\/\\\/\\\/Trump asegura que si le abren un juicio pol\u00edtico \u201clos mercados se hundir\u00edan\u201d -\",\"isPartOf\":{\"@id\":\"https:\\\/\\\/quehacerpolitico.mx\\\/#website\"},\"primaryImageOfPage\":{\"@id\":\"https:\\\/\\\/quehacerpolitico.mx\\\/?p=2998#primaryimage\"},\"image\":{\"@id\":\"https:\\\/\\\/quehacerpolitico.mx\\\/?p=2998#primaryimage\"},\"thumbnailUrl\":\"\",\"datePublished\":\"2018-08-23T14:46:39+00:00\",\"author\":{\"@id\":\"https:\\\/\\\/quehacerpolitico.mx\\\/#\\\/schema\\\/person\\\/496d8ad2d1d3f8036101dca7ee39e585\"},\"breadcrumb\":{\"@id\":\"https:\\\/\\\/quehacerpolitico.mx\\\/?p=2998#breadcrumb\"},\"inLanguage\":\"es\",\"potentialAction\":[{\"@type\":\"ReadAction\",\"target\":[\"https:\\\/\\\/quehacerpolitico.mx\\\/?p=2998\"]}]},{\"@type\":\"ImageObject\",\"inLanguage\":\"es\",\"@id\":\"https:\\\/\\\/quehacerpolitico.mx\\\/?p=2998#primaryimage\",\"url\":\"\",\"contentUrl\":\"\"},{\"@type\":\"BreadcrumbList\",\"@id\":\"https:\\\/\\\/quehacerpolitico.mx\\\/?p=2998#breadcrumb\",\"itemListElement\":[{\"@type\":\"ListItem\",\"position\":1,\"name\":\"Inicio\",\"item\":\"https:\\\/\\\/quehacerpolitico.mx\\\/\"},{\"@type\":\"ListItem\",\"position\":2,\"name\":\"Internacionales\\\/\\\/\\\/Carolina Alonso Romei\\\/\\\/\\\/Trump asegura que si le abren un juicio pol\u00edtico \u201clos mercados se hundir\u00edan\u201d\"}]},{\"@type\":\"WebSite\",\"@id\":\"https:\\\/\\\/quehacerpolitico.mx\\\/#website\",\"url\":\"https:\\\/\\\/quehacerpolitico.mx\\\/\",\"name\":\"\",\"description\":\"\",\"potentialAction\":[{\"@type\":\"SearchAction\",\"target\":{\"@type\":\"EntryPoint\",\"urlTemplate\":\"https:\\\/\\\/quehacerpolitico.mx\\\/?s={search_term_string}\"},\"query-input\":{\"@type\":\"PropertyValueSpecification\",\"valueRequired\":true,\"valueName\":\"search_term_string\"}}],\"inLanguage\":\"es\"},{\"@type\":\"Person\",\"@id\":\"https:\\\/\\\/quehacerpolitico.mx\\\/#\\\/schema\\\/person\\\/496d8ad2d1d3f8036101dca7ee39e585\",\"name\":\"Redacci\u00f3n QP\",\"image\":{\"@type\":\"ImageObject\",\"inLanguage\":\"es\",\"@id\":\"https:\\\/\\\/secure.gravatar.com\\\/avatar\\\/c7164ed6fdec453195284ad24a5ae5b6e1eed2b848477fa2a4787ba9adf39a41?s=96&d=mm&r=g\",\"url\":\"https:\\\/\\\/secure.gravatar.com\\\/avatar\\\/c7164ed6fdec453195284ad24a5ae5b6e1eed2b848477fa2a4787ba9adf39a41?s=96&d=mm&r=g\",\"contentUrl\":\"https:\\\/\\\/secure.gravatar.com\\\/avatar\\\/c7164ed6fdec453195284ad24a5ae5b6e1eed2b848477fa2a4787ba9adf39a41?s=96&d=mm&r=g\",\"caption\":\"Redacci\u00f3n QP\"},\"url\":\"https:\\\/\\\/quehacerpolitico.mx\\\/?author=2\"}]}<\/script>\n<!-- \/ Yoast SEO plugin. -->","yoast_head_json":{"title":"Internacionales\/\/\/Carolina Alonso Romei\/\/\/Trump asegura que si le abren un juicio pol\u00edtico \u201clos mercados se hundir\u00edan\u201d -","robots":{"index":"index","follow":"follow","max-snippet":"max-snippet:-1","max-image-preview":"max-image-preview:large","max-video-preview":"max-video-preview:-1"},"canonical":"https:\/\/quehacerpolitico.mx\/?p=2998","og_locale":"es_MX","og_type":"article","og_title":"Internacionales\/\/\/Carolina Alonso Romei\/\/\/Trump asegura que si le abren un juicio pol\u00edtico \u201clos mercados se hundir\u00edan\u201d -","og_description":"Trump asegura que si le abren un juicio pol\u00edtico \u201clos mercados se hundir\u00edan\u201d Por Carolina Alonso Romei Internacionalista","og_url":"https:\/\/quehacerpolitico.mx\/?p=2998","article_published_time":"2018-08-23T14:46:39+00:00","author":"Redacci\u00f3n QP","twitter_card":"summary_large_image","twitter_misc":{"Escrito por":"Redacci\u00f3n QP","Tiempo de lectura":"2 minutos"},"schema":{"@context":"https:\/\/schema.org","@graph":[{"@type":"Article","@id":"https:\/\/quehacerpolitico.mx\/?p=2998#article","isPartOf":{"@id":"https:\/\/quehacerpolitico.mx\/?p=2998"},"author":{"name":"Redacci\u00f3n QP","@id":"https:\/\/quehacerpolitico.mx\/#\/schema\/person\/496d8ad2d1d3f8036101dca7ee39e585"},"headline":"Internacionales\/\/\/Carolina Alonso Romei\/\/\/Trump asegura que si le abren un juicio pol\u00edtico \u201clos mercados se hundir\u00edan\u201d","datePublished":"2018-08-23T14:46:39+00:00","mainEntityOfPage":{"@id":"https:\/\/quehacerpolitico.mx\/?p=2998"},"wordCount":413,"commentCount":0,"image":{"@id":"https:\/\/quehacerpolitico.mx\/?p=2998#primaryimage"},"thumbnailUrl":"","articleSection":["Internacionales"],"inLanguage":"es","potentialAction":[{"@type":"CommentAction","name":"Comment","target":["https:\/\/quehacerpolitico.mx\/?p=2998#respond"]}]},{"@type":"WebPage","@id":"https:\/\/quehacerpolitico.mx\/?p=2998","url":"https:\/\/quehacerpolitico.mx\/?p=2998","name":"Internacionales\/\/\/Carolina Alonso Romei\/\/\/Trump asegura que si le abren un juicio pol\u00edtico \u201clos mercados se hundir\u00edan\u201d -","isPartOf":{"@id":"https:\/\/quehacerpolitico.mx\/#website"},"primaryImageOfPage":{"@id":"https:\/\/quehacerpolitico.mx\/?p=2998#primaryimage"},"image":{"@id":"https:\/\/quehacerpolitico.mx\/?p=2998#primaryimage"},"thumbnailUrl":"","datePublished":"2018-08-23T14:46:39+00:00","author":{"@id":"https:\/\/quehacerpolitico.mx\/#\/schema\/person\/496d8ad2d1d3f8036101dca7ee39e585"},"breadcrumb":{"@id":"https:\/\/quehacerpolitico.mx\/?p=2998#breadcrumb"},"inLanguage":"es","potentialAction":[{"@type":"ReadAction","target":["https:\/\/quehacerpolitico.mx\/?p=2998"]}]},{"@type":"ImageObject","inLanguage":"es","@id":"https:\/\/quehacerpolitico.mx\/?p=2998#primaryimage","url":"","contentUrl":""},{"@type":"BreadcrumbList","@id":"https:\/\/quehacerpolitico.mx\/?p=2998#breadcrumb","itemListElement":[{"@type":"ListItem","position":1,"name":"Inicio","item":"https:\/\/quehacerpolitico.mx\/"},{"@type":"ListItem","position":2,"name":"Internacionales\/\/\/Carolina Alonso Romei\/\/\/Trump asegura que si le abren un juicio pol\u00edtico \u201clos mercados se hundir\u00edan\u201d"}]},{"@type":"WebSite","@id":"https:\/\/quehacerpolitico.mx\/#website","url":"https:\/\/quehacerpolitico.mx\/","name":"","description":"","potentialAction":[{"@type":"SearchAction","target":{"@type":"EntryPoint","urlTemplate":"https:\/\/quehacerpolitico.mx\/?s={search_term_string}"},"query-input":{"@type":"PropertyValueSpecification","valueRequired":true,"valueName":"search_term_string"}}],"inLanguage":"es"},{"@type":"Person","@id":"https:\/\/quehacerpolitico.mx\/#\/schema\/person\/496d8ad2d1d3f8036101dca7ee39e585","name":"Redacci\u00f3n QP","image":{"@type":"ImageObject","inLanguage":"es","@id":"https:\/\/secure.gravatar.com\/avatar\/c7164ed6fdec453195284ad24a5ae5b6e1eed2b848477fa2a4787ba9adf39a41?s=96&d=mm&r=g","url":"https:\/\/secure.gravatar.com\/avatar\/c7164ed6fdec453195284ad24a5ae5b6e1eed2b848477fa2a4787ba9adf39a41?s=96&d=mm&r=g","contentUrl":"https:\/\/secure.gravatar.com\/avatar\/c7164ed6fdec453195284ad24a5ae5b6e1eed2b848477fa2a4787ba9adf39a41?s=96&d=mm&r=g","caption":"Redacci\u00f3n QP"},"url":"https:\/\/quehacerpolitico.mx\/?author=2"}]}},"featured_image_urls":{"full":"","thumbnail":"","medium":"","medium_large":"","large":"","1536x1536":"","2048x2048":"","covernews-featured":"","covernews-medium":""},"author_info":{"display_name":"Redacci\u00f3n QP","author_link":"https:\/\/quehacerpolitico.mx\/?author=2"},"category_info":"<a href=\"https:\/\/quehacerpolitico.mx\/?cat=1\" rel=\"category\">Internacionales<\/a>","tag_info":"Internacionales","comment_count":"0","_links":{"self":[{"href":"https:\/\/quehacerpolitico.mx\/index.php?rest_route=\/wp\/v2\/posts\/2998","targetHints":{"allow":["GET"]}}],"collection":[{"href":"https:\/\/quehacerpolitico.mx\/index.php?rest_route=\/wp\/v2\/posts"}],"about":[{"href":"https:\/\/quehacerpolitico.mx\/index.php?rest_route=\/wp\/v2\/types\/post"}],"author":[{"embeddable":true,"href":"https:\/\/quehacerpolitico.mx\/index.php?rest_route=\/wp\/v2\/users\/2"}],"replies":[{"embeddable":true,"href":"https:\/\/quehacerpolitico.mx\/index.php?rest_route=%2Fwp%2Fv2%2Fcomments&post=2998"}],"version-history":[{"count":0,"href":"https:\/\/quehacerpolitico.mx\/index.php?rest_route=\/wp\/v2\/posts\/2998\/revisions"}],"wp:featuredmedia":[{"embeddable":true,"href":"https:\/\/quehacerpolitico.mx\/index.php?rest_route=\/"}],"wp:attachment":[{"href":"https:\/\/quehacerpolitico.mx\/index.php?rest_route=%2Fwp%2Fv2%2Fmedia&parent=2998"}],"wp:term":[{"taxonomy":"category","embeddable":true,"href":"https:\/\/quehacerpolitico.mx\/index.php?rest_route=%2Fwp%2Fv2%2Fcategories&post=2998"},{"taxonomy":"post_tag","embeddable":true,"href":"https:\/\/quehacerpolitico.mx\/index.php?rest_route=%2Fwp%2Fv2%2Ftags&post=2998"}],"curies":[{"name":"wp","href":"https:\/\/api.w.org\/{rel}","templated":true}]}}