{"id":2974,"date":"2018-08-22T23:37:05","date_gmt":"2018-08-22T23:37:05","guid":{"rendered":"http:\/\/quehacerpolitico.mx\/se-reservara-morena-derecho-de-admision-en-nueva-militancia\/"},"modified":"2018-08-22T23:37:05","modified_gmt":"2018-08-22T23:37:05","slug":"se-reservara-morena-derecho-de-admision-en-nueva-militancia","status":"publish","type":"post","link":"https:\/\/quehacerpolitico.mx\/?p=2974","title":{"rendered":"Se reservar\u00e1 Morena \u2018derecho de admisi\u00f3n\u2019 en nueva militancia"},"content":{"rendered":"<p><strong>Movimiento Regeneraci\u00f3n Nacional<\/strong> (<strong>Morena<\/strong>) aplicar\u00e1 filtros para la admisi\u00f3n de militantes en sus filas, advirti\u00f3 la presidenta y secretaria general <strong>Yeidckol Polevnsky<\/strong>, al indicar que se han incorporado personas con intereses contrarios a los principios del partido fundado por<strong> Andr\u00e9s Manuel L\u00f3pez Obrado<\/strong>r.<\/p>\n<blockquote>\n<p>\u201cTendr\u00edamos que cuidar ese detalle. No podemos permitir que los que llegaran se afiliaran si no pasaban por un filtro muy meticuloso para cuidar que no se nos infiltre gente, y que la gente que est\u00e1 realmente sea por convicciones y por el inter\u00e9s de hacer un cambio verdadero\u201d, se\u00f1al\u00f3.<\/p>\n<\/blockquote>\n<p>La medida comenzar\u00e1 en un plazo no mayor a un mes, pues explic\u00f3 que a la fecha Morena cuenta con alrededor de 3 millones de militantes, cifra que supera a partidos como Acci\u00f3n Nacional (PAN)<\/p>\n<blockquote>\n<p>\u201cHemos crecido en cuatro a\u00f1os de existir, pero de repente que te salgan miles y miles no es l\u00f3gico\u201d, enfatiz\u00f3.<\/p>\n<\/blockquote>\n<p>Detall\u00f3 que como parte de los diversos cambios a los estatutos y acuerdos que se aprobaron en el \u00faltimo congreso de Morena, quienes quieran ser candidatos a un cargo de elecci\u00f3n popular abanderados por este partido, deber\u00e1n cumplir requisitos m\u00e1s estrictos que en la pasada elecci\u00f3n.<\/p>\n<blockquote>\n<p>\u201cVa a ser generalizado para todos que quien quiera ser candidato nuestro en el futuro tendr\u00e1 que tomar los cursos dentro del <strong>Instituto de Formaci\u00f3n y Capacitaci\u00f3n de Morena<\/strong> para que tengamos la forma de gobernar de Morena con pleno apego a la austeridad y trabajo de base con la gente y no que se suban al ladrillo y quieran ser funcionarios p\u00fablicos\u201d.<\/p>\n<p>Remarc\u00f3 que actualmente en Morena los estatutos permiten que sociedad civil sin afiliaci\u00f3n participe como candidato, lo cual cambiar\u00e1 con la entrada en vigor de nuevos requisitos.<\/p>\n<blockquote>\n<p>\u201cCon el inter\u00e9s de organizar, re ordenar a Morena porque he de decir que hemos construido a Morena desde abajo de una forma org\u00e1nica normal pero despu\u00e9s del triunfo de <strong>Andr\u00e9s Manuel L\u00f3pez Obrador<\/strong> empezaron a llegar cantidades anormales de afiliaciones. No era l\u00f3gico\u201d, abund\u00f3.<\/p>\n<div class=\"amp-ad-wrapper amp_ad_1 ampforwp-incontent-ampforwp-incontent-ad ampforwp-incontent-ad4\">\n<div class=\"i-amphtml-fx-flying-carpet-clip\">\n<div class=\"i-amphtml-fx-flying-carpet-container\">\n<div class=\"amp-hidden\">\n<p>Al terminar la inauguraci\u00f3n del seminario y taller legislativo para senadores electos de Morena, <strong>Yeidkol Polevnsky<\/strong> indic\u00f3 que luego de recibir el curso de inducci\u00f3n habr\u00e1n de comenzar los di\u00e1logos para impulsar una de las primeras reformas a la Constituci\u00f3n, la cual estar\u00e1 enfocada a impulsar la reducci\u00f3n de la prerrogativas de los partidos pol\u00edticos a la mitad.<\/p>\n<blockquote>\n<p>\u201cEse dinero hace falta en cosas m\u00e1s \u00fatiles que lo que hacen los partidos con ello. Nosotros estamos poniendo el ejemplo siendo el partido que tiene mayor n\u00famero de prerrogativas pero queremos que sea con todos los partidos, que el trabajo sea de cercan\u00eda a la gente y no de despilfarro de dinero\u201d, subray\u00f3.<\/p>\n<\/blockquote>\n<p>Indic\u00f3 que los partidos que no apoyen esta medida \u201cla enorme quemada que se van a dar al defender las cantidades de dinero con las que cuentan\u201d.<\/p>\n<p>Finalmente aclar\u00f3 que su cargo en Morena es de Secretar\u00eda General en funciones de Presidente y en las pr\u00f3ximas elecciones internas del partido buscar\u00e1 de manera formal la presidencia.<\/p>\n<\/div>\n<\/div>\n<\/div>\n<\/div>\n<\/blockquote>\n<\/blockquote>\n","protected":false},"excerpt":{"rendered":"<p>Se reservar\u00e1 Morena \u2018derecho de admisi\u00f3n\u2019 en nueva militancia<br \/>\nPor Redacci\u00f3n QP<\/p>\n","protected":false},"author":2,"featured_media":2973,"comment_status":"open","ping_status":"open","sticky":false,"template":"","format":"standard","meta":{"_monsterinsights_skip_tracking":false,"_monsterinsights_sitenote_active":false,"_monsterinsights_sitenote_note":"","_monsterinsights_sitenote_category":0,"footnotes":""},"categories":[2],"tags":[],"class_list":["post-2974","post","type-post","status-publish","format-standard","has-post-thumbnail","hentry","category-noticias"],"yoast_head":"<!-- This site is optimized with the Yoast SEO plugin v27.3 - https:\/\/yoast.com\/product\/yoast-seo-wordpress\/ -->\n<title>Se reservar\u00e1 Morena \u2018derecho de admisi\u00f3n\u2019 en nueva militancia -<\/title>\n<meta name=\"robots\" content=\"index, follow, max-snippet:-1, max-image-preview:large, max-video-preview:-1\" \/>\n<link rel=\"canonical\" href=\"https:\/\/quehacerpolitico.mx\/?p=2974\" \/>\n<meta property=\"og:locale\" content=\"es_MX\" \/>\n<meta property=\"og:type\" content=\"article\" \/>\n<meta property=\"og:title\" content=\"Se reservar\u00e1 Morena \u2018derecho de admisi\u00f3n\u2019 en nueva militancia -\" \/>\n<meta property=\"og:description\" content=\"Se reservar\u00e1 Morena \u2018derecho de admisi\u00f3n\u2019 en nueva militancia Por Redacci\u00f3n QP\" \/>\n<meta property=\"og:url\" content=\"https:\/\/quehacerpolitico.mx\/?p=2974\" \/>\n<meta property=\"article:published_time\" content=\"2018-08-22T23:37:05+00:00\" \/>\n<meta name=\"author\" content=\"Redacci\u00f3n QP\" \/>\n<meta name=\"twitter:card\" content=\"summary_large_image\" \/>\n<meta name=\"twitter:label1\" content=\"Escrito por\" \/>\n\t<meta name=\"twitter:data1\" content=\"Redacci\u00f3n QP\" \/>\n\t<meta name=\"twitter:label2\" content=\"Tiempo de lectura\" \/>\n\t<meta name=\"twitter:data2\" content=\"3 minutos\" \/>\n<script type=\"application\/ld+json\" class=\"yoast-schema-graph\">{\"@context\":\"https:\\\/\\\/schema.org\",\"@graph\":[{\"@type\":\"Article\",\"@id\":\"https:\\\/\\\/quehacerpolitico.mx\\\/?p=2974#article\",\"isPartOf\":{\"@id\":\"https:\\\/\\\/quehacerpolitico.mx\\\/?p=2974\"},\"author\":{\"name\":\"Redacci\u00f3n QP\",\"@id\":\"https:\\\/\\\/quehacerpolitico.mx\\\/#\\\/schema\\\/person\\\/496d8ad2d1d3f8036101dca7ee39e585\"},\"headline\":\"Se reservar\u00e1 Morena \u2018derecho de admisi\u00f3n\u2019 en nueva militancia\",\"datePublished\":\"2018-08-22T23:37:05+00:00\",\"mainEntityOfPage\":{\"@id\":\"https:\\\/\\\/quehacerpolitico.mx\\\/?p=2974\"},\"wordCount\":542,\"commentCount\":0,\"image\":{\"@id\":\"https:\\\/\\\/quehacerpolitico.mx\\\/?p=2974#primaryimage\"},\"thumbnailUrl\":\"\",\"articleSection\":[\"Noticias\"],\"inLanguage\":\"es\",\"potentialAction\":[{\"@type\":\"CommentAction\",\"name\":\"Comment\",\"target\":[\"https:\\\/\\\/quehacerpolitico.mx\\\/?p=2974#respond\"]}]},{\"@type\":\"WebPage\",\"@id\":\"https:\\\/\\\/quehacerpolitico.mx\\\/?p=2974\",\"url\":\"https:\\\/\\\/quehacerpolitico.mx\\\/?p=2974\",\"name\":\"Se reservar\u00e1 Morena \u2018derecho de admisi\u00f3n\u2019 en nueva militancia -\",\"isPartOf\":{\"@id\":\"https:\\\/\\\/quehacerpolitico.mx\\\/#website\"},\"primaryImageOfPage\":{\"@id\":\"https:\\\/\\\/quehacerpolitico.mx\\\/?p=2974#primaryimage\"},\"image\":{\"@id\":\"https:\\\/\\\/quehacerpolitico.mx\\\/?p=2974#primaryimage\"},\"thumbnailUrl\":\"\",\"datePublished\":\"2018-08-22T23:37:05+00:00\",\"author\":{\"@id\":\"https:\\\/\\\/quehacerpolitico.mx\\\/#\\\/schema\\\/person\\\/496d8ad2d1d3f8036101dca7ee39e585\"},\"breadcrumb\":{\"@id\":\"https:\\\/\\\/quehacerpolitico.mx\\\/?p=2974#breadcrumb\"},\"inLanguage\":\"es\",\"potentialAction\":[{\"@type\":\"ReadAction\",\"target\":[\"https:\\\/\\\/quehacerpolitico.mx\\\/?p=2974\"]}]},{\"@type\":\"ImageObject\",\"inLanguage\":\"es\",\"@id\":\"https:\\\/\\\/quehacerpolitico.mx\\\/?p=2974#primaryimage\",\"url\":\"\",\"contentUrl\":\"\"},{\"@type\":\"BreadcrumbList\",\"@id\":\"https:\\\/\\\/quehacerpolitico.mx\\\/?p=2974#breadcrumb\",\"itemListElement\":[{\"@type\":\"ListItem\",\"position\":1,\"name\":\"Inicio\",\"item\":\"https:\\\/\\\/quehacerpolitico.mx\\\/\"},{\"@type\":\"ListItem\",\"position\":2,\"name\":\"Se reservar\u00e1 Morena \u2018derecho de admisi\u00f3n\u2019 en nueva militancia\"}]},{\"@type\":\"WebSite\",\"@id\":\"https:\\\/\\\/quehacerpolitico.mx\\\/#website\",\"url\":\"https:\\\/\\\/quehacerpolitico.mx\\\/\",\"name\":\"\",\"description\":\"\",\"potentialAction\":[{\"@type\":\"SearchAction\",\"target\":{\"@type\":\"EntryPoint\",\"urlTemplate\":\"https:\\\/\\\/quehacerpolitico.mx\\\/?s={search_term_string}\"},\"query-input\":{\"@type\":\"PropertyValueSpecification\",\"valueRequired\":true,\"valueName\":\"search_term_string\"}}],\"inLanguage\":\"es\"},{\"@type\":\"Person\",\"@id\":\"https:\\\/\\\/quehacerpolitico.mx\\\/#\\\/schema\\\/person\\\/496d8ad2d1d3f8036101dca7ee39e585\",\"name\":\"Redacci\u00f3n QP\",\"image\":{\"@type\":\"ImageObject\",\"inLanguage\":\"es\",\"@id\":\"https:\\\/\\\/secure.gravatar.com\\\/avatar\\\/c7164ed6fdec453195284ad24a5ae5b6e1eed2b848477fa2a4787ba9adf39a41?s=96&d=mm&r=g\",\"url\":\"https:\\\/\\\/secure.gravatar.com\\\/avatar\\\/c7164ed6fdec453195284ad24a5ae5b6e1eed2b848477fa2a4787ba9adf39a41?s=96&d=mm&r=g\",\"contentUrl\":\"https:\\\/\\\/secure.gravatar.com\\\/avatar\\\/c7164ed6fdec453195284ad24a5ae5b6e1eed2b848477fa2a4787ba9adf39a41?s=96&d=mm&r=g\",\"caption\":\"Redacci\u00f3n QP\"},\"url\":\"https:\\\/\\\/quehacerpolitico.mx\\\/?author=2\"}]}<\/script>\n<!-- \/ Yoast SEO plugin. -->","yoast_head_json":{"title":"Se reservar\u00e1 Morena \u2018derecho de admisi\u00f3n\u2019 en nueva militancia -","robots":{"index":"index","follow":"follow","max-snippet":"max-snippet:-1","max-image-preview":"max-image-preview:large","max-video-preview":"max-video-preview:-1"},"canonical":"https:\/\/quehacerpolitico.mx\/?p=2974","og_locale":"es_MX","og_type":"article","og_title":"Se reservar\u00e1 Morena \u2018derecho de admisi\u00f3n\u2019 en nueva militancia -","og_description":"Se reservar\u00e1 Morena \u2018derecho de admisi\u00f3n\u2019 en nueva militancia Por Redacci\u00f3n QP","og_url":"https:\/\/quehacerpolitico.mx\/?p=2974","article_published_time":"2018-08-22T23:37:05+00:00","author":"Redacci\u00f3n QP","twitter_card":"summary_large_image","twitter_misc":{"Escrito por":"Redacci\u00f3n QP","Tiempo de lectura":"3 minutos"},"schema":{"@context":"https:\/\/schema.org","@graph":[{"@type":"Article","@id":"https:\/\/quehacerpolitico.mx\/?p=2974#article","isPartOf":{"@id":"https:\/\/quehacerpolitico.mx\/?p=2974"},"author":{"name":"Redacci\u00f3n QP","@id":"https:\/\/quehacerpolitico.mx\/#\/schema\/person\/496d8ad2d1d3f8036101dca7ee39e585"},"headline":"Se reservar\u00e1 Morena \u2018derecho de admisi\u00f3n\u2019 en nueva militancia","datePublished":"2018-08-22T23:37:05+00:00","mainEntityOfPage":{"@id":"https:\/\/quehacerpolitico.mx\/?p=2974"},"wordCount":542,"commentCount":0,"image":{"@id":"https:\/\/quehacerpolitico.mx\/?p=2974#primaryimage"},"thumbnailUrl":"","articleSection":["Noticias"],"inLanguage":"es","potentialAction":[{"@type":"CommentAction","name":"Comment","target":["https:\/\/quehacerpolitico.mx\/?p=2974#respond"]}]},{"@type":"WebPage","@id":"https:\/\/quehacerpolitico.mx\/?p=2974","url":"https:\/\/quehacerpolitico.mx\/?p=2974","name":"Se reservar\u00e1 Morena \u2018derecho de admisi\u00f3n\u2019 en nueva militancia -","isPartOf":{"@id":"https:\/\/quehacerpolitico.mx\/#website"},"primaryImageOfPage":{"@id":"https:\/\/quehacerpolitico.mx\/?p=2974#primaryimage"},"image":{"@id":"https:\/\/quehacerpolitico.mx\/?p=2974#primaryimage"},"thumbnailUrl":"","datePublished":"2018-08-22T23:37:05+00:00","author":{"@id":"https:\/\/quehacerpolitico.mx\/#\/schema\/person\/496d8ad2d1d3f8036101dca7ee39e585"},"breadcrumb":{"@id":"https:\/\/quehacerpolitico.mx\/?p=2974#breadcrumb"},"inLanguage":"es","potentialAction":[{"@type":"ReadAction","target":["https:\/\/quehacerpolitico.mx\/?p=2974"]}]},{"@type":"ImageObject","inLanguage":"es","@id":"https:\/\/quehacerpolitico.mx\/?p=2974#primaryimage","url":"","contentUrl":""},{"@type":"BreadcrumbList","@id":"https:\/\/quehacerpolitico.mx\/?p=2974#breadcrumb","itemListElement":[{"@type":"ListItem","position":1,"name":"Inicio","item":"https:\/\/quehacerpolitico.mx\/"},{"@type":"ListItem","position":2,"name":"Se reservar\u00e1 Morena \u2018derecho de admisi\u00f3n\u2019 en nueva militancia"}]},{"@type":"WebSite","@id":"https:\/\/quehacerpolitico.mx\/#website","url":"https:\/\/quehacerpolitico.mx\/","name":"","description":"","potentialAction":[{"@type":"SearchAction","target":{"@type":"EntryPoint","urlTemplate":"https:\/\/quehacerpolitico.mx\/?s={search_term_string}"},"query-input":{"@type":"PropertyValueSpecification","valueRequired":true,"valueName":"search_term_string"}}],"inLanguage":"es"},{"@type":"Person","@id":"https:\/\/quehacerpolitico.mx\/#\/schema\/person\/496d8ad2d1d3f8036101dca7ee39e585","name":"Redacci\u00f3n QP","image":{"@type":"ImageObject","inLanguage":"es","@id":"https:\/\/secure.gravatar.com\/avatar\/c7164ed6fdec453195284ad24a5ae5b6e1eed2b848477fa2a4787ba9adf39a41?s=96&d=mm&r=g","url":"https:\/\/secure.gravatar.com\/avatar\/c7164ed6fdec453195284ad24a5ae5b6e1eed2b848477fa2a4787ba9adf39a41?s=96&d=mm&r=g","contentUrl":"https:\/\/secure.gravatar.com\/avatar\/c7164ed6fdec453195284ad24a5ae5b6e1eed2b848477fa2a4787ba9adf39a41?s=96&d=mm&r=g","caption":"Redacci\u00f3n QP"},"url":"https:\/\/quehacerpolitico.mx\/?author=2"}]}},"featured_image_urls":{"full":"","thumbnail":"","medium":"","medium_large":"","large":"","1536x1536":"","2048x2048":"","covernews-featured":"","covernews-medium":""},"author_info":{"display_name":"Redacci\u00f3n QP","author_link":"https:\/\/quehacerpolitico.mx\/?author=2"},"category_info":"<a href=\"https:\/\/quehacerpolitico.mx\/?cat=2\" rel=\"category\">Noticias<\/a>","tag_info":"Noticias","comment_count":"0","_links":{"self":[{"href":"https:\/\/quehacerpolitico.mx\/index.php?rest_route=\/wp\/v2\/posts\/2974","targetHints":{"allow":["GET"]}}],"collection":[{"href":"https:\/\/quehacerpolitico.mx\/index.php?rest_route=\/wp\/v2\/posts"}],"about":[{"href":"https:\/\/quehacerpolitico.mx\/index.php?rest_route=\/wp\/v2\/types\/post"}],"author":[{"embeddable":true,"href":"https:\/\/quehacerpolitico.mx\/index.php?rest_route=\/wp\/v2\/users\/2"}],"replies":[{"embeddable":true,"href":"https:\/\/quehacerpolitico.mx\/index.php?rest_route=%2Fwp%2Fv2%2Fcomments&post=2974"}],"version-history":[{"count":0,"href":"https:\/\/quehacerpolitico.mx\/index.php?rest_route=\/wp\/v2\/posts\/2974\/revisions"}],"wp:featuredmedia":[{"embeddable":true,"href":"https:\/\/quehacerpolitico.mx\/index.php?rest_route=\/"}],"wp:attachment":[{"href":"https:\/\/quehacerpolitico.mx\/index.php?rest_route=%2Fwp%2Fv2%2Fmedia&parent=2974"}],"wp:term":[{"taxonomy":"category","embeddable":true,"href":"https:\/\/quehacerpolitico.mx\/index.php?rest_route=%2Fwp%2Fv2%2Fcategories&post=2974"},{"taxonomy":"post_tag","embeddable":true,"href":"https:\/\/quehacerpolitico.mx\/index.php?rest_route=%2Fwp%2Fv2%2Ftags&post=2974"}],"curies":[{"name":"wp","href":"https:\/\/api.w.org\/{rel}","templated":true}]}}