{"id":2968,"date":"2018-08-22T22:26:56","date_gmt":"2018-08-22T22:26:56","guid":{"rendered":"http:\/\/quehacerpolitico.mx\/no-solo-es-javier-duarte-pgr-es-mucho-mas-odebrecht-tlatlaya-cesar-duarte-los-43-elba-esther\/"},"modified":"2018-08-22T22:26:56","modified_gmt":"2018-08-22T22:26:56","slug":"no-solo-es-javier-duarte-pgr-es-mucho-mas-odebrecht-tlatlaya-cesar-duarte-los-43-elba-esther","status":"publish","type":"post","link":"https:\/\/quehacerpolitico.mx\/?p=2968","title":{"rendered":"No s\u00f3lo es Javier Duarte, PGR; es mucho m\u00e1s: Odebrecht, Tlatlaya, C\u00e9sar Duarte, Los 43, Elba Esther\u2026"},"content":{"rendered":"<h3>El fracaso en las acusaciones e investigaciones de la Procuradur\u00eda General de la Rep\u00fablica en casos de alto impacto \u2013que incluso han alcanzado la atenci\u00f3n internacional\u2013 brillan en este sexenio ya sea por su falta de resultados o por haber sido desechadas tajantemente por los jueces.<\/h3>\n<h3>La dependencia sumida en fuertes cr\u00edticas por el rev\u00e9s que le dio la libertad a Elba Esther Gordillo Morales, ex lideresa del SNTE, y la noticia difundida el martes por la noche sobre la reclasificaci\u00f3n del delito que acerca a Javier Duarte de Ochoa, ex Gobernador de Veracruz, hacia su liberaci\u00f3n.<\/h3>\n<h3>Sin embargo, estos dos no son los \u00fanicos casos que por omisi\u00f3n, incompetencia e incluso por decisiones pol\u00edticas tiene contra las cuerdas\u00a0 a la PGR que, adem\u00e1s, en un pa\u00eds cada vez m\u00e1s violento y con niveles hist\u00f3ricos de impunidad permanece hace m\u00e1s de un a\u00f1o sin titular.<\/h3>\n<p>La Procuradur\u00eda General de la Rep\u00fablica (<strong>PGR<\/strong>) se mantiene en el ojo de hurac\u00e1n por segunda semana consecutiva: primero fue por la liberaci\u00f3n de la ex lideresa sindical <strong>Elba Esther Gordillo Morales<\/strong> y hoy por la reclasificaci\u00f3n de una de las acusaciones en contra de <strong>Javier Duarte de Ochoa<\/strong>, que podr\u00eda derivar en su eventual excarcelaci\u00f3n.<\/p>\n<p>Pero son varios los casos de alto impacto en M\u00e9xico, que incluso acapararon la atenci\u00f3n mundial, que han puesto en entredicho la eficacia de la dependencia en el actual sexenio y que ha visto desfilar a tres titulares: Jes\u00fas Murillo Karam, Arely G\u00f3mez Gonz\u00e1lez y Ra\u00fal Cervantes Andrade. Hoy, en un pa\u00eds con niveles hist\u00f3ricos de violencia e impunidad, la Procuradur\u00eda General de la Rep\u00fablica se encuentra hace casi un a\u00f1o, sin un titular y\u00a0bajo el mando de un encargado de despacho:\u00a0<strong>Alberto El\u00edas Beltr\u00e1n<\/strong>.<\/p>\n<p>Recientemente, las investigaciones por la desaparici\u00f3n de los 43 estudiantes de <strong>Ayotzinapa<\/strong>, en Guerrero, y la masacre de <strong>Tlatlaya<\/strong>, en el Estado de M\u00e9xico, ocurridas en 2014, fueron echadas por tierra por jueces que encontraron diversas irregularidades\u00a0de la <strong>PGR<\/strong>y han ordenado a la dependencia reabrir los casos.<\/p>\n<p>Adem\u00e1s, los esc\u00e1ndalos por los sobornos de <strong>Odebrecht<\/strong> y las acusaciones de corrupci\u00f3n del priista <strong>C\u00e9sar Duarte J\u00e1quez<\/strong>\u00a0no han derivado en capturas por parte de la dependencia federal. Esas omisiones son consideradas por analistas, activistas y pol\u00edticos de oposici\u00f3n al actual Gobierno federal como una muestra de la justicia selectiva que impera en un pa\u00eds invadido por la impunidad, de acuerdo con las conclusiones de diversos \u00edndices nacionales e internacionales.<\/p>\n<p><strong>LOS 43 Y \u201cLA VERDAD HIST\u00d3RICA\u201d<\/strong><\/p>\n<div id=\"attachment_3460713\" class=\"wp-caption aligncenter\"><img loading=\"lazy\" decoding=\"async\" class=\"size-full wp-image-3460713\" src=\"http:\/\/www.sinembargo.mx\/wp-content\/uploads\/2018\/08\/ayotzinapa.jpg\" sizes=\"auto, (max-width: 700px) 100vw, 700px\" srcset=\"http:\/\/www.sinembargo.mx\/wp-content\/uploads\/2018\/08\/ayotzinapa.jpg 700w, http:\/\/www.sinembargo.mx\/wp-content\/uploads\/2018\/08\/ayotzinapa-300x200.jpg 300w\" alt=\"\" width=\"700\" height=\"467\" \/><\/p>\n<p class=\"wp-caption-text\">Madres y padres de los 43 normalistas de Ayotzinapa desaparecidos marcharon del \u00c1ngel de la Independencia al Hemiciclo a Ju\u00e1rez en exigencia de justicia y presentaci\u00f3n con vida de sus hijos a dos meses de cumplirse cuatro a\u00f1os del ataque en Iguala, Guerrero. Foto: Adolfo Vladimir, Cuartoscuro<\/p>\n<\/div>\n<p>En enero de 2015, Jes\u00fas Murillo Karam, entonces titular de la Procuradur\u00eda General de la Rep\u00fablica, inform\u00f3 sobre las conclusiones de la investigaci\u00f3n sobre el ataque a los estudiantes de la Normal Rural de Ayotzinapa, que dej\u00f3 6 muertos \u2013entre estudiantes y civiles\u2013, 25 heridos y 43 j\u00f3venes desaparecidos, entre la noche del 26 y la madrugada del 27 de septiembre de 2014, en Iguala, Guerrero.<\/p>\n<blockquote>\n<p>\u201cLa verdad hist\u00f3rica\u201d, de acuerdo con el pol\u00edtico hidalguense, concluy\u00f3 que los 43 normalistas fueron asesinados, sus cuerpos calcinados en el basurero del municipio de Cocula y las cenizas regadas en el r\u00edo San Juan. Meses despu\u00e9s, sin embargo, una investigaci\u00f3n que consta de 80 tomos realizada por el Grupo de Expertos Independientes de la Comisi\u00f3n Interamericana de Derechos Humanos (GIEI-CIDH) demostr\u00f3 que esa \u201cverdad\u201d era mentira.<\/p>\n<\/blockquote>\n<p>Para llegar a sus conclusiones y a la detenci\u00f3n de presuntos culpables, la PGR no dijo que aplic\u00f3 supuestos actos de tortura, ni habl\u00f3 de pruebas irrefutable, como la de una instituci\u00f3n meteorol\u00f3gica que a trav\u00e9s de im\u00e1genes satelitales mostr\u00f3 que entre la noche del 26 y la madrugada del 27 de septiembre de 2014 no hubo un incendio en el basurero de Cocula.<\/p>\n<p>El 4 de junio pasado, adem\u00e1s, el Tribunal Colegiado de Tamaulipas orden\u00f3 reponer el procedimiento del caso Ayotzinapa y crear una Comisi\u00f3n de Investigaci\u00f3n para la Verdad y la Justicia, debido a que los magistrados determinaron \u201cque hay indicios suficientes para presumir que las confesiones e imputaciones en contra de coinculpados fueron obtenidas mediante tortura\u201d.<\/p>\n<p>Y d\u00edas despu\u00e9s, el 12 de junio, cuatro detenidos presuntamente involucrados en la desaparici\u00f3n de los 43 normalistas recibieron una orden de liberaci\u00f3n por delincuencia organizada y, dos de ellos, tambi\u00e9n por secuestro, aunque s\u00f3lo uno de ellos fue liberado.<\/p>\n<p>As\u00ed, la \u201cverdad hist\u00f3rica\u201d de la PGR se cay\u00f3 por completo, evidenciando las fallas del Estado mexicano en uno de los casos m\u00e1s emblem\u00e1ticos de desaparici\u00f3n forzada durante la administraci\u00f3n de Enrique Pe\u00f1a Nieto.<\/p>\n<p><strong>LA MASACRE DE TLATLAYA<\/strong><\/p>\n<div id=\"attachment_3460715\" class=\"wp-caption aligncenter\"><img loading=\"lazy\" decoding=\"async\" class=\"size-full wp-image-3460715\" src=\"http:\/\/www.sinembargo.mx\/wp-content\/uploads\/2018\/08\/tlatlaya1.jpg\" sizes=\"auto, (max-width: 700px) 100vw, 700px\" srcset=\"http:\/\/www.sinembargo.mx\/wp-content\/uploads\/2018\/08\/tlatlaya1.jpg 700w, http:\/\/www.sinembargo.mx\/wp-content\/uploads\/2018\/08\/tlatlaya1-300x205.jpg 300w\" alt=\"\" width=\"700\" height=\"478\" \/><\/p>\n<p class=\"wp-caption-text\">En la matanza de Tlatlaya, Estado de M\u00e9xico, ocurrida el 30 de junio de 2014, murieron 22 personas. La versi\u00f3n oficial dice que los militares repelieron el ataque de criminales. Peo hoy se se\u00f1ala a los elementos de la Sedena por haber cometido supuestas ejecuciones extrajudiciales. Foto: Especial<\/p>\n<\/div>\n<p>El caso Tlatlaya fue el primero de los tantos casos de violencia que mancharon la gesti\u00f3n del Presidente Enrique Pe\u00f1a Nieto a nivel nacional e internacional.<\/p>\n<blockquote>\n<p>La versi\u00f3n oficial de la Secretar\u00eda de la Defensa Nacional (Sedena)\u00a0fue que se hab\u00eda tratado de un enfrentamiento entre militares y presuntos delincuentes en la comunidad de San Pedro Lim\u00f3n, municipio de Tlatlaya. Pero testimonios de las testigos de los hechos y la recomendaci\u00f3n 51\/2014 de la Comisi\u00f3n Nacional de los Derechos Humanos (CNDH) echaron por tierra esa versi\u00f3n y se\u00f1alaron la posible existencia de ejecuciones extrajudiciales.<\/p>\n<\/blockquote>\n<p>El pasado 12 de octubre, el Centro de Derechos Humanos Miguel Agust\u00edn Pro Ju\u00e1rez (Centro Prodh) dio a conocer que, por orden de un juez federal, la\u00a0PGR deber\u00e1 reabrir la investigaci\u00f3n del caso Tlatlaya ante la ausencia de una investigaci\u00f3n exhaustiva, adecuada y efectiva.<\/p>\n<p>Ante un amparo de sobreviviente de la masacre, Clara G\u00f3mez Gonz\u00e1lez, se orden\u00f3 a la dependencia\u00a0realizar una serie de diligencias para esclarecer de inmediato el caso y fincar responsabilidades, incluyendo la\u00a0cadena de mando\u00a0involucrada en\u00a0la ilegal orden de abatir delincuentes\u00a0en horas de oscuridad.<\/p>\n<p><strong>\u201cLA MAESTRA\u201d, LIBRE<\/strong><\/p>\n<div id=\"attachment_3460718\" class=\"wp-caption alignnone\"><img loading=\"lazy\" decoding=\"async\" class=\"size-full wp-image-3460718\" src=\"http:\/\/www.sinembargo.mx\/wp-content\/uploads\/2018\/08\/elbaesthergordillo.jpg\" sizes=\"auto, (max-width: 700px) 100vw, 700px\" srcset=\"http:\/\/www.sinembargo.mx\/wp-content\/uploads\/2018\/08\/elbaesthergordillo.jpg 700w, http:\/\/www.sinembargo.mx\/wp-content\/uploads\/2018\/08\/elbaesthergordillo-300x200.jpg 300w\" alt=\"\" width=\"700\" height=\"467\" \/><\/p>\n<p class=\"wp-caption-text\">El pasado 20 de agosto, Elba Esther Gordillo, ex lideresa del SNTE, ofreci\u00f3 un mensaje a los medios en donde dijo: \u201cRecuper\u00e9 la libertad y la Reforma Educativa se ha derrumbado\u201d. Foto: Isaac Esquivel, Cuartoscuro<\/p>\n<\/div>\n<p>El pasado 8 de agosto, la\u00a0ex lideresa magisterial<em>,\u00a0<\/em>Elba Esther Gordillo,\u00a0fue liberada luego de que un magistrado federal absolviera las acusaciones en su contra por\u00a0lavado de dinero\u00a0de mil 978 millones de pesos y por\u00a0delincuencia organizada.<\/p>\n<p>Durante los sexenios previos, panistas y priistas, \u201cLa Maestra\u201d fue clave en los planes de los gobiernos federal y estatales, por lo que era considerada una \u201cintocable\u201d.<\/p>\n<p>En febrero de 2013, la detenci\u00f3n de la entonces cabeza del Sindicato Nacional de Trabajadores de la Educaci\u00f3n (SNTE) fue presumida por el entonces nuevo Gobierno de Enrique Pe\u00f1a Nieto como una muestra de que la impunidad no ser\u00eda permitida.<\/p>\n<p>Pasaron poco m\u00e1s de cinco a\u00f1os y hoy la profesora chiapaneca se encuentra libre, y ha dejado ver que buscar\u00e1 retomar el control de sindicato con mayor n\u00famero de afiliados en Am\u00e9rica Latina en v\u00edsperas de que entre el Gobierno encabezado por Andr\u00e9s Manuel L\u00f3pez Obrador, quien como ella rechaza la Reforma Educativa y ha prometido sustituirla por un nuevo esquema en la materia.<\/p>\n<p><strong>JAVIER DUARTE<\/strong><\/p>\n<div id=\"attachment_3460752\" class=\"wp-caption aligncenter\"><img loading=\"lazy\" decoding=\"async\" class=\"size-full wp-image-3460752\" src=\"http:\/\/www.sinembargo.mx\/wp-content\/uploads\/2018\/08\/javierduarte.jpg\" sizes=\"auto, (max-width: 700px) 100vw, 700px\" srcset=\"http:\/\/www.sinembargo.mx\/wp-content\/uploads\/2018\/08\/javierduarte.jpg 700w, http:\/\/www.sinembargo.mx\/wp-content\/uploads\/2018\/08\/javierduarte-300x200.jpg 300w\" alt=\"\" width=\"700\" height=\"467\" \/><\/p>\n<p class=\"wp-caption-text\">Javier Duarte de Ochoa, ex gobernador de Veracruz, formaba parte de la generaci\u00f3n del \u201cnuevo PRI\u201d. Foto: William Gularte, Cuartoscuro<\/p>\n<\/div>\n<p>El ex Gobernador de Veracruz, Javier Duarte de Ochoa, se convirti\u00f3 en el s\u00edmbolo sexenal de la corrupci\u00f3n de los mandatarios que encarnaban al \u201cnuevo PRI\u201d. Luego de a\u00f1os acusaciones, de su renuncia al cargo y su posterior huida, el pol\u00edtico priista fue detenido en Guatemala en abril de 2017.<\/p>\n<p>La PGR acus\u00f3 a Javier Duarte de desviar y lavar al menos 400 millones de pesos del erario de Veracruz, mediante prestanombres y empresas fantasma. El papel de los representantes del ministerio p\u00fablico federal fue cuestionado en la primera audiencia debido a que no pudieron sostener las acusaciones y recibieron llamados de atenci\u00f3n del juez de control en el Reclusorio Norte.<\/p>\n<p>La PGR retir\u00f3 anoche su acusaci\u00f3n del delito de delincuencia organizada en contra de Duarte y lo reclasific\u00f3 por asociaci\u00f3n delictuosa, con lo que el ex Gobernador priista \u2013ahora ya expulsado de ese partido\u2013 podr\u00eda obtener en el mediano plazo la libertad provisional: ese nuevo il\u00edcito no considera la prisi\u00f3n preventiva por oficio.<\/p>\n<p>Javier Duarte de Ochoa y funcionarios de su administraci\u00f3n est\u00e1n acusados de participar directa e indirectamente en desapariciones forzadas, sustituci\u00f3n de medicamentos destinados a ni\u00f1os con c\u00e1ncer, desv\u00edos millonarios a las arcas estatales, entre otros supuestos il\u00edcitos.<\/p>\n<p><strong>LOS SOBORNOS DE ODEBRECHT<\/strong><\/p>\n<div id=\"attachment_3460722\" class=\"wp-caption alignnone\"><img loading=\"lazy\" decoding=\"async\" class=\"wp-image-3460722 size-full\" src=\"http:\/\/www.sinembargo.mx\/wp-content\/uploads\/2018\/08\/odebrecht.jpg\" sizes=\"auto, (max-width: 700px) 100vw, 700px\" srcset=\"http:\/\/www.sinembargo.mx\/wp-content\/uploads\/2018\/08\/odebrecht.jpg 700w, http:\/\/www.sinembargo.mx\/wp-content\/uploads\/2018\/08\/odebrecht-300x168.jpg 300w\" alt=\"\" width=\"700\" height=\"393\" \/><\/p>\n<p class=\"wp-caption-text\">El esc\u00e1ndalo de los sobornos de Odebrecht alcanz\u00f3 a 12 pa\u00edses, incluido M\u00e9xico. Foto: AP<\/p>\n<\/div>\n<p>A contracorriente de lo que ocurri\u00f3 en otros pa\u00edses, donde hasta presidentes fueron llamados a rendir cuentas y hasta encarcelados por el esc\u00e1ndalo de los sobornos entregados por la empresa brasile\u00f1a Odebrecht, destapado en 2015 y que alcanz\u00f3 a 12 pa\u00edses de Am\u00e9rica Latina y \u00c1frica, en M\u00e9xico no hay un solo detenido y las indagatorias se mantienen en la opacidad.<\/p>\n<p>S\u00f3lo dos pa\u00edses no entraron en la ola de acusaciones contra funcionarios: M\u00e9xico y Venezuela. Adem\u00e1s, guardan otra similitud: los casos involucran dinero relacionado con las campa\u00f1as electorales de los dos presidentes actuales: Pe\u00f1a Nieto y Maduro.<\/p>\n<p>En el caso concreto de M\u00e9xico, el ex director de Pemex, Emilio Lozoya Austin, ha sido el \u00fanico nombre que ha salido a la luz, aunque en la declaratoria de la empresa ante los tribunales estadounidenses se habl\u00f3 de cinco funcionarios inmiscuidos con la constructora. A lo largo de 2017, el ex funcionario fue s\u00f3lo en una ocasi\u00f3n a la PGR.<\/p>\n<p>Las sanciones de M\u00e9xico en contra la empresa han quedado en una serie de multas y la prohibici\u00f3n a a todas las dependencias y entidades de la administraci\u00f3n p\u00fablica de celebrar contratos con su filial en el pa\u00eds.<\/p>\n<p><strong>C\u00c9SAR DUARTE: EL HOMBRE R\u00c9CORD<\/strong><\/p>\n<div id=\"attachment_3460725\" class=\"wp-caption aligncenter\"><img loading=\"lazy\" decoding=\"async\" class=\"size-full wp-image-3460725\" src=\"http:\/\/www.sinembargo.mx\/wp-content\/uploads\/2018\/08\/cesarduarte-1.jpg\" sizes=\"auto, (max-width: 700px) 100vw, 700px\" srcset=\"http:\/\/www.sinembargo.mx\/wp-content\/uploads\/2018\/08\/cesarduarte-1.jpg 700w, http:\/\/www.sinembargo.mx\/wp-content\/uploads\/2018\/08\/cesarduarte-1-200x300.jpg 200w\" alt=\"\" width=\"700\" height=\"1050\" \/><\/p>\n<p class=\"wp-caption-text\">La Interpol tiene activa una ficha de b\u00fasqueda en contra del priista C\u00e9sar Duarte J\u00e1quez, ex Gobernador de Chihuahua, quien supuestamente se esconde en Estados Unidos. Foto: Guillermo Perea, Cuartoscuro<\/p>\n<\/div>\n<p>El priista C\u00e9sar Duarte J\u00e1quez, ex Gobernador de Chihuahua de 2011 a 2017, ha acumulado en el sexenio del Presidente Enrique Pe\u00f1a Nieto 15 \u00f3rdenes de aprehensi\u00f3n por delitos que van, entre otros, desde el presunto desv\u00edo de mil 200 millones de pesos del erario p\u00fablico hasta el desv\u00edo de 79 millones de pesos de las arcas estatales para beneficio del PRI en las campa\u00f1as de 2016.<\/p>\n<p>El ex Gobernador es actualmente pr\u00f3fugo de la justicia y vive en Estados Unidos. Sin embargo, ni la Procuradur\u00eda General de la Rep\u00fablica ni la Secretar\u00eda de Relaciones Exteriores (SRE) han emitido la orden de extradici\u00f3n que le ha solicitado el Gobierno de Chihuahua.<\/p>\n<p>El actual mandatario de la entidad, el panista Javier Corral Jurado, dijo que las 14 carpetas integradas adem\u00e1s de la orden de aprehensi\u00f3n federal contra Duarte J\u00e1quez es algo de lo que no hay antecedente en la historia, no s\u00f3lo de Chihuahua sino de M\u00e9xico.<\/p>\n<p>En marzo pasado, adem\u00e1s, la PGR determin\u00f3 no ejercer acci\u00f3n penal contra el priista por los delitos de desv\u00edo de recursos y lavado de dinero. A Duarte se le han decomisado m\u00e1s de 20 bienes inmuebles, entre ellos ranchos del tama\u00f1o de todo el municipio de Chihuahua, cabecera de la entidad.<\/p>\n<blockquote>\n<p>Para Corral Jurado esa decisi\u00f3n de la PGR \u201ces un mensaje a la sociedad, brutal: impunidad, exoneraci\u00f3n, protecci\u00f3n, para los pillos que pertenezcan al PRI; persecuci\u00f3n pol\u00edtica, uso faccioso de las instituciones de PGR y Hacienda, en contra de opositores pol\u00edticos al Presidente de la Rep\u00fablica\u201d. Adem\u00e1s consider\u00f3 que \u201cel manejo de la PGR desde la Presidencia de la Rep\u00fablica ya es vergonzoso, est\u00e1 provocando al pueblo de M\u00e9xico en su irritaci\u00f3n y pone en riesgo la gobernabilidad del pa\u00eds\u201d.<\/p>\n<\/blockquote>\n<p><strong>NOCHIXTL\u00c1N Y LA IMPUNIDAD<\/strong><\/p>\n<div id=\"attachment_3460730\" class=\"wp-caption aligncenter\"><img loading=\"lazy\" decoding=\"async\" class=\"wp-image-3460730 size-full\" src=\"http:\/\/www.sinembargo.mx\/wp-content\/uploads\/2018\/08\/gendarmes_disparando_oaxaca_2.jpg\" sizes=\"auto, (max-width: 700px) 100vw, 700px\" srcset=\"http:\/\/www.sinembargo.mx\/wp-content\/uploads\/2018\/08\/gendarmes_disparando_oaxaca_2.jpg 700w, http:\/\/www.sinembargo.mx\/wp-content\/uploads\/2018\/08\/gendarmes_disparando_oaxaca_2-300x201.jpg 300w\" alt=\"\" width=\"700\" height=\"470\" \/><\/p>\n<p class=\"wp-caption-text\">La investigaci\u00f3n de los asesinatos de civiles, los arrestos y la tortura en Nochixtl\u00e1n, Oaxaca, el 19 de junio de 2016, por parte de polic\u00edas federales y estatales sigue estancada en la PGR. Foto: Cuartoscuro<\/p>\n<\/div>\n<p>El 19 de junio de 2016, polic\u00edas federales y estatales participaron en el \u201cOperativo Oaxaca\u201d en el municipio de Nochixtl\u00e1n, que en realidad se convirti\u00f3 en un desalojo violento de profesores de la secci\u00f3n 22 del SNTE.<\/p>\n<p>Ah\u00ed fueron asesinados ocho civiles con armas de fuego disparadas por los polic\u00edas y 150 personas quedaron heridas en el ataque que fue indiscriminado y sin control contra el pueblo, incluidos menores de edad, de acuerdo con registros de organizaciones civiles y recomendaciones de la propia CNDH.<\/p>\n<p>A fines de 2017, la PGR atrajo tres carpetas de investigaci\u00f3n contra los polic\u00edas federales y estatales que participaron en los hecho. Hasta hoy no hay avances y la justicia no llega.<\/p>\n<blockquote>\n<p>La organizaci\u00f3n C\u00f3digo DH acusa a la PGR de omisi\u00f3n y complicidad pol\u00edtica con quienes ordenaron el ataque a los profesores y que termin\u00f3 siendo una masacre contra el pueblo, as\u00ed como una cadena de abusos contra los derechos humanos. Por ejemplo, plante\u00f3 la ONG en junio pasado, la Procuradur\u00eda General de la Rep\u00fablica tampoco se ha ocupado de casos como el del grupo de 19 habitantes de Nochixtl\u00e1n que, mientras enterraban a un familiar y amigo asesinado en el operativo fallido, fueron detenidos arbitrariamente por los federales, privados de su libertad, torturados y liberados d\u00edas despu\u00e9s.<\/p>\n<\/blockquote>\n","protected":false},"excerpt":{"rendered":"<p>No s\u00f3lo es Javier Duarte, PGR; es mucho m\u00e1s: Odebrecht, Tlatlaya, C\u00e9sar Duarte, Los 43, Elba Esther\u2026<br \/>\nPor Redacci\u00f3n QP<\/p>\n","protected":false},"author":2,"featured_media":2967,"comment_status":"open","ping_status":"open","sticky":false,"template":"","format":"standard","meta":{"_monsterinsights_skip_tracking":false,"_monsterinsights_sitenote_active":false,"_monsterinsights_sitenote_note":"","_monsterinsights_sitenote_category":0,"footnotes":""},"categories":[2],"tags":[],"class_list":["post-2968","post","type-post","status-publish","format-standard","has-post-thumbnail","hentry","category-noticias"],"yoast_head":"<!-- This site is optimized with the Yoast SEO plugin v27.3 - https:\/\/yoast.com\/product\/yoast-seo-wordpress\/ -->\n<title>No s\u00f3lo es Javier Duarte, PGR; es mucho m\u00e1s: Odebrecht, Tlatlaya, C\u00e9sar Duarte, Los 43, Elba Esther\u2026 -<\/title>\n<meta name=\"robots\" content=\"index, follow, max-snippet:-1, max-image-preview:large, max-video-preview:-1\" \/>\n<link rel=\"canonical\" href=\"https:\/\/quehacerpolitico.mx\/?p=2968\" \/>\n<meta property=\"og:locale\" content=\"es_MX\" \/>\n<meta property=\"og:type\" content=\"article\" \/>\n<meta property=\"og:title\" content=\"No s\u00f3lo es Javier Duarte, PGR; es mucho m\u00e1s: Odebrecht, Tlatlaya, C\u00e9sar Duarte, Los 43, Elba Esther\u2026 -\" \/>\n<meta property=\"og:description\" content=\"No s\u00f3lo es Javier Duarte, PGR; es mucho m\u00e1s: Odebrecht, Tlatlaya, C\u00e9sar Duarte, Los 43, Elba Esther\u2026 Por Redacci\u00f3n QP\" \/>\n<meta property=\"og:url\" content=\"https:\/\/quehacerpolitico.mx\/?p=2968\" \/>\n<meta property=\"article:published_time\" content=\"2018-08-22T22:26:56+00:00\" \/>\n<meta name=\"author\" content=\"Redacci\u00f3n QP\" \/>\n<meta name=\"twitter:card\" content=\"summary_large_image\" \/>\n<meta name=\"twitter:label1\" content=\"Escrito por\" \/>\n\t<meta name=\"twitter:data1\" content=\"Redacci\u00f3n QP\" \/>\n\t<meta name=\"twitter:label2\" content=\"Tiempo de lectura\" \/>\n\t<meta name=\"twitter:data2\" content=\"12 minutos\" \/>\n<script type=\"application\/ld+json\" class=\"yoast-schema-graph\">{\"@context\":\"https:\\\/\\\/schema.org\",\"@graph\":[{\"@type\":\"Article\",\"@id\":\"https:\\\/\\\/quehacerpolitico.mx\\\/?p=2968#article\",\"isPartOf\":{\"@id\":\"https:\\\/\\\/quehacerpolitico.mx\\\/?p=2968\"},\"author\":{\"name\":\"Redacci\u00f3n QP\",\"@id\":\"https:\\\/\\\/quehacerpolitico.mx\\\/#\\\/schema\\\/person\\\/496d8ad2d1d3f8036101dca7ee39e585\"},\"headline\":\"No s\u00f3lo es Javier Duarte, PGR; es mucho m\u00e1s: Odebrecht, Tlatlaya, C\u00e9sar Duarte, Los 43, Elba Esther\u2026\",\"datePublished\":\"2018-08-22T22:26:56+00:00\",\"mainEntityOfPage\":{\"@id\":\"https:\\\/\\\/quehacerpolitico.mx\\\/?p=2968\"},\"wordCount\":2425,\"commentCount\":0,\"image\":{\"@id\":\"https:\\\/\\\/quehacerpolitico.mx\\\/?p=2968#primaryimage\"},\"thumbnailUrl\":\"\",\"articleSection\":[\"Noticias\"],\"inLanguage\":\"es\",\"potentialAction\":[{\"@type\":\"CommentAction\",\"name\":\"Comment\",\"target\":[\"https:\\\/\\\/quehacerpolitico.mx\\\/?p=2968#respond\"]}]},{\"@type\":\"WebPage\",\"@id\":\"https:\\\/\\\/quehacerpolitico.mx\\\/?p=2968\",\"url\":\"https:\\\/\\\/quehacerpolitico.mx\\\/?p=2968\",\"name\":\"No s\u00f3lo es Javier Duarte, PGR; es mucho m\u00e1s: Odebrecht, Tlatlaya, C\u00e9sar Duarte, Los 43, Elba Esther\u2026 -\",\"isPartOf\":{\"@id\":\"https:\\\/\\\/quehacerpolitico.mx\\\/#website\"},\"primaryImageOfPage\":{\"@id\":\"https:\\\/\\\/quehacerpolitico.mx\\\/?p=2968#primaryimage\"},\"image\":{\"@id\":\"https:\\\/\\\/quehacerpolitico.mx\\\/?p=2968#primaryimage\"},\"thumbnailUrl\":\"\",\"datePublished\":\"2018-08-22T22:26:56+00:00\",\"author\":{\"@id\":\"https:\\\/\\\/quehacerpolitico.mx\\\/#\\\/schema\\\/person\\\/496d8ad2d1d3f8036101dca7ee39e585\"},\"breadcrumb\":{\"@id\":\"https:\\\/\\\/quehacerpolitico.mx\\\/?p=2968#breadcrumb\"},\"inLanguage\":\"es\",\"potentialAction\":[{\"@type\":\"ReadAction\",\"target\":[\"https:\\\/\\\/quehacerpolitico.mx\\\/?p=2968\"]}]},{\"@type\":\"ImageObject\",\"inLanguage\":\"es\",\"@id\":\"https:\\\/\\\/quehacerpolitico.mx\\\/?p=2968#primaryimage\",\"url\":\"\",\"contentUrl\":\"\"},{\"@type\":\"BreadcrumbList\",\"@id\":\"https:\\\/\\\/quehacerpolitico.mx\\\/?p=2968#breadcrumb\",\"itemListElement\":[{\"@type\":\"ListItem\",\"position\":1,\"name\":\"Inicio\",\"item\":\"https:\\\/\\\/quehacerpolitico.mx\\\/\"},{\"@type\":\"ListItem\",\"position\":2,\"name\":\"No s\u00f3lo es Javier Duarte, PGR; es mucho m\u00e1s: Odebrecht, Tlatlaya, C\u00e9sar Duarte, Los 43, Elba Esther\u2026\"}]},{\"@type\":\"WebSite\",\"@id\":\"https:\\\/\\\/quehacerpolitico.mx\\\/#website\",\"url\":\"https:\\\/\\\/quehacerpolitico.mx\\\/\",\"name\":\"\",\"description\":\"\",\"potentialAction\":[{\"@type\":\"SearchAction\",\"target\":{\"@type\":\"EntryPoint\",\"urlTemplate\":\"https:\\\/\\\/quehacerpolitico.mx\\\/?s={search_term_string}\"},\"query-input\":{\"@type\":\"PropertyValueSpecification\",\"valueRequired\":true,\"valueName\":\"search_term_string\"}}],\"inLanguage\":\"es\"},{\"@type\":\"Person\",\"@id\":\"https:\\\/\\\/quehacerpolitico.mx\\\/#\\\/schema\\\/person\\\/496d8ad2d1d3f8036101dca7ee39e585\",\"name\":\"Redacci\u00f3n QP\",\"image\":{\"@type\":\"ImageObject\",\"inLanguage\":\"es\",\"@id\":\"https:\\\/\\\/secure.gravatar.com\\\/avatar\\\/c7164ed6fdec453195284ad24a5ae5b6e1eed2b848477fa2a4787ba9adf39a41?s=96&d=mm&r=g\",\"url\":\"https:\\\/\\\/secure.gravatar.com\\\/avatar\\\/c7164ed6fdec453195284ad24a5ae5b6e1eed2b848477fa2a4787ba9adf39a41?s=96&d=mm&r=g\",\"contentUrl\":\"https:\\\/\\\/secure.gravatar.com\\\/avatar\\\/c7164ed6fdec453195284ad24a5ae5b6e1eed2b848477fa2a4787ba9adf39a41?s=96&d=mm&r=g\",\"caption\":\"Redacci\u00f3n QP\"},\"url\":\"https:\\\/\\\/quehacerpolitico.mx\\\/?author=2\"}]}<\/script>\n<!-- \/ Yoast SEO plugin. -->","yoast_head_json":{"title":"No s\u00f3lo es Javier Duarte, PGR; es mucho m\u00e1s: Odebrecht, Tlatlaya, C\u00e9sar Duarte, Los 43, Elba Esther\u2026 -","robots":{"index":"index","follow":"follow","max-snippet":"max-snippet:-1","max-image-preview":"max-image-preview:large","max-video-preview":"max-video-preview:-1"},"canonical":"https:\/\/quehacerpolitico.mx\/?p=2968","og_locale":"es_MX","og_type":"article","og_title":"No s\u00f3lo es Javier Duarte, PGR; es mucho m\u00e1s: Odebrecht, Tlatlaya, C\u00e9sar Duarte, Los 43, Elba Esther\u2026 -","og_description":"No s\u00f3lo es Javier Duarte, PGR; es mucho m\u00e1s: Odebrecht, Tlatlaya, C\u00e9sar Duarte, Los 43, Elba Esther\u2026 Por Redacci\u00f3n QP","og_url":"https:\/\/quehacerpolitico.mx\/?p=2968","article_published_time":"2018-08-22T22:26:56+00:00","author":"Redacci\u00f3n QP","twitter_card":"summary_large_image","twitter_misc":{"Escrito por":"Redacci\u00f3n QP","Tiempo de lectura":"12 minutos"},"schema":{"@context":"https:\/\/schema.org","@graph":[{"@type":"Article","@id":"https:\/\/quehacerpolitico.mx\/?p=2968#article","isPartOf":{"@id":"https:\/\/quehacerpolitico.mx\/?p=2968"},"author":{"name":"Redacci\u00f3n QP","@id":"https:\/\/quehacerpolitico.mx\/#\/schema\/person\/496d8ad2d1d3f8036101dca7ee39e585"},"headline":"No s\u00f3lo es Javier Duarte, PGR; es mucho m\u00e1s: Odebrecht, Tlatlaya, C\u00e9sar Duarte, Los 43, Elba Esther\u2026","datePublished":"2018-08-22T22:26:56+00:00","mainEntityOfPage":{"@id":"https:\/\/quehacerpolitico.mx\/?p=2968"},"wordCount":2425,"commentCount":0,"image":{"@id":"https:\/\/quehacerpolitico.mx\/?p=2968#primaryimage"},"thumbnailUrl":"","articleSection":["Noticias"],"inLanguage":"es","potentialAction":[{"@type":"CommentAction","name":"Comment","target":["https:\/\/quehacerpolitico.mx\/?p=2968#respond"]}]},{"@type":"WebPage","@id":"https:\/\/quehacerpolitico.mx\/?p=2968","url":"https:\/\/quehacerpolitico.mx\/?p=2968","name":"No s\u00f3lo es Javier Duarte, PGR; es mucho m\u00e1s: Odebrecht, Tlatlaya, C\u00e9sar Duarte, Los 43, Elba Esther\u2026 -","isPartOf":{"@id":"https:\/\/quehacerpolitico.mx\/#website"},"primaryImageOfPage":{"@id":"https:\/\/quehacerpolitico.mx\/?p=2968#primaryimage"},"image":{"@id":"https:\/\/quehacerpolitico.mx\/?p=2968#primaryimage"},"thumbnailUrl":"","datePublished":"2018-08-22T22:26:56+00:00","author":{"@id":"https:\/\/quehacerpolitico.mx\/#\/schema\/person\/496d8ad2d1d3f8036101dca7ee39e585"},"breadcrumb":{"@id":"https:\/\/quehacerpolitico.mx\/?p=2968#breadcrumb"},"inLanguage":"es","potentialAction":[{"@type":"ReadAction","target":["https:\/\/quehacerpolitico.mx\/?p=2968"]}]},{"@type":"ImageObject","inLanguage":"es","@id":"https:\/\/quehacerpolitico.mx\/?p=2968#primaryimage","url":"","contentUrl":""},{"@type":"BreadcrumbList","@id":"https:\/\/quehacerpolitico.mx\/?p=2968#breadcrumb","itemListElement":[{"@type":"ListItem","position":1,"name":"Inicio","item":"https:\/\/quehacerpolitico.mx\/"},{"@type":"ListItem","position":2,"name":"No s\u00f3lo es Javier Duarte, PGR; es mucho m\u00e1s: Odebrecht, Tlatlaya, C\u00e9sar Duarte, Los 43, Elba Esther\u2026"}]},{"@type":"WebSite","@id":"https:\/\/quehacerpolitico.mx\/#website","url":"https:\/\/quehacerpolitico.mx\/","name":"","description":"","potentialAction":[{"@type":"SearchAction","target":{"@type":"EntryPoint","urlTemplate":"https:\/\/quehacerpolitico.mx\/?s={search_term_string}"},"query-input":{"@type":"PropertyValueSpecification","valueRequired":true,"valueName":"search_term_string"}}],"inLanguage":"es"},{"@type":"Person","@id":"https:\/\/quehacerpolitico.mx\/#\/schema\/person\/496d8ad2d1d3f8036101dca7ee39e585","name":"Redacci\u00f3n QP","image":{"@type":"ImageObject","inLanguage":"es","@id":"https:\/\/secure.gravatar.com\/avatar\/c7164ed6fdec453195284ad24a5ae5b6e1eed2b848477fa2a4787ba9adf39a41?s=96&d=mm&r=g","url":"https:\/\/secure.gravatar.com\/avatar\/c7164ed6fdec453195284ad24a5ae5b6e1eed2b848477fa2a4787ba9adf39a41?s=96&d=mm&r=g","contentUrl":"https:\/\/secure.gravatar.com\/avatar\/c7164ed6fdec453195284ad24a5ae5b6e1eed2b848477fa2a4787ba9adf39a41?s=96&d=mm&r=g","caption":"Redacci\u00f3n QP"},"url":"https:\/\/quehacerpolitico.mx\/?author=2"}]}},"featured_image_urls":{"full":"","thumbnail":"","medium":"","medium_large":"","large":"","1536x1536":"","2048x2048":"","covernews-featured":"","covernews-medium":""},"author_info":{"display_name":"Redacci\u00f3n QP","author_link":"https:\/\/quehacerpolitico.mx\/?author=2"},"category_info":"<a href=\"https:\/\/quehacerpolitico.mx\/?cat=2\" rel=\"category\">Noticias<\/a>","tag_info":"Noticias","comment_count":"0","_links":{"self":[{"href":"https:\/\/quehacerpolitico.mx\/index.php?rest_route=\/wp\/v2\/posts\/2968","targetHints":{"allow":["GET"]}}],"collection":[{"href":"https:\/\/quehacerpolitico.mx\/index.php?rest_route=\/wp\/v2\/posts"}],"about":[{"href":"https:\/\/quehacerpolitico.mx\/index.php?rest_route=\/wp\/v2\/types\/post"}],"author":[{"embeddable":true,"href":"https:\/\/quehacerpolitico.mx\/index.php?rest_route=\/wp\/v2\/users\/2"}],"replies":[{"embeddable":true,"href":"https:\/\/quehacerpolitico.mx\/index.php?rest_route=%2Fwp%2Fv2%2Fcomments&post=2968"}],"version-history":[{"count":0,"href":"https:\/\/quehacerpolitico.mx\/index.php?rest_route=\/wp\/v2\/posts\/2968\/revisions"}],"wp:featuredmedia":[{"embeddable":true,"href":"https:\/\/quehacerpolitico.mx\/index.php?rest_route=\/"}],"wp:attachment":[{"href":"https:\/\/quehacerpolitico.mx\/index.php?rest_route=%2Fwp%2Fv2%2Fmedia&parent=2968"}],"wp:term":[{"taxonomy":"category","embeddable":true,"href":"https:\/\/quehacerpolitico.mx\/index.php?rest_route=%2Fwp%2Fv2%2Fcategories&post=2968"},{"taxonomy":"post_tag","embeddable":true,"href":"https:\/\/quehacerpolitico.mx\/index.php?rest_route=%2Fwp%2Fv2%2Ftags&post=2968"}],"curies":[{"name":"wp","href":"https:\/\/api.w.org\/{rel}","templated":true}]}}