{"id":2960,"date":"2018-08-22T21:38:50","date_gmt":"2018-08-22T21:38:50","guid":{"rendered":"http:\/\/quehacerpolitico.mx\/si-duarte-sale-al-dia-siguiente-estara-en-londres-disfrutando-la-vida-como-karime-dice-yunes\/"},"modified":"2018-08-22T21:38:50","modified_gmt":"2018-08-22T21:38:50","slug":"si-duarte-sale-al-dia-siguiente-estara-en-londres-disfrutando-la-vida-como-karime-dice-yunes","status":"publish","type":"post","link":"https:\/\/quehacerpolitico.mx\/?p=2960","title":{"rendered":"Si Duarte sale, al d\u00eda siguiente estar\u00e1 en Londres disfrutando la vida, como Karime, dice Yunes"},"content":{"rendered":"<h3>La Procuradur\u00eda General de la Rep\u00fablica (PGR) present\u00f3 formalmente la acusaci\u00f3n contra Javier Duarte de Ochoa por asociaci\u00f3n delictuosa y operaciones con recursos de procedencia il\u00edcita, lo que constituye una reconfiguraci\u00f3n del delito del que se le acusaba, que originalmente era por delincuencia organizada. Esto abri\u00f3 una puerta para que el ex mandatario pueda enfrentar su proceso en libertad.<\/h3>\n<h3>El Gobernador de Veracruz, Miguel \u00c1ngel Yunes Linares, dijo que la PGR tiene los elementos para pedirle al juez que no permita al ex Gobernador seguir su proceso en libertad, porque ya se fug\u00f3 una vez y no tiene domicilio en M\u00e9xico, pues su familia vive en Londres.<\/h3>\n<p>El Gobernador de Veracruz, <strong>Miguel \u00c1ngel Yunes Linares<\/strong>, asegur\u00f3 que la <strong>Fiscal\u00eda del Estado<\/strong> tiene una orden de aprehensi\u00f3n pendiente contra <strong>Javier Duarte<\/strong> de Ochoa por el delito de desaparici\u00f3n forzada, por lo que, dijo, si llegara a salir de la c\u00e1rcel deber\u00eda ser entregado de inmediato a las autoridades de la entidad para ser encarcelado.<\/p>\n<p>Detall\u00f3 que la Procuradur\u00eda General de la Rep\u00fablica (PGR) tiene los elementos para pedirle al juez que no permita al ex Gobernador seguir su proceso en libertad porque ya se fug\u00f3 una vez y no tiene domicilio en M\u00e9xico, pues su familia vive en Londres.<\/p>\n<blockquote>\n<p>\u201cSer\u00eda una burla para el pueblo de Veracruz y para el pueblo de M\u00e9xico que Duarte saliera en libertad, aunque sea para cursar su proceso. Al d\u00eda siguiente lo ver\u00edamos en Londres disfrutando de la vida de la misma vida que lleva su esposa [Karime Mac\u00edas], es decir, con lujo, con todo lo que se requiere realmente para vivir en una ciudad como esa con los recursos de los veracruzanos\u201d, dijo Yunes en conferencia de prensa esta medio d\u00eda.<\/p>\n<p>\u201cEstoy totalmente seguro de que la PGR har\u00e1 uso de las facultades legales que tiene y solicitar\u00e1 al Juez que Duarte siga en prisi\u00f3n en su proceso. Pero si lo liberar\u00e1n, en ese mismo lugar tendr\u00e1 que ser entregado a la Fiscal\u00eda del Estado para llevarlo a prisi\u00f3n\u201d, a\u00f1adi\u00f3.<\/p>\n<p>El Gobernador de Veracruz precis\u00f3 que la orden de aprehensi\u00f3n por desaparici\u00f3n forzada a\u00fan necesita la autorizaci\u00f3n del Gobierno de Guatemala para que este delito se incluya en el proceso de extradici\u00f3n entre los cargos por los que Duarte debe ser juzgado. Record\u00f3 que las autoridades estatales ya tienen otras dos \u00f3rdenes de aprehensi\u00f3n contra el ex mandatario.<\/p>\n<p>\u201cLa Fiscal\u00eda del Estado est\u00e1 en espera en que la PGR solicite al Gobierno de Guatemala el permiso que se requiere, la autorizaci\u00f3n de Guatemala, y ejecutar la orden por el delito por desaparici\u00f3n forzada\u201d, destac\u00f3.<\/p>\n<p>Tambi\u00e9n record\u00f3 que la Fiscal\u00eda del Estado tiene otras dos ordenes de aprehensi\u00f3n ya ejecutadas contra el ex mandatario.<\/p>\n<blockquote>\n<p>\u201cSi pone un pie en la calle, ah\u00ed lo estar\u00e1n esperando elementos de la Fiscal\u00eda de Veracruz\u201d, dijo.<\/p>\n<div class=\"ad_center ad-in-content\">\u00a0<\/div>\n<\/blockquote>\n<p>Detall\u00f3 que no tiene confirmaci\u00f3n oficial de que Duarte pueda salir.<\/p>\n<p>La Procuradur\u00eda General de la Rep\u00fablica (PGR) retir\u00f3 anoche el delito de delincuencia organizada en contra de Duarte. Lo reclasific\u00f3 por asociaci\u00f3n delictuosa, con lo que Duarte, detenido en Guatemala en abril de 2017,\u00a0 podr\u00eda obtener en el mediano plazo la libertad provisional: ese nuevo il\u00edcito no considera la prisi\u00f3n preventiva por oficio.<\/p>\n<p>La dependencia present\u00f3 la acusaci\u00f3n cerca de las 23:30 horas del martes, lo que deja la puerta abierta a la posibilidad de que Duarte abandone la c\u00e1rcel, pues delitos no son graves y se pueden enfrentar en libertad.<\/p>\n<p>Ante ello la PGR anunci\u00f3 que presentar\u00e1 una solicitud para que el juez aplique la medida cautelar de prisi\u00f3n preventiva justificada, bajo el argumento de que el veracruzano podr\u00eda huir como lo hizo antes de concluir su mandato.<\/p>\n<p>Desde entonces, el ex mandatario ha permanecido en el Reclusorio Norte y aunque se ha solicitado su traslado a un centro penitenciario ubicado en el municipio de Ayala, en Morelos, esto no ha sucedido.<\/p>\n<p>Acad\u00e9micos, analistas, periodistas, pol\u00edticos y l\u00edderes de opini\u00f3n han calificado de distintas maneras el anuncio. Lo consideran un enorme tropiezo para la vida institucional del pa\u00eds, y un bot\u00f3n de muestra de c\u00f3mo la impunidad se ha asentado en la vida p\u00fablica. Apenas este mes, Elba Esther Gordillo qued\u00f3 libre de todas las acusaciones. Las fue venciendo una tras otra. Finalmente, un juez orden\u00f3 su liberaci\u00f3n porque \u201cno encontr\u00f3 pruebas\u201d contra la lideresa acostumbrada a vestir Herm\u00e8s y Chanel y frecuente visitante de la tienda Neiman Marcus en San Diego.<\/p>\n<p>La ruta de Javier Duarte de Ochoa parece la misma que la de Elba Esther Gordillo. Con la reclasificaci\u00f3n del delito, se le ha abierto la puerta a seguir el proceso en libertad y a, eventualmente, quedar libre de todas las acusaciones en su contra.<\/p>\n<\/blockquote>\n","protected":false},"excerpt":{"rendered":"<p>Si Duarte sale, al d\u00eda siguiente estar\u00e1 en Londres disfrutando la vida, como Karime, dice Yunes<br \/>\nPor Redacci\u00f3n QP<\/p>\n","protected":false},"author":2,"featured_media":2959,"comment_status":"open","ping_status":"open","sticky":false,"template":"","format":"standard","meta":{"_monsterinsights_skip_tracking":false,"_monsterinsights_sitenote_active":false,"_monsterinsights_sitenote_note":"","_monsterinsights_sitenote_category":0,"footnotes":""},"categories":[2],"tags":[],"class_list":["post-2960","post","type-post","status-publish","format-standard","has-post-thumbnail","hentry","category-noticias"],"yoast_head":"<!-- This site is optimized with the Yoast SEO plugin v27.3 - https:\/\/yoast.com\/product\/yoast-seo-wordpress\/ -->\n<title>Si Duarte sale, al d\u00eda siguiente estar\u00e1 en Londres disfrutando la vida, como Karime, dice Yunes -<\/title>\n<meta name=\"robots\" content=\"index, follow, max-snippet:-1, max-image-preview:large, max-video-preview:-1\" \/>\n<link rel=\"canonical\" href=\"https:\/\/quehacerpolitico.mx\/?p=2960\" \/>\n<meta property=\"og:locale\" content=\"es_MX\" \/>\n<meta property=\"og:type\" content=\"article\" \/>\n<meta property=\"og:title\" content=\"Si Duarte sale, al d\u00eda siguiente estar\u00e1 en Londres disfrutando la vida, como Karime, dice Yunes -\" \/>\n<meta property=\"og:description\" content=\"Si Duarte sale, al d\u00eda siguiente estar\u00e1 en Londres disfrutando la vida, como Karime, dice Yunes Por Redacci\u00f3n QP\" \/>\n<meta property=\"og:url\" content=\"https:\/\/quehacerpolitico.mx\/?p=2960\" \/>\n<meta property=\"article:published_time\" content=\"2018-08-22T21:38:50+00:00\" \/>\n<meta name=\"author\" content=\"Redacci\u00f3n QP\" \/>\n<meta name=\"twitter:card\" content=\"summary_large_image\" \/>\n<meta name=\"twitter:label1\" content=\"Escrito por\" \/>\n\t<meta name=\"twitter:data1\" content=\"Redacci\u00f3n QP\" \/>\n\t<meta name=\"twitter:label2\" content=\"Tiempo de lectura\" \/>\n\t<meta name=\"twitter:data2\" content=\"4 minutos\" \/>\n<script type=\"application\/ld+json\" class=\"yoast-schema-graph\">{\"@context\":\"https:\\\/\\\/schema.org\",\"@graph\":[{\"@type\":\"Article\",\"@id\":\"https:\\\/\\\/quehacerpolitico.mx\\\/?p=2960#article\",\"isPartOf\":{\"@id\":\"https:\\\/\\\/quehacerpolitico.mx\\\/?p=2960\"},\"author\":{\"name\":\"Redacci\u00f3n QP\",\"@id\":\"https:\\\/\\\/quehacerpolitico.mx\\\/#\\\/schema\\\/person\\\/496d8ad2d1d3f8036101dca7ee39e585\"},\"headline\":\"Si Duarte sale, al d\u00eda siguiente estar\u00e1 en Londres disfrutando la vida, como Karime, dice Yunes\",\"datePublished\":\"2018-08-22T21:38:50+00:00\",\"mainEntityOfPage\":{\"@id\":\"https:\\\/\\\/quehacerpolitico.mx\\\/?p=2960\"},\"wordCount\":853,\"commentCount\":0,\"image\":{\"@id\":\"https:\\\/\\\/quehacerpolitico.mx\\\/?p=2960#primaryimage\"},\"thumbnailUrl\":\"\",\"articleSection\":[\"Noticias\"],\"inLanguage\":\"es\",\"potentialAction\":[{\"@type\":\"CommentAction\",\"name\":\"Comment\",\"target\":[\"https:\\\/\\\/quehacerpolitico.mx\\\/?p=2960#respond\"]}]},{\"@type\":\"WebPage\",\"@id\":\"https:\\\/\\\/quehacerpolitico.mx\\\/?p=2960\",\"url\":\"https:\\\/\\\/quehacerpolitico.mx\\\/?p=2960\",\"name\":\"Si Duarte sale, al d\u00eda siguiente estar\u00e1 en Londres disfrutando la vida, como Karime, dice Yunes -\",\"isPartOf\":{\"@id\":\"https:\\\/\\\/quehacerpolitico.mx\\\/#website\"},\"primaryImageOfPage\":{\"@id\":\"https:\\\/\\\/quehacerpolitico.mx\\\/?p=2960#primaryimage\"},\"image\":{\"@id\":\"https:\\\/\\\/quehacerpolitico.mx\\\/?p=2960#primaryimage\"},\"thumbnailUrl\":\"\",\"datePublished\":\"2018-08-22T21:38:50+00:00\",\"author\":{\"@id\":\"https:\\\/\\\/quehacerpolitico.mx\\\/#\\\/schema\\\/person\\\/496d8ad2d1d3f8036101dca7ee39e585\"},\"breadcrumb\":{\"@id\":\"https:\\\/\\\/quehacerpolitico.mx\\\/?p=2960#breadcrumb\"},\"inLanguage\":\"es\",\"potentialAction\":[{\"@type\":\"ReadAction\",\"target\":[\"https:\\\/\\\/quehacerpolitico.mx\\\/?p=2960\"]}]},{\"@type\":\"ImageObject\",\"inLanguage\":\"es\",\"@id\":\"https:\\\/\\\/quehacerpolitico.mx\\\/?p=2960#primaryimage\",\"url\":\"\",\"contentUrl\":\"\"},{\"@type\":\"BreadcrumbList\",\"@id\":\"https:\\\/\\\/quehacerpolitico.mx\\\/?p=2960#breadcrumb\",\"itemListElement\":[{\"@type\":\"ListItem\",\"position\":1,\"name\":\"Inicio\",\"item\":\"https:\\\/\\\/quehacerpolitico.mx\\\/\"},{\"@type\":\"ListItem\",\"position\":2,\"name\":\"Si Duarte sale, al d\u00eda siguiente estar\u00e1 en Londres disfrutando la vida, como Karime, dice Yunes\"}]},{\"@type\":\"WebSite\",\"@id\":\"https:\\\/\\\/quehacerpolitico.mx\\\/#website\",\"url\":\"https:\\\/\\\/quehacerpolitico.mx\\\/\",\"name\":\"\",\"description\":\"\",\"potentialAction\":[{\"@type\":\"SearchAction\",\"target\":{\"@type\":\"EntryPoint\",\"urlTemplate\":\"https:\\\/\\\/quehacerpolitico.mx\\\/?s={search_term_string}\"},\"query-input\":{\"@type\":\"PropertyValueSpecification\",\"valueRequired\":true,\"valueName\":\"search_term_string\"}}],\"inLanguage\":\"es\"},{\"@type\":\"Person\",\"@id\":\"https:\\\/\\\/quehacerpolitico.mx\\\/#\\\/schema\\\/person\\\/496d8ad2d1d3f8036101dca7ee39e585\",\"name\":\"Redacci\u00f3n QP\",\"image\":{\"@type\":\"ImageObject\",\"inLanguage\":\"es\",\"@id\":\"https:\\\/\\\/secure.gravatar.com\\\/avatar\\\/c7164ed6fdec453195284ad24a5ae5b6e1eed2b848477fa2a4787ba9adf39a41?s=96&d=mm&r=g\",\"url\":\"https:\\\/\\\/secure.gravatar.com\\\/avatar\\\/c7164ed6fdec453195284ad24a5ae5b6e1eed2b848477fa2a4787ba9adf39a41?s=96&d=mm&r=g\",\"contentUrl\":\"https:\\\/\\\/secure.gravatar.com\\\/avatar\\\/c7164ed6fdec453195284ad24a5ae5b6e1eed2b848477fa2a4787ba9adf39a41?s=96&d=mm&r=g\",\"caption\":\"Redacci\u00f3n QP\"},\"url\":\"https:\\\/\\\/quehacerpolitico.mx\\\/?author=2\"}]}<\/script>\n<!-- \/ Yoast SEO plugin. -->","yoast_head_json":{"title":"Si Duarte sale, al d\u00eda siguiente estar\u00e1 en Londres disfrutando la vida, como Karime, dice Yunes -","robots":{"index":"index","follow":"follow","max-snippet":"max-snippet:-1","max-image-preview":"max-image-preview:large","max-video-preview":"max-video-preview:-1"},"canonical":"https:\/\/quehacerpolitico.mx\/?p=2960","og_locale":"es_MX","og_type":"article","og_title":"Si Duarte sale, al d\u00eda siguiente estar\u00e1 en Londres disfrutando la vida, como Karime, dice Yunes -","og_description":"Si Duarte sale, al d\u00eda siguiente estar\u00e1 en Londres disfrutando la vida, como Karime, dice Yunes Por Redacci\u00f3n QP","og_url":"https:\/\/quehacerpolitico.mx\/?p=2960","article_published_time":"2018-08-22T21:38:50+00:00","author":"Redacci\u00f3n QP","twitter_card":"summary_large_image","twitter_misc":{"Escrito por":"Redacci\u00f3n QP","Tiempo de lectura":"4 minutos"},"schema":{"@context":"https:\/\/schema.org","@graph":[{"@type":"Article","@id":"https:\/\/quehacerpolitico.mx\/?p=2960#article","isPartOf":{"@id":"https:\/\/quehacerpolitico.mx\/?p=2960"},"author":{"name":"Redacci\u00f3n QP","@id":"https:\/\/quehacerpolitico.mx\/#\/schema\/person\/496d8ad2d1d3f8036101dca7ee39e585"},"headline":"Si Duarte sale, al d\u00eda siguiente estar\u00e1 en Londres disfrutando la vida, como Karime, dice Yunes","datePublished":"2018-08-22T21:38:50+00:00","mainEntityOfPage":{"@id":"https:\/\/quehacerpolitico.mx\/?p=2960"},"wordCount":853,"commentCount":0,"image":{"@id":"https:\/\/quehacerpolitico.mx\/?p=2960#primaryimage"},"thumbnailUrl":"","articleSection":["Noticias"],"inLanguage":"es","potentialAction":[{"@type":"CommentAction","name":"Comment","target":["https:\/\/quehacerpolitico.mx\/?p=2960#respond"]}]},{"@type":"WebPage","@id":"https:\/\/quehacerpolitico.mx\/?p=2960","url":"https:\/\/quehacerpolitico.mx\/?p=2960","name":"Si Duarte sale, al d\u00eda siguiente estar\u00e1 en Londres disfrutando la vida, como Karime, dice Yunes -","isPartOf":{"@id":"https:\/\/quehacerpolitico.mx\/#website"},"primaryImageOfPage":{"@id":"https:\/\/quehacerpolitico.mx\/?p=2960#primaryimage"},"image":{"@id":"https:\/\/quehacerpolitico.mx\/?p=2960#primaryimage"},"thumbnailUrl":"","datePublished":"2018-08-22T21:38:50+00:00","author":{"@id":"https:\/\/quehacerpolitico.mx\/#\/schema\/person\/496d8ad2d1d3f8036101dca7ee39e585"},"breadcrumb":{"@id":"https:\/\/quehacerpolitico.mx\/?p=2960#breadcrumb"},"inLanguage":"es","potentialAction":[{"@type":"ReadAction","target":["https:\/\/quehacerpolitico.mx\/?p=2960"]}]},{"@type":"ImageObject","inLanguage":"es","@id":"https:\/\/quehacerpolitico.mx\/?p=2960#primaryimage","url":"","contentUrl":""},{"@type":"BreadcrumbList","@id":"https:\/\/quehacerpolitico.mx\/?p=2960#breadcrumb","itemListElement":[{"@type":"ListItem","position":1,"name":"Inicio","item":"https:\/\/quehacerpolitico.mx\/"},{"@type":"ListItem","position":2,"name":"Si Duarte sale, al d\u00eda siguiente estar\u00e1 en Londres disfrutando la vida, como Karime, dice Yunes"}]},{"@type":"WebSite","@id":"https:\/\/quehacerpolitico.mx\/#website","url":"https:\/\/quehacerpolitico.mx\/","name":"","description":"","potentialAction":[{"@type":"SearchAction","target":{"@type":"EntryPoint","urlTemplate":"https:\/\/quehacerpolitico.mx\/?s={search_term_string}"},"query-input":{"@type":"PropertyValueSpecification","valueRequired":true,"valueName":"search_term_string"}}],"inLanguage":"es"},{"@type":"Person","@id":"https:\/\/quehacerpolitico.mx\/#\/schema\/person\/496d8ad2d1d3f8036101dca7ee39e585","name":"Redacci\u00f3n QP","image":{"@type":"ImageObject","inLanguage":"es","@id":"https:\/\/secure.gravatar.com\/avatar\/c7164ed6fdec453195284ad24a5ae5b6e1eed2b848477fa2a4787ba9adf39a41?s=96&d=mm&r=g","url":"https:\/\/secure.gravatar.com\/avatar\/c7164ed6fdec453195284ad24a5ae5b6e1eed2b848477fa2a4787ba9adf39a41?s=96&d=mm&r=g","contentUrl":"https:\/\/secure.gravatar.com\/avatar\/c7164ed6fdec453195284ad24a5ae5b6e1eed2b848477fa2a4787ba9adf39a41?s=96&d=mm&r=g","caption":"Redacci\u00f3n QP"},"url":"https:\/\/quehacerpolitico.mx\/?author=2"}]}},"featured_image_urls":{"full":"","thumbnail":"","medium":"","medium_large":"","large":"","1536x1536":"","2048x2048":"","covernews-featured":"","covernews-medium":""},"author_info":{"display_name":"Redacci\u00f3n QP","author_link":"https:\/\/quehacerpolitico.mx\/?author=2"},"category_info":"<a href=\"https:\/\/quehacerpolitico.mx\/?cat=2\" rel=\"category\">Noticias<\/a>","tag_info":"Noticias","comment_count":"0","_links":{"self":[{"href":"https:\/\/quehacerpolitico.mx\/index.php?rest_route=\/wp\/v2\/posts\/2960","targetHints":{"allow":["GET"]}}],"collection":[{"href":"https:\/\/quehacerpolitico.mx\/index.php?rest_route=\/wp\/v2\/posts"}],"about":[{"href":"https:\/\/quehacerpolitico.mx\/index.php?rest_route=\/wp\/v2\/types\/post"}],"author":[{"embeddable":true,"href":"https:\/\/quehacerpolitico.mx\/index.php?rest_route=\/wp\/v2\/users\/2"}],"replies":[{"embeddable":true,"href":"https:\/\/quehacerpolitico.mx\/index.php?rest_route=%2Fwp%2Fv2%2Fcomments&post=2960"}],"version-history":[{"count":0,"href":"https:\/\/quehacerpolitico.mx\/index.php?rest_route=\/wp\/v2\/posts\/2960\/revisions"}],"wp:featuredmedia":[{"embeddable":true,"href":"https:\/\/quehacerpolitico.mx\/index.php?rest_route=\/"}],"wp:attachment":[{"href":"https:\/\/quehacerpolitico.mx\/index.php?rest_route=%2Fwp%2Fv2%2Fmedia&parent=2960"}],"wp:term":[{"taxonomy":"category","embeddable":true,"href":"https:\/\/quehacerpolitico.mx\/index.php?rest_route=%2Fwp%2Fv2%2Fcategories&post=2960"},{"taxonomy":"post_tag","embeddable":true,"href":"https:\/\/quehacerpolitico.mx\/index.php?rest_route=%2Fwp%2Fv2%2Ftags&post=2960"}],"curies":[{"name":"wp","href":"https:\/\/api.w.org\/{rel}","templated":true}]}}