{"id":2950,"date":"2018-08-22T19:33:08","date_gmt":"2018-08-22T19:33:08","guid":{"rendered":"http:\/\/quehacerpolitico.mx\/la-disciplina-fiscal-con-epn-fue-insuficiente-esquivel-la-ip-sera-el-motor-del-gobierno-de-amlo-romo\/"},"modified":"2018-08-22T19:33:08","modified_gmt":"2018-08-22T19:33:08","slug":"la-disciplina-fiscal-con-epn-fue-insuficiente-esquivel-la-ip-sera-el-motor-del-gobierno-de-amlo-romo","status":"publish","type":"post","link":"https:\/\/quehacerpolitico.mx\/?p=2950","title":{"rendered":"La disciplina fiscal con EPN fue insuficiente: Esquivel; la IP ser\u00e1 el motor del Gobierno de AMLO: Romo"},"content":{"rendered":"<h3>Alfonso Romo y Gerardo Esquivel, fueron algunos de los representantes del pr\u00f3ximo Gobierno de Andr\u00e9s Manuel L\u00f3pez Obrador, que asistieron al Foro Estrategia Banorte 2018.<\/h3>\n<h3>El empresario destac\u00f3 que una de sus principales funciones ser\u00e1 mantener el v\u00ednculo con los empresarios y la pr\u00f3xima administraci\u00f3n, mientras Esquivel afirm\u00f3 que concentraci\u00f3n de comprar generar\u00edan ahorro de entre 100 mil y 150 mil millones de pesos.<\/h3>\n<p>Gerardo Esquivel, pr\u00f3ximo subsecretario de egresos, dijo que si bien la disciplina fiscal ejecutada hasta ahora ha sido buena no ha sido suficiente para mejorar las finanzas del pa\u00eds y generar crecimiento, por lo que la pr\u00f3xima administraci\u00f3n har\u00e1 los cambios necesarios para conseguirlo.<\/p>\n<p>La disciplina fiscal implica que el gobierno federal tenga m\u00e1s ingresos que gastos (superavit), o que en caso de que se gaste m\u00e1s de lo que se ingresa (d\u00e9ficit), este desbalance no sea mayor al 2.5 por ciento del PIB, algo que la actual administraci\u00f3n solo consigui\u00f3 por medio de enormes sacrificios como recortes a la inversi\u00f3n p\u00fablica.<\/p>\n<blockquote>\n<p>Esquivel asegur\u00f3 durante el Foro Estrategia Banorte que el gobierno entrante har\u00e1 cambios para garantizar la estabilidad fiscal del pa\u00eds que calific\u00f3 como necesaria.\u201dSe necesitan cambios en el presupuesto porque si seguimos haciendo lo mismo vamos a tener los mismos resultados\u201d.<\/p>\n<\/blockquote>\n<p>El economista dijo que realizar\u00e1n ahorros recortando gastos que consideran superfluos como la publicidad gubernamental, la reestructuraci\u00f3n de programas sociales, eliminaci\u00f3n del ramo 23, la centralizaci\u00f3n de las compras, recortes de la burocracia y de salarios, entre otros.<\/p>\n<blockquote>\n<p>\u201cSer\u00e1 un presupuesto responsable pero que atienda las prioridades que hemos planteado durante la campa\u00f1a para poder reactivar la econom\u00eda del pa\u00eds, el pa\u00eds no puede seguir creciendo al 2 por ciento como lo ha hecho las \u00faltimas d\u00e9cadas\u201d, destac\u00f3.<\/p>\n<\/blockquote>\n<p>Dijo que el presupuesto para el 2019, el cual entregar\u00e1n a m\u00e1s tardar el 15 de diciembre, reflejar\u00e1 todos los planes de gobierno y contempla los dos programas que son prioritarios para AMLO: becas para j\u00f3venes y pensiones para las personas de la tercera edad.<\/p>\n<p>Indic\u00f3 que hay 150 programas sociales y que muchos de ellos no funcionan m\u00e1s que para crear una base clientelar, por lo que eliminar\u00e1n muchos de ellos y los concentrar\u00e1n para hacerlos m\u00e1s eficientes.<\/p>\n<blockquote>\n<p>\u201cLo que queremos es ahorrar recursos. (\u2026\u0085) El ahorro no es una visi\u00f3n de la austeridad por s\u00ed misma, esa no es nuestra visi\u00f3n, nuestra visi\u00f3n presupuestaria tiene que ver con la reducci\u00f3n de cierto tipo de gasto para invertirlo en lo que consideramos ser\u00e1 m\u00e1s importante para el pa\u00eds\u201d, afirm\u00f3 Esquivel.<\/p>\n<\/blockquote>\n<p>Una de las acciones que realizar\u00e1 la pr\u00f3xima administraci\u00f3n para generar los ahorros que necesitan es consolidar y centralizar todas las compras del gobierno federal en la Secretar\u00eda de Hacienda, acci\u00f3n que prev\u00e9n podr\u00eda generar un ahorro de entre 100 mil y 150 mil millones de pesos, asegur\u00f3 Gerardo Esquivel, subsecretario de egresos del pr\u00f3ximo Gobierno.<\/p>\n<blockquote>\n<p>\u201cEsperamos que conservadoramente el ahorro sea entre 100 mil y 150 mil millones de pesos\u201d, asever\u00f3 despu\u00e9s de su participaci\u00f3n en el Foro Estrategia Banorte.<\/p>\n<\/blockquote>\n<p>Destac\u00f3 que prev\u00e9n que esta medida tenga un doble efecto: adquirir mejores precios y generar ahorros mediante la centralizaci\u00f3n de las compras.<\/p>\n<blockquote>\n<p>\u201cEl ahorro de compras consolidadas esperamos que tengan un doble efecto. Tejer un mayor volumen para tener mejores precios y a trav\u00e9s de la centralizaci\u00f3n de \u00e9stas tener ahorros considerables\u201d, asegur\u00f3.<\/p>\n<\/blockquote>\n<p>De acuerdo con Carlos Urz\u00faa, propuesto como Secretario de Hacienda, otro de los beneficios que tendr\u00e1 la centralizaci\u00f3n de las compras es evitar la corrupci\u00f3n v\u00eda licitaciones. Adem\u00e1s de que permitir\u00e1 la suficiencia presupuestaria para invertir en infraestructura y en los programa para j\u00f3venes y adultos mayores propuestos por AMLO.<\/p>\n<div id=\"attachment_3460688\" class=\"wp-caption alignnone\"><img loading=\"lazy\" decoding=\"async\" class=\"size-full wp-image-3460688\" src=\"http:\/\/www.sinembargo.mx\/wp-content\/uploads\/2018\/08\/esquivel.jpg\" sizes=\"auto, (max-width: 700px) 100vw, 700px\" srcset=\"http:\/\/www.sinembargo.mx\/wp-content\/uploads\/2018\/08\/esquivel.jpg 700w, http:\/\/www.sinembargo.mx\/wp-content\/uploads\/2018\/08\/esquivel-300x150.jpg 300w\" alt=\"\" width=\"700\" height=\"350\" \/><\/p>\n<p class=\"wp-caption-text\">Gerardo Esquivel durante su presentaci\u00f3n en el Foro Banorte. Foto: Twitter, @GFBanorte.<\/p>\n<\/div>\n<p><strong>IP, MOTOR DE CRECIMIENTO<\/strong><\/p>\n<p>Alfonso Romo, futuro jefe de la oficina de Presidencia de Andr\u00e9s Manuel L\u00f3pez Obrador, dijo que s\u00ed hay las condiciones necesarias para que la econom\u00eda crezca un 4 por ciento anual, y para lograrlo el sector privado ser\u00e1 el motor.<\/p>\n<p>\u201cEstoy a sus \u00f3rdenes para poder destrabar y quitar tramitolog\u00eda, burocracia, (\u0085\u2026) el sector privado va a ser el motor del crecimiento del pa\u00eds\u201d, asegur\u00f3 durante su participaci\u00f3n en el Foro Estrategia Banorte 2018.<\/p>\n<p>El empresario coment\u00f3 que trabajar\u00e1 coordinando el gabinete de AMLO, pero su tarea m\u00e1s importante ser\u00e1 mantener el v\u00ednculo con los empresarios y la pr\u00f3xima administraci\u00f3n, detall\u00f3 que \u00e9stos han estado cooperando con los planes y proyectos que tiene el pr\u00f3ximo gobierno.<\/p>\n<p>\u201cEl sector privado est\u00e1 cooperando de una forma extraordinaria para rescatar a los j\u00f3venes, en los \u00faltimos meses nos hemos sentado con muchas de las c\u00fapulas empresariales\u201d, detall\u00f3.<\/p>\n<p>Durante la campa\u00f1a electoral Andr\u00e9s Manuel L\u00f3pez Obrador sostuvo algunos desacuerdos con algunas c\u00fapulas empresariales, no obstante, Romo asegur\u00f3 d\u00edas atr\u00e1s que la \u201cluna de miel\u201d entre AMLO y empresarios trascendi\u00f3 a un \u201cmatrimonio\u201d, con lo cual confirma la relaci\u00f3n y la coordinaci\u00f3n que tendr\u00e1 el pr\u00f3ximo gobierno con la industria privada.<\/p>\n<p>Alfonso Romo, adem\u00e1s de que se ha convertido en una de las personas m\u00e1s importantes en el gabinete de AMLO, tambi\u00e9n es un importante empresario, asegur\u00f3 que al unirse al equipo de L\u00f3pez Obrador tanto \u00e9l como los militantes de Morena eliminaron muchos prejuicios.<\/p>\n<blockquote>\n<p>\u201cNi ellos eran tan rijosos ni nosotros \u00e9ramos los empresarios malos a los que solo les importaba la riqueza personal\u201d, coment\u00f3.<\/p>\n<\/blockquote>\n<p>Romo asegur\u00f3 que hay que implementar una pol\u00edtica industrial, \u201cM\u00e9xico debe convertirse en un pa\u00eds que rompa paradigmas\u201d, indic\u00f3 que las empresas m\u00e1s importantes del pa\u00eds son del siglo XIX y del siglo XX porque no hay industria de tecnolog\u00eda ni de innovaci\u00f3n, por lo que asegur\u00f3 que es importante impulsarla.<\/p>\n<p>Frente a los empresarios que se dieron cita en el Foro dijo que \u00e9l quiere que lo midan porque M\u00e9xico crezca un promedio de 4 por ciento por a\u00f1o y asegur\u00f3 que desde presidencia van a coordinar las Secretar\u00edas, pero no las controlar\u00e1n.<\/p>\n<p>\u201cVan a tener un presidente de tiempo completo con una pasi\u00f3n de trabajar 15 horas diarias, vamos a hacer todo lo posible para no defraudarlos, porque no nos podemos equivocar\u201d, afirm\u00f3.<\/p>\n<p>Dijo los mexicanos votaron por un cambio porque quieren un mejor pa\u00eds y asegur\u00f3 que el pr\u00f3ximo gabinete est\u00e1 comprometido con ello y no los defraudar\u00e1.<\/p>\n<p>Con Informaci\u00f3n de Econom\u00edaHoy\u00a0<\/p>\n","protected":false},"excerpt":{"rendered":"<p>La disciplina fiscal con EPN fue insuficiente: Esquivel; la IP ser\u00e1 el motor del Gobierno de AMLO: Romo<br \/>\nPor Redacci\u00f3n QP<\/p>\n","protected":false},"author":2,"featured_media":2949,"comment_status":"open","ping_status":"open","sticky":false,"template":"","format":"standard","meta":{"_monsterinsights_skip_tracking":false,"_monsterinsights_sitenote_active":false,"_monsterinsights_sitenote_note":"","_monsterinsights_sitenote_category":0,"footnotes":""},"categories":[56],"tags":[],"class_list":["post-2950","post","type-post","status-publish","format-standard","has-post-thumbnail","hentry","category-economia"],"yoast_head":"<!-- This site is optimized with the Yoast SEO plugin v27.3 - https:\/\/yoast.com\/product\/yoast-seo-wordpress\/ -->\n<title>La disciplina fiscal con EPN fue insuficiente: Esquivel; la IP ser\u00e1 el motor del Gobierno de AMLO: Romo -<\/title>\n<meta name=\"robots\" content=\"index, follow, max-snippet:-1, max-image-preview:large, max-video-preview:-1\" \/>\n<link rel=\"canonical\" href=\"https:\/\/quehacerpolitico.mx\/?p=2950\" \/>\n<meta property=\"og:locale\" content=\"es_MX\" \/>\n<meta property=\"og:type\" content=\"article\" \/>\n<meta property=\"og:title\" content=\"La disciplina fiscal con EPN fue insuficiente: Esquivel; la IP ser\u00e1 el motor del Gobierno de AMLO: Romo -\" \/>\n<meta property=\"og:description\" content=\"La disciplina fiscal con EPN fue insuficiente: Esquivel; la IP ser\u00e1 el motor del Gobierno de AMLO: Romo Por Redacci\u00f3n QP\" \/>\n<meta property=\"og:url\" content=\"https:\/\/quehacerpolitico.mx\/?p=2950\" \/>\n<meta property=\"article:published_time\" content=\"2018-08-22T19:33:08+00:00\" \/>\n<meta name=\"author\" content=\"Redacci\u00f3n QP\" \/>\n<meta name=\"twitter:card\" content=\"summary_large_image\" \/>\n<meta name=\"twitter:label1\" content=\"Escrito por\" \/>\n\t<meta name=\"twitter:data1\" content=\"Redacci\u00f3n QP\" \/>\n\t<meta name=\"twitter:label2\" content=\"Tiempo de lectura\" \/>\n\t<meta name=\"twitter:data2\" content=\"6 minutos\" \/>\n<script type=\"application\/ld+json\" class=\"yoast-schema-graph\">{\"@context\":\"https:\\\/\\\/schema.org\",\"@graph\":[{\"@type\":\"Article\",\"@id\":\"https:\\\/\\\/quehacerpolitico.mx\\\/?p=2950#article\",\"isPartOf\":{\"@id\":\"https:\\\/\\\/quehacerpolitico.mx\\\/?p=2950\"},\"author\":{\"name\":\"Redacci\u00f3n QP\",\"@id\":\"https:\\\/\\\/quehacerpolitico.mx\\\/#\\\/schema\\\/person\\\/496d8ad2d1d3f8036101dca7ee39e585\"},\"headline\":\"La disciplina fiscal con EPN fue insuficiente: Esquivel; la IP ser\u00e1 el motor del Gobierno de AMLO: Romo\",\"datePublished\":\"2018-08-22T19:33:08+00:00\",\"mainEntityOfPage\":{\"@id\":\"https:\\\/\\\/quehacerpolitico.mx\\\/?p=2950\"},\"wordCount\":1135,\"commentCount\":0,\"image\":{\"@id\":\"https:\\\/\\\/quehacerpolitico.mx\\\/?p=2950#primaryimage\"},\"thumbnailUrl\":\"\",\"articleSection\":[\"Econom\u00eda\"],\"inLanguage\":\"es\",\"potentialAction\":[{\"@type\":\"CommentAction\",\"name\":\"Comment\",\"target\":[\"https:\\\/\\\/quehacerpolitico.mx\\\/?p=2950#respond\"]}]},{\"@type\":\"WebPage\",\"@id\":\"https:\\\/\\\/quehacerpolitico.mx\\\/?p=2950\",\"url\":\"https:\\\/\\\/quehacerpolitico.mx\\\/?p=2950\",\"name\":\"La disciplina fiscal con EPN fue insuficiente: Esquivel; la IP ser\u00e1 el motor del Gobierno de AMLO: Romo -\",\"isPartOf\":{\"@id\":\"https:\\\/\\\/quehacerpolitico.mx\\\/#website\"},\"primaryImageOfPage\":{\"@id\":\"https:\\\/\\\/quehacerpolitico.mx\\\/?p=2950#primaryimage\"},\"image\":{\"@id\":\"https:\\\/\\\/quehacerpolitico.mx\\\/?p=2950#primaryimage\"},\"thumbnailUrl\":\"\",\"datePublished\":\"2018-08-22T19:33:08+00:00\",\"author\":{\"@id\":\"https:\\\/\\\/quehacerpolitico.mx\\\/#\\\/schema\\\/person\\\/496d8ad2d1d3f8036101dca7ee39e585\"},\"breadcrumb\":{\"@id\":\"https:\\\/\\\/quehacerpolitico.mx\\\/?p=2950#breadcrumb\"},\"inLanguage\":\"es\",\"potentialAction\":[{\"@type\":\"ReadAction\",\"target\":[\"https:\\\/\\\/quehacerpolitico.mx\\\/?p=2950\"]}]},{\"@type\":\"ImageObject\",\"inLanguage\":\"es\",\"@id\":\"https:\\\/\\\/quehacerpolitico.mx\\\/?p=2950#primaryimage\",\"url\":\"\",\"contentUrl\":\"\"},{\"@type\":\"BreadcrumbList\",\"@id\":\"https:\\\/\\\/quehacerpolitico.mx\\\/?p=2950#breadcrumb\",\"itemListElement\":[{\"@type\":\"ListItem\",\"position\":1,\"name\":\"Inicio\",\"item\":\"https:\\\/\\\/quehacerpolitico.mx\\\/\"},{\"@type\":\"ListItem\",\"position\":2,\"name\":\"La disciplina fiscal con EPN fue insuficiente: Esquivel; la IP ser\u00e1 el motor del Gobierno de AMLO: Romo\"}]},{\"@type\":\"WebSite\",\"@id\":\"https:\\\/\\\/quehacerpolitico.mx\\\/#website\",\"url\":\"https:\\\/\\\/quehacerpolitico.mx\\\/\",\"name\":\"\",\"description\":\"\",\"potentialAction\":[{\"@type\":\"SearchAction\",\"target\":{\"@type\":\"EntryPoint\",\"urlTemplate\":\"https:\\\/\\\/quehacerpolitico.mx\\\/?s={search_term_string}\"},\"query-input\":{\"@type\":\"PropertyValueSpecification\",\"valueRequired\":true,\"valueName\":\"search_term_string\"}}],\"inLanguage\":\"es\"},{\"@type\":\"Person\",\"@id\":\"https:\\\/\\\/quehacerpolitico.mx\\\/#\\\/schema\\\/person\\\/496d8ad2d1d3f8036101dca7ee39e585\",\"name\":\"Redacci\u00f3n QP\",\"image\":{\"@type\":\"ImageObject\",\"inLanguage\":\"es\",\"@id\":\"https:\\\/\\\/secure.gravatar.com\\\/avatar\\\/c7164ed6fdec453195284ad24a5ae5b6e1eed2b848477fa2a4787ba9adf39a41?s=96&d=mm&r=g\",\"url\":\"https:\\\/\\\/secure.gravatar.com\\\/avatar\\\/c7164ed6fdec453195284ad24a5ae5b6e1eed2b848477fa2a4787ba9adf39a41?s=96&d=mm&r=g\",\"contentUrl\":\"https:\\\/\\\/secure.gravatar.com\\\/avatar\\\/c7164ed6fdec453195284ad24a5ae5b6e1eed2b848477fa2a4787ba9adf39a41?s=96&d=mm&r=g\",\"caption\":\"Redacci\u00f3n QP\"},\"url\":\"https:\\\/\\\/quehacerpolitico.mx\\\/?author=2\"}]}<\/script>\n<!-- \/ Yoast SEO plugin. -->","yoast_head_json":{"title":"La disciplina fiscal con EPN fue insuficiente: Esquivel; la IP ser\u00e1 el motor del Gobierno de AMLO: Romo -","robots":{"index":"index","follow":"follow","max-snippet":"max-snippet:-1","max-image-preview":"max-image-preview:large","max-video-preview":"max-video-preview:-1"},"canonical":"https:\/\/quehacerpolitico.mx\/?p=2950","og_locale":"es_MX","og_type":"article","og_title":"La disciplina fiscal con EPN fue insuficiente: Esquivel; la IP ser\u00e1 el motor del Gobierno de AMLO: Romo -","og_description":"La disciplina fiscal con EPN fue insuficiente: Esquivel; la IP ser\u00e1 el motor del Gobierno de AMLO: Romo Por Redacci\u00f3n QP","og_url":"https:\/\/quehacerpolitico.mx\/?p=2950","article_published_time":"2018-08-22T19:33:08+00:00","author":"Redacci\u00f3n QP","twitter_card":"summary_large_image","twitter_misc":{"Escrito por":"Redacci\u00f3n QP","Tiempo de lectura":"6 minutos"},"schema":{"@context":"https:\/\/schema.org","@graph":[{"@type":"Article","@id":"https:\/\/quehacerpolitico.mx\/?p=2950#article","isPartOf":{"@id":"https:\/\/quehacerpolitico.mx\/?p=2950"},"author":{"name":"Redacci\u00f3n QP","@id":"https:\/\/quehacerpolitico.mx\/#\/schema\/person\/496d8ad2d1d3f8036101dca7ee39e585"},"headline":"La disciplina fiscal con EPN fue insuficiente: Esquivel; la IP ser\u00e1 el motor del Gobierno de AMLO: Romo","datePublished":"2018-08-22T19:33:08+00:00","mainEntityOfPage":{"@id":"https:\/\/quehacerpolitico.mx\/?p=2950"},"wordCount":1135,"commentCount":0,"image":{"@id":"https:\/\/quehacerpolitico.mx\/?p=2950#primaryimage"},"thumbnailUrl":"","articleSection":["Econom\u00eda"],"inLanguage":"es","potentialAction":[{"@type":"CommentAction","name":"Comment","target":["https:\/\/quehacerpolitico.mx\/?p=2950#respond"]}]},{"@type":"WebPage","@id":"https:\/\/quehacerpolitico.mx\/?p=2950","url":"https:\/\/quehacerpolitico.mx\/?p=2950","name":"La disciplina fiscal con EPN fue insuficiente: Esquivel; la IP ser\u00e1 el motor del Gobierno de AMLO: Romo -","isPartOf":{"@id":"https:\/\/quehacerpolitico.mx\/#website"},"primaryImageOfPage":{"@id":"https:\/\/quehacerpolitico.mx\/?p=2950#primaryimage"},"image":{"@id":"https:\/\/quehacerpolitico.mx\/?p=2950#primaryimage"},"thumbnailUrl":"","datePublished":"2018-08-22T19:33:08+00:00","author":{"@id":"https:\/\/quehacerpolitico.mx\/#\/schema\/person\/496d8ad2d1d3f8036101dca7ee39e585"},"breadcrumb":{"@id":"https:\/\/quehacerpolitico.mx\/?p=2950#breadcrumb"},"inLanguage":"es","potentialAction":[{"@type":"ReadAction","target":["https:\/\/quehacerpolitico.mx\/?p=2950"]}]},{"@type":"ImageObject","inLanguage":"es","@id":"https:\/\/quehacerpolitico.mx\/?p=2950#primaryimage","url":"","contentUrl":""},{"@type":"BreadcrumbList","@id":"https:\/\/quehacerpolitico.mx\/?p=2950#breadcrumb","itemListElement":[{"@type":"ListItem","position":1,"name":"Inicio","item":"https:\/\/quehacerpolitico.mx\/"},{"@type":"ListItem","position":2,"name":"La disciplina fiscal con EPN fue insuficiente: Esquivel; la IP ser\u00e1 el motor del Gobierno de AMLO: Romo"}]},{"@type":"WebSite","@id":"https:\/\/quehacerpolitico.mx\/#website","url":"https:\/\/quehacerpolitico.mx\/","name":"","description":"","potentialAction":[{"@type":"SearchAction","target":{"@type":"EntryPoint","urlTemplate":"https:\/\/quehacerpolitico.mx\/?s={search_term_string}"},"query-input":{"@type":"PropertyValueSpecification","valueRequired":true,"valueName":"search_term_string"}}],"inLanguage":"es"},{"@type":"Person","@id":"https:\/\/quehacerpolitico.mx\/#\/schema\/person\/496d8ad2d1d3f8036101dca7ee39e585","name":"Redacci\u00f3n QP","image":{"@type":"ImageObject","inLanguage":"es","@id":"https:\/\/secure.gravatar.com\/avatar\/c7164ed6fdec453195284ad24a5ae5b6e1eed2b848477fa2a4787ba9adf39a41?s=96&d=mm&r=g","url":"https:\/\/secure.gravatar.com\/avatar\/c7164ed6fdec453195284ad24a5ae5b6e1eed2b848477fa2a4787ba9adf39a41?s=96&d=mm&r=g","contentUrl":"https:\/\/secure.gravatar.com\/avatar\/c7164ed6fdec453195284ad24a5ae5b6e1eed2b848477fa2a4787ba9adf39a41?s=96&d=mm&r=g","caption":"Redacci\u00f3n QP"},"url":"https:\/\/quehacerpolitico.mx\/?author=2"}]}},"featured_image_urls":{"full":"","thumbnail":"","medium":"","medium_large":"","large":"","1536x1536":"","2048x2048":"","covernews-featured":"","covernews-medium":""},"author_info":{"display_name":"Redacci\u00f3n QP","author_link":"https:\/\/quehacerpolitico.mx\/?author=2"},"category_info":"<a href=\"https:\/\/quehacerpolitico.mx\/?cat=56\" rel=\"category\">Econom\u00eda<\/a>","tag_info":"Econom\u00eda","comment_count":"0","_links":{"self":[{"href":"https:\/\/quehacerpolitico.mx\/index.php?rest_route=\/wp\/v2\/posts\/2950","targetHints":{"allow":["GET"]}}],"collection":[{"href":"https:\/\/quehacerpolitico.mx\/index.php?rest_route=\/wp\/v2\/posts"}],"about":[{"href":"https:\/\/quehacerpolitico.mx\/index.php?rest_route=\/wp\/v2\/types\/post"}],"author":[{"embeddable":true,"href":"https:\/\/quehacerpolitico.mx\/index.php?rest_route=\/wp\/v2\/users\/2"}],"replies":[{"embeddable":true,"href":"https:\/\/quehacerpolitico.mx\/index.php?rest_route=%2Fwp%2Fv2%2Fcomments&post=2950"}],"version-history":[{"count":0,"href":"https:\/\/quehacerpolitico.mx\/index.php?rest_route=\/wp\/v2\/posts\/2950\/revisions"}],"wp:featuredmedia":[{"embeddable":true,"href":"https:\/\/quehacerpolitico.mx\/index.php?rest_route=\/"}],"wp:attachment":[{"href":"https:\/\/quehacerpolitico.mx\/index.php?rest_route=%2Fwp%2Fv2%2Fmedia&parent=2950"}],"wp:term":[{"taxonomy":"category","embeddable":true,"href":"https:\/\/quehacerpolitico.mx\/index.php?rest_route=%2Fwp%2Fv2%2Fcategories&post=2950"},{"taxonomy":"post_tag","embeddable":true,"href":"https:\/\/quehacerpolitico.mx\/index.php?rest_route=%2Fwp%2Fv2%2Ftags&post=2950"}],"curies":[{"name":"wp","href":"https:\/\/api.w.org\/{rel}","templated":true}]}}