{"id":2941,"date":"2018-08-21T20:36:47","date_gmt":"2018-08-21T20:36:47","guid":{"rendered":"http:\/\/quehacerpolitico.mx\/granados-reparte-coordinacion-de-bancada-campechana-en-san-lazaro\/"},"modified":"2018-08-21T20:36:47","modified_gmt":"2018-08-21T20:36:47","slug":"granados-reparte-coordinacion-de-bancada-campechana-en-san-lazaro","status":"publish","type":"post","link":"https:\/\/quehacerpolitico.mx\/?p=2941","title":{"rendered":"Granados reparte coordinaci\u00f3n de bancada \u2018campechana\u2019 en San L\u00e1zaro"},"content":{"rendered":"<p>El presidente nacional del PRD, <strong>Manuel Granados,<\/strong>entreg\u00f3 las constancias de mayor\u00eda a quienes ser\u00e1n los <strong>coordinadores<\/strong> y <strong>vicecoordinadores<\/strong> de la bancada en <strong>San L\u00e1zaro<\/strong> para la <strong>64 legislatura.<\/strong><\/p>\n<p>Granados asegur\u00f3 que el <strong>Comit\u00e9 Ejecutivo Nacional<\/strong>del partido aprob\u00f3 y los diputados electos acordaron que la coordinaci\u00f3n del Sol Azteca en la C\u00e1mara de Diputados ser\u00e1 rotativa por cada a\u00f1o legislativo.<\/p>\n<p>De este modo, las tribus del PRD: Alternativa Democr\u00e1tica Nacional (<strong>ADN<\/strong>) Nueva Izquierda (<strong>NI<\/strong>) y Vanguardia Progresista (<strong>VP<\/strong>) coordinar\u00e1n a los <strong>diputados<\/strong> por a\u00f1o <strong>legislativo<\/strong>.<\/p>\n<blockquote>\n<p>\u201cM\u00e1s de uno esperaba que en este <strong>proceso de elecci\u00f3n<\/strong> de las coordinaciones hubiera <strong>desacuerdos<\/strong> o <strong>confrontaciones<\/strong>, cosa que no se ha dado, hemos <strong>privilegiado<\/strong> la unidad y ahora s\u00ed, valga la expresi\u00f3n, cada quien sabe como <strong>mata las pulgas<\/strong>\u201c, expres\u00f3 Granados.<\/p>\n<\/blockquote>\n<p>Asegur\u00f3 que en otros <strong>partidos<\/strong> no se ha realizado este proceso; sin embargo, ellos ya lograron las <strong>condiciones<\/strong> para impulsar a los <strong>l\u00edderes<\/strong> de la <strong>bancada<\/strong>.<\/p>\n<p>Se publico el primer a\u00f1o de sesiones ser\u00e1 coordinado por Ricardo Gallardo, de la expresi\u00f3n ADN, mientras que su vicecoordinadora ser\u00e1 Ver\u00f3nica Beatriz Ju\u00e1rez Pi\u00f1a de la <strong>corriente NI. <\/strong><\/p>\n<p>El segundo a\u00f1o de sesiones legislativas ser\u00e1 coordinado por <strong>Ver\u00f3nica Beatriz Ju\u00e1rez Pi\u00f1a<\/strong> y como coordinador estar\u00e1 <strong>Mauricio Toledo<\/strong> de la expresi\u00f3n <strong>VP.<\/strong><\/p>\n<p>Para el \u00faltimo a\u00f1o legislativo, el coordinador de de la fracci\u00f3n perredista ser\u00e1 <strong>H\u00e9ctor Serrano<\/strong> de la expresi\u00f3n VP y su vicecoordinador ser\u00e1 <strong>Raymundo Garc\u00eda Guti\u00e9rrez.<\/strong><\/p>\n<p>En conferencia de prensa los perredistas aseguraron que trabajar\u00e1n a favor de la <strong>ciudadan\u00eda<\/strong> y buscar\u00e1n acuerdos con las otras fracciones parlamentarias en luchas hist\u00f3ricas para el <strong>PRD<\/strong> como la interrupci\u00f3n legal del embarazo, la disminuci\u00f3n al precio de combustibles, el aumento al salario m\u00ednimo entre otros.<\/p>\n<p>El diputado electo, <strong>H\u00e9ctor Serrano<\/strong> agradeci\u00f3 la voluntad de las distintas corrientes del <strong>PRD<\/strong> para lograr un acuerdo sobre esta <strong>coordinaci\u00f3n<\/strong> <strong>rotativa<\/strong>de la bancada.<\/p>\n<div class=\"amp-ad-wrapper amp_ad_1 ampforwp-incontent-ampforwp-incontent-ad ampforwp-incontent-ad4\">\n<div class=\"i-amphtml-fx-flying-carpet-clip\">\n<div class=\"i-amphtml-fx-flying-carpet-container\">\n<div class=\"amp-hidden\">\n<blockquote>\n<p>\u201cLas causas m\u00e1s importantes de los \u00faltimos tiempos han sido <strong>enarboladas<\/strong> por el PRD y hoy me parece que algunas habr\u00e1n de <strong>presentarse<\/strong> y respaldar, habr\u00e1 otras que las revisaremos con mucho <strong>detenimiento<\/strong>.<\/p>\n<p>\u201cEs el momento de aportar como lo ha hecho el PRD por m\u00e1s de <strong>21 a\u00f1os<\/strong> y predicar nuestra <strong>convicci\u00f3n de izquierda<\/strong>\u201c, dijo.<\/p>\n<\/blockquote>\n<p>Sobre la <strong>agenda<\/strong> <strong>legislativa<\/strong>, los diputados electos aseguraron que a\u00fan se encuentra en <strong>discusi\u00f3n<\/strong> y se dar\u00e1 a conocer un <strong>posicionamiento oficial<\/strong> de la bancada.<\/p>\n<p>En cuanto al <strong>Gobierno de coalici\u00f3n,<\/strong> el presidente nacional del PRD asegur\u00f3 que ser\u00e1 <strong>responsabilidad<\/strong>de los coordinadores impulsar una <strong>agenda<\/strong> <strong>com\u00fan<\/strong>en beneficio de la <strong>ciudadan\u00eda<\/strong>.<\/p>\n<\/div>\n<\/div>\n<\/div>\n<\/div>\n","protected":false},"excerpt":{"rendered":"<p>Granados reparte coordinaci\u00f3n de bancada \u2018campechana\u2019 en San L\u00e1zaro<br \/>\nPor Redacci\u00f3n QP<\/p>\n","protected":false},"author":2,"featured_media":2940,"comment_status":"open","ping_status":"open","sticky":false,"template":"","format":"standard","meta":{"_monsterinsights_skip_tracking":false,"_monsterinsights_sitenote_active":false,"_monsterinsights_sitenote_note":"","_monsterinsights_sitenote_category":0,"footnotes":""},"categories":[2],"tags":[],"class_list":["post-2941","post","type-post","status-publish","format-standard","has-post-thumbnail","hentry","category-noticias"],"yoast_head":"<!-- This site is optimized with the Yoast SEO plugin v27.3 - https:\/\/yoast.com\/product\/yoast-seo-wordpress\/ -->\n<title>Granados reparte coordinaci\u00f3n de bancada \u2018campechana\u2019 en San L\u00e1zaro -<\/title>\n<meta name=\"robots\" content=\"index, follow, max-snippet:-1, max-image-preview:large, max-video-preview:-1\" \/>\n<link rel=\"canonical\" href=\"https:\/\/quehacerpolitico.mx\/?p=2941\" \/>\n<meta property=\"og:locale\" content=\"es_MX\" \/>\n<meta property=\"og:type\" content=\"article\" \/>\n<meta property=\"og:title\" content=\"Granados reparte coordinaci\u00f3n de bancada \u2018campechana\u2019 en San L\u00e1zaro -\" \/>\n<meta property=\"og:description\" content=\"Granados reparte coordinaci\u00f3n de bancada \u2018campechana\u2019 en San L\u00e1zaro Por Redacci\u00f3n QP\" \/>\n<meta property=\"og:url\" content=\"https:\/\/quehacerpolitico.mx\/?p=2941\" \/>\n<meta property=\"article:published_time\" content=\"2018-08-21T20:36:47+00:00\" \/>\n<meta name=\"author\" content=\"Redacci\u00f3n QP\" \/>\n<meta name=\"twitter:card\" content=\"summary_large_image\" \/>\n<meta name=\"twitter:label1\" content=\"Escrito por\" \/>\n\t<meta name=\"twitter:data1\" content=\"Redacci\u00f3n QP\" \/>\n\t<meta name=\"twitter:label2\" content=\"Tiempo de lectura\" \/>\n\t<meta name=\"twitter:data2\" content=\"2 minutos\" \/>\n<script type=\"application\/ld+json\" class=\"yoast-schema-graph\">{\"@context\":\"https:\\\/\\\/schema.org\",\"@graph\":[{\"@type\":\"Article\",\"@id\":\"https:\\\/\\\/quehacerpolitico.mx\\\/?p=2941#article\",\"isPartOf\":{\"@id\":\"https:\\\/\\\/quehacerpolitico.mx\\\/?p=2941\"},\"author\":{\"name\":\"Redacci\u00f3n QP\",\"@id\":\"https:\\\/\\\/quehacerpolitico.mx\\\/#\\\/schema\\\/person\\\/496d8ad2d1d3f8036101dca7ee39e585\"},\"headline\":\"Granados reparte coordinaci\u00f3n de bancada \u2018campechana\u2019 en San L\u00e1zaro\",\"datePublished\":\"2018-08-21T20:36:47+00:00\",\"mainEntityOfPage\":{\"@id\":\"https:\\\/\\\/quehacerpolitico.mx\\\/?p=2941\"},\"wordCount\":465,\"commentCount\":0,\"image\":{\"@id\":\"https:\\\/\\\/quehacerpolitico.mx\\\/?p=2941#primaryimage\"},\"thumbnailUrl\":\"\",\"articleSection\":[\"Noticias\"],\"inLanguage\":\"es\",\"potentialAction\":[{\"@type\":\"CommentAction\",\"name\":\"Comment\",\"target\":[\"https:\\\/\\\/quehacerpolitico.mx\\\/?p=2941#respond\"]}]},{\"@type\":\"WebPage\",\"@id\":\"https:\\\/\\\/quehacerpolitico.mx\\\/?p=2941\",\"url\":\"https:\\\/\\\/quehacerpolitico.mx\\\/?p=2941\",\"name\":\"Granados reparte coordinaci\u00f3n de bancada \u2018campechana\u2019 en San L\u00e1zaro -\",\"isPartOf\":{\"@id\":\"https:\\\/\\\/quehacerpolitico.mx\\\/#website\"},\"primaryImageOfPage\":{\"@id\":\"https:\\\/\\\/quehacerpolitico.mx\\\/?p=2941#primaryimage\"},\"image\":{\"@id\":\"https:\\\/\\\/quehacerpolitico.mx\\\/?p=2941#primaryimage\"},\"thumbnailUrl\":\"\",\"datePublished\":\"2018-08-21T20:36:47+00:00\",\"author\":{\"@id\":\"https:\\\/\\\/quehacerpolitico.mx\\\/#\\\/schema\\\/person\\\/496d8ad2d1d3f8036101dca7ee39e585\"},\"breadcrumb\":{\"@id\":\"https:\\\/\\\/quehacerpolitico.mx\\\/?p=2941#breadcrumb\"},\"inLanguage\":\"es\",\"potentialAction\":[{\"@type\":\"ReadAction\",\"target\":[\"https:\\\/\\\/quehacerpolitico.mx\\\/?p=2941\"]}]},{\"@type\":\"ImageObject\",\"inLanguage\":\"es\",\"@id\":\"https:\\\/\\\/quehacerpolitico.mx\\\/?p=2941#primaryimage\",\"url\":\"\",\"contentUrl\":\"\"},{\"@type\":\"BreadcrumbList\",\"@id\":\"https:\\\/\\\/quehacerpolitico.mx\\\/?p=2941#breadcrumb\",\"itemListElement\":[{\"@type\":\"ListItem\",\"position\":1,\"name\":\"Inicio\",\"item\":\"https:\\\/\\\/quehacerpolitico.mx\\\/\"},{\"@type\":\"ListItem\",\"position\":2,\"name\":\"Granados reparte coordinaci\u00f3n de bancada \u2018campechana\u2019 en San L\u00e1zaro\"}]},{\"@type\":\"WebSite\",\"@id\":\"https:\\\/\\\/quehacerpolitico.mx\\\/#website\",\"url\":\"https:\\\/\\\/quehacerpolitico.mx\\\/\",\"name\":\"\",\"description\":\"\",\"potentialAction\":[{\"@type\":\"SearchAction\",\"target\":{\"@type\":\"EntryPoint\",\"urlTemplate\":\"https:\\\/\\\/quehacerpolitico.mx\\\/?s={search_term_string}\"},\"query-input\":{\"@type\":\"PropertyValueSpecification\",\"valueRequired\":true,\"valueName\":\"search_term_string\"}}],\"inLanguage\":\"es\"},{\"@type\":\"Person\",\"@id\":\"https:\\\/\\\/quehacerpolitico.mx\\\/#\\\/schema\\\/person\\\/496d8ad2d1d3f8036101dca7ee39e585\",\"name\":\"Redacci\u00f3n QP\",\"image\":{\"@type\":\"ImageObject\",\"inLanguage\":\"es\",\"@id\":\"https:\\\/\\\/secure.gravatar.com\\\/avatar\\\/c7164ed6fdec453195284ad24a5ae5b6e1eed2b848477fa2a4787ba9adf39a41?s=96&d=mm&r=g\",\"url\":\"https:\\\/\\\/secure.gravatar.com\\\/avatar\\\/c7164ed6fdec453195284ad24a5ae5b6e1eed2b848477fa2a4787ba9adf39a41?s=96&d=mm&r=g\",\"contentUrl\":\"https:\\\/\\\/secure.gravatar.com\\\/avatar\\\/c7164ed6fdec453195284ad24a5ae5b6e1eed2b848477fa2a4787ba9adf39a41?s=96&d=mm&r=g\",\"caption\":\"Redacci\u00f3n QP\"},\"url\":\"https:\\\/\\\/quehacerpolitico.mx\\\/?author=2\"}]}<\/script>\n<!-- \/ Yoast SEO plugin. -->","yoast_head_json":{"title":"Granados reparte coordinaci\u00f3n de bancada \u2018campechana\u2019 en San L\u00e1zaro -","robots":{"index":"index","follow":"follow","max-snippet":"max-snippet:-1","max-image-preview":"max-image-preview:large","max-video-preview":"max-video-preview:-1"},"canonical":"https:\/\/quehacerpolitico.mx\/?p=2941","og_locale":"es_MX","og_type":"article","og_title":"Granados reparte coordinaci\u00f3n de bancada \u2018campechana\u2019 en San L\u00e1zaro -","og_description":"Granados reparte coordinaci\u00f3n de bancada \u2018campechana\u2019 en San L\u00e1zaro Por Redacci\u00f3n QP","og_url":"https:\/\/quehacerpolitico.mx\/?p=2941","article_published_time":"2018-08-21T20:36:47+00:00","author":"Redacci\u00f3n QP","twitter_card":"summary_large_image","twitter_misc":{"Escrito por":"Redacci\u00f3n QP","Tiempo de lectura":"2 minutos"},"schema":{"@context":"https:\/\/schema.org","@graph":[{"@type":"Article","@id":"https:\/\/quehacerpolitico.mx\/?p=2941#article","isPartOf":{"@id":"https:\/\/quehacerpolitico.mx\/?p=2941"},"author":{"name":"Redacci\u00f3n QP","@id":"https:\/\/quehacerpolitico.mx\/#\/schema\/person\/496d8ad2d1d3f8036101dca7ee39e585"},"headline":"Granados reparte coordinaci\u00f3n de bancada \u2018campechana\u2019 en San L\u00e1zaro","datePublished":"2018-08-21T20:36:47+00:00","mainEntityOfPage":{"@id":"https:\/\/quehacerpolitico.mx\/?p=2941"},"wordCount":465,"commentCount":0,"image":{"@id":"https:\/\/quehacerpolitico.mx\/?p=2941#primaryimage"},"thumbnailUrl":"","articleSection":["Noticias"],"inLanguage":"es","potentialAction":[{"@type":"CommentAction","name":"Comment","target":["https:\/\/quehacerpolitico.mx\/?p=2941#respond"]}]},{"@type":"WebPage","@id":"https:\/\/quehacerpolitico.mx\/?p=2941","url":"https:\/\/quehacerpolitico.mx\/?p=2941","name":"Granados reparte coordinaci\u00f3n de bancada \u2018campechana\u2019 en San L\u00e1zaro -","isPartOf":{"@id":"https:\/\/quehacerpolitico.mx\/#website"},"primaryImageOfPage":{"@id":"https:\/\/quehacerpolitico.mx\/?p=2941#primaryimage"},"image":{"@id":"https:\/\/quehacerpolitico.mx\/?p=2941#primaryimage"},"thumbnailUrl":"","datePublished":"2018-08-21T20:36:47+00:00","author":{"@id":"https:\/\/quehacerpolitico.mx\/#\/schema\/person\/496d8ad2d1d3f8036101dca7ee39e585"},"breadcrumb":{"@id":"https:\/\/quehacerpolitico.mx\/?p=2941#breadcrumb"},"inLanguage":"es","potentialAction":[{"@type":"ReadAction","target":["https:\/\/quehacerpolitico.mx\/?p=2941"]}]},{"@type":"ImageObject","inLanguage":"es","@id":"https:\/\/quehacerpolitico.mx\/?p=2941#primaryimage","url":"","contentUrl":""},{"@type":"BreadcrumbList","@id":"https:\/\/quehacerpolitico.mx\/?p=2941#breadcrumb","itemListElement":[{"@type":"ListItem","position":1,"name":"Inicio","item":"https:\/\/quehacerpolitico.mx\/"},{"@type":"ListItem","position":2,"name":"Granados reparte coordinaci\u00f3n de bancada \u2018campechana\u2019 en San L\u00e1zaro"}]},{"@type":"WebSite","@id":"https:\/\/quehacerpolitico.mx\/#website","url":"https:\/\/quehacerpolitico.mx\/","name":"","description":"","potentialAction":[{"@type":"SearchAction","target":{"@type":"EntryPoint","urlTemplate":"https:\/\/quehacerpolitico.mx\/?s={search_term_string}"},"query-input":{"@type":"PropertyValueSpecification","valueRequired":true,"valueName":"search_term_string"}}],"inLanguage":"es"},{"@type":"Person","@id":"https:\/\/quehacerpolitico.mx\/#\/schema\/person\/496d8ad2d1d3f8036101dca7ee39e585","name":"Redacci\u00f3n QP","image":{"@type":"ImageObject","inLanguage":"es","@id":"https:\/\/secure.gravatar.com\/avatar\/c7164ed6fdec453195284ad24a5ae5b6e1eed2b848477fa2a4787ba9adf39a41?s=96&d=mm&r=g","url":"https:\/\/secure.gravatar.com\/avatar\/c7164ed6fdec453195284ad24a5ae5b6e1eed2b848477fa2a4787ba9adf39a41?s=96&d=mm&r=g","contentUrl":"https:\/\/secure.gravatar.com\/avatar\/c7164ed6fdec453195284ad24a5ae5b6e1eed2b848477fa2a4787ba9adf39a41?s=96&d=mm&r=g","caption":"Redacci\u00f3n QP"},"url":"https:\/\/quehacerpolitico.mx\/?author=2"}]}},"featured_image_urls":{"full":"","thumbnail":"","medium":"","medium_large":"","large":"","1536x1536":"","2048x2048":"","covernews-featured":"","covernews-medium":""},"author_info":{"display_name":"Redacci\u00f3n QP","author_link":"https:\/\/quehacerpolitico.mx\/?author=2"},"category_info":"<a href=\"https:\/\/quehacerpolitico.mx\/?cat=2\" rel=\"category\">Noticias<\/a>","tag_info":"Noticias","comment_count":"0","_links":{"self":[{"href":"https:\/\/quehacerpolitico.mx\/index.php?rest_route=\/wp\/v2\/posts\/2941","targetHints":{"allow":["GET"]}}],"collection":[{"href":"https:\/\/quehacerpolitico.mx\/index.php?rest_route=\/wp\/v2\/posts"}],"about":[{"href":"https:\/\/quehacerpolitico.mx\/index.php?rest_route=\/wp\/v2\/types\/post"}],"author":[{"embeddable":true,"href":"https:\/\/quehacerpolitico.mx\/index.php?rest_route=\/wp\/v2\/users\/2"}],"replies":[{"embeddable":true,"href":"https:\/\/quehacerpolitico.mx\/index.php?rest_route=%2Fwp%2Fv2%2Fcomments&post=2941"}],"version-history":[{"count":0,"href":"https:\/\/quehacerpolitico.mx\/index.php?rest_route=\/wp\/v2\/posts\/2941\/revisions"}],"wp:featuredmedia":[{"embeddable":true,"href":"https:\/\/quehacerpolitico.mx\/index.php?rest_route=\/"}],"wp:attachment":[{"href":"https:\/\/quehacerpolitico.mx\/index.php?rest_route=%2Fwp%2Fv2%2Fmedia&parent=2941"}],"wp:term":[{"taxonomy":"category","embeddable":true,"href":"https:\/\/quehacerpolitico.mx\/index.php?rest_route=%2Fwp%2Fv2%2Fcategories&post=2941"},{"taxonomy":"post_tag","embeddable":true,"href":"https:\/\/quehacerpolitico.mx\/index.php?rest_route=%2Fwp%2Fv2%2Ftags&post=2941"}],"curies":[{"name":"wp","href":"https:\/\/api.w.org\/{rel}","templated":true}]}}