{"id":2936,"date":"2018-08-21T20:09:49","date_gmt":"2018-08-21T20:09:49","guid":{"rendered":"http:\/\/quehacerpolitico.mx\/ayudantia-grupo-de-personas-que-cuidaran-a-amlo-estara-integrado-antes-del-16-de-septiembre\/"},"modified":"2018-08-21T20:09:49","modified_gmt":"2018-08-21T20:09:49","slug":"ayudantia-grupo-de-personas-que-cuidaran-a-amlo-estara-integrado-antes-del-16-de-septiembre","status":"publish","type":"post","link":"https:\/\/quehacerpolitico.mx\/?p=2936","title":{"rendered":"\u2018Ayudant\u00eda\u2019, grupo de personas que cuidar\u00e1n a AMLO estar\u00e1 integrado antes del 16 de septiembre"},"content":{"rendered":"<p>El presidente electo, <strong>Andr\u00e9s Manuel L\u00f3pez Obrador,<\/strong> reiter\u00f3 que <strong>Daniel Asaf s<\/strong>er\u00e1 el encargado del equipo de \u2018Ayudant\u00eda\u2019, mismo que estar\u00e1 a cargo de la seguridad del tabasque\u00f1o y el cual estar\u00e1 integrado<strong> por 20 personas.<\/strong><\/p>\n<p>Durante una conferencia de prensa desde su casa de transici\u00f3n ubicada en la colonia Roma en la Ciudad de M\u00e9xico, AMLO detall\u00f3 que estar\u00e1 listo antes del 16 de septiembre, cuando arranque una gira por el pa\u00eds.<\/p>\n<p>Afirm\u00f3 que los integrantes son de entera confianza y que tendr\u00e1n el grado m\u00ednimo de licenciatura.<\/p>\n<p>Indic\u00f3 que se est\u00e1 analizando la posibilidad de que la<strong>\u2018Ayudant\u00eda\u2019 tambi\u00e9n pueda proteger a su esposa Beatriz Guti\u00e9rrez M\u00fcller, e hijos, pero no hay definici\u00f3n.<\/strong><\/p>\n<p>AMLO dijo que poco a poco se van a dar a conocer a los dem\u00e1s integrantes de las coordinaciones, mismas que se van a reducir, al igual que las funciones, y puso como ejemplo las oficinas de<strong> Comunicaci\u00f3n Social de las dependencias,<\/strong> mismas que se van a integrar en una coordinaci\u00f3n general.<\/p>\n","protected":false},"excerpt":{"rendered":"<p>\u2018Ayudant\u00eda\u2019, grupo de personas que cuidar\u00e1n a AMLO estar\u00e1 integrado antes del 16 de septiembre<br \/>\nPor Redacci\u00f3n QP<\/p>\n","protected":false},"author":2,"featured_media":2935,"comment_status":"open","ping_status":"open","sticky":false,"template":"","format":"standard","meta":{"_monsterinsights_skip_tracking":false,"_monsterinsights_sitenote_active":false,"_monsterinsights_sitenote_note":"","_monsterinsights_sitenote_category":0,"footnotes":""},"categories":[2],"tags":[],"class_list":["post-2936","post","type-post","status-publish","format-standard","has-post-thumbnail","hentry","category-noticias"],"yoast_head":"<!-- This site is optimized with the Yoast SEO plugin v27.3 - https:\/\/yoast.com\/product\/yoast-seo-wordpress\/ -->\n<title>\u2018Ayudant\u00eda\u2019, grupo de personas que cuidar\u00e1n a AMLO estar\u00e1 integrado antes del 16 de septiembre -<\/title>\n<meta name=\"robots\" content=\"index, follow, max-snippet:-1, max-image-preview:large, max-video-preview:-1\" \/>\n<link rel=\"canonical\" href=\"https:\/\/quehacerpolitico.mx\/?p=2936\" \/>\n<meta property=\"og:locale\" content=\"es_MX\" \/>\n<meta property=\"og:type\" content=\"article\" \/>\n<meta property=\"og:title\" content=\"\u2018Ayudant\u00eda\u2019, grupo de personas que cuidar\u00e1n a AMLO estar\u00e1 integrado antes del 16 de septiembre -\" \/>\n<meta property=\"og:description\" content=\"\u2018Ayudant\u00eda\u2019, grupo de personas que cuidar\u00e1n a AMLO estar\u00e1 integrado antes del 16 de septiembre Por Redacci\u00f3n QP\" \/>\n<meta property=\"og:url\" content=\"https:\/\/quehacerpolitico.mx\/?p=2936\" \/>\n<meta property=\"article:published_time\" content=\"2018-08-21T20:09:49+00:00\" \/>\n<meta name=\"author\" content=\"Redacci\u00f3n QP\" \/>\n<meta name=\"twitter:card\" content=\"summary_large_image\" \/>\n<meta name=\"twitter:label1\" content=\"Escrito por\" \/>\n\t<meta name=\"twitter:data1\" content=\"Redacci\u00f3n QP\" \/>\n\t<meta name=\"twitter:label2\" content=\"Tiempo de lectura\" \/>\n\t<meta name=\"twitter:data2\" content=\"1 minuto\" \/>\n<script type=\"application\/ld+json\" class=\"yoast-schema-graph\">{\"@context\":\"https:\\\/\\\/schema.org\",\"@graph\":[{\"@type\":\"Article\",\"@id\":\"https:\\\/\\\/quehacerpolitico.mx\\\/?p=2936#article\",\"isPartOf\":{\"@id\":\"https:\\\/\\\/quehacerpolitico.mx\\\/?p=2936\"},\"author\":{\"name\":\"Redacci\u00f3n QP\",\"@id\":\"https:\\\/\\\/quehacerpolitico.mx\\\/#\\\/schema\\\/person\\\/496d8ad2d1d3f8036101dca7ee39e585\"},\"headline\":\"\u2018Ayudant\u00eda\u2019, grupo de personas que cuidar\u00e1n a AMLO estar\u00e1 integrado antes del 16 de septiembre\",\"datePublished\":\"2018-08-21T20:09:49+00:00\",\"mainEntityOfPage\":{\"@id\":\"https:\\\/\\\/quehacerpolitico.mx\\\/?p=2936\"},\"wordCount\":198,\"commentCount\":0,\"image\":{\"@id\":\"https:\\\/\\\/quehacerpolitico.mx\\\/?p=2936#primaryimage\"},\"thumbnailUrl\":\"\",\"articleSection\":[\"Noticias\"],\"inLanguage\":\"es\",\"potentialAction\":[{\"@type\":\"CommentAction\",\"name\":\"Comment\",\"target\":[\"https:\\\/\\\/quehacerpolitico.mx\\\/?p=2936#respond\"]}]},{\"@type\":\"WebPage\",\"@id\":\"https:\\\/\\\/quehacerpolitico.mx\\\/?p=2936\",\"url\":\"https:\\\/\\\/quehacerpolitico.mx\\\/?p=2936\",\"name\":\"\u2018Ayudant\u00eda\u2019, grupo de personas que cuidar\u00e1n a AMLO estar\u00e1 integrado antes del 16 de septiembre -\",\"isPartOf\":{\"@id\":\"https:\\\/\\\/quehacerpolitico.mx\\\/#website\"},\"primaryImageOfPage\":{\"@id\":\"https:\\\/\\\/quehacerpolitico.mx\\\/?p=2936#primaryimage\"},\"image\":{\"@id\":\"https:\\\/\\\/quehacerpolitico.mx\\\/?p=2936#primaryimage\"},\"thumbnailUrl\":\"\",\"datePublished\":\"2018-08-21T20:09:49+00:00\",\"author\":{\"@id\":\"https:\\\/\\\/quehacerpolitico.mx\\\/#\\\/schema\\\/person\\\/496d8ad2d1d3f8036101dca7ee39e585\"},\"breadcrumb\":{\"@id\":\"https:\\\/\\\/quehacerpolitico.mx\\\/?p=2936#breadcrumb\"},\"inLanguage\":\"es\",\"potentialAction\":[{\"@type\":\"ReadAction\",\"target\":[\"https:\\\/\\\/quehacerpolitico.mx\\\/?p=2936\"]}]},{\"@type\":\"ImageObject\",\"inLanguage\":\"es\",\"@id\":\"https:\\\/\\\/quehacerpolitico.mx\\\/?p=2936#primaryimage\",\"url\":\"\",\"contentUrl\":\"\"},{\"@type\":\"BreadcrumbList\",\"@id\":\"https:\\\/\\\/quehacerpolitico.mx\\\/?p=2936#breadcrumb\",\"itemListElement\":[{\"@type\":\"ListItem\",\"position\":1,\"name\":\"Inicio\",\"item\":\"https:\\\/\\\/quehacerpolitico.mx\\\/\"},{\"@type\":\"ListItem\",\"position\":2,\"name\":\"\u2018Ayudant\u00eda\u2019, grupo de personas que cuidar\u00e1n a AMLO estar\u00e1 integrado antes del 16 de septiembre\"}]},{\"@type\":\"WebSite\",\"@id\":\"https:\\\/\\\/quehacerpolitico.mx\\\/#website\",\"url\":\"https:\\\/\\\/quehacerpolitico.mx\\\/\",\"name\":\"\",\"description\":\"\",\"potentialAction\":[{\"@type\":\"SearchAction\",\"target\":{\"@type\":\"EntryPoint\",\"urlTemplate\":\"https:\\\/\\\/quehacerpolitico.mx\\\/?s={search_term_string}\"},\"query-input\":{\"@type\":\"PropertyValueSpecification\",\"valueRequired\":true,\"valueName\":\"search_term_string\"}}],\"inLanguage\":\"es\"},{\"@type\":\"Person\",\"@id\":\"https:\\\/\\\/quehacerpolitico.mx\\\/#\\\/schema\\\/person\\\/496d8ad2d1d3f8036101dca7ee39e585\",\"name\":\"Redacci\u00f3n QP\",\"image\":{\"@type\":\"ImageObject\",\"inLanguage\":\"es\",\"@id\":\"https:\\\/\\\/secure.gravatar.com\\\/avatar\\\/c7164ed6fdec453195284ad24a5ae5b6e1eed2b848477fa2a4787ba9adf39a41?s=96&d=mm&r=g\",\"url\":\"https:\\\/\\\/secure.gravatar.com\\\/avatar\\\/c7164ed6fdec453195284ad24a5ae5b6e1eed2b848477fa2a4787ba9adf39a41?s=96&d=mm&r=g\",\"contentUrl\":\"https:\\\/\\\/secure.gravatar.com\\\/avatar\\\/c7164ed6fdec453195284ad24a5ae5b6e1eed2b848477fa2a4787ba9adf39a41?s=96&d=mm&r=g\",\"caption\":\"Redacci\u00f3n QP\"},\"url\":\"https:\\\/\\\/quehacerpolitico.mx\\\/?author=2\"}]}<\/script>\n<!-- \/ Yoast SEO plugin. -->","yoast_head_json":{"title":"\u2018Ayudant\u00eda\u2019, grupo de personas que cuidar\u00e1n a AMLO estar\u00e1 integrado antes del 16 de septiembre -","robots":{"index":"index","follow":"follow","max-snippet":"max-snippet:-1","max-image-preview":"max-image-preview:large","max-video-preview":"max-video-preview:-1"},"canonical":"https:\/\/quehacerpolitico.mx\/?p=2936","og_locale":"es_MX","og_type":"article","og_title":"\u2018Ayudant\u00eda\u2019, grupo de personas que cuidar\u00e1n a AMLO estar\u00e1 integrado antes del 16 de septiembre -","og_description":"\u2018Ayudant\u00eda\u2019, grupo de personas que cuidar\u00e1n a AMLO estar\u00e1 integrado antes del 16 de septiembre Por Redacci\u00f3n QP","og_url":"https:\/\/quehacerpolitico.mx\/?p=2936","article_published_time":"2018-08-21T20:09:49+00:00","author":"Redacci\u00f3n QP","twitter_card":"summary_large_image","twitter_misc":{"Escrito por":"Redacci\u00f3n QP","Tiempo de lectura":"1 minuto"},"schema":{"@context":"https:\/\/schema.org","@graph":[{"@type":"Article","@id":"https:\/\/quehacerpolitico.mx\/?p=2936#article","isPartOf":{"@id":"https:\/\/quehacerpolitico.mx\/?p=2936"},"author":{"name":"Redacci\u00f3n QP","@id":"https:\/\/quehacerpolitico.mx\/#\/schema\/person\/496d8ad2d1d3f8036101dca7ee39e585"},"headline":"\u2018Ayudant\u00eda\u2019, grupo de personas que cuidar\u00e1n a AMLO estar\u00e1 integrado antes del 16 de septiembre","datePublished":"2018-08-21T20:09:49+00:00","mainEntityOfPage":{"@id":"https:\/\/quehacerpolitico.mx\/?p=2936"},"wordCount":198,"commentCount":0,"image":{"@id":"https:\/\/quehacerpolitico.mx\/?p=2936#primaryimage"},"thumbnailUrl":"","articleSection":["Noticias"],"inLanguage":"es","potentialAction":[{"@type":"CommentAction","name":"Comment","target":["https:\/\/quehacerpolitico.mx\/?p=2936#respond"]}]},{"@type":"WebPage","@id":"https:\/\/quehacerpolitico.mx\/?p=2936","url":"https:\/\/quehacerpolitico.mx\/?p=2936","name":"\u2018Ayudant\u00eda\u2019, grupo de personas que cuidar\u00e1n a AMLO estar\u00e1 integrado antes del 16 de septiembre -","isPartOf":{"@id":"https:\/\/quehacerpolitico.mx\/#website"},"primaryImageOfPage":{"@id":"https:\/\/quehacerpolitico.mx\/?p=2936#primaryimage"},"image":{"@id":"https:\/\/quehacerpolitico.mx\/?p=2936#primaryimage"},"thumbnailUrl":"","datePublished":"2018-08-21T20:09:49+00:00","author":{"@id":"https:\/\/quehacerpolitico.mx\/#\/schema\/person\/496d8ad2d1d3f8036101dca7ee39e585"},"breadcrumb":{"@id":"https:\/\/quehacerpolitico.mx\/?p=2936#breadcrumb"},"inLanguage":"es","potentialAction":[{"@type":"ReadAction","target":["https:\/\/quehacerpolitico.mx\/?p=2936"]}]},{"@type":"ImageObject","inLanguage":"es","@id":"https:\/\/quehacerpolitico.mx\/?p=2936#primaryimage","url":"","contentUrl":""},{"@type":"BreadcrumbList","@id":"https:\/\/quehacerpolitico.mx\/?p=2936#breadcrumb","itemListElement":[{"@type":"ListItem","position":1,"name":"Inicio","item":"https:\/\/quehacerpolitico.mx\/"},{"@type":"ListItem","position":2,"name":"\u2018Ayudant\u00eda\u2019, grupo de personas que cuidar\u00e1n a AMLO estar\u00e1 integrado antes del 16 de septiembre"}]},{"@type":"WebSite","@id":"https:\/\/quehacerpolitico.mx\/#website","url":"https:\/\/quehacerpolitico.mx\/","name":"","description":"","potentialAction":[{"@type":"SearchAction","target":{"@type":"EntryPoint","urlTemplate":"https:\/\/quehacerpolitico.mx\/?s={search_term_string}"},"query-input":{"@type":"PropertyValueSpecification","valueRequired":true,"valueName":"search_term_string"}}],"inLanguage":"es"},{"@type":"Person","@id":"https:\/\/quehacerpolitico.mx\/#\/schema\/person\/496d8ad2d1d3f8036101dca7ee39e585","name":"Redacci\u00f3n QP","image":{"@type":"ImageObject","inLanguage":"es","@id":"https:\/\/secure.gravatar.com\/avatar\/c7164ed6fdec453195284ad24a5ae5b6e1eed2b848477fa2a4787ba9adf39a41?s=96&d=mm&r=g","url":"https:\/\/secure.gravatar.com\/avatar\/c7164ed6fdec453195284ad24a5ae5b6e1eed2b848477fa2a4787ba9adf39a41?s=96&d=mm&r=g","contentUrl":"https:\/\/secure.gravatar.com\/avatar\/c7164ed6fdec453195284ad24a5ae5b6e1eed2b848477fa2a4787ba9adf39a41?s=96&d=mm&r=g","caption":"Redacci\u00f3n QP"},"url":"https:\/\/quehacerpolitico.mx\/?author=2"}]}},"featured_image_urls":{"full":"","thumbnail":"","medium":"","medium_large":"","large":"","1536x1536":"","2048x2048":"","covernews-featured":"","covernews-medium":""},"author_info":{"display_name":"Redacci\u00f3n QP","author_link":"https:\/\/quehacerpolitico.mx\/?author=2"},"category_info":"<a href=\"https:\/\/quehacerpolitico.mx\/?cat=2\" rel=\"category\">Noticias<\/a>","tag_info":"Noticias","comment_count":"0","_links":{"self":[{"href":"https:\/\/quehacerpolitico.mx\/index.php?rest_route=\/wp\/v2\/posts\/2936","targetHints":{"allow":["GET"]}}],"collection":[{"href":"https:\/\/quehacerpolitico.mx\/index.php?rest_route=\/wp\/v2\/posts"}],"about":[{"href":"https:\/\/quehacerpolitico.mx\/index.php?rest_route=\/wp\/v2\/types\/post"}],"author":[{"embeddable":true,"href":"https:\/\/quehacerpolitico.mx\/index.php?rest_route=\/wp\/v2\/users\/2"}],"replies":[{"embeddable":true,"href":"https:\/\/quehacerpolitico.mx\/index.php?rest_route=%2Fwp%2Fv2%2Fcomments&post=2936"}],"version-history":[{"count":0,"href":"https:\/\/quehacerpolitico.mx\/index.php?rest_route=\/wp\/v2\/posts\/2936\/revisions"}],"wp:featuredmedia":[{"embeddable":true,"href":"https:\/\/quehacerpolitico.mx\/index.php?rest_route=\/"}],"wp:attachment":[{"href":"https:\/\/quehacerpolitico.mx\/index.php?rest_route=%2Fwp%2Fv2%2Fmedia&parent=2936"}],"wp:term":[{"taxonomy":"category","embeddable":true,"href":"https:\/\/quehacerpolitico.mx\/index.php?rest_route=%2Fwp%2Fv2%2Fcategories&post=2936"},{"taxonomy":"post_tag","embeddable":true,"href":"https:\/\/quehacerpolitico.mx\/index.php?rest_route=%2Fwp%2Fv2%2Ftags&post=2936"}],"curies":[{"name":"wp","href":"https:\/\/api.w.org\/{rel}","templated":true}]}}