{"id":2928,"date":"2018-08-21T19:41:21","date_gmt":"2018-08-21T19:41:21","guid":{"rendered":"http:\/\/quehacerpolitico.mx\/nuevo-record-18994-mexicanos-fueron-asesinados-en-7-meses-de-2018-julio-el-mes-mas-violento\/"},"modified":"2018-08-21T19:41:21","modified_gmt":"2018-08-21T19:41:21","slug":"nuevo-record-18994-mexicanos-fueron-asesinados-en-7-meses-de-2018-julio-el-mes-mas-violento","status":"publish","type":"post","link":"https:\/\/quehacerpolitico.mx\/?p=2928","title":{"rendered":"Nuevo r\u00e9cord: 18,994 mexicanos fueron asesinados en 7 meses de 2018; julio, el mes m\u00e1s violento"},"content":{"rendered":"<h3>Un total de 18 mil 994 v\u00edctimas del delito de homicidio doloso ya se acumularon en los primeros siete meses de este a\u00f1o. El mes de julio es el m\u00e1s sangriento desde que la Secretar\u00eda de Gobernaci\u00f3n tiene registro y por primera vez se reportaron m\u00e1s de 3 mil homicidios en solo un mes.<\/h3>\n<p>Las <strong>cifras de violencia<\/strong>rompieron una <strong>nueva marca<\/strong>: julio de este a\u00f1o es <strong>el mes con m\u00e1s homicidios dolosos<\/strong>reportados en todo el pa\u00eds, al registrar 3 mil 17 v\u00edctimas.<\/p>\n<p>Por primera vez se super\u00f3 el techo de 3 mil <strong>homicidios dolosos<\/strong> en solo un mes, pese a los golpes anunciados por el Gobierno federal en las \u00faltimas semanas como decomisos, detenciones de capos de alto perfil y destrucci\u00f3n de narcolaboratorios.<\/p>\n<p>El Secretariado difunde datos de la incidencia delictiva de M\u00e9xico desde 1997, que detallan que la cifra mensual m\u00e1s alta se hab\u00eda registrado en mayo pasado, cuando se registraron 2 mil 894 v\u00edctimas.<\/p>\n<p>Un total de 18 mil 994 v\u00edctimas de homicidio doloso se acumularon en los primeros siete meses de este a\u00f1o, superando los 15 mil 879 que se registraron en el mismo lapso de 2017. Este nueva cifra tampoco ten\u00eda precedente.<\/p>\n<p>La cifra de asesinados con arma de fuego tambi\u00e9n impone una marca:\u00a02 mil 104.<\/p>\n<p>El n\u00famero de feminicidios reportados por las fiscal\u00edas y procuradur\u00edas del pa\u00eds fue de 78, similar a lo registrado en abril que es el mes con m\u00e1s v\u00edctimas de este delito.<\/p>\n<p>Al Gobierno del Presidente Enrique Pe\u00f1a Nieto le quedan poco m\u00e1s de tres meses en funciones, la pr\u00f3xima administraci\u00f3n que ser\u00e1 encabezada por Andr\u00e9s Manuel L\u00f3pez Obrador ha anunciado que cambiar\u00e1 la actual estrategia en contra de la inseguridad.<\/p>\n<p>El pr\u00f3ximo titular de la Secretar\u00eda de Seguridad P\u00fablica, Alfonso Durazo Monta\u00f1o, y la futura Secretaria de Gobernaci\u00f3n, Olga Sanchez Cordero, son quienes se encuentran al frente del proyecto de pacificaci\u00f3n y de lucha al combate organizado para los pr\u00f3ximos a\u00f1os.<\/p>\n<p>Por su parte, L\u00f3pez Obrador ha dicho que no delegar\u00e1 la responsabilidad de la seguridad en otro funcionario y que ser\u00e1 \u00e9l mismo quien asuma el mando.<\/p>\n<p>Ya dieron inicio los foros por la paz, en la que participan v\u00edctimas, acad\u00e9micos, organizaciones de la sociedad civil y representantes de la siguiente administraci\u00f3n federal y el Durazo Monta\u00f1o ha dicho que la estrategia en contra de las organizaciones criminales estar\u00e1 enfocada en los recursos que les permiten operar a gran escala en el pa\u00eds.<\/p>\n<blockquote>\n<p>\u201cLa estrategia de perseguir a objetivos prioritarios no ha dado el mejor resultado; de 122 objetivos prioritarios se han detenido a 120, sin embargo, la inseguridad ha ido creciendo\u201d, dijo Durazo a medios de comunicaci\u00f3n el pasado mi\u00e9rcoles.<\/p>\n<\/blockquote>\n<p>El Secretario de Gobernaci\u00f3n. Alfonso Navarrete Prida, se\u00f1al\u00f3 a finales de julio que las armas procedentes de Estados Unidos tambi\u00e9n son parte importante del origen de la violencia que vive M\u00e9xico.<\/p>\n<p>\u201cLa principal fuente de abastecimiento de violencia en el Pa\u00eds son armas ilegales que han entrado a nuestro pa\u00eds, y dinero para hacer valer a las organizaciones criminales poder corruptor y poder de ejecuci\u00f3n y de fuego\u201d, se\u00f1al\u00f3 el funcionario.<\/p>\n","protected":false},"excerpt":{"rendered":"<p>Nuevo r\u00e9cord: 18,994 mexicanos fueron asesinados en 7 meses de 2018; julio, el mes m\u00e1s violento<br \/>\nPor Redacci\u00f3n QP<\/p>\n","protected":false},"author":2,"featured_media":2927,"comment_status":"open","ping_status":"open","sticky":false,"template":"","format":"standard","meta":{"_monsterinsights_skip_tracking":false,"_monsterinsights_sitenote_active":false,"_monsterinsights_sitenote_note":"","_monsterinsights_sitenote_category":0,"footnotes":""},"categories":[2],"tags":[],"class_list":["post-2928","post","type-post","status-publish","format-standard","has-post-thumbnail","hentry","category-noticias"],"yoast_head":"<!-- This site is optimized with the Yoast SEO plugin v27.3 - https:\/\/yoast.com\/product\/yoast-seo-wordpress\/ -->\n<title>Nuevo r\u00e9cord: 18,994 mexicanos fueron asesinados en 7 meses de 2018; julio, el mes m\u00e1s violento -<\/title>\n<meta name=\"robots\" content=\"index, follow, max-snippet:-1, max-image-preview:large, max-video-preview:-1\" \/>\n<link rel=\"canonical\" href=\"https:\/\/quehacerpolitico.mx\/?p=2928\" \/>\n<meta property=\"og:locale\" content=\"es_MX\" \/>\n<meta property=\"og:type\" content=\"article\" \/>\n<meta property=\"og:title\" content=\"Nuevo r\u00e9cord: 18,994 mexicanos fueron asesinados en 7 meses de 2018; julio, el mes m\u00e1s violento -\" \/>\n<meta property=\"og:description\" content=\"Nuevo r\u00e9cord: 18,994 mexicanos fueron asesinados en 7 meses de 2018; julio, el mes m\u00e1s violento Por Redacci\u00f3n QP\" \/>\n<meta property=\"og:url\" content=\"https:\/\/quehacerpolitico.mx\/?p=2928\" \/>\n<meta property=\"article:published_time\" content=\"2018-08-21T19:41:21+00:00\" \/>\n<meta name=\"author\" content=\"Redacci\u00f3n QP\" \/>\n<meta name=\"twitter:card\" content=\"summary_large_image\" \/>\n<meta name=\"twitter:label1\" content=\"Escrito por\" \/>\n\t<meta name=\"twitter:data1\" content=\"Redacci\u00f3n QP\" \/>\n\t<meta name=\"twitter:label2\" content=\"Tiempo de lectura\" \/>\n\t<meta name=\"twitter:data2\" content=\"3 minutos\" \/>\n<script type=\"application\/ld+json\" class=\"yoast-schema-graph\">{\"@context\":\"https:\\\/\\\/schema.org\",\"@graph\":[{\"@type\":\"Article\",\"@id\":\"https:\\\/\\\/quehacerpolitico.mx\\\/?p=2928#article\",\"isPartOf\":{\"@id\":\"https:\\\/\\\/quehacerpolitico.mx\\\/?p=2928\"},\"author\":{\"name\":\"Redacci\u00f3n QP\",\"@id\":\"https:\\\/\\\/quehacerpolitico.mx\\\/#\\\/schema\\\/person\\\/496d8ad2d1d3f8036101dca7ee39e585\"},\"headline\":\"Nuevo r\u00e9cord: 18,994 mexicanos fueron asesinados en 7 meses de 2018; julio, el mes m\u00e1s violento\",\"datePublished\":\"2018-08-21T19:41:21+00:00\",\"mainEntityOfPage\":{\"@id\":\"https:\\\/\\\/quehacerpolitico.mx\\\/?p=2928\"},\"wordCount\":565,\"commentCount\":0,\"image\":{\"@id\":\"https:\\\/\\\/quehacerpolitico.mx\\\/?p=2928#primaryimage\"},\"thumbnailUrl\":\"\",\"articleSection\":[\"Noticias\"],\"inLanguage\":\"es\",\"potentialAction\":[{\"@type\":\"CommentAction\",\"name\":\"Comment\",\"target\":[\"https:\\\/\\\/quehacerpolitico.mx\\\/?p=2928#respond\"]}]},{\"@type\":\"WebPage\",\"@id\":\"https:\\\/\\\/quehacerpolitico.mx\\\/?p=2928\",\"url\":\"https:\\\/\\\/quehacerpolitico.mx\\\/?p=2928\",\"name\":\"Nuevo r\u00e9cord: 18,994 mexicanos fueron asesinados en 7 meses de 2018; julio, el mes m\u00e1s violento -\",\"isPartOf\":{\"@id\":\"https:\\\/\\\/quehacerpolitico.mx\\\/#website\"},\"primaryImageOfPage\":{\"@id\":\"https:\\\/\\\/quehacerpolitico.mx\\\/?p=2928#primaryimage\"},\"image\":{\"@id\":\"https:\\\/\\\/quehacerpolitico.mx\\\/?p=2928#primaryimage\"},\"thumbnailUrl\":\"\",\"datePublished\":\"2018-08-21T19:41:21+00:00\",\"author\":{\"@id\":\"https:\\\/\\\/quehacerpolitico.mx\\\/#\\\/schema\\\/person\\\/496d8ad2d1d3f8036101dca7ee39e585\"},\"breadcrumb\":{\"@id\":\"https:\\\/\\\/quehacerpolitico.mx\\\/?p=2928#breadcrumb\"},\"inLanguage\":\"es\",\"potentialAction\":[{\"@type\":\"ReadAction\",\"target\":[\"https:\\\/\\\/quehacerpolitico.mx\\\/?p=2928\"]}]},{\"@type\":\"ImageObject\",\"inLanguage\":\"es\",\"@id\":\"https:\\\/\\\/quehacerpolitico.mx\\\/?p=2928#primaryimage\",\"url\":\"\",\"contentUrl\":\"\"},{\"@type\":\"BreadcrumbList\",\"@id\":\"https:\\\/\\\/quehacerpolitico.mx\\\/?p=2928#breadcrumb\",\"itemListElement\":[{\"@type\":\"ListItem\",\"position\":1,\"name\":\"Inicio\",\"item\":\"https:\\\/\\\/quehacerpolitico.mx\\\/\"},{\"@type\":\"ListItem\",\"position\":2,\"name\":\"Nuevo r\u00e9cord: 18,994 mexicanos fueron asesinados en 7 meses de 2018; julio, el mes m\u00e1s violento\"}]},{\"@type\":\"WebSite\",\"@id\":\"https:\\\/\\\/quehacerpolitico.mx\\\/#website\",\"url\":\"https:\\\/\\\/quehacerpolitico.mx\\\/\",\"name\":\"\",\"description\":\"\",\"potentialAction\":[{\"@type\":\"SearchAction\",\"target\":{\"@type\":\"EntryPoint\",\"urlTemplate\":\"https:\\\/\\\/quehacerpolitico.mx\\\/?s={search_term_string}\"},\"query-input\":{\"@type\":\"PropertyValueSpecification\",\"valueRequired\":true,\"valueName\":\"search_term_string\"}}],\"inLanguage\":\"es\"},{\"@type\":\"Person\",\"@id\":\"https:\\\/\\\/quehacerpolitico.mx\\\/#\\\/schema\\\/person\\\/496d8ad2d1d3f8036101dca7ee39e585\",\"name\":\"Redacci\u00f3n QP\",\"image\":{\"@type\":\"ImageObject\",\"inLanguage\":\"es\",\"@id\":\"https:\\\/\\\/secure.gravatar.com\\\/avatar\\\/c7164ed6fdec453195284ad24a5ae5b6e1eed2b848477fa2a4787ba9adf39a41?s=96&d=mm&r=g\",\"url\":\"https:\\\/\\\/secure.gravatar.com\\\/avatar\\\/c7164ed6fdec453195284ad24a5ae5b6e1eed2b848477fa2a4787ba9adf39a41?s=96&d=mm&r=g\",\"contentUrl\":\"https:\\\/\\\/secure.gravatar.com\\\/avatar\\\/c7164ed6fdec453195284ad24a5ae5b6e1eed2b848477fa2a4787ba9adf39a41?s=96&d=mm&r=g\",\"caption\":\"Redacci\u00f3n QP\"},\"url\":\"https:\\\/\\\/quehacerpolitico.mx\\\/?author=2\"}]}<\/script>\n<!-- \/ Yoast SEO plugin. -->","yoast_head_json":{"title":"Nuevo r\u00e9cord: 18,994 mexicanos fueron asesinados en 7 meses de 2018; julio, el mes m\u00e1s violento -","robots":{"index":"index","follow":"follow","max-snippet":"max-snippet:-1","max-image-preview":"max-image-preview:large","max-video-preview":"max-video-preview:-1"},"canonical":"https:\/\/quehacerpolitico.mx\/?p=2928","og_locale":"es_MX","og_type":"article","og_title":"Nuevo r\u00e9cord: 18,994 mexicanos fueron asesinados en 7 meses de 2018; julio, el mes m\u00e1s violento -","og_description":"Nuevo r\u00e9cord: 18,994 mexicanos fueron asesinados en 7 meses de 2018; julio, el mes m\u00e1s violento Por Redacci\u00f3n QP","og_url":"https:\/\/quehacerpolitico.mx\/?p=2928","article_published_time":"2018-08-21T19:41:21+00:00","author":"Redacci\u00f3n QP","twitter_card":"summary_large_image","twitter_misc":{"Escrito por":"Redacci\u00f3n QP","Tiempo de lectura":"3 minutos"},"schema":{"@context":"https:\/\/schema.org","@graph":[{"@type":"Article","@id":"https:\/\/quehacerpolitico.mx\/?p=2928#article","isPartOf":{"@id":"https:\/\/quehacerpolitico.mx\/?p=2928"},"author":{"name":"Redacci\u00f3n QP","@id":"https:\/\/quehacerpolitico.mx\/#\/schema\/person\/496d8ad2d1d3f8036101dca7ee39e585"},"headline":"Nuevo r\u00e9cord: 18,994 mexicanos fueron asesinados en 7 meses de 2018; julio, el mes m\u00e1s violento","datePublished":"2018-08-21T19:41:21+00:00","mainEntityOfPage":{"@id":"https:\/\/quehacerpolitico.mx\/?p=2928"},"wordCount":565,"commentCount":0,"image":{"@id":"https:\/\/quehacerpolitico.mx\/?p=2928#primaryimage"},"thumbnailUrl":"","articleSection":["Noticias"],"inLanguage":"es","potentialAction":[{"@type":"CommentAction","name":"Comment","target":["https:\/\/quehacerpolitico.mx\/?p=2928#respond"]}]},{"@type":"WebPage","@id":"https:\/\/quehacerpolitico.mx\/?p=2928","url":"https:\/\/quehacerpolitico.mx\/?p=2928","name":"Nuevo r\u00e9cord: 18,994 mexicanos fueron asesinados en 7 meses de 2018; julio, el mes m\u00e1s violento -","isPartOf":{"@id":"https:\/\/quehacerpolitico.mx\/#website"},"primaryImageOfPage":{"@id":"https:\/\/quehacerpolitico.mx\/?p=2928#primaryimage"},"image":{"@id":"https:\/\/quehacerpolitico.mx\/?p=2928#primaryimage"},"thumbnailUrl":"","datePublished":"2018-08-21T19:41:21+00:00","author":{"@id":"https:\/\/quehacerpolitico.mx\/#\/schema\/person\/496d8ad2d1d3f8036101dca7ee39e585"},"breadcrumb":{"@id":"https:\/\/quehacerpolitico.mx\/?p=2928#breadcrumb"},"inLanguage":"es","potentialAction":[{"@type":"ReadAction","target":["https:\/\/quehacerpolitico.mx\/?p=2928"]}]},{"@type":"ImageObject","inLanguage":"es","@id":"https:\/\/quehacerpolitico.mx\/?p=2928#primaryimage","url":"","contentUrl":""},{"@type":"BreadcrumbList","@id":"https:\/\/quehacerpolitico.mx\/?p=2928#breadcrumb","itemListElement":[{"@type":"ListItem","position":1,"name":"Inicio","item":"https:\/\/quehacerpolitico.mx\/"},{"@type":"ListItem","position":2,"name":"Nuevo r\u00e9cord: 18,994 mexicanos fueron asesinados en 7 meses de 2018; julio, el mes m\u00e1s violento"}]},{"@type":"WebSite","@id":"https:\/\/quehacerpolitico.mx\/#website","url":"https:\/\/quehacerpolitico.mx\/","name":"","description":"","potentialAction":[{"@type":"SearchAction","target":{"@type":"EntryPoint","urlTemplate":"https:\/\/quehacerpolitico.mx\/?s={search_term_string}"},"query-input":{"@type":"PropertyValueSpecification","valueRequired":true,"valueName":"search_term_string"}}],"inLanguage":"es"},{"@type":"Person","@id":"https:\/\/quehacerpolitico.mx\/#\/schema\/person\/496d8ad2d1d3f8036101dca7ee39e585","name":"Redacci\u00f3n QP","image":{"@type":"ImageObject","inLanguage":"es","@id":"https:\/\/secure.gravatar.com\/avatar\/c7164ed6fdec453195284ad24a5ae5b6e1eed2b848477fa2a4787ba9adf39a41?s=96&d=mm&r=g","url":"https:\/\/secure.gravatar.com\/avatar\/c7164ed6fdec453195284ad24a5ae5b6e1eed2b848477fa2a4787ba9adf39a41?s=96&d=mm&r=g","contentUrl":"https:\/\/secure.gravatar.com\/avatar\/c7164ed6fdec453195284ad24a5ae5b6e1eed2b848477fa2a4787ba9adf39a41?s=96&d=mm&r=g","caption":"Redacci\u00f3n QP"},"url":"https:\/\/quehacerpolitico.mx\/?author=2"}]}},"featured_image_urls":{"full":"","thumbnail":"","medium":"","medium_large":"","large":"","1536x1536":"","2048x2048":"","covernews-featured":"","covernews-medium":""},"author_info":{"display_name":"Redacci\u00f3n QP","author_link":"https:\/\/quehacerpolitico.mx\/?author=2"},"category_info":"<a href=\"https:\/\/quehacerpolitico.mx\/?cat=2\" rel=\"category\">Noticias<\/a>","tag_info":"Noticias","comment_count":"0","_links":{"self":[{"href":"https:\/\/quehacerpolitico.mx\/index.php?rest_route=\/wp\/v2\/posts\/2928","targetHints":{"allow":["GET"]}}],"collection":[{"href":"https:\/\/quehacerpolitico.mx\/index.php?rest_route=\/wp\/v2\/posts"}],"about":[{"href":"https:\/\/quehacerpolitico.mx\/index.php?rest_route=\/wp\/v2\/types\/post"}],"author":[{"embeddable":true,"href":"https:\/\/quehacerpolitico.mx\/index.php?rest_route=\/wp\/v2\/users\/2"}],"replies":[{"embeddable":true,"href":"https:\/\/quehacerpolitico.mx\/index.php?rest_route=%2Fwp%2Fv2%2Fcomments&post=2928"}],"version-history":[{"count":0,"href":"https:\/\/quehacerpolitico.mx\/index.php?rest_route=\/wp\/v2\/posts\/2928\/revisions"}],"wp:featuredmedia":[{"embeddable":true,"href":"https:\/\/quehacerpolitico.mx\/index.php?rest_route=\/"}],"wp:attachment":[{"href":"https:\/\/quehacerpolitico.mx\/index.php?rest_route=%2Fwp%2Fv2%2Fmedia&parent=2928"}],"wp:term":[{"taxonomy":"category","embeddable":true,"href":"https:\/\/quehacerpolitico.mx\/index.php?rest_route=%2Fwp%2Fv2%2Fcategories&post=2928"},{"taxonomy":"post_tag","embeddable":true,"href":"https:\/\/quehacerpolitico.mx\/index.php?rest_route=%2Fwp%2Fv2%2Ftags&post=2928"}],"curies":[{"name":"wp","href":"https:\/\/api.w.org\/{rel}","templated":true}]}}