{"id":2926,"date":"2018-08-21T19:35:58","date_gmt":"2018-08-21T19:35:58","guid":{"rendered":"http:\/\/quehacerpolitico.mx\/y-quien-invento-la-manteconcha-ese-nuevo-pan-dulce-mexicano-que-causa-8-de-impuesto\/"},"modified":"2018-08-21T19:35:58","modified_gmt":"2018-08-21T19:35:58","slug":"y-quien-invento-la-manteconcha-ese-nuevo-pan-dulce-mexicano-que-causa-8-de-impuesto","status":"publish","type":"post","link":"https:\/\/quehacerpolitico.mx\/?p=2926","title":{"rendered":"\u00bfY qui\u00e9n invent\u00f3 la \u201cmanteconcha\u201d, ese nuevo pan dulce mexicano que causa 8% de impuesto?"},"content":{"rendered":"<h3>El 10 de agosto naci\u00f3 la \u201cmanteconcha\u201d, luego de un intento por innovar el producto de cara al d\u00eda de muertos, que se celebra el 1 y 2 de noviembre y que tiene como eje central culinario el pan de muerto.<\/h3>\n<h3>Cuatro d\u00edas despu\u00e9s, el 14, Josu\u00e9 descubri\u00f3 que uno de sus clientes le hab\u00eda tomado la foto a su producto y la hab\u00eda subido a Facebook, detonando un \u00e9xito en redes sociales.<\/h3>\n<h3>Ahora el reto para el creador de este nuevo pan dulce es enorme, la demanda sigue creciendo y posiblemente tengan que ampliarse, de continuar la tendencia de venta.<\/h3>\n<p>El <strong>pan dulce<\/strong> de M\u00e9xico, famoso por su variedad de formas y colores, tiene un nuevo producto, un h\u00edbrido de mantecado y concha convertido en tendencia culinaria viralizada en las redes sociales.<\/p>\n<p>Este mestizaje que ha sido llamado manteconcha sali\u00f3 de los hornos del panadero mexicano <strong>Josu\u00e9 Rivera Arriaga<\/strong> en la central ciudad de Quer\u00e9taro a principios de agosto con tal \u00e9xito que puso a su panader\u00eda en la ruta del bizcocho en el pa\u00eds.<\/p>\n<p>Y es que un pa\u00eds como M\u00e9xico, en el que cada municipio y cada estado fabrica su propio bizcocho y tiene su versi\u00f3n de pan dulce, no es nada raro que los panaderos quieran dar su toque personal a los panes o darles nombres singulares que los hagan famosos.<\/p>\n<p>As\u00ed, en cada panader\u00eda en M\u00e9xico se pueden seleccionar <strong>bizcochos<\/strong> de nombres como panqu\u00e9, concha, mantecado, beso, bigote, cuerno, bisquet, cocol, cemita, corbata, garibaldi, gendarme, hojaldra, gragea, oreja o el puerquito, incluso algunas de colores y sabores distintos, como fresa, vainilla y chocolate.<\/p>\n<p>Josu\u00e9 relat\u00f3 a <em>Efe<\/em> que el proceso que lo llev\u00f3 a hornear la ahora famosa <strong>manteconcha<\/strong> naci\u00f3 de su intento por innovar el producto de cara al d\u00eda de muertos, que se celebra el 1 y 2 de noviembre y que tiene como eje central culinario el pan de muerto.<\/p>\n<blockquote>\n<p>\u201cVamos a hacer una concha y ponerla en el molde de mantecada y ver qu\u00e9 es lo que pasa, algo as\u00ed se me vino a la mente, de mantecada, en el momento se me vino eso y pues de ah\u00ed surgi\u00f3, se hizo el proceso, lo metimos al horno y fue el resultado\u201d, explic\u00f3 el panadero.<\/p>\n<\/blockquote>\n<p>Al final, el producto de esta horneada fue la manteconcha, un pan mestizo con una singular figura ante la que se rindieron las redes sociales, en las cuales caus\u00f3 una absoluta sensaci\u00f3n al punto que muchas personas enfilaron a Quer\u00e9taro para buscarla y comerla.<\/p>\n<p>El 10 de agosto naci\u00f3 la \u201cmanteconcha\u201d y para el d\u00eda 14 del mismo mes el panadero descubri\u00f3 que uno de sus clientes le hab\u00eda tomado la foto a su producto y la hab\u00eda subido a Facebook, con un \u00e9xito que contin\u00fao en otras redes sociales.<\/p>\n<blockquote>\n<p>\u201cMe llama mi hermana, me manda mensaje, me dice: \u2018oye Josu\u00e9 \u00bfya viste lo que hay en redes?\u2019 Ya se viraliz\u00f3 el producto. Le digo: \u2018\u00bfc\u00f3mo?\u2019 O sea, no fue algo que yo dijera esto va a ser un boom, sino que me sorprendi\u00f3\u201d, coment\u00f3.<\/p>\n<\/blockquote>\n<p>La fama ha sido tal que la peque\u00f1a horneada de tres decenas con la que comenz\u00f3 todo se ha multiplicado tantas veces que la familia de Josu\u00e9 no para de trabajar desde entonces para satisfacer una demanda que s\u00f3lo sigue en aumento.<\/p>\n<blockquote>\n<p>\u201cEmpezamos con un aproximado de 35 piezas, que fue las que hicimos no esperando el \u00e9xito, 35 piezas, y ahora estamos produciendo alrededor de mil y tantas piezas\u201d, confirm\u00f3.<\/p>\n<\/blockquote>\n<p>La panader\u00eda de Josu\u00e9, en Quer\u00e9taro, se volvi\u00f3 ya un punto obligado para los aventureros gastron\u00f3micos y tambi\u00e9n para los visitantes de ciudades cercanas o aquellos viajeros que van de paso hacia el norte del pa\u00eds.<\/p>\n<div id=\"attachment_3460187\" class=\"wp-caption alignnone\"><img loading=\"lazy\" decoding=\"async\" class=\"size-full wp-image-3460187\" src=\"http:\/\/www.sinembargo.mx\/wp-content\/uploads\/2018\/08\/manteconcha-1-1.jpg\" sizes=\"auto, (max-width: 700px) 100vw, 700px\" srcset=\"http:\/\/www.sinembargo.mx\/wp-content\/uploads\/2018\/08\/manteconcha-1-1.jpg 700w, http:\/\/www.sinembargo.mx\/wp-content\/uploads\/2018\/08\/manteconcha-1-1-300x158.jpg 300w\" alt=\"\" width=\"700\" height=\"369\" \/><\/p>\n<p class=\"wp-caption-text\">La panader\u00eda de Josu\u00e9, en Quer\u00e9taro, se volvi\u00f3 ya un punto obligado para los aventureros gastron\u00f3micos. Foto: Especial.<\/p>\n<\/div>\n<p>Luis Rodr\u00edguez, de Celaya, en el central estado de Guanajuato, coment\u00f3 a <em>Efe<\/em> que despu\u00e9s de ver las manteconchas en las redes sociales decidi\u00f3 hacer una parada en Quer\u00e9taro para comprar el producto de moda.<\/p>\n<blockquote>\n<p>\u201cLas vi en redes sociales, vi que estaban precisamente hasta difundiendo d\u00f3nde se encontraban, nos dimos una vuelta por aqu\u00ed, \u00edbamos de pasada de regreso a Celaya y pudimos darnos un tiempo para disfrutarlas a ver qu\u00e9 tal\u201d, coment\u00f3.<\/p>\n<\/blockquote>\n<p>Alejandra Hern\u00e1ndez, de la vecina ciudad de San Juan del R\u00edo, Quer\u00e9taro, se apunt\u00f3 al viaje con su familia para comprar y comer estas manteconchas.<\/p>\n<blockquote>\n<p>\u201cNos entr\u00f3 la curiosidad al verlas en redes sociales. La verdad, para ver a qu\u00e9 sab\u00edan, si ten\u00edan un sabor distinto. Venimos desde San Juan del R\u00edo a checar a ver si nosotros podemos degustar unas ricas manteconchas, como le llaman en redes sociales\u201d, declar\u00f3 Alejandra.<\/p>\n<\/blockquote>\n<p>Ahora el reto para Josu\u00e9 y su familia es enorme, porque la demanda sigue creciendo y posiblemente tengan que ampliarse, de continuar la tendencia de venta.<\/p>\n<p>En su peque\u00f1a empresa trabajan 14 panaderos, adem\u00e1s de \u00e9l, sus padres y sus dos hermanas, pero pronto tendr\u00e1n que aumentar el n\u00famero de hornos y de espacios de trabajo, y todo apunta a que necesitar\u00e1n m\u00e1s empleados.<\/p>\n<p>Con Informaci\u00f3n de EFE<\/p>\n","protected":false},"excerpt":{"rendered":"<p>\u00bfY qui\u00e9n invent\u00f3 la \u201cmanteconcha\u201d, ese nuevo pan dulce mexicano que causa 8% de impuesto?<br \/>\nPor Redacci\u00f3n QP<\/p>\n","protected":false},"author":2,"featured_media":2925,"comment_status":"open","ping_status":"open","sticky":false,"template":"","format":"standard","meta":{"_monsterinsights_skip_tracking":false,"_monsterinsights_sitenote_active":false,"_monsterinsights_sitenote_note":"","_monsterinsights_sitenote_category":0,"footnotes":""},"categories":[2],"tags":[],"class_list":["post-2926","post","type-post","status-publish","format-standard","has-post-thumbnail","hentry","category-noticias"],"yoast_head":"<!-- This site is optimized with the Yoast SEO plugin v27.3 - https:\/\/yoast.com\/product\/yoast-seo-wordpress\/ -->\n<title>\u00bfY qui\u00e9n invent\u00f3 la \u201cmanteconcha\u201d, ese nuevo pan dulce mexicano que causa 8% de impuesto? -<\/title>\n<meta name=\"robots\" content=\"index, follow, max-snippet:-1, max-image-preview:large, max-video-preview:-1\" \/>\n<link rel=\"canonical\" href=\"https:\/\/quehacerpolitico.mx\/?p=2926\" \/>\n<meta property=\"og:locale\" content=\"es_MX\" \/>\n<meta property=\"og:type\" content=\"article\" \/>\n<meta property=\"og:title\" content=\"\u00bfY qui\u00e9n invent\u00f3 la \u201cmanteconcha\u201d, ese nuevo pan dulce mexicano que causa 8% de impuesto? -\" \/>\n<meta property=\"og:description\" content=\"\u00bfY qui\u00e9n invent\u00f3 la \u201cmanteconcha\u201d, ese nuevo pan dulce mexicano que causa 8% de impuesto? Por Redacci\u00f3n QP\" \/>\n<meta property=\"og:url\" content=\"https:\/\/quehacerpolitico.mx\/?p=2926\" \/>\n<meta property=\"article:published_time\" content=\"2018-08-21T19:35:58+00:00\" \/>\n<meta name=\"author\" content=\"Redacci\u00f3n QP\" \/>\n<meta name=\"twitter:card\" content=\"summary_large_image\" \/>\n<meta name=\"twitter:label1\" content=\"Escrito por\" \/>\n\t<meta name=\"twitter:data1\" content=\"Redacci\u00f3n QP\" \/>\n\t<meta name=\"twitter:label2\" content=\"Tiempo de lectura\" \/>\n\t<meta name=\"twitter:data2\" content=\"4 minutos\" \/>\n<script type=\"application\/ld+json\" class=\"yoast-schema-graph\">{\"@context\":\"https:\\\/\\\/schema.org\",\"@graph\":[{\"@type\":\"Article\",\"@id\":\"https:\\\/\\\/quehacerpolitico.mx\\\/?p=2926#article\",\"isPartOf\":{\"@id\":\"https:\\\/\\\/quehacerpolitico.mx\\\/?p=2926\"},\"author\":{\"name\":\"Redacci\u00f3n QP\",\"@id\":\"https:\\\/\\\/quehacerpolitico.mx\\\/#\\\/schema\\\/person\\\/496d8ad2d1d3f8036101dca7ee39e585\"},\"headline\":\"\u00bfY qui\u00e9n invent\u00f3 la \u201cmanteconcha\u201d, ese nuevo pan dulce mexicano que causa 8% de impuesto?\",\"datePublished\":\"2018-08-21T19:35:58+00:00\",\"mainEntityOfPage\":{\"@id\":\"https:\\\/\\\/quehacerpolitico.mx\\\/?p=2926\"},\"wordCount\":901,\"commentCount\":0,\"image\":{\"@id\":\"https:\\\/\\\/quehacerpolitico.mx\\\/?p=2926#primaryimage\"},\"thumbnailUrl\":\"\",\"articleSection\":[\"Noticias\"],\"inLanguage\":\"es\",\"potentialAction\":[{\"@type\":\"CommentAction\",\"name\":\"Comment\",\"target\":[\"https:\\\/\\\/quehacerpolitico.mx\\\/?p=2926#respond\"]}]},{\"@type\":\"WebPage\",\"@id\":\"https:\\\/\\\/quehacerpolitico.mx\\\/?p=2926\",\"url\":\"https:\\\/\\\/quehacerpolitico.mx\\\/?p=2926\",\"name\":\"\u00bfY qui\u00e9n invent\u00f3 la \u201cmanteconcha\u201d, ese nuevo pan dulce mexicano que causa 8% de impuesto? -\",\"isPartOf\":{\"@id\":\"https:\\\/\\\/quehacerpolitico.mx\\\/#website\"},\"primaryImageOfPage\":{\"@id\":\"https:\\\/\\\/quehacerpolitico.mx\\\/?p=2926#primaryimage\"},\"image\":{\"@id\":\"https:\\\/\\\/quehacerpolitico.mx\\\/?p=2926#primaryimage\"},\"thumbnailUrl\":\"\",\"datePublished\":\"2018-08-21T19:35:58+00:00\",\"author\":{\"@id\":\"https:\\\/\\\/quehacerpolitico.mx\\\/#\\\/schema\\\/person\\\/496d8ad2d1d3f8036101dca7ee39e585\"},\"breadcrumb\":{\"@id\":\"https:\\\/\\\/quehacerpolitico.mx\\\/?p=2926#breadcrumb\"},\"inLanguage\":\"es\",\"potentialAction\":[{\"@type\":\"ReadAction\",\"target\":[\"https:\\\/\\\/quehacerpolitico.mx\\\/?p=2926\"]}]},{\"@type\":\"ImageObject\",\"inLanguage\":\"es\",\"@id\":\"https:\\\/\\\/quehacerpolitico.mx\\\/?p=2926#primaryimage\",\"url\":\"\",\"contentUrl\":\"\"},{\"@type\":\"BreadcrumbList\",\"@id\":\"https:\\\/\\\/quehacerpolitico.mx\\\/?p=2926#breadcrumb\",\"itemListElement\":[{\"@type\":\"ListItem\",\"position\":1,\"name\":\"Inicio\",\"item\":\"https:\\\/\\\/quehacerpolitico.mx\\\/\"},{\"@type\":\"ListItem\",\"position\":2,\"name\":\"\u00bfY qui\u00e9n invent\u00f3 la \u201cmanteconcha\u201d, ese nuevo pan dulce mexicano que causa 8% de impuesto?\"}]},{\"@type\":\"WebSite\",\"@id\":\"https:\\\/\\\/quehacerpolitico.mx\\\/#website\",\"url\":\"https:\\\/\\\/quehacerpolitico.mx\\\/\",\"name\":\"\",\"description\":\"\",\"potentialAction\":[{\"@type\":\"SearchAction\",\"target\":{\"@type\":\"EntryPoint\",\"urlTemplate\":\"https:\\\/\\\/quehacerpolitico.mx\\\/?s={search_term_string}\"},\"query-input\":{\"@type\":\"PropertyValueSpecification\",\"valueRequired\":true,\"valueName\":\"search_term_string\"}}],\"inLanguage\":\"es\"},{\"@type\":\"Person\",\"@id\":\"https:\\\/\\\/quehacerpolitico.mx\\\/#\\\/schema\\\/person\\\/496d8ad2d1d3f8036101dca7ee39e585\",\"name\":\"Redacci\u00f3n QP\",\"image\":{\"@type\":\"ImageObject\",\"inLanguage\":\"es\",\"@id\":\"https:\\\/\\\/secure.gravatar.com\\\/avatar\\\/c7164ed6fdec453195284ad24a5ae5b6e1eed2b848477fa2a4787ba9adf39a41?s=96&d=mm&r=g\",\"url\":\"https:\\\/\\\/secure.gravatar.com\\\/avatar\\\/c7164ed6fdec453195284ad24a5ae5b6e1eed2b848477fa2a4787ba9adf39a41?s=96&d=mm&r=g\",\"contentUrl\":\"https:\\\/\\\/secure.gravatar.com\\\/avatar\\\/c7164ed6fdec453195284ad24a5ae5b6e1eed2b848477fa2a4787ba9adf39a41?s=96&d=mm&r=g\",\"caption\":\"Redacci\u00f3n QP\"},\"url\":\"https:\\\/\\\/quehacerpolitico.mx\\\/?author=2\"}]}<\/script>\n<!-- \/ Yoast SEO plugin. -->","yoast_head_json":{"title":"\u00bfY qui\u00e9n invent\u00f3 la \u201cmanteconcha\u201d, ese nuevo pan dulce mexicano que causa 8% de impuesto? -","robots":{"index":"index","follow":"follow","max-snippet":"max-snippet:-1","max-image-preview":"max-image-preview:large","max-video-preview":"max-video-preview:-1"},"canonical":"https:\/\/quehacerpolitico.mx\/?p=2926","og_locale":"es_MX","og_type":"article","og_title":"\u00bfY qui\u00e9n invent\u00f3 la \u201cmanteconcha\u201d, ese nuevo pan dulce mexicano que causa 8% de impuesto? -","og_description":"\u00bfY qui\u00e9n invent\u00f3 la \u201cmanteconcha\u201d, ese nuevo pan dulce mexicano que causa 8% de impuesto? Por Redacci\u00f3n QP","og_url":"https:\/\/quehacerpolitico.mx\/?p=2926","article_published_time":"2018-08-21T19:35:58+00:00","author":"Redacci\u00f3n QP","twitter_card":"summary_large_image","twitter_misc":{"Escrito por":"Redacci\u00f3n QP","Tiempo de lectura":"4 minutos"},"schema":{"@context":"https:\/\/schema.org","@graph":[{"@type":"Article","@id":"https:\/\/quehacerpolitico.mx\/?p=2926#article","isPartOf":{"@id":"https:\/\/quehacerpolitico.mx\/?p=2926"},"author":{"name":"Redacci\u00f3n QP","@id":"https:\/\/quehacerpolitico.mx\/#\/schema\/person\/496d8ad2d1d3f8036101dca7ee39e585"},"headline":"\u00bfY qui\u00e9n invent\u00f3 la \u201cmanteconcha\u201d, ese nuevo pan dulce mexicano que causa 8% de impuesto?","datePublished":"2018-08-21T19:35:58+00:00","mainEntityOfPage":{"@id":"https:\/\/quehacerpolitico.mx\/?p=2926"},"wordCount":901,"commentCount":0,"image":{"@id":"https:\/\/quehacerpolitico.mx\/?p=2926#primaryimage"},"thumbnailUrl":"","articleSection":["Noticias"],"inLanguage":"es","potentialAction":[{"@type":"CommentAction","name":"Comment","target":["https:\/\/quehacerpolitico.mx\/?p=2926#respond"]}]},{"@type":"WebPage","@id":"https:\/\/quehacerpolitico.mx\/?p=2926","url":"https:\/\/quehacerpolitico.mx\/?p=2926","name":"\u00bfY qui\u00e9n invent\u00f3 la \u201cmanteconcha\u201d, ese nuevo pan dulce mexicano que causa 8% de impuesto? -","isPartOf":{"@id":"https:\/\/quehacerpolitico.mx\/#website"},"primaryImageOfPage":{"@id":"https:\/\/quehacerpolitico.mx\/?p=2926#primaryimage"},"image":{"@id":"https:\/\/quehacerpolitico.mx\/?p=2926#primaryimage"},"thumbnailUrl":"","datePublished":"2018-08-21T19:35:58+00:00","author":{"@id":"https:\/\/quehacerpolitico.mx\/#\/schema\/person\/496d8ad2d1d3f8036101dca7ee39e585"},"breadcrumb":{"@id":"https:\/\/quehacerpolitico.mx\/?p=2926#breadcrumb"},"inLanguage":"es","potentialAction":[{"@type":"ReadAction","target":["https:\/\/quehacerpolitico.mx\/?p=2926"]}]},{"@type":"ImageObject","inLanguage":"es","@id":"https:\/\/quehacerpolitico.mx\/?p=2926#primaryimage","url":"","contentUrl":""},{"@type":"BreadcrumbList","@id":"https:\/\/quehacerpolitico.mx\/?p=2926#breadcrumb","itemListElement":[{"@type":"ListItem","position":1,"name":"Inicio","item":"https:\/\/quehacerpolitico.mx\/"},{"@type":"ListItem","position":2,"name":"\u00bfY qui\u00e9n invent\u00f3 la \u201cmanteconcha\u201d, ese nuevo pan dulce mexicano que causa 8% de impuesto?"}]},{"@type":"WebSite","@id":"https:\/\/quehacerpolitico.mx\/#website","url":"https:\/\/quehacerpolitico.mx\/","name":"","description":"","potentialAction":[{"@type":"SearchAction","target":{"@type":"EntryPoint","urlTemplate":"https:\/\/quehacerpolitico.mx\/?s={search_term_string}"},"query-input":{"@type":"PropertyValueSpecification","valueRequired":true,"valueName":"search_term_string"}}],"inLanguage":"es"},{"@type":"Person","@id":"https:\/\/quehacerpolitico.mx\/#\/schema\/person\/496d8ad2d1d3f8036101dca7ee39e585","name":"Redacci\u00f3n QP","image":{"@type":"ImageObject","inLanguage":"es","@id":"https:\/\/secure.gravatar.com\/avatar\/c7164ed6fdec453195284ad24a5ae5b6e1eed2b848477fa2a4787ba9adf39a41?s=96&d=mm&r=g","url":"https:\/\/secure.gravatar.com\/avatar\/c7164ed6fdec453195284ad24a5ae5b6e1eed2b848477fa2a4787ba9adf39a41?s=96&d=mm&r=g","contentUrl":"https:\/\/secure.gravatar.com\/avatar\/c7164ed6fdec453195284ad24a5ae5b6e1eed2b848477fa2a4787ba9adf39a41?s=96&d=mm&r=g","caption":"Redacci\u00f3n QP"},"url":"https:\/\/quehacerpolitico.mx\/?author=2"}]}},"featured_image_urls":{"full":"","thumbnail":"","medium":"","medium_large":"","large":"","1536x1536":"","2048x2048":"","covernews-featured":"","covernews-medium":""},"author_info":{"display_name":"Redacci\u00f3n QP","author_link":"https:\/\/quehacerpolitico.mx\/?author=2"},"category_info":"<a href=\"https:\/\/quehacerpolitico.mx\/?cat=2\" rel=\"category\">Noticias<\/a>","tag_info":"Noticias","comment_count":"0","_links":{"self":[{"href":"https:\/\/quehacerpolitico.mx\/index.php?rest_route=\/wp\/v2\/posts\/2926","targetHints":{"allow":["GET"]}}],"collection":[{"href":"https:\/\/quehacerpolitico.mx\/index.php?rest_route=\/wp\/v2\/posts"}],"about":[{"href":"https:\/\/quehacerpolitico.mx\/index.php?rest_route=\/wp\/v2\/types\/post"}],"author":[{"embeddable":true,"href":"https:\/\/quehacerpolitico.mx\/index.php?rest_route=\/wp\/v2\/users\/2"}],"replies":[{"embeddable":true,"href":"https:\/\/quehacerpolitico.mx\/index.php?rest_route=%2Fwp%2Fv2%2Fcomments&post=2926"}],"version-history":[{"count":0,"href":"https:\/\/quehacerpolitico.mx\/index.php?rest_route=\/wp\/v2\/posts\/2926\/revisions"}],"wp:featuredmedia":[{"embeddable":true,"href":"https:\/\/quehacerpolitico.mx\/index.php?rest_route=\/"}],"wp:attachment":[{"href":"https:\/\/quehacerpolitico.mx\/index.php?rest_route=%2Fwp%2Fv2%2Fmedia&parent=2926"}],"wp:term":[{"taxonomy":"category","embeddable":true,"href":"https:\/\/quehacerpolitico.mx\/index.php?rest_route=%2Fwp%2Fv2%2Fcategories&post=2926"},{"taxonomy":"post_tag","embeddable":true,"href":"https:\/\/quehacerpolitico.mx\/index.php?rest_route=%2Fwp%2Fv2%2Ftags&post=2926"}],"curies":[{"name":"wp","href":"https:\/\/api.w.org\/{rel}","templated":true}]}}