{"id":2896,"date":"2018-08-21T14:56:42","date_gmt":"2018-08-21T14:56:42","guid":{"rendered":"http:\/\/quehacerpolitico.mx\/artista-frances-utiliza-simbolos-mexicanos-para-representar-su-arte\/"},"modified":"2018-08-21T14:56:42","modified_gmt":"2018-08-21T14:56:42","slug":"artista-frances-utiliza-simbolos-mexicanos-para-representar-su-arte","status":"publish","type":"post","link":"https:\/\/quehacerpolitico.mx\/?p=2896","title":{"rendered":"Artista franc\u00e9s utiliza s\u00edmbolos mexicanos para representar su arte"},"content":{"rendered":"<p>Muerte, calaveras, lucha libre y rostros de <strong><a href=\"https:\/\/www.informador.mx\/frida-kahlo-t1772\" target=\"_blank\" rel=\"noopener\">Frida Kahlo<\/a><\/strong> son algunos de los s\u00edmbolos mexicanos que forman parte del nuevo trabajo del artista franc\u00e9s <strong>Val\u00e9rian Lenud<\/strong>, quien plasma con aerosol su arte pop y urbano para rendir un tributo a <strong><a href=\"https:\/\/www.informador.mx\/seccion\/mexico\/\" target=\"_blank\" rel=\"noopener\">M\u00e9xico<\/a><\/strong>.<\/p>\n<div id=\"div-gpt-ad-1524682842930-0\" data-google-query-id=\"CP6GzpKz_twCFQ84TwodyMoIuQ\">\n<div id=\"google_ads_iframe_\/40135427\/informador_mx_Video_Outstream_0__container__\">\u201cLo que m\u00e1s me gusta es la gente, a m\u00ed me ha sorprendido la alegr\u00eda que tienen, su folclor y todas esas cosas tan caracter\u00edsticas como la lucha libre o el D\u00eda de Muertos\u201d<\/div>\n<\/div>\n<p>Sonriente, muy relajado y con ganas de platicar con todo aquel que desee preguntar por su trabajo, el joven de 28 a\u00f1os y quien ha viajado por el mundo para rescatar los s\u00edmbolos de cada pa\u00eds, <strong>asegura que en M\u00e9xico no s\u00f3lo encontr\u00f3 un hogar, sino tambi\u00e9n color y alegr\u00eda.<\/strong><\/p>\n<p>\u201cA pesar de todos los problemas que hay en este pa\u00eds siempre lo que m\u00e1s me gusta es la gente, a m\u00ed me ha sorprendido la alegr\u00eda que tienen, su folclor y todas esas cosas tan caracter\u00edsticas como la lucha libre o el D\u00eda de Muertos y quise representar toda esa alegr\u00eda con los colores vivos, porque as\u00ed lo percibo\u201d.<\/p>\n<p>Sentado al centro de la galer\u00eda Carr\u00e9 D&#8217;Artistes en la colonia Polanco y a unos d\u00edas de presentar en ese mismo lugar la exposici\u00f3n \u201cQuerido M\u00e9xico\u201d cuenta que desde los ocho a\u00f1os de edad pintaba con su padre y que hasta los 18 a\u00f1os comenz\u00f3 de manera autodidacta.<\/p>\n<p>As\u00ed, cuenta, despu\u00e9s de viajar como \u201cmochilero\u201d por <strong><a href=\"https:\/\/www.informador.mx\/america-latina-t14\" target=\"_blank\" rel=\"noopener\">Latinoam\u00e9rica<\/a><\/strong> y <strong><a href=\"https:\/\/www.informador.mx\/asia-t13\" target=\"_blank\" rel=\"noopener\">Asia<\/a><\/strong> decidi\u00f3 estudiar y adentrarse al arte pop y al arte urbano, donde comenz\u00f3 a pegar peque\u00f1as piezas o fotografiar los \u00edconos m\u00e1s populares de cada pa\u00eds.<\/p>\n<blockquote>\n<p>&#8220;Lo que queremos es involucrar a la gente y tambi\u00e9n a nivel educaci\u00f3n, que los ni\u00f1os vean que no s\u00f3lo hay grafitis, sino que tambi\u00e9n podemos hacer obras padres\u201d<\/p>\n<\/blockquote>\n<p>\u201cSoy muy activo, nunca me ha gustado estar en un s\u00f3lo lugar, siempre me ha gustado moverme. Por eso en mi trabajo uso de todo: pintura acr\u00edlica, madera, plantillas, peque\u00f1os cuadros hasta murales, aunque lo que m\u00e1s me define es el aerosol.<\/p>\n<p>En M\u00e9xico tampoco se ha quedado quieto y a lo largo de cinco a\u00f1os ha recorrido 19 estados de la Rep\u00fablica, donde ha realizado trabajos de impacto social con el colectivo Tomate, donde <strong>acude a zonas de pobreza y de conflicto para pintar las fachadas de las casas como lo ha hecho en las zonas centro de ciudades como Culiac\u00e1n, Saltillo o Zacatecas.<\/strong><\/p>\n<p>\u201cLa idea no s\u00f3lo es pintar por pintar, lo que queremos es involucrar a la gente y tambi\u00e9n a nivel educaci\u00f3n, que los ni\u00f1os vean que no s\u00f3lo hay grafitis, sino que tambi\u00e9n podemos hacer obras padres\u201d.<\/p>\n<p>Con un fluido espa\u00f1ol confiesa que las culturas que m\u00e1s lo han impactado en el mundo son las de la India y M\u00e9xico, esta \u00faltima tanto que ha decidido vivir en el pa\u00eds.<\/p>\n<p>\u201cLa serie que voy a presentar es como mi tributo a M\u00e9xico, amo M\u00e9xico, toda la gente que me conoce sabe que as\u00ed es y por eso me instal\u00e9 aqu\u00ed, quiero seguir viajando, pero quiero siempre regresar a un hogar aqu\u00ed\u201d.<\/p>\n<p>La serie <strong><a href=\"https:\/\/www.valerianlenud.com\/fullscreen-page\/comp-j7hulpjr\/8c7d626d-97dc-11e7-bb53-12dd26dd586a\/12\/%3Fi%3D12%26p%3Dc21ji%26s%3Dstyle-j7hzk1co\" target=\"_blank\" rel=\"noopener\">\u201cQuerido M\u00e9xico\u201d <\/a><\/strong>posee 40 piezas de la cuales 20 ser\u00e1n exhibidas en la inauguraci\u00f3n programada para el pr\u00f3ximo 25 de agosto en Carr\u00e9 D&#8217;Artistes, para despu\u00e9s de seis meses dar paso a las distintas franquicias de la galer\u00eda en el pa\u00eds y el mundo.<\/p>\n","protected":false},"excerpt":{"rendered":"<p>Val\u00e9rian Lenud, de 28 a\u00f1os, plasma con aerosol su arte pop y urbano para rendir un tributo a M\u00e9xico en la galer\u00eda Carr\u00e9 D&#8217;Artistes con &#8220;Querido M\u00e9xico&#8221;<br \/>\nPor Redacci\u00f3n QP<\/p>\n","protected":false},"author":2,"featured_media":2895,"comment_status":"open","ping_status":"open","sticky":false,"template":"","format":"standard","meta":{"_monsterinsights_skip_tracking":false,"_monsterinsights_sitenote_active":false,"_monsterinsights_sitenote_note":"","_monsterinsights_sitenote_category":0,"footnotes":""},"categories":[58],"tags":[],"class_list":["post-2896","post","type-post","status-publish","format-standard","has-post-thumbnail","hentry","category-cultura"],"yoast_head":"<!-- This site is optimized with the Yoast SEO plugin v27.3 - https:\/\/yoast.com\/product\/yoast-seo-wordpress\/ -->\n<title>Artista franc\u00e9s utiliza s\u00edmbolos mexicanos para representar su arte -<\/title>\n<meta name=\"robots\" content=\"index, follow, max-snippet:-1, max-image-preview:large, max-video-preview:-1\" \/>\n<link rel=\"canonical\" href=\"https:\/\/quehacerpolitico.mx\/?p=2896\" \/>\n<meta property=\"og:locale\" content=\"es_MX\" \/>\n<meta property=\"og:type\" content=\"article\" \/>\n<meta property=\"og:title\" content=\"Artista franc\u00e9s utiliza s\u00edmbolos mexicanos para representar su arte -\" \/>\n<meta property=\"og:description\" content=\"Val\u00e9rian Lenud, de 28 a\u00f1os, plasma con aerosol su arte pop y urbano para rendir un tributo a M\u00e9xico en la galer\u00eda Carr\u00e9 D&#039;Artistes con &quot;Querido M\u00e9xico&quot; Por Redacci\u00f3n QP\" \/>\n<meta property=\"og:url\" content=\"https:\/\/quehacerpolitico.mx\/?p=2896\" \/>\n<meta property=\"article:published_time\" content=\"2018-08-21T14:56:42+00:00\" \/>\n<meta name=\"author\" content=\"Redacci\u00f3n QP\" \/>\n<meta name=\"twitter:card\" content=\"summary_large_image\" \/>\n<meta name=\"twitter:label1\" content=\"Escrito por\" \/>\n\t<meta name=\"twitter:data1\" content=\"Redacci\u00f3n QP\" \/>\n\t<meta name=\"twitter:label2\" content=\"Tiempo de lectura\" \/>\n\t<meta name=\"twitter:data2\" content=\"3 minutos\" \/>\n<script type=\"application\/ld+json\" class=\"yoast-schema-graph\">{\"@context\":\"https:\\\/\\\/schema.org\",\"@graph\":[{\"@type\":\"Article\",\"@id\":\"https:\\\/\\\/quehacerpolitico.mx\\\/?p=2896#article\",\"isPartOf\":{\"@id\":\"https:\\\/\\\/quehacerpolitico.mx\\\/?p=2896\"},\"author\":{\"name\":\"Redacci\u00f3n QP\",\"@id\":\"https:\\\/\\\/quehacerpolitico.mx\\\/#\\\/schema\\\/person\\\/496d8ad2d1d3f8036101dca7ee39e585\"},\"headline\":\"Artista franc\u00e9s utiliza s\u00edmbolos mexicanos para representar su arte\",\"datePublished\":\"2018-08-21T14:56:42+00:00\",\"mainEntityOfPage\":{\"@id\":\"https:\\\/\\\/quehacerpolitico.mx\\\/?p=2896\"},\"wordCount\":632,\"commentCount\":0,\"image\":{\"@id\":\"https:\\\/\\\/quehacerpolitico.mx\\\/?p=2896#primaryimage\"},\"thumbnailUrl\":\"\",\"articleSection\":[\"Cultura y Entretenimiento\"],\"inLanguage\":\"es\",\"potentialAction\":[{\"@type\":\"CommentAction\",\"name\":\"Comment\",\"target\":[\"https:\\\/\\\/quehacerpolitico.mx\\\/?p=2896#respond\"]}]},{\"@type\":\"WebPage\",\"@id\":\"https:\\\/\\\/quehacerpolitico.mx\\\/?p=2896\",\"url\":\"https:\\\/\\\/quehacerpolitico.mx\\\/?p=2896\",\"name\":\"Artista franc\u00e9s utiliza s\u00edmbolos mexicanos para representar su arte -\",\"isPartOf\":{\"@id\":\"https:\\\/\\\/quehacerpolitico.mx\\\/#website\"},\"primaryImageOfPage\":{\"@id\":\"https:\\\/\\\/quehacerpolitico.mx\\\/?p=2896#primaryimage\"},\"image\":{\"@id\":\"https:\\\/\\\/quehacerpolitico.mx\\\/?p=2896#primaryimage\"},\"thumbnailUrl\":\"\",\"datePublished\":\"2018-08-21T14:56:42+00:00\",\"author\":{\"@id\":\"https:\\\/\\\/quehacerpolitico.mx\\\/#\\\/schema\\\/person\\\/496d8ad2d1d3f8036101dca7ee39e585\"},\"breadcrumb\":{\"@id\":\"https:\\\/\\\/quehacerpolitico.mx\\\/?p=2896#breadcrumb\"},\"inLanguage\":\"es\",\"potentialAction\":[{\"@type\":\"ReadAction\",\"target\":[\"https:\\\/\\\/quehacerpolitico.mx\\\/?p=2896\"]}]},{\"@type\":\"ImageObject\",\"inLanguage\":\"es\",\"@id\":\"https:\\\/\\\/quehacerpolitico.mx\\\/?p=2896#primaryimage\",\"url\":\"\",\"contentUrl\":\"\"},{\"@type\":\"BreadcrumbList\",\"@id\":\"https:\\\/\\\/quehacerpolitico.mx\\\/?p=2896#breadcrumb\",\"itemListElement\":[{\"@type\":\"ListItem\",\"position\":1,\"name\":\"Inicio\",\"item\":\"https:\\\/\\\/quehacerpolitico.mx\\\/\"},{\"@type\":\"ListItem\",\"position\":2,\"name\":\"Artista franc\u00e9s utiliza s\u00edmbolos mexicanos para representar su arte\"}]},{\"@type\":\"WebSite\",\"@id\":\"https:\\\/\\\/quehacerpolitico.mx\\\/#website\",\"url\":\"https:\\\/\\\/quehacerpolitico.mx\\\/\",\"name\":\"\",\"description\":\"\",\"potentialAction\":[{\"@type\":\"SearchAction\",\"target\":{\"@type\":\"EntryPoint\",\"urlTemplate\":\"https:\\\/\\\/quehacerpolitico.mx\\\/?s={search_term_string}\"},\"query-input\":{\"@type\":\"PropertyValueSpecification\",\"valueRequired\":true,\"valueName\":\"search_term_string\"}}],\"inLanguage\":\"es\"},{\"@type\":\"Person\",\"@id\":\"https:\\\/\\\/quehacerpolitico.mx\\\/#\\\/schema\\\/person\\\/496d8ad2d1d3f8036101dca7ee39e585\",\"name\":\"Redacci\u00f3n QP\",\"image\":{\"@type\":\"ImageObject\",\"inLanguage\":\"es\",\"@id\":\"https:\\\/\\\/secure.gravatar.com\\\/avatar\\\/c7164ed6fdec453195284ad24a5ae5b6e1eed2b848477fa2a4787ba9adf39a41?s=96&d=mm&r=g\",\"url\":\"https:\\\/\\\/secure.gravatar.com\\\/avatar\\\/c7164ed6fdec453195284ad24a5ae5b6e1eed2b848477fa2a4787ba9adf39a41?s=96&d=mm&r=g\",\"contentUrl\":\"https:\\\/\\\/secure.gravatar.com\\\/avatar\\\/c7164ed6fdec453195284ad24a5ae5b6e1eed2b848477fa2a4787ba9adf39a41?s=96&d=mm&r=g\",\"caption\":\"Redacci\u00f3n QP\"},\"url\":\"https:\\\/\\\/quehacerpolitico.mx\\\/?author=2\"}]}<\/script>\n<!-- \/ Yoast SEO plugin. -->","yoast_head_json":{"title":"Artista franc\u00e9s utiliza s\u00edmbolos mexicanos para representar su arte -","robots":{"index":"index","follow":"follow","max-snippet":"max-snippet:-1","max-image-preview":"max-image-preview:large","max-video-preview":"max-video-preview:-1"},"canonical":"https:\/\/quehacerpolitico.mx\/?p=2896","og_locale":"es_MX","og_type":"article","og_title":"Artista franc\u00e9s utiliza s\u00edmbolos mexicanos para representar su arte -","og_description":"Val\u00e9rian Lenud, de 28 a\u00f1os, plasma con aerosol su arte pop y urbano para rendir un tributo a M\u00e9xico en la galer\u00eda Carr\u00e9 D'Artistes con \"Querido M\u00e9xico\" Por Redacci\u00f3n QP","og_url":"https:\/\/quehacerpolitico.mx\/?p=2896","article_published_time":"2018-08-21T14:56:42+00:00","author":"Redacci\u00f3n QP","twitter_card":"summary_large_image","twitter_misc":{"Escrito por":"Redacci\u00f3n QP","Tiempo de lectura":"3 minutos"},"schema":{"@context":"https:\/\/schema.org","@graph":[{"@type":"Article","@id":"https:\/\/quehacerpolitico.mx\/?p=2896#article","isPartOf":{"@id":"https:\/\/quehacerpolitico.mx\/?p=2896"},"author":{"name":"Redacci\u00f3n QP","@id":"https:\/\/quehacerpolitico.mx\/#\/schema\/person\/496d8ad2d1d3f8036101dca7ee39e585"},"headline":"Artista franc\u00e9s utiliza s\u00edmbolos mexicanos para representar su arte","datePublished":"2018-08-21T14:56:42+00:00","mainEntityOfPage":{"@id":"https:\/\/quehacerpolitico.mx\/?p=2896"},"wordCount":632,"commentCount":0,"image":{"@id":"https:\/\/quehacerpolitico.mx\/?p=2896#primaryimage"},"thumbnailUrl":"","articleSection":["Cultura y Entretenimiento"],"inLanguage":"es","potentialAction":[{"@type":"CommentAction","name":"Comment","target":["https:\/\/quehacerpolitico.mx\/?p=2896#respond"]}]},{"@type":"WebPage","@id":"https:\/\/quehacerpolitico.mx\/?p=2896","url":"https:\/\/quehacerpolitico.mx\/?p=2896","name":"Artista franc\u00e9s utiliza s\u00edmbolos mexicanos para representar su arte -","isPartOf":{"@id":"https:\/\/quehacerpolitico.mx\/#website"},"primaryImageOfPage":{"@id":"https:\/\/quehacerpolitico.mx\/?p=2896#primaryimage"},"image":{"@id":"https:\/\/quehacerpolitico.mx\/?p=2896#primaryimage"},"thumbnailUrl":"","datePublished":"2018-08-21T14:56:42+00:00","author":{"@id":"https:\/\/quehacerpolitico.mx\/#\/schema\/person\/496d8ad2d1d3f8036101dca7ee39e585"},"breadcrumb":{"@id":"https:\/\/quehacerpolitico.mx\/?p=2896#breadcrumb"},"inLanguage":"es","potentialAction":[{"@type":"ReadAction","target":["https:\/\/quehacerpolitico.mx\/?p=2896"]}]},{"@type":"ImageObject","inLanguage":"es","@id":"https:\/\/quehacerpolitico.mx\/?p=2896#primaryimage","url":"","contentUrl":""},{"@type":"BreadcrumbList","@id":"https:\/\/quehacerpolitico.mx\/?p=2896#breadcrumb","itemListElement":[{"@type":"ListItem","position":1,"name":"Inicio","item":"https:\/\/quehacerpolitico.mx\/"},{"@type":"ListItem","position":2,"name":"Artista franc\u00e9s utiliza s\u00edmbolos mexicanos para representar su arte"}]},{"@type":"WebSite","@id":"https:\/\/quehacerpolitico.mx\/#website","url":"https:\/\/quehacerpolitico.mx\/","name":"","description":"","potentialAction":[{"@type":"SearchAction","target":{"@type":"EntryPoint","urlTemplate":"https:\/\/quehacerpolitico.mx\/?s={search_term_string}"},"query-input":{"@type":"PropertyValueSpecification","valueRequired":true,"valueName":"search_term_string"}}],"inLanguage":"es"},{"@type":"Person","@id":"https:\/\/quehacerpolitico.mx\/#\/schema\/person\/496d8ad2d1d3f8036101dca7ee39e585","name":"Redacci\u00f3n QP","image":{"@type":"ImageObject","inLanguage":"es","@id":"https:\/\/secure.gravatar.com\/avatar\/c7164ed6fdec453195284ad24a5ae5b6e1eed2b848477fa2a4787ba9adf39a41?s=96&d=mm&r=g","url":"https:\/\/secure.gravatar.com\/avatar\/c7164ed6fdec453195284ad24a5ae5b6e1eed2b848477fa2a4787ba9adf39a41?s=96&d=mm&r=g","contentUrl":"https:\/\/secure.gravatar.com\/avatar\/c7164ed6fdec453195284ad24a5ae5b6e1eed2b848477fa2a4787ba9adf39a41?s=96&d=mm&r=g","caption":"Redacci\u00f3n QP"},"url":"https:\/\/quehacerpolitico.mx\/?author=2"}]}},"featured_image_urls":{"full":"","thumbnail":"","medium":"","medium_large":"","large":"","1536x1536":"","2048x2048":"","covernews-featured":"","covernews-medium":""},"author_info":{"display_name":"Redacci\u00f3n QP","author_link":"https:\/\/quehacerpolitico.mx\/?author=2"},"category_info":"<a href=\"https:\/\/quehacerpolitico.mx\/?cat=58\" rel=\"category\">Cultura y Entretenimiento<\/a>","tag_info":"Cultura y Entretenimiento","comment_count":"0","_links":{"self":[{"href":"https:\/\/quehacerpolitico.mx\/index.php?rest_route=\/wp\/v2\/posts\/2896","targetHints":{"allow":["GET"]}}],"collection":[{"href":"https:\/\/quehacerpolitico.mx\/index.php?rest_route=\/wp\/v2\/posts"}],"about":[{"href":"https:\/\/quehacerpolitico.mx\/index.php?rest_route=\/wp\/v2\/types\/post"}],"author":[{"embeddable":true,"href":"https:\/\/quehacerpolitico.mx\/index.php?rest_route=\/wp\/v2\/users\/2"}],"replies":[{"embeddable":true,"href":"https:\/\/quehacerpolitico.mx\/index.php?rest_route=%2Fwp%2Fv2%2Fcomments&post=2896"}],"version-history":[{"count":0,"href":"https:\/\/quehacerpolitico.mx\/index.php?rest_route=\/wp\/v2\/posts\/2896\/revisions"}],"wp:featuredmedia":[{"embeddable":true,"href":"https:\/\/quehacerpolitico.mx\/index.php?rest_route=\/"}],"wp:attachment":[{"href":"https:\/\/quehacerpolitico.mx\/index.php?rest_route=%2Fwp%2Fv2%2Fmedia&parent=2896"}],"wp:term":[{"taxonomy":"category","embeddable":true,"href":"https:\/\/quehacerpolitico.mx\/index.php?rest_route=%2Fwp%2Fv2%2Fcategories&post=2896"},{"taxonomy":"post_tag","embeddable":true,"href":"https:\/\/quehacerpolitico.mx\/index.php?rest_route=%2Fwp%2Fv2%2Ftags&post=2896"}],"curies":[{"name":"wp","href":"https:\/\/api.w.org\/{rel}","templated":true}]}}