{"id":2876,"date":"2018-08-21T13:49:49","date_gmt":"2018-08-21T13:49:49","guid":{"rendered":"http:\/\/quehacerpolitico.mx\/elizabeth-la-madre-de-tadeo-muere-por-las-quemaduras-que-causo-el-ataque-del-cjng\/"},"modified":"2018-08-21T13:49:49","modified_gmt":"2018-08-21T13:49:49","slug":"elizabeth-la-madre-de-tadeo-muere-por-las-quemaduras-que-causo-el-ataque-del-cjng","status":"publish","type":"post","link":"https:\/\/quehacerpolitico.mx\/?p=2876","title":{"rendered":"Elizabeth, la madre de Tadeo, muere por las quemaduras que caus\u00f3 el ataque del CJNG"},"content":{"rendered":"<h3><strong>En mayo, Elizabeth de la Rosa viajaba con su beb\u00e9 -de nombre Tadeo- en un autob\u00fas que fue atacado por integrantes del C\u00e1rtel Jalisco Nueva Generaci\u00f3n (CJNG). El peque\u00f1o muri\u00f3 en ese momento, justo cuando lo iban a bautizar, y hoy, tras meses de lucha, perdi\u00f3 la vida la madre.\u00a0<\/strong><\/h3>\n<p><strong>Elizabeth de la Rosa<\/strong>, la mam\u00e1 de Tadeo, muri\u00f3 hoy por las quemaduras que sufri\u00f3 durante un ataque del <strong>C\u00e1rtel Jalisco Nueva Generaci\u00f3n (CJNG).<\/strong><\/p>\n<p>\u201cLa se\u00f1ora Elizabeth de la Rosa falleci\u00f3 hoy a las 18:45 horas, como consecuencia de las lesiones que sufri\u00f3 en su superficie corporal que comprometi\u00f3 severamente su estado de salud\u201d, inform\u00f3 la Secretar\u00eda de Salud de Jalisco.<\/p>\n<p>A la mujer se le realizaron siete cirug\u00edas en el Hospital de la Universidad de Texas, en Estados Unidos, sin embargo, no fue posible salvarla.<\/p>\n<p>Arist\u00f3teles Sandoval, el Gobernador de Jalisco, comparti\u00f3 un mensaje por lo ocurrido:<\/p>\n<blockquote class=\"twitter-tweet\" data-width=\"550\" data-dnt=\"true\">\n<p lang=\"es\" dir=\"ltr\">Acompa\u00f1amos a la familia de Elizabeth y Tadeo en este proceso tan doloroso. Su familia seguir\u00e1 teniendo nuestro apoyo pleno y la garant\u00eda de que daremos con los responsables y se har\u00e1 justicia. Tragedias como \u00e9sta nos sacuden a todxs. Jalisco est\u00e1 con ustedes.<\/p>\n<p>&mdash; Arist\u00f3teles Sandoval (@AristotelesSD) <a href=\"https:\/\/twitter.com\/AristotelesSD\/status\/1031731908948836353?ref_src=twsrc%5Etfw\">August 21, 2018<\/a><\/p><\/blockquote>\n<p><script async src=\"https:\/\/platform.twitter.com\/widgets.js\" charset=\"utf-8\"><\/script><\/p>\n<section class=\"post-content\">\n<blockquote>\n<p>\u201cNo tengo palabras para describir lo que siento porque esto que le hicieron a mi esposa y mi hijo no se vale\u201d, declar\u00f3 en mayo Carlos Alexis Vel\u00e1zquez, esposo de Elizabeth y padre de Tadeo, el beb\u00e9 de ocho meses que perdi\u00f3 la vida luego de que los delincuentes prendieron fuego a un autob\u00fas en el que viajaba en compa\u00f1\u00eda de la madre.<\/p>\n<\/blockquote>\n<p>\u201cMi coraz\u00f3n est\u00e1 partido en dos, por la p\u00e9rdida de mi hijo y por saber de la gravedad de mi esposa, es un golpe duro para los dos\u201d, declar\u00f3 entre l\u00e1grimas Carlos Alexis.<\/p>\n<blockquote>\n<p>\u201cLo \u00edbamos a bautizar el s\u00e1bado, pero ahora tendremos un funeral\u201d, dijo el hombre sobre la muerte del menor.<\/p>\n<\/blockquote>\n<p>El ataque iba dirigido a Luis Carlos N\u00e1jera, ex titular de la Secretar\u00eda del Trabajo de Jalisco.<\/p>\n<\/section>\n","protected":false},"excerpt":{"rendered":"<p>Elizabeth, la madre de Tadeo, muere por las quemaduras que caus\u00f3 el ataque del CJNG<br \/>\nPor Redacci\u00f3n QP<\/p>\n","protected":false},"author":2,"featured_media":2875,"comment_status":"open","ping_status":"open","sticky":false,"template":"","format":"standard","meta":{"_monsterinsights_skip_tracking":false,"_monsterinsights_sitenote_active":false,"_monsterinsights_sitenote_note":"","_monsterinsights_sitenote_category":0,"footnotes":""},"categories":[2],"tags":[],"class_list":["post-2876","post","type-post","status-publish","format-standard","has-post-thumbnail","hentry","category-noticias"],"yoast_head":"<!-- This site is optimized with the Yoast SEO plugin v27.3 - https:\/\/yoast.com\/product\/yoast-seo-wordpress\/ -->\n<title>Elizabeth, la madre de Tadeo, muere por las quemaduras que caus\u00f3 el ataque del CJNG -<\/title>\n<meta name=\"robots\" content=\"index, follow, max-snippet:-1, max-image-preview:large, max-video-preview:-1\" \/>\n<link rel=\"canonical\" href=\"https:\/\/quehacerpolitico.mx\/?p=2876\" \/>\n<meta property=\"og:locale\" content=\"es_MX\" \/>\n<meta property=\"og:type\" content=\"article\" \/>\n<meta property=\"og:title\" content=\"Elizabeth, la madre de Tadeo, muere por las quemaduras que caus\u00f3 el ataque del CJNG -\" \/>\n<meta property=\"og:description\" content=\"Elizabeth, la madre de Tadeo, muere por las quemaduras que caus\u00f3 el ataque del CJNG Por Redacci\u00f3n QP\" \/>\n<meta property=\"og:url\" content=\"https:\/\/quehacerpolitico.mx\/?p=2876\" \/>\n<meta property=\"article:published_time\" content=\"2018-08-21T13:49:49+00:00\" \/>\n<meta name=\"author\" content=\"Redacci\u00f3n QP\" \/>\n<meta name=\"twitter:card\" content=\"summary_large_image\" \/>\n<meta name=\"twitter:label1\" content=\"Escrito por\" \/>\n\t<meta name=\"twitter:data1\" content=\"Redacci\u00f3n QP\" \/>\n\t<meta name=\"twitter:label2\" content=\"Tiempo de lectura\" \/>\n\t<meta name=\"twitter:data2\" content=\"2 minutos\" \/>\n<script type=\"application\/ld+json\" class=\"yoast-schema-graph\">{\"@context\":\"https:\\\/\\\/schema.org\",\"@graph\":[{\"@type\":\"Article\",\"@id\":\"https:\\\/\\\/quehacerpolitico.mx\\\/?p=2876#article\",\"isPartOf\":{\"@id\":\"https:\\\/\\\/quehacerpolitico.mx\\\/?p=2876\"},\"author\":{\"name\":\"Redacci\u00f3n QP\",\"@id\":\"https:\\\/\\\/quehacerpolitico.mx\\\/#\\\/schema\\\/person\\\/496d8ad2d1d3f8036101dca7ee39e585\"},\"headline\":\"Elizabeth, la madre de Tadeo, muere por las quemaduras que caus\u00f3 el ataque del CJNG\",\"datePublished\":\"2018-08-21T13:49:49+00:00\",\"mainEntityOfPage\":{\"@id\":\"https:\\\/\\\/quehacerpolitico.mx\\\/?p=2876\"},\"wordCount\":319,\"commentCount\":0,\"image\":{\"@id\":\"https:\\\/\\\/quehacerpolitico.mx\\\/?p=2876#primaryimage\"},\"thumbnailUrl\":\"\",\"articleSection\":[\"Noticias\"],\"inLanguage\":\"es\",\"potentialAction\":[{\"@type\":\"CommentAction\",\"name\":\"Comment\",\"target\":[\"https:\\\/\\\/quehacerpolitico.mx\\\/?p=2876#respond\"]}]},{\"@type\":\"WebPage\",\"@id\":\"https:\\\/\\\/quehacerpolitico.mx\\\/?p=2876\",\"url\":\"https:\\\/\\\/quehacerpolitico.mx\\\/?p=2876\",\"name\":\"Elizabeth, la madre de Tadeo, muere por las quemaduras que caus\u00f3 el ataque del CJNG -\",\"isPartOf\":{\"@id\":\"https:\\\/\\\/quehacerpolitico.mx\\\/#website\"},\"primaryImageOfPage\":{\"@id\":\"https:\\\/\\\/quehacerpolitico.mx\\\/?p=2876#primaryimage\"},\"image\":{\"@id\":\"https:\\\/\\\/quehacerpolitico.mx\\\/?p=2876#primaryimage\"},\"thumbnailUrl\":\"\",\"datePublished\":\"2018-08-21T13:49:49+00:00\",\"author\":{\"@id\":\"https:\\\/\\\/quehacerpolitico.mx\\\/#\\\/schema\\\/person\\\/496d8ad2d1d3f8036101dca7ee39e585\"},\"breadcrumb\":{\"@id\":\"https:\\\/\\\/quehacerpolitico.mx\\\/?p=2876#breadcrumb\"},\"inLanguage\":\"es\",\"potentialAction\":[{\"@type\":\"ReadAction\",\"target\":[\"https:\\\/\\\/quehacerpolitico.mx\\\/?p=2876\"]}]},{\"@type\":\"ImageObject\",\"inLanguage\":\"es\",\"@id\":\"https:\\\/\\\/quehacerpolitico.mx\\\/?p=2876#primaryimage\",\"url\":\"\",\"contentUrl\":\"\"},{\"@type\":\"BreadcrumbList\",\"@id\":\"https:\\\/\\\/quehacerpolitico.mx\\\/?p=2876#breadcrumb\",\"itemListElement\":[{\"@type\":\"ListItem\",\"position\":1,\"name\":\"Inicio\",\"item\":\"https:\\\/\\\/quehacerpolitico.mx\\\/\"},{\"@type\":\"ListItem\",\"position\":2,\"name\":\"Elizabeth, la madre de Tadeo, muere por las quemaduras que caus\u00f3 el ataque del CJNG\"}]},{\"@type\":\"WebSite\",\"@id\":\"https:\\\/\\\/quehacerpolitico.mx\\\/#website\",\"url\":\"https:\\\/\\\/quehacerpolitico.mx\\\/\",\"name\":\"\",\"description\":\"\",\"potentialAction\":[{\"@type\":\"SearchAction\",\"target\":{\"@type\":\"EntryPoint\",\"urlTemplate\":\"https:\\\/\\\/quehacerpolitico.mx\\\/?s={search_term_string}\"},\"query-input\":{\"@type\":\"PropertyValueSpecification\",\"valueRequired\":true,\"valueName\":\"search_term_string\"}}],\"inLanguage\":\"es\"},{\"@type\":\"Person\",\"@id\":\"https:\\\/\\\/quehacerpolitico.mx\\\/#\\\/schema\\\/person\\\/496d8ad2d1d3f8036101dca7ee39e585\",\"name\":\"Redacci\u00f3n QP\",\"image\":{\"@type\":\"ImageObject\",\"inLanguage\":\"es\",\"@id\":\"https:\\\/\\\/secure.gravatar.com\\\/avatar\\\/c7164ed6fdec453195284ad24a5ae5b6e1eed2b848477fa2a4787ba9adf39a41?s=96&d=mm&r=g\",\"url\":\"https:\\\/\\\/secure.gravatar.com\\\/avatar\\\/c7164ed6fdec453195284ad24a5ae5b6e1eed2b848477fa2a4787ba9adf39a41?s=96&d=mm&r=g\",\"contentUrl\":\"https:\\\/\\\/secure.gravatar.com\\\/avatar\\\/c7164ed6fdec453195284ad24a5ae5b6e1eed2b848477fa2a4787ba9adf39a41?s=96&d=mm&r=g\",\"caption\":\"Redacci\u00f3n QP\"},\"url\":\"https:\\\/\\\/quehacerpolitico.mx\\\/?author=2\"}]}<\/script>\n<!-- \/ Yoast SEO plugin. -->","yoast_head_json":{"title":"Elizabeth, la madre de Tadeo, muere por las quemaduras que caus\u00f3 el ataque del CJNG -","robots":{"index":"index","follow":"follow","max-snippet":"max-snippet:-1","max-image-preview":"max-image-preview:large","max-video-preview":"max-video-preview:-1"},"canonical":"https:\/\/quehacerpolitico.mx\/?p=2876","og_locale":"es_MX","og_type":"article","og_title":"Elizabeth, la madre de Tadeo, muere por las quemaduras que caus\u00f3 el ataque del CJNG -","og_description":"Elizabeth, la madre de Tadeo, muere por las quemaduras que caus\u00f3 el ataque del CJNG Por Redacci\u00f3n QP","og_url":"https:\/\/quehacerpolitico.mx\/?p=2876","article_published_time":"2018-08-21T13:49:49+00:00","author":"Redacci\u00f3n QP","twitter_card":"summary_large_image","twitter_misc":{"Escrito por":"Redacci\u00f3n QP","Tiempo de lectura":"2 minutos"},"schema":{"@context":"https:\/\/schema.org","@graph":[{"@type":"Article","@id":"https:\/\/quehacerpolitico.mx\/?p=2876#article","isPartOf":{"@id":"https:\/\/quehacerpolitico.mx\/?p=2876"},"author":{"name":"Redacci\u00f3n QP","@id":"https:\/\/quehacerpolitico.mx\/#\/schema\/person\/496d8ad2d1d3f8036101dca7ee39e585"},"headline":"Elizabeth, la madre de Tadeo, muere por las quemaduras que caus\u00f3 el ataque del CJNG","datePublished":"2018-08-21T13:49:49+00:00","mainEntityOfPage":{"@id":"https:\/\/quehacerpolitico.mx\/?p=2876"},"wordCount":319,"commentCount":0,"image":{"@id":"https:\/\/quehacerpolitico.mx\/?p=2876#primaryimage"},"thumbnailUrl":"","articleSection":["Noticias"],"inLanguage":"es","potentialAction":[{"@type":"CommentAction","name":"Comment","target":["https:\/\/quehacerpolitico.mx\/?p=2876#respond"]}]},{"@type":"WebPage","@id":"https:\/\/quehacerpolitico.mx\/?p=2876","url":"https:\/\/quehacerpolitico.mx\/?p=2876","name":"Elizabeth, la madre de Tadeo, muere por las quemaduras que caus\u00f3 el ataque del CJNG -","isPartOf":{"@id":"https:\/\/quehacerpolitico.mx\/#website"},"primaryImageOfPage":{"@id":"https:\/\/quehacerpolitico.mx\/?p=2876#primaryimage"},"image":{"@id":"https:\/\/quehacerpolitico.mx\/?p=2876#primaryimage"},"thumbnailUrl":"","datePublished":"2018-08-21T13:49:49+00:00","author":{"@id":"https:\/\/quehacerpolitico.mx\/#\/schema\/person\/496d8ad2d1d3f8036101dca7ee39e585"},"breadcrumb":{"@id":"https:\/\/quehacerpolitico.mx\/?p=2876#breadcrumb"},"inLanguage":"es","potentialAction":[{"@type":"ReadAction","target":["https:\/\/quehacerpolitico.mx\/?p=2876"]}]},{"@type":"ImageObject","inLanguage":"es","@id":"https:\/\/quehacerpolitico.mx\/?p=2876#primaryimage","url":"","contentUrl":""},{"@type":"BreadcrumbList","@id":"https:\/\/quehacerpolitico.mx\/?p=2876#breadcrumb","itemListElement":[{"@type":"ListItem","position":1,"name":"Inicio","item":"https:\/\/quehacerpolitico.mx\/"},{"@type":"ListItem","position":2,"name":"Elizabeth, la madre de Tadeo, muere por las quemaduras que caus\u00f3 el ataque del CJNG"}]},{"@type":"WebSite","@id":"https:\/\/quehacerpolitico.mx\/#website","url":"https:\/\/quehacerpolitico.mx\/","name":"","description":"","potentialAction":[{"@type":"SearchAction","target":{"@type":"EntryPoint","urlTemplate":"https:\/\/quehacerpolitico.mx\/?s={search_term_string}"},"query-input":{"@type":"PropertyValueSpecification","valueRequired":true,"valueName":"search_term_string"}}],"inLanguage":"es"},{"@type":"Person","@id":"https:\/\/quehacerpolitico.mx\/#\/schema\/person\/496d8ad2d1d3f8036101dca7ee39e585","name":"Redacci\u00f3n QP","image":{"@type":"ImageObject","inLanguage":"es","@id":"https:\/\/secure.gravatar.com\/avatar\/c7164ed6fdec453195284ad24a5ae5b6e1eed2b848477fa2a4787ba9adf39a41?s=96&d=mm&r=g","url":"https:\/\/secure.gravatar.com\/avatar\/c7164ed6fdec453195284ad24a5ae5b6e1eed2b848477fa2a4787ba9adf39a41?s=96&d=mm&r=g","contentUrl":"https:\/\/secure.gravatar.com\/avatar\/c7164ed6fdec453195284ad24a5ae5b6e1eed2b848477fa2a4787ba9adf39a41?s=96&d=mm&r=g","caption":"Redacci\u00f3n QP"},"url":"https:\/\/quehacerpolitico.mx\/?author=2"}]}},"featured_image_urls":{"full":"","thumbnail":"","medium":"","medium_large":"","large":"","1536x1536":"","2048x2048":"","covernews-featured":"","covernews-medium":""},"author_info":{"display_name":"Redacci\u00f3n QP","author_link":"https:\/\/quehacerpolitico.mx\/?author=2"},"category_info":"<a href=\"https:\/\/quehacerpolitico.mx\/?cat=2\" rel=\"category\">Noticias<\/a>","tag_info":"Noticias","comment_count":"0","_links":{"self":[{"href":"https:\/\/quehacerpolitico.mx\/index.php?rest_route=\/wp\/v2\/posts\/2876","targetHints":{"allow":["GET"]}}],"collection":[{"href":"https:\/\/quehacerpolitico.mx\/index.php?rest_route=\/wp\/v2\/posts"}],"about":[{"href":"https:\/\/quehacerpolitico.mx\/index.php?rest_route=\/wp\/v2\/types\/post"}],"author":[{"embeddable":true,"href":"https:\/\/quehacerpolitico.mx\/index.php?rest_route=\/wp\/v2\/users\/2"}],"replies":[{"embeddable":true,"href":"https:\/\/quehacerpolitico.mx\/index.php?rest_route=%2Fwp%2Fv2%2Fcomments&post=2876"}],"version-history":[{"count":0,"href":"https:\/\/quehacerpolitico.mx\/index.php?rest_route=\/wp\/v2\/posts\/2876\/revisions"}],"wp:featuredmedia":[{"embeddable":true,"href":"https:\/\/quehacerpolitico.mx\/index.php?rest_route=\/"}],"wp:attachment":[{"href":"https:\/\/quehacerpolitico.mx\/index.php?rest_route=%2Fwp%2Fv2%2Fmedia&parent=2876"}],"wp:term":[{"taxonomy":"category","embeddable":true,"href":"https:\/\/quehacerpolitico.mx\/index.php?rest_route=%2Fwp%2Fv2%2Fcategories&post=2876"},{"taxonomy":"post_tag","embeddable":true,"href":"https:\/\/quehacerpolitico.mx\/index.php?rest_route=%2Fwp%2Fv2%2Ftags&post=2876"}],"curies":[{"name":"wp","href":"https:\/\/api.w.org\/{rel}","templated":true}]}}