{"id":2864,"date":"2018-08-21T01:04:13","date_gmt":"2018-08-21T01:04:13","guid":{"rendered":"http:\/\/quehacerpolitico.mx\/internacionales-carolina-alonso-romei-trump-asegura-que-es-muy-probable-que-vuelva-a-reunirse-con-pyongyang\/"},"modified":"2018-08-21T01:04:13","modified_gmt":"2018-08-21T01:04:13","slug":"internacionales-carolina-alonso-romei-trump-asegura-que-es-muy-probable-que-vuelva-a-reunirse-con-pyongyang","status":"publish","type":"post","link":"https:\/\/quehacerpolitico.mx\/?p=2864","title":{"rendered":"Internacionales\/\/\/Carolina Alonso Romei\/\/\/Trump asegura que es &#8216;muy probable&#8217; que vuelva a reunirse con Pyongyang"},"content":{"rendered":"<h3 class=\"post-title entry-title\">Trump asegura que es &#8216;muy probable&#8217; que vuelva a reunirse con Pyongyang<\/h3>\n<div id=\"post-body-423584253195264894\" class=\"post-body entry-content\">\n<p class=\"mobile-photo\"><a href=\"http:\/\/4.bp.blogspot.com\/-yW-HFeZKoX0\/W3tT2QZFElI\/AAAAAAACys0\/Eg7uGiOLppcV8kkgV8nwn-Z1wKgGqCWjQCK4BGAYYCw\/s1600\/f9b9831423c5342a0fd0b2c48ceeab3d-747980.png\" data-src=\"http:\/\/4.bp.blogspot.com\/-yW-HFeZKoX0\/W3tT2QZFElI\/AAAAAAACys0\/Eg7uGiOLppcV8kkgV8nwn-Z1wKgGqCWjQCK4BGAYYCw\/s1600\/f9b9831423c5342a0fd0b2c48ceeab3d-747980.png\" data-thumb=\"http:\/\/4.bp.blogspot.com\/-yW-HFeZKoX0\/W3tT2QZFElI\/AAAAAAACys0\/Eg7uGiOLppcV8kkgV8nwn-Z1wKgGqCWjQCK4BGAYYCw\/s320\/f9b9831423c5342a0fd0b2c48ceeab3d-747980.png\" class=\"ml-lightbox-enabled\"><img decoding=\"async\" id=\"BLOGGER_PHOTO_ID_6591954671165051474\" src=\"http:\/\/4.bp.blogspot.com\/-yW-HFeZKoX0\/W3tT2QZFElI\/AAAAAAACys0\/Eg7uGiOLppcV8kkgV8nwn-Z1wKgGqCWjQCK4BGAYYCw\/s320\/f9b9831423c5342a0fd0b2c48ceeab3d-747980.png\" alt=\"\" border=\"0\" \/><\/a><\/p>\n<p class=\"mobile-photo\"><a href=\"http:\/\/2.bp.blogspot.com\/-kbZ31euisD0\/W3tT2i3eHsI\/AAAAAAACys8\/TQzRbmiq__YRq_n7vTGGuPijhqFxDlLtwCK4BGAYYCw\/s1600\/60b11d4eb91bd6714d409f851c8ccc00-750416.jpg\" data-src=\"http:\/\/2.bp.blogspot.com\/-kbZ31euisD0\/W3tT2i3eHsI\/AAAAAAACys8\/TQzRbmiq__YRq_n7vTGGuPijhqFxDlLtwCK4BGAYYCw\/s1600\/60b11d4eb91bd6714d409f851c8ccc00-750416.jpg\" data-thumb=\"http:\/\/2.bp.blogspot.com\/-kbZ31euisD0\/W3tT2i3eHsI\/AAAAAAACys8\/TQzRbmiq__YRq_n7vTGGuPijhqFxDlLtwCK4BGAYYCw\/s320\/60b11d4eb91bd6714d409f851c8ccc00-750416.jpg\" class=\"ml-lightbox-enabled\"><img decoding=\"async\" id=\"BLOGGER_PHOTO_ID_6591954676124360386\" src=\"http:\/\/2.bp.blogspot.com\/-kbZ31euisD0\/W3tT2i3eHsI\/AAAAAAACys8\/TQzRbmiq__YRq_n7vTGGuPijhqFxDlLtwCK4BGAYYCw\/s320\/60b11d4eb91bd6714d409f851c8ccc00-750416.jpg\" alt=\"\" border=\"0\" \/><\/a><\/p>\n<div dir=\"ltr\">\n<div>Trump asegura que es &#8216;muy probable&#8217;<\/div>\n<div>que vuelva a reunirse con Pyongyang<\/div>\n<div>*El presidente de EEUU, Donald Trump, dijo que China no est\u00e1 ayudando tanto como en el pasado.<\/div>\n<div>\u00a0<\/div>\n<div>Washington.-El presidente de Estados Unidos, Donald Trump, dijo\u00a0 que es &#8220;muy probable&#8221; que vuelva a reunirse con el l\u00edder norcoreano, Kim Jong Un, como parte de los esfuerzos para convencer a Pyongyang de que abandone sus armas nucleares.<\/div>\n<div>En una entrevista con Reuters, Trump, quien celebr\u00f3 una hist\u00f3rica cumbre con Kim el 12 de junio, dijo que cree que Corea del Norte ha dado pasos espec\u00edficos hacia la desnuclearizaci\u00f3n, a pesar de las dudas generalizadas sobre la disposici\u00f3n de Kim a abandonar su arsenal.<\/div>\n<div>Trump sostuvo que &#8220;est\u00e1n ocurriendo muchas cosas buenas&#8221; pero se quej\u00f3 de que China no est\u00e9 ayudando tanto como en el pasado debido a su disputa comercial con Estados Unidos.<\/div>\n<div>El mandatario republicano dijo que hab\u00eda estado trabajando en el tema norcoreano durante tres meses, mientras que sus predecesores lo hab\u00edan hecho por 30 a\u00f1os.<\/div>\n<div>&#8220;Par\u00e9 las pruebas nucleares (de Corea del Norte). Par\u00e9 las pruebas con misiles (de Corea del Norte). Jap\u00f3n est\u00e1 encantado. \u00bfQu\u00e9 va a pasar? \u00bfQui\u00e9n sabe? Vamos a ver&#8221;, sostuvo Trump.<\/div>\n<div>En la cumbre en Singapur, Kim acord\u00f3 en t\u00e9rminos generales trabajar para la desnuclearizaci\u00f3n de la Pen\u00ednsula de Corea, pero el Estado de gobierno comunista no ha dado indicios de que est\u00e9 dispuesto a ceder sus armas unilateralmente, como ha pedido Estados Unidos.<\/div>\n<div>Trump alab\u00f3 la cumbre de Singapur como un \u00e9xito y lleg\u00f3 al extremo de decir que Corea del Norte ya no representaba una amenaza nuclear.<\/div>\n<div>En la entrevista con Reuters, Trump destac\u00f3 su &#8220;gran qu\u00edmica&#8221; con Kim como un factor que ayud\u00f3 a aliviar una disputa que el a\u00f1o pasado aument\u00f3 los temores de una nueva guerra en Corea.<\/div>\n<div>&#8220;Me cae bien. Yo le caigo bien&#8221;, sostuvo. &#8220;No hay misiles bal\u00edsticos en el aire, hay mucho silencio (&#8230;) Tengo muy buenas relaciones personales con el presidente Kim, y creo que eso es lo que aglutina este proceso&#8221;.<\/div>\n<div>Cuando se le consult\u00f3 si prev\u00e9 otra reuni\u00f3n con Kim, Trump dijo: &#8220;Es muy probable que lo hagamos, pero simplemente no quiero hacer ning\u00fan comentario&#8221;.<\/div>\n<div>El republicano no ofreci\u00f3 detalles sobre el momento o el lugar de un eventual encuentro.<\/div>\n<div>Foto: Kim Jong Un, l\u00edder de Norcorea y Donald Trump, presidente de EEUU\u00a0<\/div>\n<div>+++++++++++++++++<\/div>\n<div>Sube a 370 el n\u00famero de muertos<\/div>\n<div>\u00a0por inundaciones en la India<\/div>\n<div>*Los corrimientos de tierra y las inundaciones son habituales en la \u00e9poca del monz\u00f3n en el sur de Asia, donde cada a\u00f1o, adem\u00e1s de v\u00edctimas, se producen importantes da\u00f1os materiales.<\/div>\n<div>\u00a0<\/div>\n<div>Nueva Delhi.-El n\u00famero de muertos por las fuertes lluvias e inundaciones que azotan desde el 29 de mayo el estado de Kerala, en el sur de la India, se ha elevado a 370, de los cuales 230 perecieron en los \u00faltimos doce d\u00edas, inform\u00f3 este lunes una fuente oficial, mientras se ha retirado la alerta roja en la regi\u00f3n.\u00a0<\/div>\n<div>Un portavoz del Departamento de Informaci\u00f3n del gobierno de Kerala, Pratheesh D. Mony, confirm\u00f3 el balance de muertos y situ\u00f3 en 724 mil 649 las personas que se encuentran refugiadas en los 5 mil 645 campamentos de emergencia habilitados por las autoridades en la regi\u00f3n.<\/div>\n<div>El Departamento Meteorol\u00f3gico de la India retir\u00f3 ayer la alerta roja que prevalec\u00eda sobre casi todos los distritos de Kerala y la sustituy\u00f3 por una alerta amarilla, al cesar las lluvias y comenzar a retroceder el nivel del agua.\u00a0<\/div>\n<div>&#8220;El foco debe estar ahora en la provisi\u00f3n de ayuda de emergencia como comida, agua y medicinas, y la restauraci\u00f3n de servicios esenciales como electricidad, gasolina, telecomunicaciones y transporte, al retroceder el agua de las inundaciones&#8221;, dijo anoche en un comunicado el Ministerio de Interior indio.\u00a0<\/div>\n<div>Miles de efectivos de la Armada, las Fuerzas A\u00e9reas, el Ej\u00e9rcito o la Fuerza Nacional de Respuesta a Desastres (NDRF, en ingl\u00e9s) participan en las labores de rescate y en las operaciones para evacuar a los atrapados a campamentos de socorro.\u00a0<\/div>\n<div>Cuentan para ello con decenas de helic\u00f3pteros y aviones y cientos de lanchas, seg\u00fan la nota.\u00a0<\/div>\n<div>&#8220;Las operaciones continuar\u00e1n hasta que la situaci\u00f3n sea normal&#8221;, concluy\u00f3 el departamento.\u00a0<\/div>\n<div>Con el aeropuerto internacional de Coch\u00edn, la capital regional, cerrado desde hace d\u00edas debido a las inundaciones, las autoridades han habilitado el aer\u00f3dromo naval INS Garuda Kochi para el aterrizaje y despegue de vuelos comerciales.\u00a0<\/div>\n<div>La oficina de la ministra de Defensa, Nirmala Sitharaman, ha confirmado en su cuenta de Twitter la llegada del primer vuelo, de la aerol\u00ednea estatal Air India, a la base naval.<\/div>\n<div>Adem\u00e1s de la India, Nepal sufre tambi\u00e9n fuertes inundaciones en la actualidad.<\/div>\n<div>Entre mayo y junio, m\u00e1s de un millar de personas murieron y otras 635 resultaron heridas en la India por desastres naturales y meteorol\u00f3gicos como inundaciones o ca\u00eddas de rayos, seg\u00fan datos presentados por el viceministro indio de Interior, Kiren Rijiju, en el Parlamento indio.<\/div>\n<div>\u00a0Foto: Siguen torrenciales lluvias en la India.\u00a0<\/div>\n<div>++++++++++++++++++++++++<\/div>\n<div>Breves<\/div>\n<div>1.- Gobierno de Chile a favor de llevar el<\/div>\n<div>\u00a0 \u00a0 \u00a0caso de Nicol\u00e1s Maduro a la Corte Penal<\/div>\n<div>Santiago de Chile.-El Gobierno de Chile se mostr\u00f3 hoy a favor de llevar al presidente de Venezuela, Nicol\u00e1s Maduro, ante la Corte Penal Internacional (CPI), en conjunto con otros pa\u00edses para que ese organismo investigue las violaciones a los derechos humanos que sufre ese pa\u00eds.<\/div>\n<div>&#8220;La idea es que seamos un conjunto de pa\u00edses los que presentemos este tema ante la Corte Penal Internacional para que investigue los casos de violaciones a los derechos humanos&#8221;, precis\u00f3 el ministro de Relaciones Exteriores de Chile, Roberto Ampuero en declaraciones a la radio local Cooperativa.<\/div>\n<div>&#8220;El tema, en verdad, est\u00e1 siendo conversado desde hace cierto tiempo con otros pa\u00edses como Argentina, Colombia, Per\u00fa, Paraguay y Canad\u00e1&#8221;, destac\u00f3 el jefe de la diplomacia chilena.<\/div>\n<div>El canciller de la naci\u00f3n austral record\u00f3 que &#8220;Chile fue el primer pa\u00eds de la regi\u00f3n en respaldar que la Organizaci\u00f3n de Estados Americanos (OEA) presentara un informe de un grupo de expertos ante la Corte Penal Internacional&#8221;.<\/div>\n<div>Ampuero asegur\u00f3 que el presidente Sebasti\u00e1n Pi\u00f1era envi\u00f3 en su momento una carta muy clara al respecto al secretario general de la OEA, Luis Almagro.<\/div>\n<div>&#8220;La situaci\u00f3n en Venezuela no ha mejorado, por el contrario, sigue empeorando&#8221;, remarc\u00f3.<\/div>\n<div>\u00a0<\/div>\n<div>2.-Grecia finaliza programa\u00a0<\/div>\n<div>\u00a0 \u00a0 de rescate econ\u00f3mico<\/div>\n<div>Atenas.-El gobierno griego, a trav\u00e9s de su portavoz, Dimitris Tzanakopoulos, dijo que &#8220;la econom\u00eda, la sociedad y todo el pa\u00eds entran ahora en una nueva fase&#8221;.<\/div>\n<div>Tras ocho a\u00f1os &#8220;de pesadilla&#8221; de tutela de sus acreedores, la Uni\u00f3n europea y el FMI,\u00a0 Grecia sali\u00f3 este lunes oficialmente del \u00faltimo de los estrictos planes de rescate que regulan su econom\u00eda desde 2010, pero a\u00fan no ha acabado con la austeridad y las reformas.\u00a0<\/div>\n<div>Donald Tusk, presidente del Consejo europeo, felicit\u00f3 en un tuit a &#8220;los griegos por sus esfuerzos y a los europeos por su solidaridad&#8221;.<\/div>\n<div>&#8220;Con el fin del programa, los griegos empiezan un nuevo cap\u00edtulo de su rica historia&#8221; tuite\u00f3 por su lado Jean-Claude Juncker, presidente de la Comisi\u00f3n europea.\u00a0<\/div>\n<div>A su vez, Mario Centeno, presidente del consejo de gobernadores del Mecanismo Europeo de Estabilidad (MEDE) que dirigi\u00f3 el \u00faltimo plan de ayuda a Grecia, afirm\u00f3: &#8220;Por primera vez desde comienzos de 2010, Grecia se mantiene en pie por s\u00ed sola&#8221;.<\/div>\n<div>El primer ministro, Alexis Tsipras, l\u00edder del partido de izquierda radical Syriza, que lleg\u00f3 al poder en enero de 2015 y debi\u00f3 someterse desde julio de ese a\u00f1o a los planes de rescate financiero, prefiri\u00f3 no hablar este lunes. Se dirigir\u00e1 al pueblo griego el martes, &#8220;primer d\u00eda de la salida del programa&#8221;, seg\u00fan el portavoz.<\/div>\n<div>\u00a0<\/div>\n<div>3.- Aumenta violencia contra inmigrantes venezolanos<\/div>\n<div>\u00a0 \u00a0 \u00a0 en Colombia, Per\u00fa, Ecuador y Brasil: ONU<\/div>\n<div>Nueva York.-La grave crisis humanitaria por la llegada masiva de venezolanos a varios pa\u00edses de Am\u00e9rica, principalmente a Colombia, Brasil, Ecuador y Per\u00fa, donde se han registrado situaciones violentas y rechazo de sus habitantes, ha llevado a que se tomen medidas como la exigencia de visas y pasaportes.<\/div>\n<div>La ONU, que cifr\u00f3 en 2,3 millones los venezolanos que han dejado su pa\u00eds desde 2014, pidi\u00f3 hoy que se respeten los derechos de esos ciudadanos y que sean tratados con &#8220;dignidad&#8221; en las naciones de acogida, ya que la mayor\u00eda no cuenta con documentos.<\/div>\n<div>Brasil reforz\u00f3 la seguridad en la frontera con Venezuela despu\u00e9s de que este fin de semana un grupo de brasile\u00f1os atac\u00f3 campamentos de inmigrantes venezolanos en la ciudad de Pacaraima.<\/div>\n<div>Seg\u00fan cifras oficiales, unos 50 mil venezolanos han ingresado al pa\u00eds por Pacaraima durante el \u00faltimo a\u00f1o y medio y muchos se han establecido en Boa Vista, capital de Roraima.<\/div>\n<div>Pese a la dif\u00edcil situaci\u00f3n y a la exigencia de los habitantes de Pacaraima de que se cierren las fronteras, el Gobierno descart\u00f3 hoy esa medida por considerarla &#8220;ilegal&#8221;.<\/div>\n<div>Per\u00fa inform\u00f3 de que a partir del 25 de agosto se solicitar\u00e1 el pasaporte a todos los venezolanos que quieran ingresar al pa\u00eds, una medida que calific\u00f3 como &#8220;un tema t\u00e9cnico&#8221; para &#8220;resguardar la seguridad de los ciudadanos peruanos y venezolanos&#8221;.<\/div>\n<\/div>\n<\/div>\n","protected":false},"excerpt":{"rendered":"<p>Trump asegura que es &#8216;muy probable&#8217; que vuelva a reunirse con Pyongyang<br \/>\nPor Carolina Alonso Romei<br \/>\nInternacionalista<\/p>\n","protected":false},"author":2,"featured_media":2863,"comment_status":"open","ping_status":"open","sticky":false,"template":"","format":"standard","meta":{"_monsterinsights_skip_tracking":false,"_monsterinsights_sitenote_active":false,"_monsterinsights_sitenote_note":"","_monsterinsights_sitenote_category":0,"footnotes":""},"categories":[1],"tags":[],"class_list":["post-2864","post","type-post","status-publish","format-standard","has-post-thumbnail","hentry","category-sin-categoria"],"yoast_head":"<!-- This site is optimized with the Yoast SEO plugin v27.3 - https:\/\/yoast.com\/product\/yoast-seo-wordpress\/ -->\n<title>Internacionales\/\/\/Carolina Alonso Romei\/\/\/Trump asegura que es &#039;muy probable&#039; que vuelva a reunirse con Pyongyang -<\/title>\n<meta name=\"robots\" content=\"index, follow, max-snippet:-1, max-image-preview:large, max-video-preview:-1\" \/>\n<link rel=\"canonical\" href=\"https:\/\/quehacerpolitico.mx\/?p=2864\" \/>\n<meta property=\"og:locale\" content=\"es_MX\" \/>\n<meta property=\"og:type\" content=\"article\" \/>\n<meta property=\"og:title\" content=\"Internacionales\/\/\/Carolina Alonso Romei\/\/\/Trump asegura que es &#039;muy probable&#039; que vuelva a reunirse con Pyongyang -\" \/>\n<meta property=\"og:description\" content=\"Trump asegura que es &#039;muy probable&#039; que vuelva a reunirse con Pyongyang Por Carolina Alonso Romei Internacionalista\" \/>\n<meta property=\"og:url\" content=\"https:\/\/quehacerpolitico.mx\/?p=2864\" \/>\n<meta property=\"article:published_time\" content=\"2018-08-21T01:04:13+00:00\" \/>\n<meta name=\"author\" content=\"Redacci\u00f3n QP\" \/>\n<meta name=\"twitter:card\" content=\"summary_large_image\" \/>\n<meta name=\"twitter:label1\" content=\"Escrito por\" \/>\n\t<meta name=\"twitter:data1\" content=\"Redacci\u00f3n QP\" \/>\n\t<meta name=\"twitter:label2\" content=\"Tiempo de lectura\" \/>\n\t<meta name=\"twitter:data2\" content=\"8 minutos\" \/>\n<script type=\"application\/ld+json\" class=\"yoast-schema-graph\">{\"@context\":\"https:\\\/\\\/schema.org\",\"@graph\":[{\"@type\":\"Article\",\"@id\":\"https:\\\/\\\/quehacerpolitico.mx\\\/?p=2864#article\",\"isPartOf\":{\"@id\":\"https:\\\/\\\/quehacerpolitico.mx\\\/?p=2864\"},\"author\":{\"name\":\"Redacci\u00f3n QP\",\"@id\":\"https:\\\/\\\/quehacerpolitico.mx\\\/#\\\/schema\\\/person\\\/496d8ad2d1d3f8036101dca7ee39e585\"},\"headline\":\"Internacionales\\\/\\\/\\\/Carolina Alonso Romei\\\/\\\/\\\/Trump asegura que es &#8216;muy probable&#8217; que vuelva a reunirse con Pyongyang\",\"datePublished\":\"2018-08-21T01:04:13+00:00\",\"mainEntityOfPage\":{\"@id\":\"https:\\\/\\\/quehacerpolitico.mx\\\/?p=2864\"},\"wordCount\":1602,\"commentCount\":0,\"image\":{\"@id\":\"https:\\\/\\\/quehacerpolitico.mx\\\/?p=2864#primaryimage\"},\"thumbnailUrl\":\"\",\"articleSection\":[\"Internacionales\"],\"inLanguage\":\"es\",\"potentialAction\":[{\"@type\":\"CommentAction\",\"name\":\"Comment\",\"target\":[\"https:\\\/\\\/quehacerpolitico.mx\\\/?p=2864#respond\"]}]},{\"@type\":\"WebPage\",\"@id\":\"https:\\\/\\\/quehacerpolitico.mx\\\/?p=2864\",\"url\":\"https:\\\/\\\/quehacerpolitico.mx\\\/?p=2864\",\"name\":\"Internacionales\\\/\\\/\\\/Carolina Alonso Romei\\\/\\\/\\\/Trump asegura que es 'muy probable' que vuelva a reunirse con Pyongyang -\",\"isPartOf\":{\"@id\":\"https:\\\/\\\/quehacerpolitico.mx\\\/#website\"},\"primaryImageOfPage\":{\"@id\":\"https:\\\/\\\/quehacerpolitico.mx\\\/?p=2864#primaryimage\"},\"image\":{\"@id\":\"https:\\\/\\\/quehacerpolitico.mx\\\/?p=2864#primaryimage\"},\"thumbnailUrl\":\"\",\"datePublished\":\"2018-08-21T01:04:13+00:00\",\"author\":{\"@id\":\"https:\\\/\\\/quehacerpolitico.mx\\\/#\\\/schema\\\/person\\\/496d8ad2d1d3f8036101dca7ee39e585\"},\"breadcrumb\":{\"@id\":\"https:\\\/\\\/quehacerpolitico.mx\\\/?p=2864#breadcrumb\"},\"inLanguage\":\"es\",\"potentialAction\":[{\"@type\":\"ReadAction\",\"target\":[\"https:\\\/\\\/quehacerpolitico.mx\\\/?p=2864\"]}]},{\"@type\":\"ImageObject\",\"inLanguage\":\"es\",\"@id\":\"https:\\\/\\\/quehacerpolitico.mx\\\/?p=2864#primaryimage\",\"url\":\"\",\"contentUrl\":\"\"},{\"@type\":\"BreadcrumbList\",\"@id\":\"https:\\\/\\\/quehacerpolitico.mx\\\/?p=2864#breadcrumb\",\"itemListElement\":[{\"@type\":\"ListItem\",\"position\":1,\"name\":\"Inicio\",\"item\":\"https:\\\/\\\/quehacerpolitico.mx\\\/\"},{\"@type\":\"ListItem\",\"position\":2,\"name\":\"Internacionales\\\/\\\/\\\/Carolina Alonso Romei\\\/\\\/\\\/Trump asegura que es &#8216;muy probable&#8217; que vuelva a reunirse con Pyongyang\"}]},{\"@type\":\"WebSite\",\"@id\":\"https:\\\/\\\/quehacerpolitico.mx\\\/#website\",\"url\":\"https:\\\/\\\/quehacerpolitico.mx\\\/\",\"name\":\"\",\"description\":\"\",\"potentialAction\":[{\"@type\":\"SearchAction\",\"target\":{\"@type\":\"EntryPoint\",\"urlTemplate\":\"https:\\\/\\\/quehacerpolitico.mx\\\/?s={search_term_string}\"},\"query-input\":{\"@type\":\"PropertyValueSpecification\",\"valueRequired\":true,\"valueName\":\"search_term_string\"}}],\"inLanguage\":\"es\"},{\"@type\":\"Person\",\"@id\":\"https:\\\/\\\/quehacerpolitico.mx\\\/#\\\/schema\\\/person\\\/496d8ad2d1d3f8036101dca7ee39e585\",\"name\":\"Redacci\u00f3n QP\",\"image\":{\"@type\":\"ImageObject\",\"inLanguage\":\"es\",\"@id\":\"https:\\\/\\\/secure.gravatar.com\\\/avatar\\\/c7164ed6fdec453195284ad24a5ae5b6e1eed2b848477fa2a4787ba9adf39a41?s=96&d=mm&r=g\",\"url\":\"https:\\\/\\\/secure.gravatar.com\\\/avatar\\\/c7164ed6fdec453195284ad24a5ae5b6e1eed2b848477fa2a4787ba9adf39a41?s=96&d=mm&r=g\",\"contentUrl\":\"https:\\\/\\\/secure.gravatar.com\\\/avatar\\\/c7164ed6fdec453195284ad24a5ae5b6e1eed2b848477fa2a4787ba9adf39a41?s=96&d=mm&r=g\",\"caption\":\"Redacci\u00f3n QP\"},\"url\":\"https:\\\/\\\/quehacerpolitico.mx\\\/?author=2\"}]}<\/script>\n<!-- \/ Yoast SEO plugin. -->","yoast_head_json":{"title":"Internacionales\/\/\/Carolina Alonso Romei\/\/\/Trump asegura que es 'muy probable' que vuelva a reunirse con Pyongyang -","robots":{"index":"index","follow":"follow","max-snippet":"max-snippet:-1","max-image-preview":"max-image-preview:large","max-video-preview":"max-video-preview:-1"},"canonical":"https:\/\/quehacerpolitico.mx\/?p=2864","og_locale":"es_MX","og_type":"article","og_title":"Internacionales\/\/\/Carolina Alonso Romei\/\/\/Trump asegura que es 'muy probable' que vuelva a reunirse con Pyongyang -","og_description":"Trump asegura que es 'muy probable' que vuelva a reunirse con Pyongyang Por Carolina Alonso Romei Internacionalista","og_url":"https:\/\/quehacerpolitico.mx\/?p=2864","article_published_time":"2018-08-21T01:04:13+00:00","author":"Redacci\u00f3n QP","twitter_card":"summary_large_image","twitter_misc":{"Escrito por":"Redacci\u00f3n QP","Tiempo de lectura":"8 minutos"},"schema":{"@context":"https:\/\/schema.org","@graph":[{"@type":"Article","@id":"https:\/\/quehacerpolitico.mx\/?p=2864#article","isPartOf":{"@id":"https:\/\/quehacerpolitico.mx\/?p=2864"},"author":{"name":"Redacci\u00f3n QP","@id":"https:\/\/quehacerpolitico.mx\/#\/schema\/person\/496d8ad2d1d3f8036101dca7ee39e585"},"headline":"Internacionales\/\/\/Carolina Alonso Romei\/\/\/Trump asegura que es &#8216;muy probable&#8217; que vuelva a reunirse con Pyongyang","datePublished":"2018-08-21T01:04:13+00:00","mainEntityOfPage":{"@id":"https:\/\/quehacerpolitico.mx\/?p=2864"},"wordCount":1602,"commentCount":0,"image":{"@id":"https:\/\/quehacerpolitico.mx\/?p=2864#primaryimage"},"thumbnailUrl":"","articleSection":["Internacionales"],"inLanguage":"es","potentialAction":[{"@type":"CommentAction","name":"Comment","target":["https:\/\/quehacerpolitico.mx\/?p=2864#respond"]}]},{"@type":"WebPage","@id":"https:\/\/quehacerpolitico.mx\/?p=2864","url":"https:\/\/quehacerpolitico.mx\/?p=2864","name":"Internacionales\/\/\/Carolina Alonso Romei\/\/\/Trump asegura que es 'muy probable' que vuelva a reunirse con Pyongyang -","isPartOf":{"@id":"https:\/\/quehacerpolitico.mx\/#website"},"primaryImageOfPage":{"@id":"https:\/\/quehacerpolitico.mx\/?p=2864#primaryimage"},"image":{"@id":"https:\/\/quehacerpolitico.mx\/?p=2864#primaryimage"},"thumbnailUrl":"","datePublished":"2018-08-21T01:04:13+00:00","author":{"@id":"https:\/\/quehacerpolitico.mx\/#\/schema\/person\/496d8ad2d1d3f8036101dca7ee39e585"},"breadcrumb":{"@id":"https:\/\/quehacerpolitico.mx\/?p=2864#breadcrumb"},"inLanguage":"es","potentialAction":[{"@type":"ReadAction","target":["https:\/\/quehacerpolitico.mx\/?p=2864"]}]},{"@type":"ImageObject","inLanguage":"es","@id":"https:\/\/quehacerpolitico.mx\/?p=2864#primaryimage","url":"","contentUrl":""},{"@type":"BreadcrumbList","@id":"https:\/\/quehacerpolitico.mx\/?p=2864#breadcrumb","itemListElement":[{"@type":"ListItem","position":1,"name":"Inicio","item":"https:\/\/quehacerpolitico.mx\/"},{"@type":"ListItem","position":2,"name":"Internacionales\/\/\/Carolina Alonso Romei\/\/\/Trump asegura que es &#8216;muy probable&#8217; que vuelva a reunirse con Pyongyang"}]},{"@type":"WebSite","@id":"https:\/\/quehacerpolitico.mx\/#website","url":"https:\/\/quehacerpolitico.mx\/","name":"","description":"","potentialAction":[{"@type":"SearchAction","target":{"@type":"EntryPoint","urlTemplate":"https:\/\/quehacerpolitico.mx\/?s={search_term_string}"},"query-input":{"@type":"PropertyValueSpecification","valueRequired":true,"valueName":"search_term_string"}}],"inLanguage":"es"},{"@type":"Person","@id":"https:\/\/quehacerpolitico.mx\/#\/schema\/person\/496d8ad2d1d3f8036101dca7ee39e585","name":"Redacci\u00f3n QP","image":{"@type":"ImageObject","inLanguage":"es","@id":"https:\/\/secure.gravatar.com\/avatar\/c7164ed6fdec453195284ad24a5ae5b6e1eed2b848477fa2a4787ba9adf39a41?s=96&d=mm&r=g","url":"https:\/\/secure.gravatar.com\/avatar\/c7164ed6fdec453195284ad24a5ae5b6e1eed2b848477fa2a4787ba9adf39a41?s=96&d=mm&r=g","contentUrl":"https:\/\/secure.gravatar.com\/avatar\/c7164ed6fdec453195284ad24a5ae5b6e1eed2b848477fa2a4787ba9adf39a41?s=96&d=mm&r=g","caption":"Redacci\u00f3n QP"},"url":"https:\/\/quehacerpolitico.mx\/?author=2"}]}},"featured_image_urls":{"full":"","thumbnail":"","medium":"","medium_large":"","large":"","1536x1536":"","2048x2048":"","covernews-featured":"","covernews-medium":""},"author_info":{"display_name":"Redacci\u00f3n QP","author_link":"https:\/\/quehacerpolitico.mx\/?author=2"},"category_info":"<a href=\"https:\/\/quehacerpolitico.mx\/?cat=1\" rel=\"category\">Internacionales<\/a>","tag_info":"Internacionales","comment_count":"0","_links":{"self":[{"href":"https:\/\/quehacerpolitico.mx\/index.php?rest_route=\/wp\/v2\/posts\/2864","targetHints":{"allow":["GET"]}}],"collection":[{"href":"https:\/\/quehacerpolitico.mx\/index.php?rest_route=\/wp\/v2\/posts"}],"about":[{"href":"https:\/\/quehacerpolitico.mx\/index.php?rest_route=\/wp\/v2\/types\/post"}],"author":[{"embeddable":true,"href":"https:\/\/quehacerpolitico.mx\/index.php?rest_route=\/wp\/v2\/users\/2"}],"replies":[{"embeddable":true,"href":"https:\/\/quehacerpolitico.mx\/index.php?rest_route=%2Fwp%2Fv2%2Fcomments&post=2864"}],"version-history":[{"count":0,"href":"https:\/\/quehacerpolitico.mx\/index.php?rest_route=\/wp\/v2\/posts\/2864\/revisions"}],"wp:featuredmedia":[{"embeddable":true,"href":"https:\/\/quehacerpolitico.mx\/index.php?rest_route=\/"}],"wp:attachment":[{"href":"https:\/\/quehacerpolitico.mx\/index.php?rest_route=%2Fwp%2Fv2%2Fmedia&parent=2864"}],"wp:term":[{"taxonomy":"category","embeddable":true,"href":"https:\/\/quehacerpolitico.mx\/index.php?rest_route=%2Fwp%2Fv2%2Fcategories&post=2864"},{"taxonomy":"post_tag","embeddable":true,"href":"https:\/\/quehacerpolitico.mx\/index.php?rest_route=%2Fwp%2Fv2%2Ftags&post=2864"}],"curies":[{"name":"wp","href":"https:\/\/api.w.org\/{rel}","templated":true}]}}