{"id":2862,"date":"2018-08-20T22:58:31","date_gmt":"2018-08-20T22:58:31","guid":{"rendered":"http:\/\/quehacerpolitico.mx\/federales-y-soldados-acompanan-a-los-ninos-de-acapulco-a-clases-180-escuelas-estan-resguardadas\/"},"modified":"2018-08-20T22:58:31","modified_gmt":"2018-08-20T22:58:31","slug":"federales-y-soldados-acompanan-a-los-ninos-de-acapulco-a-clases-180-escuelas-estan-resguardadas","status":"publish","type":"post","link":"https:\/\/quehacerpolitico.mx\/?p=2862","title":{"rendered":"Federales y soldados acompa\u00f1an a los ni\u00f1os de Acapulco a clases; 180 escuelas est\u00e1n resguardadas"},"content":{"rendered":"<h3><strong>A horas de que iniciar\u00e1 el nuevo ciclo escolar, dos hombres y una mujer fueron ejecutados en calles de Acapulco, Guerrero. Esa violencia, ya cotidiana, provoc\u00f3 que los estudiantes fueran resguardados por polic\u00edas federales y militares en el regreso a clases.\u00a0<\/strong><\/h3>\n<p>El Ej\u00e9rcito mexicano vigil\u00f3 hoy 180 escuelas del balneario de Acapulco, con altos \u00edndices de violencia, el d\u00eda en que volv\u00edan a clase 25.4 millones de alumnos en todo M\u00e9xico.<\/p>\n<p>En declaraciones a <em>Efe,<\/em> el vocero de Seguridad del sure\u00f1o estado de Guerrero, Roberto \u00c1lvarez, explic\u00f3 que se ha implementado un \u201cesquema de seguridad\u201d en todos los centros educativos de la regi\u00f3n, pero centrando la mayor parte del operativo \u201cEscuela Segura\u201d en el balneario.<\/p>\n<p>En este despliegue participan sobre todo el Ej\u00e9rcito mexicano y la Polic\u00eda estatal de Guerrero, acompa\u00f1ados de miembros de la Marina y de la Polic\u00eda Federal.<\/p>\n<div class=\"ad-center ad-in-content\">\n<div id=\"div-gpt-ad-1523475625635-0\" data-google-query-id=\"CO6qouXc_NwCFQiyTwodVGsA6w\">\n<blockquote>\n<p>\u201cDamos prioridad en zonas donde habr\u00eda una situaci\u00f3n de inseguridad que merece redoblar esfuerzos\u201d, agreg\u00f3.<\/p>\n<\/blockquote>\n<div id=\"attachment_3459762\" class=\"wp-caption alignnone\"><img loading=\"lazy\" decoding=\"async\" class=\"wp-image-3459762 size-full\" src=\"http:\/\/www.sinembargo.mx\/wp-content\/uploads\/2018\/08\/reportaje_consumo_refresco-6.jpg\" sizes=\"auto, (max-width: 700px) 100vw, 700px\" srcset=\"http:\/\/www.sinembargo.mx\/wp-content\/uploads\/2018\/08\/reportaje_consumo_refresco-6.jpg 700w, http:\/\/www.sinembargo.mx\/wp-content\/uploads\/2018\/08\/reportaje_consumo_refresco-6-300x200.jpg 300w\" alt=\"\" width=\"700\" height=\"467\" \/><\/p>\n<p class=\"wp-caption-text\">El Ej\u00e9rcito mexicano vigil\u00f3 hoy 180 escuelas del balneario de Acapulco. Foto: Cuartoscuro.<\/p>\n<\/div>\n<p>En Acapulco, unos 500 elementos -son dos o tres elementos de la Secretar\u00eda de la Defensa Nacional (Sedena) por centro- resguardan 180 escuelas en distintas zonas del municipio, uno de los m\u00e1s violentos de M\u00e9xico.<\/p>\n<p>Los cuerpos del Ej\u00e9rcito custodian la entrada y la salida de los estudiantes y los maestros de estas escuelas ubicadas en barrios que reportan el 50 por ciento del total de delitos en la localidad.<\/p>\n<p>En tanto, unos mil 200 elementos de la Secretar\u00eda de Seguridad P\u00fablica (SSP) del estado de Guerrero desplegaron operativos para el resto de escuelas, en las que controlan su per\u00edmetro mediante patrullajes.<\/p>\n<p>Con el apoyo del Ej\u00e9rcito, tambi\u00e9n se implement\u00f3 una vigilancia fija en las escuelas de Chilapa y San Miguel Totolapan, dos municipios tambi\u00e9n afectados por la violencia.<\/p>\n<p>\u00c1lvarez explic\u00f3 que en el caso de Acapulco han existido \u201cintentos de extorsi\u00f3n\u201d por parte de criminales a las escuelas, as\u00ed como \u201chechos de sangre\u201d sucedidos en sus cercan\u00edas.<\/p>\n<blockquote>\n<p>Estos eventos generan \u201cmucha consternaci\u00f3n y temor en la comunicad escolar\u201d.<\/p>\n<\/blockquote>\n<p>\u201cEs obligaci\u00f3n del Estado garantizar la seguridad de todos los alumnos que regresan hoy a la escuela y por supuesto de todos los ciudadanos\u201d, opin\u00f3 para Efe el padre de familia Eduardo Ram\u00edrez de la Rosa.<\/p>\n<p>Con una tasa de 106,63 homicidios por cada 100 mil habitantes, Acapulco se situ\u00f3 en 2017 como la tercera ciudad m\u00e1s violenta del mundo, seg\u00fan el informe anual del Consejo Ciudadano para la Seguridad P\u00fablica y la Justicia Penal.<\/p>\n<p><img loading=\"lazy\" decoding=\"async\" class=\"wp-image-3459763 size-full\" src=\"http:\/\/www.sinembargo.mx\/wp-content\/uploads\/2018\/08\/avenida_guerrero_asesinato-1.jpg\" sizes=\"auto, (max-width: 700px) 100vw, 700px\" srcset=\"http:\/\/www.sinembargo.mx\/wp-content\/uploads\/2018\/08\/avenida_guerrero_asesinato-1.jpg 700w, http:\/\/www.sinembargo.mx\/wp-content\/uploads\/2018\/08\/avenida_guerrero_asesinato-1-200x300.jpg 200w\" alt=\"\" width=\"700\" height=\"1050\" \/><\/p>\n<p class=\"wp-caption-text\">Con una tasa de 106,63 homicidios por cada 100 mil habitantes, Acapulco se situ\u00f3 en 2017 como la tercera ciudad m\u00e1s violenta del mundo. Foto: Cuartoscuro.<\/p>\n<\/div>\n<\/div>\n","protected":false},"excerpt":{"rendered":"<p>Federales y soldados acompa\u00f1an a los ni\u00f1os de Acapulco a clases; 180 escuelas est\u00e1n resguardadas<br \/>\nPor Redacci\u00f3n QP<\/p>\n","protected":false},"author":2,"featured_media":2861,"comment_status":"open","ping_status":"open","sticky":false,"template":"","format":"standard","meta":{"_monsterinsights_skip_tracking":false,"_monsterinsights_sitenote_active":false,"_monsterinsights_sitenote_note":"","_monsterinsights_sitenote_category":0,"footnotes":""},"categories":[2],"tags":[],"class_list":["post-2862","post","type-post","status-publish","format-standard","has-post-thumbnail","hentry","category-noticias"],"yoast_head":"<!-- This site is optimized with the Yoast SEO plugin v27.3 - https:\/\/yoast.com\/product\/yoast-seo-wordpress\/ -->\n<title>Federales y soldados acompa\u00f1an a los ni\u00f1os de Acapulco a clases; 180 escuelas est\u00e1n resguardadas -<\/title>\n<meta name=\"robots\" content=\"index, follow, max-snippet:-1, max-image-preview:large, max-video-preview:-1\" \/>\n<link rel=\"canonical\" href=\"https:\/\/quehacerpolitico.mx\/?p=2862\" \/>\n<meta property=\"og:locale\" content=\"es_MX\" \/>\n<meta property=\"og:type\" content=\"article\" \/>\n<meta property=\"og:title\" content=\"Federales y soldados acompa\u00f1an a los ni\u00f1os de Acapulco a clases; 180 escuelas est\u00e1n resguardadas -\" \/>\n<meta property=\"og:description\" content=\"Federales y soldados acompa\u00f1an a los ni\u00f1os de Acapulco a clases; 180 escuelas est\u00e1n resguardadas Por Redacci\u00f3n QP\" \/>\n<meta property=\"og:url\" content=\"https:\/\/quehacerpolitico.mx\/?p=2862\" \/>\n<meta property=\"article:published_time\" content=\"2018-08-20T22:58:31+00:00\" \/>\n<meta name=\"author\" content=\"Redacci\u00f3n QP\" \/>\n<meta name=\"twitter:card\" content=\"summary_large_image\" \/>\n<meta name=\"twitter:label1\" content=\"Escrito por\" \/>\n\t<meta name=\"twitter:data1\" content=\"Redacci\u00f3n QP\" \/>\n\t<meta name=\"twitter:label2\" content=\"Tiempo de lectura\" \/>\n\t<meta name=\"twitter:data2\" content=\"2 minutos\" \/>\n<script type=\"application\/ld+json\" class=\"yoast-schema-graph\">{\"@context\":\"https:\\\/\\\/schema.org\",\"@graph\":[{\"@type\":\"Article\",\"@id\":\"https:\\\/\\\/quehacerpolitico.mx\\\/?p=2862#article\",\"isPartOf\":{\"@id\":\"https:\\\/\\\/quehacerpolitico.mx\\\/?p=2862\"},\"author\":{\"name\":\"Redacci\u00f3n QP\",\"@id\":\"https:\\\/\\\/quehacerpolitico.mx\\\/#\\\/schema\\\/person\\\/496d8ad2d1d3f8036101dca7ee39e585\"},\"headline\":\"Federales y soldados acompa\u00f1an a los ni\u00f1os de Acapulco a clases; 180 escuelas est\u00e1n resguardadas\",\"datePublished\":\"2018-08-20T22:58:31+00:00\",\"mainEntityOfPage\":{\"@id\":\"https:\\\/\\\/quehacerpolitico.mx\\\/?p=2862\"},\"wordCount\":476,\"commentCount\":0,\"image\":{\"@id\":\"https:\\\/\\\/quehacerpolitico.mx\\\/?p=2862#primaryimage\"},\"thumbnailUrl\":\"\",\"articleSection\":[\"Noticias\"],\"inLanguage\":\"es\",\"potentialAction\":[{\"@type\":\"CommentAction\",\"name\":\"Comment\",\"target\":[\"https:\\\/\\\/quehacerpolitico.mx\\\/?p=2862#respond\"]}]},{\"@type\":\"WebPage\",\"@id\":\"https:\\\/\\\/quehacerpolitico.mx\\\/?p=2862\",\"url\":\"https:\\\/\\\/quehacerpolitico.mx\\\/?p=2862\",\"name\":\"Federales y soldados acompa\u00f1an a los ni\u00f1os de Acapulco a clases; 180 escuelas est\u00e1n resguardadas -\",\"isPartOf\":{\"@id\":\"https:\\\/\\\/quehacerpolitico.mx\\\/#website\"},\"primaryImageOfPage\":{\"@id\":\"https:\\\/\\\/quehacerpolitico.mx\\\/?p=2862#primaryimage\"},\"image\":{\"@id\":\"https:\\\/\\\/quehacerpolitico.mx\\\/?p=2862#primaryimage\"},\"thumbnailUrl\":\"\",\"datePublished\":\"2018-08-20T22:58:31+00:00\",\"author\":{\"@id\":\"https:\\\/\\\/quehacerpolitico.mx\\\/#\\\/schema\\\/person\\\/496d8ad2d1d3f8036101dca7ee39e585\"},\"breadcrumb\":{\"@id\":\"https:\\\/\\\/quehacerpolitico.mx\\\/?p=2862#breadcrumb\"},\"inLanguage\":\"es\",\"potentialAction\":[{\"@type\":\"ReadAction\",\"target\":[\"https:\\\/\\\/quehacerpolitico.mx\\\/?p=2862\"]}]},{\"@type\":\"ImageObject\",\"inLanguage\":\"es\",\"@id\":\"https:\\\/\\\/quehacerpolitico.mx\\\/?p=2862#primaryimage\",\"url\":\"\",\"contentUrl\":\"\"},{\"@type\":\"BreadcrumbList\",\"@id\":\"https:\\\/\\\/quehacerpolitico.mx\\\/?p=2862#breadcrumb\",\"itemListElement\":[{\"@type\":\"ListItem\",\"position\":1,\"name\":\"Inicio\",\"item\":\"https:\\\/\\\/quehacerpolitico.mx\\\/\"},{\"@type\":\"ListItem\",\"position\":2,\"name\":\"Federales y soldados acompa\u00f1an a los ni\u00f1os de Acapulco a clases; 180 escuelas est\u00e1n resguardadas\"}]},{\"@type\":\"WebSite\",\"@id\":\"https:\\\/\\\/quehacerpolitico.mx\\\/#website\",\"url\":\"https:\\\/\\\/quehacerpolitico.mx\\\/\",\"name\":\"\",\"description\":\"\",\"potentialAction\":[{\"@type\":\"SearchAction\",\"target\":{\"@type\":\"EntryPoint\",\"urlTemplate\":\"https:\\\/\\\/quehacerpolitico.mx\\\/?s={search_term_string}\"},\"query-input\":{\"@type\":\"PropertyValueSpecification\",\"valueRequired\":true,\"valueName\":\"search_term_string\"}}],\"inLanguage\":\"es\"},{\"@type\":\"Person\",\"@id\":\"https:\\\/\\\/quehacerpolitico.mx\\\/#\\\/schema\\\/person\\\/496d8ad2d1d3f8036101dca7ee39e585\",\"name\":\"Redacci\u00f3n QP\",\"image\":{\"@type\":\"ImageObject\",\"inLanguage\":\"es\",\"@id\":\"https:\\\/\\\/secure.gravatar.com\\\/avatar\\\/c7164ed6fdec453195284ad24a5ae5b6e1eed2b848477fa2a4787ba9adf39a41?s=96&d=mm&r=g\",\"url\":\"https:\\\/\\\/secure.gravatar.com\\\/avatar\\\/c7164ed6fdec453195284ad24a5ae5b6e1eed2b848477fa2a4787ba9adf39a41?s=96&d=mm&r=g\",\"contentUrl\":\"https:\\\/\\\/secure.gravatar.com\\\/avatar\\\/c7164ed6fdec453195284ad24a5ae5b6e1eed2b848477fa2a4787ba9adf39a41?s=96&d=mm&r=g\",\"caption\":\"Redacci\u00f3n QP\"},\"url\":\"https:\\\/\\\/quehacerpolitico.mx\\\/?author=2\"}]}<\/script>\n<!-- \/ Yoast SEO plugin. -->","yoast_head_json":{"title":"Federales y soldados acompa\u00f1an a los ni\u00f1os de Acapulco a clases; 180 escuelas est\u00e1n resguardadas -","robots":{"index":"index","follow":"follow","max-snippet":"max-snippet:-1","max-image-preview":"max-image-preview:large","max-video-preview":"max-video-preview:-1"},"canonical":"https:\/\/quehacerpolitico.mx\/?p=2862","og_locale":"es_MX","og_type":"article","og_title":"Federales y soldados acompa\u00f1an a los ni\u00f1os de Acapulco a clases; 180 escuelas est\u00e1n resguardadas -","og_description":"Federales y soldados acompa\u00f1an a los ni\u00f1os de Acapulco a clases; 180 escuelas est\u00e1n resguardadas Por Redacci\u00f3n QP","og_url":"https:\/\/quehacerpolitico.mx\/?p=2862","article_published_time":"2018-08-20T22:58:31+00:00","author":"Redacci\u00f3n QP","twitter_card":"summary_large_image","twitter_misc":{"Escrito por":"Redacci\u00f3n QP","Tiempo de lectura":"2 minutos"},"schema":{"@context":"https:\/\/schema.org","@graph":[{"@type":"Article","@id":"https:\/\/quehacerpolitico.mx\/?p=2862#article","isPartOf":{"@id":"https:\/\/quehacerpolitico.mx\/?p=2862"},"author":{"name":"Redacci\u00f3n QP","@id":"https:\/\/quehacerpolitico.mx\/#\/schema\/person\/496d8ad2d1d3f8036101dca7ee39e585"},"headline":"Federales y soldados acompa\u00f1an a los ni\u00f1os de Acapulco a clases; 180 escuelas est\u00e1n resguardadas","datePublished":"2018-08-20T22:58:31+00:00","mainEntityOfPage":{"@id":"https:\/\/quehacerpolitico.mx\/?p=2862"},"wordCount":476,"commentCount":0,"image":{"@id":"https:\/\/quehacerpolitico.mx\/?p=2862#primaryimage"},"thumbnailUrl":"","articleSection":["Noticias"],"inLanguage":"es","potentialAction":[{"@type":"CommentAction","name":"Comment","target":["https:\/\/quehacerpolitico.mx\/?p=2862#respond"]}]},{"@type":"WebPage","@id":"https:\/\/quehacerpolitico.mx\/?p=2862","url":"https:\/\/quehacerpolitico.mx\/?p=2862","name":"Federales y soldados acompa\u00f1an a los ni\u00f1os de Acapulco a clases; 180 escuelas est\u00e1n resguardadas -","isPartOf":{"@id":"https:\/\/quehacerpolitico.mx\/#website"},"primaryImageOfPage":{"@id":"https:\/\/quehacerpolitico.mx\/?p=2862#primaryimage"},"image":{"@id":"https:\/\/quehacerpolitico.mx\/?p=2862#primaryimage"},"thumbnailUrl":"","datePublished":"2018-08-20T22:58:31+00:00","author":{"@id":"https:\/\/quehacerpolitico.mx\/#\/schema\/person\/496d8ad2d1d3f8036101dca7ee39e585"},"breadcrumb":{"@id":"https:\/\/quehacerpolitico.mx\/?p=2862#breadcrumb"},"inLanguage":"es","potentialAction":[{"@type":"ReadAction","target":["https:\/\/quehacerpolitico.mx\/?p=2862"]}]},{"@type":"ImageObject","inLanguage":"es","@id":"https:\/\/quehacerpolitico.mx\/?p=2862#primaryimage","url":"","contentUrl":""},{"@type":"BreadcrumbList","@id":"https:\/\/quehacerpolitico.mx\/?p=2862#breadcrumb","itemListElement":[{"@type":"ListItem","position":1,"name":"Inicio","item":"https:\/\/quehacerpolitico.mx\/"},{"@type":"ListItem","position":2,"name":"Federales y soldados acompa\u00f1an a los ni\u00f1os de Acapulco a clases; 180 escuelas est\u00e1n resguardadas"}]},{"@type":"WebSite","@id":"https:\/\/quehacerpolitico.mx\/#website","url":"https:\/\/quehacerpolitico.mx\/","name":"","description":"","potentialAction":[{"@type":"SearchAction","target":{"@type":"EntryPoint","urlTemplate":"https:\/\/quehacerpolitico.mx\/?s={search_term_string}"},"query-input":{"@type":"PropertyValueSpecification","valueRequired":true,"valueName":"search_term_string"}}],"inLanguage":"es"},{"@type":"Person","@id":"https:\/\/quehacerpolitico.mx\/#\/schema\/person\/496d8ad2d1d3f8036101dca7ee39e585","name":"Redacci\u00f3n QP","image":{"@type":"ImageObject","inLanguage":"es","@id":"https:\/\/secure.gravatar.com\/avatar\/c7164ed6fdec453195284ad24a5ae5b6e1eed2b848477fa2a4787ba9adf39a41?s=96&d=mm&r=g","url":"https:\/\/secure.gravatar.com\/avatar\/c7164ed6fdec453195284ad24a5ae5b6e1eed2b848477fa2a4787ba9adf39a41?s=96&d=mm&r=g","contentUrl":"https:\/\/secure.gravatar.com\/avatar\/c7164ed6fdec453195284ad24a5ae5b6e1eed2b848477fa2a4787ba9adf39a41?s=96&d=mm&r=g","caption":"Redacci\u00f3n QP"},"url":"https:\/\/quehacerpolitico.mx\/?author=2"}]}},"featured_image_urls":{"full":"","thumbnail":"","medium":"","medium_large":"","large":"","1536x1536":"","2048x2048":"","covernews-featured":"","covernews-medium":""},"author_info":{"display_name":"Redacci\u00f3n QP","author_link":"https:\/\/quehacerpolitico.mx\/?author=2"},"category_info":"<a href=\"https:\/\/quehacerpolitico.mx\/?cat=2\" rel=\"category\">Noticias<\/a>","tag_info":"Noticias","comment_count":"0","_links":{"self":[{"href":"https:\/\/quehacerpolitico.mx\/index.php?rest_route=\/wp\/v2\/posts\/2862","targetHints":{"allow":["GET"]}}],"collection":[{"href":"https:\/\/quehacerpolitico.mx\/index.php?rest_route=\/wp\/v2\/posts"}],"about":[{"href":"https:\/\/quehacerpolitico.mx\/index.php?rest_route=\/wp\/v2\/types\/post"}],"author":[{"embeddable":true,"href":"https:\/\/quehacerpolitico.mx\/index.php?rest_route=\/wp\/v2\/users\/2"}],"replies":[{"embeddable":true,"href":"https:\/\/quehacerpolitico.mx\/index.php?rest_route=%2Fwp%2Fv2%2Fcomments&post=2862"}],"version-history":[{"count":0,"href":"https:\/\/quehacerpolitico.mx\/index.php?rest_route=\/wp\/v2\/posts\/2862\/revisions"}],"wp:featuredmedia":[{"embeddable":true,"href":"https:\/\/quehacerpolitico.mx\/index.php?rest_route=\/"}],"wp:attachment":[{"href":"https:\/\/quehacerpolitico.mx\/index.php?rest_route=%2Fwp%2Fv2%2Fmedia&parent=2862"}],"wp:term":[{"taxonomy":"category","embeddable":true,"href":"https:\/\/quehacerpolitico.mx\/index.php?rest_route=%2Fwp%2Fv2%2Fcategories&post=2862"},{"taxonomy":"post_tag","embeddable":true,"href":"https:\/\/quehacerpolitico.mx\/index.php?rest_route=%2Fwp%2Fv2%2Ftags&post=2862"}],"curies":[{"name":"wp","href":"https:\/\/api.w.org\/{rel}","templated":true}]}}