{"id":2860,"date":"2018-08-20T22:47:43","date_gmt":"2018-08-20T22:47:43","guid":{"rendered":"http:\/\/quehacerpolitico.mx\/el-var-podria-llegar-para-la-jornada-13-o-14-del-apertura-2018\/"},"modified":"2018-08-20T22:47:43","modified_gmt":"2018-08-20T22:47:43","slug":"el-var-podria-llegar-para-la-jornada-13-o-14-del-apertura-2018","status":"publish","type":"post","link":"https:\/\/quehacerpolitico.mx\/?p=2860","title":{"rendered":"El VAR podr\u00eda llegar para la Jornada 13 o 14 del Apertura 2018"},"content":{"rendered":"<p>Luego de varios <strong>ensayos<\/strong> y de una fuerte <strong>inversi\u00f3n<\/strong>econ\u00f3mica, la <strong>Liga MX<\/strong> busca que se instaure el <strong>VAR<\/strong>lo antes posible en el <strong>futbol mexicano<\/strong>.<\/p>\n<p>Para explicar todos los detalles, ofrecieron una conferencia de prensa <strong>Gilberto Hern\u00e1ndez<\/strong>, Secretario General de la FMF; <strong>Arturo Brizio,<\/strong>Presidente de la Comisi\u00f3n de \u00c1rbitros, y Beatriz Ramos, Directora de Comunicaci\u00f3n e Imagen de la FMF.<\/p>\n<p>Brizio fue quien asegur\u00f3 que si obtienen la autorizaci\u00f3n de la FIFA, para las jornadas 13 y 14 del Apertura 2018, en la Liga MX, ya podr\u00eda utilizarse el video como apoyo para los silbantes.<\/p>\n<p>El VAR es utilizado cuando se presenta una jugada pol\u00e9mica. Es entonces cuando el \u00e1rbitro solicita la asistencia del videoarbitraje, por medio de las repeticiones se aseguran de aclarar cualquier duda en goles, penales o expulsiones.<\/p>\n<div class=\"amp-ad-wrapper amp_ad_1 ampforwp-incontent-ampforwp-incontent-ad ampforwp-incontent-ad3\">\n<div class=\"i-amphtml-fx-flying-carpet-clip\">\n<div class=\"i-amphtml-fx-flying-carpet-container\">\n<div class=\"amp-hidden\">\n<blockquote>\n<p>\u201cLas jugadas que m\u00e1s vamos a ver son las de gol, penal o expulsi\u00f3n. El VAR no lo pueden pedir ni jugadores ni t\u00e9cnicos, los \u00fanicos que pueden hacer el uso del VAR es solamente el Cuerpo Arbitral\u201d, dijo Brizio.<\/p>\n<\/blockquote>\n<p>Luego, recalc\u00f3 que est\u00e1n muy optimistas de lo que han hecho, pues saben que los tiempos que est\u00e1n corriendo son los adecuados para obtener la aprobaci\u00f3n del IFAB.<\/p>\n<blockquote>\n<p>\u201cEl VAR no es para juzgar jugadas pol\u00e9micas, sino errores arbitrales, no vamos a estar parando los partidos constantemente, no todas las jugadas dan los par\u00e1metros\u201d, indic\u00f3 Brizio.<\/p>\n<\/blockquote>\n<p>Hay que recordar que el VAR fue utilizado en el Mundial de Rusia, y tuvo buenos resultados, ya que en varias jugadas se logr\u00f3 dar justicia ante las controvers\u00edas que se presentaron.<\/p>\n<p>Por ejemplo, en el duelo entre Portugal y Espa\u00f1a, el nazareno fue directamente al monitor, sino que sus asistentes le informaron que no fue falta una entrada de Diego Costa sobre Pepe, as\u00ed que la jugada en la que se concret\u00f3 el 1-1 se dio por v\u00e1lida.<\/p>\n<p>En el choque entre Francia y Australia, Antoine Griezmann fue v\u00edctima de una zancadilla en \u00e1rea, pero el \u00e1rbitro no lo marc\u00f3 y dej\u00f3 que el partido continuara su curso. Sin embargo, segundos despu\u00e9s \u00e9l s\u00ed se recarg\u00f3 en el VAR, y de inmediato marc\u00f3 el penal, mismo que cobr\u00f3 de buena manera el mismo Griezmann.<\/p>\n<\/div>\n<\/div>\n<\/div>\n<\/div>\n","protected":false},"excerpt":{"rendered":"<p>El VAR podr\u00eda llegar para la Jornada 13 o 14 del Apertura 2018<br \/>\nPor Redacci\u00f3n QP<\/p>\n","protected":false},"author":2,"featured_media":2859,"comment_status":"open","ping_status":"open","sticky":false,"template":"","format":"standard","meta":{"_monsterinsights_skip_tracking":false,"_monsterinsights_sitenote_active":false,"_monsterinsights_sitenote_note":"","_monsterinsights_sitenote_category":0,"footnotes":""},"categories":[54],"tags":[],"class_list":["post-2860","post","type-post","status-publish","format-standard","has-post-thumbnail","hentry","category-deportes"],"yoast_head":"<!-- This site is optimized with the Yoast SEO plugin v27.3 - https:\/\/yoast.com\/product\/yoast-seo-wordpress\/ -->\n<title>El VAR podr\u00eda llegar para la Jornada 13 o 14 del Apertura 2018 -<\/title>\n<meta name=\"robots\" content=\"index, follow, max-snippet:-1, max-image-preview:large, max-video-preview:-1\" \/>\n<link rel=\"canonical\" href=\"https:\/\/quehacerpolitico.mx\/?p=2860\" \/>\n<meta property=\"og:locale\" content=\"es_MX\" \/>\n<meta property=\"og:type\" content=\"article\" \/>\n<meta property=\"og:title\" content=\"El VAR podr\u00eda llegar para la Jornada 13 o 14 del Apertura 2018 -\" \/>\n<meta property=\"og:description\" content=\"El VAR podr\u00eda llegar para la Jornada 13 o 14 del Apertura 2018 Por Redacci\u00f3n QP\" \/>\n<meta property=\"og:url\" content=\"https:\/\/quehacerpolitico.mx\/?p=2860\" \/>\n<meta property=\"article:published_time\" content=\"2018-08-20T22:47:43+00:00\" \/>\n<meta name=\"author\" content=\"Redacci\u00f3n QP\" \/>\n<meta name=\"twitter:card\" content=\"summary_large_image\" \/>\n<meta name=\"twitter:label1\" content=\"Escrito por\" \/>\n\t<meta name=\"twitter:data1\" content=\"Redacci\u00f3n QP\" \/>\n\t<meta name=\"twitter:label2\" content=\"Tiempo de lectura\" \/>\n\t<meta name=\"twitter:data2\" content=\"2 minutos\" \/>\n<script type=\"application\/ld+json\" class=\"yoast-schema-graph\">{\"@context\":\"https:\\\/\\\/schema.org\",\"@graph\":[{\"@type\":\"Article\",\"@id\":\"https:\\\/\\\/quehacerpolitico.mx\\\/?p=2860#article\",\"isPartOf\":{\"@id\":\"https:\\\/\\\/quehacerpolitico.mx\\\/?p=2860\"},\"author\":{\"name\":\"Redacci\u00f3n QP\",\"@id\":\"https:\\\/\\\/quehacerpolitico.mx\\\/#\\\/schema\\\/person\\\/496d8ad2d1d3f8036101dca7ee39e585\"},\"headline\":\"El VAR podr\u00eda llegar para la Jornada 13 o 14 del Apertura 2018\",\"datePublished\":\"2018-08-20T22:47:43+00:00\",\"mainEntityOfPage\":{\"@id\":\"https:\\\/\\\/quehacerpolitico.mx\\\/?p=2860\"},\"wordCount\":391,\"commentCount\":0,\"image\":{\"@id\":\"https:\\\/\\\/quehacerpolitico.mx\\\/?p=2860#primaryimage\"},\"thumbnailUrl\":\"\",\"articleSection\":[\"Deportes\"],\"inLanguage\":\"es\",\"potentialAction\":[{\"@type\":\"CommentAction\",\"name\":\"Comment\",\"target\":[\"https:\\\/\\\/quehacerpolitico.mx\\\/?p=2860#respond\"]}]},{\"@type\":\"WebPage\",\"@id\":\"https:\\\/\\\/quehacerpolitico.mx\\\/?p=2860\",\"url\":\"https:\\\/\\\/quehacerpolitico.mx\\\/?p=2860\",\"name\":\"El VAR podr\u00eda llegar para la Jornada 13 o 14 del Apertura 2018 -\",\"isPartOf\":{\"@id\":\"https:\\\/\\\/quehacerpolitico.mx\\\/#website\"},\"primaryImageOfPage\":{\"@id\":\"https:\\\/\\\/quehacerpolitico.mx\\\/?p=2860#primaryimage\"},\"image\":{\"@id\":\"https:\\\/\\\/quehacerpolitico.mx\\\/?p=2860#primaryimage\"},\"thumbnailUrl\":\"\",\"datePublished\":\"2018-08-20T22:47:43+00:00\",\"author\":{\"@id\":\"https:\\\/\\\/quehacerpolitico.mx\\\/#\\\/schema\\\/person\\\/496d8ad2d1d3f8036101dca7ee39e585\"},\"breadcrumb\":{\"@id\":\"https:\\\/\\\/quehacerpolitico.mx\\\/?p=2860#breadcrumb\"},\"inLanguage\":\"es\",\"potentialAction\":[{\"@type\":\"ReadAction\",\"target\":[\"https:\\\/\\\/quehacerpolitico.mx\\\/?p=2860\"]}]},{\"@type\":\"ImageObject\",\"inLanguage\":\"es\",\"@id\":\"https:\\\/\\\/quehacerpolitico.mx\\\/?p=2860#primaryimage\",\"url\":\"\",\"contentUrl\":\"\"},{\"@type\":\"BreadcrumbList\",\"@id\":\"https:\\\/\\\/quehacerpolitico.mx\\\/?p=2860#breadcrumb\",\"itemListElement\":[{\"@type\":\"ListItem\",\"position\":1,\"name\":\"Inicio\",\"item\":\"https:\\\/\\\/quehacerpolitico.mx\\\/\"},{\"@type\":\"ListItem\",\"position\":2,\"name\":\"El VAR podr\u00eda llegar para la Jornada 13 o 14 del Apertura 2018\"}]},{\"@type\":\"WebSite\",\"@id\":\"https:\\\/\\\/quehacerpolitico.mx\\\/#website\",\"url\":\"https:\\\/\\\/quehacerpolitico.mx\\\/\",\"name\":\"\",\"description\":\"\",\"potentialAction\":[{\"@type\":\"SearchAction\",\"target\":{\"@type\":\"EntryPoint\",\"urlTemplate\":\"https:\\\/\\\/quehacerpolitico.mx\\\/?s={search_term_string}\"},\"query-input\":{\"@type\":\"PropertyValueSpecification\",\"valueRequired\":true,\"valueName\":\"search_term_string\"}}],\"inLanguage\":\"es\"},{\"@type\":\"Person\",\"@id\":\"https:\\\/\\\/quehacerpolitico.mx\\\/#\\\/schema\\\/person\\\/496d8ad2d1d3f8036101dca7ee39e585\",\"name\":\"Redacci\u00f3n QP\",\"image\":{\"@type\":\"ImageObject\",\"inLanguage\":\"es\",\"@id\":\"https:\\\/\\\/secure.gravatar.com\\\/avatar\\\/c7164ed6fdec453195284ad24a5ae5b6e1eed2b848477fa2a4787ba9adf39a41?s=96&d=mm&r=g\",\"url\":\"https:\\\/\\\/secure.gravatar.com\\\/avatar\\\/c7164ed6fdec453195284ad24a5ae5b6e1eed2b848477fa2a4787ba9adf39a41?s=96&d=mm&r=g\",\"contentUrl\":\"https:\\\/\\\/secure.gravatar.com\\\/avatar\\\/c7164ed6fdec453195284ad24a5ae5b6e1eed2b848477fa2a4787ba9adf39a41?s=96&d=mm&r=g\",\"caption\":\"Redacci\u00f3n QP\"},\"url\":\"https:\\\/\\\/quehacerpolitico.mx\\\/?author=2\"}]}<\/script>\n<!-- \/ Yoast SEO plugin. -->","yoast_head_json":{"title":"El VAR podr\u00eda llegar para la Jornada 13 o 14 del Apertura 2018 -","robots":{"index":"index","follow":"follow","max-snippet":"max-snippet:-1","max-image-preview":"max-image-preview:large","max-video-preview":"max-video-preview:-1"},"canonical":"https:\/\/quehacerpolitico.mx\/?p=2860","og_locale":"es_MX","og_type":"article","og_title":"El VAR podr\u00eda llegar para la Jornada 13 o 14 del Apertura 2018 -","og_description":"El VAR podr\u00eda llegar para la Jornada 13 o 14 del Apertura 2018 Por Redacci\u00f3n QP","og_url":"https:\/\/quehacerpolitico.mx\/?p=2860","article_published_time":"2018-08-20T22:47:43+00:00","author":"Redacci\u00f3n QP","twitter_card":"summary_large_image","twitter_misc":{"Escrito por":"Redacci\u00f3n QP","Tiempo de lectura":"2 minutos"},"schema":{"@context":"https:\/\/schema.org","@graph":[{"@type":"Article","@id":"https:\/\/quehacerpolitico.mx\/?p=2860#article","isPartOf":{"@id":"https:\/\/quehacerpolitico.mx\/?p=2860"},"author":{"name":"Redacci\u00f3n QP","@id":"https:\/\/quehacerpolitico.mx\/#\/schema\/person\/496d8ad2d1d3f8036101dca7ee39e585"},"headline":"El VAR podr\u00eda llegar para la Jornada 13 o 14 del Apertura 2018","datePublished":"2018-08-20T22:47:43+00:00","mainEntityOfPage":{"@id":"https:\/\/quehacerpolitico.mx\/?p=2860"},"wordCount":391,"commentCount":0,"image":{"@id":"https:\/\/quehacerpolitico.mx\/?p=2860#primaryimage"},"thumbnailUrl":"","articleSection":["Deportes"],"inLanguage":"es","potentialAction":[{"@type":"CommentAction","name":"Comment","target":["https:\/\/quehacerpolitico.mx\/?p=2860#respond"]}]},{"@type":"WebPage","@id":"https:\/\/quehacerpolitico.mx\/?p=2860","url":"https:\/\/quehacerpolitico.mx\/?p=2860","name":"El VAR podr\u00eda llegar para la Jornada 13 o 14 del Apertura 2018 -","isPartOf":{"@id":"https:\/\/quehacerpolitico.mx\/#website"},"primaryImageOfPage":{"@id":"https:\/\/quehacerpolitico.mx\/?p=2860#primaryimage"},"image":{"@id":"https:\/\/quehacerpolitico.mx\/?p=2860#primaryimage"},"thumbnailUrl":"","datePublished":"2018-08-20T22:47:43+00:00","author":{"@id":"https:\/\/quehacerpolitico.mx\/#\/schema\/person\/496d8ad2d1d3f8036101dca7ee39e585"},"breadcrumb":{"@id":"https:\/\/quehacerpolitico.mx\/?p=2860#breadcrumb"},"inLanguage":"es","potentialAction":[{"@type":"ReadAction","target":["https:\/\/quehacerpolitico.mx\/?p=2860"]}]},{"@type":"ImageObject","inLanguage":"es","@id":"https:\/\/quehacerpolitico.mx\/?p=2860#primaryimage","url":"","contentUrl":""},{"@type":"BreadcrumbList","@id":"https:\/\/quehacerpolitico.mx\/?p=2860#breadcrumb","itemListElement":[{"@type":"ListItem","position":1,"name":"Inicio","item":"https:\/\/quehacerpolitico.mx\/"},{"@type":"ListItem","position":2,"name":"El VAR podr\u00eda llegar para la Jornada 13 o 14 del Apertura 2018"}]},{"@type":"WebSite","@id":"https:\/\/quehacerpolitico.mx\/#website","url":"https:\/\/quehacerpolitico.mx\/","name":"","description":"","potentialAction":[{"@type":"SearchAction","target":{"@type":"EntryPoint","urlTemplate":"https:\/\/quehacerpolitico.mx\/?s={search_term_string}"},"query-input":{"@type":"PropertyValueSpecification","valueRequired":true,"valueName":"search_term_string"}}],"inLanguage":"es"},{"@type":"Person","@id":"https:\/\/quehacerpolitico.mx\/#\/schema\/person\/496d8ad2d1d3f8036101dca7ee39e585","name":"Redacci\u00f3n QP","image":{"@type":"ImageObject","inLanguage":"es","@id":"https:\/\/secure.gravatar.com\/avatar\/c7164ed6fdec453195284ad24a5ae5b6e1eed2b848477fa2a4787ba9adf39a41?s=96&d=mm&r=g","url":"https:\/\/secure.gravatar.com\/avatar\/c7164ed6fdec453195284ad24a5ae5b6e1eed2b848477fa2a4787ba9adf39a41?s=96&d=mm&r=g","contentUrl":"https:\/\/secure.gravatar.com\/avatar\/c7164ed6fdec453195284ad24a5ae5b6e1eed2b848477fa2a4787ba9adf39a41?s=96&d=mm&r=g","caption":"Redacci\u00f3n QP"},"url":"https:\/\/quehacerpolitico.mx\/?author=2"}]}},"featured_image_urls":{"full":"","thumbnail":"","medium":"","medium_large":"","large":"","1536x1536":"","2048x2048":"","covernews-featured":"","covernews-medium":""},"author_info":{"display_name":"Redacci\u00f3n QP","author_link":"https:\/\/quehacerpolitico.mx\/?author=2"},"category_info":"<a href=\"https:\/\/quehacerpolitico.mx\/?cat=54\" rel=\"category\">Deportes<\/a>","tag_info":"Deportes","comment_count":"0","_links":{"self":[{"href":"https:\/\/quehacerpolitico.mx\/index.php?rest_route=\/wp\/v2\/posts\/2860","targetHints":{"allow":["GET"]}}],"collection":[{"href":"https:\/\/quehacerpolitico.mx\/index.php?rest_route=\/wp\/v2\/posts"}],"about":[{"href":"https:\/\/quehacerpolitico.mx\/index.php?rest_route=\/wp\/v2\/types\/post"}],"author":[{"embeddable":true,"href":"https:\/\/quehacerpolitico.mx\/index.php?rest_route=\/wp\/v2\/users\/2"}],"replies":[{"embeddable":true,"href":"https:\/\/quehacerpolitico.mx\/index.php?rest_route=%2Fwp%2Fv2%2Fcomments&post=2860"}],"version-history":[{"count":0,"href":"https:\/\/quehacerpolitico.mx\/index.php?rest_route=\/wp\/v2\/posts\/2860\/revisions"}],"wp:featuredmedia":[{"embeddable":true,"href":"https:\/\/quehacerpolitico.mx\/index.php?rest_route=\/"}],"wp:attachment":[{"href":"https:\/\/quehacerpolitico.mx\/index.php?rest_route=%2Fwp%2Fv2%2Fmedia&parent=2860"}],"wp:term":[{"taxonomy":"category","embeddable":true,"href":"https:\/\/quehacerpolitico.mx\/index.php?rest_route=%2Fwp%2Fv2%2Fcategories&post=2860"},{"taxonomy":"post_tag","embeddable":true,"href":"https:\/\/quehacerpolitico.mx\/index.php?rest_route=%2Fwp%2Fv2%2Ftags&post=2860"}],"curies":[{"name":"wp","href":"https:\/\/api.w.org\/{rel}","templated":true}]}}