{"id":2856,"date":"2018-08-20T22:34:50","date_gmt":"2018-08-20T22:34:50","guid":{"rendered":"http:\/\/quehacerpolitico.mx\/ante-regreso-de-gordillo-presidente-del-snte-dice-estar-tranquilo\/"},"modified":"2018-08-20T22:34:50","modified_gmt":"2018-08-20T22:34:50","slug":"ante-regreso-de-gordillo-presidente-del-snte-dice-estar-tranquilo","status":"publish","type":"post","link":"https:\/\/quehacerpolitico.mx\/?p=2856","title":{"rendered":"Ante regreso de Gordillo, presidente del SNTE dice estar &#8220;tranquilo&#8221;"},"content":{"rendered":"<p>El presidente del Sindicato Nacional de Trabajadores de la Educaci\u00f3n (SNTE), Juan D\u00edaz de la Torre, pidi\u00f3 &#8220;respeto&#8221; al inicio del ciclo escolar y dijo que <b>est\u00e1 &#8220;tranquilo, en paz, como siempre&#8221;, ante el regreso de <a href=\"https:\/\/www.informador.mx\/elba-esther-\" target=\"_blank\" rel=\"noopener\">Elba Esther Gordillo<\/a> Morales.<\/b><\/p>\n<p>Entrevistado previo al inicio de la ceremonia por el arranque del ciclo escolar 2018-2019, <b>el presidente del organismo dijo que el sindicato est\u00e1 &#8220;trabajando en unidad&#8221;, &#8220;muy s\u00f3lido&#8221; ante el regreso de quien fuera su mentora y madrina pol\u00edtica.<\/b><\/p>\n<div data-oembed-url=\"https:\/\/www.informador.mx\/mexico\/Cancelare-la-reforma-educativa-dice-AMLO-en-reunion-con-Pena-Nieto-20180820-0098.html\">\n<div class=\"iframely-embed\">\n<p>&#8220;\u00bfC\u00f3mo me ven? Tranquilo, en paz, como siempre. Nunca ha habido un momento de relax en el sindicato. Todo el que asume este reto de ser dirigente sindical en cualquier nivel, todos los d\u00edas es igual&#8221;, respondi\u00f3 cuando se le pregunt\u00f3 c\u00f3mo se encontraba ante la reaparici\u00f3n de Gordillo Morales.<\/p>\n<p>&#8220;Yo lo que digo que un mill\u00f3n 500 mil maestros sindicalistas est\u00e1n trabajando en paz y nosotros<br \/>estamos hablando en nombre de ellos&#8221;, agreg\u00f3. Dijo que el d\u00eda de hoy <b>lo que tiene que llamar la atenci\u00f3n es el regreso a clases &#8220;de 58 millones de <a href=\"https:\/\/www.informador.mx\/escuelas-primarias-t4578\" target=\"_blank\" rel=\"noopener\">ni\u00f1os<\/a> y un mill\u00f3n 500 mil maestros que los acompa\u00f1an&#8221;.<\/b><\/p>\n<p>&#8220;Lo que yo digo hoy por respeto es el inicio del ciclo escolar y el respeto a 58 millones de ni\u00f1os y a un mill\u00f3n 500 mil maestros que est\u00e1n trabajando en paz y en unidad por M\u00e9xico. De los otros temas no hay opini\u00f3n, porque no s\u00e9 de qu\u00e9 me hablan. Los maestros est\u00e1n trabajando en unidad y en responsabilidad por M\u00e9xico&#8221;, agreg\u00f3.<\/p>\n<div data-oembed-url=\"https:\/\/www.informador.mx\/mexico\/Recupere-libertad-y-la-reforma-educativa-se-ha-derrumbado-Elba-Esther-Gordillo-20180820-0063.html\">\n<div class=\"iframely-embed\">&#8220;Lo que yo puedo hablar hoy es sobre el tema de hoy. S\u00ed en su momento hay otros temas que mencionan espec\u00edficamente al SNTE lo hablaremos con claridad, responsabilidad y seriedad. El sindicato est\u00e1 unido y trabajando, muy s\u00f3lido. Reingresar 1 mill\u00f3n 500 mil maestros trabajando qu\u00e9 les dice&#8221;, insisti\u00f3.<\/div>\n<\/div>\n<\/div>\n<\/div>\n","protected":false},"excerpt":{"rendered":"<p>D\u00edaz de la Torre dijo que el sindicato est\u00e1 &#8220;trabajando en unidad&#8221;, &#8220;muy s\u00f3lido&#8221; ante el regreso de quien fuera su mentora y madrina pol\u00edtica<br \/>\nPor Redacci\u00f3n QP<\/p>\n","protected":false},"author":2,"featured_media":2855,"comment_status":"open","ping_status":"open","sticky":false,"template":"","format":"standard","meta":{"_monsterinsights_skip_tracking":false,"_monsterinsights_sitenote_active":false,"_monsterinsights_sitenote_note":"","_monsterinsights_sitenote_category":0,"footnotes":""},"categories":[2],"tags":[],"class_list":["post-2856","post","type-post","status-publish","format-standard","has-post-thumbnail","hentry","category-noticias"],"yoast_head":"<!-- This site is optimized with the Yoast SEO plugin v27.3 - https:\/\/yoast.com\/product\/yoast-seo-wordpress\/ -->\n<title>Ante regreso de Gordillo, presidente del SNTE dice estar &quot;tranquilo&quot; -<\/title>\n<meta name=\"robots\" content=\"index, follow, max-snippet:-1, max-image-preview:large, max-video-preview:-1\" \/>\n<link rel=\"canonical\" href=\"https:\/\/quehacerpolitico.mx\/?p=2856\" \/>\n<meta property=\"og:locale\" content=\"es_MX\" \/>\n<meta property=\"og:type\" content=\"article\" \/>\n<meta property=\"og:title\" content=\"Ante regreso de Gordillo, presidente del SNTE dice estar &quot;tranquilo&quot; -\" \/>\n<meta property=\"og:description\" content=\"D\u00edaz de la Torre dijo que el sindicato est\u00e1 &quot;trabajando en unidad&quot;, &quot;muy s\u00f3lido&quot; ante el regreso de quien fuera su mentora y madrina pol\u00edtica Por Redacci\u00f3n QP\" \/>\n<meta property=\"og:url\" content=\"https:\/\/quehacerpolitico.mx\/?p=2856\" \/>\n<meta property=\"article:published_time\" content=\"2018-08-20T22:34:50+00:00\" \/>\n<meta name=\"author\" content=\"Redacci\u00f3n QP\" \/>\n<meta name=\"twitter:card\" content=\"summary_large_image\" \/>\n<meta name=\"twitter:label1\" content=\"Escrito por\" \/>\n\t<meta name=\"twitter:data1\" content=\"Redacci\u00f3n QP\" \/>\n\t<meta name=\"twitter:label2\" content=\"Tiempo de lectura\" \/>\n\t<meta name=\"twitter:data2\" content=\"2 minutos\" \/>\n<script type=\"application\/ld+json\" class=\"yoast-schema-graph\">{\"@context\":\"https:\\\/\\\/schema.org\",\"@graph\":[{\"@type\":\"Article\",\"@id\":\"https:\\\/\\\/quehacerpolitico.mx\\\/?p=2856#article\",\"isPartOf\":{\"@id\":\"https:\\\/\\\/quehacerpolitico.mx\\\/?p=2856\"},\"author\":{\"name\":\"Redacci\u00f3n QP\",\"@id\":\"https:\\\/\\\/quehacerpolitico.mx\\\/#\\\/schema\\\/person\\\/496d8ad2d1d3f8036101dca7ee39e585\"},\"headline\":\"Ante regreso de Gordillo, presidente del SNTE dice estar &#8220;tranquilo&#8221;\",\"datePublished\":\"2018-08-20T22:34:50+00:00\",\"mainEntityOfPage\":{\"@id\":\"https:\\\/\\\/quehacerpolitico.mx\\\/?p=2856\"},\"wordCount\":326,\"commentCount\":0,\"image\":{\"@id\":\"https:\\\/\\\/quehacerpolitico.mx\\\/?p=2856#primaryimage\"},\"thumbnailUrl\":\"\",\"articleSection\":[\"Noticias\"],\"inLanguage\":\"es\",\"potentialAction\":[{\"@type\":\"CommentAction\",\"name\":\"Comment\",\"target\":[\"https:\\\/\\\/quehacerpolitico.mx\\\/?p=2856#respond\"]}]},{\"@type\":\"WebPage\",\"@id\":\"https:\\\/\\\/quehacerpolitico.mx\\\/?p=2856\",\"url\":\"https:\\\/\\\/quehacerpolitico.mx\\\/?p=2856\",\"name\":\"Ante regreso de Gordillo, presidente del SNTE dice estar \\\"tranquilo\\\" -\",\"isPartOf\":{\"@id\":\"https:\\\/\\\/quehacerpolitico.mx\\\/#website\"},\"primaryImageOfPage\":{\"@id\":\"https:\\\/\\\/quehacerpolitico.mx\\\/?p=2856#primaryimage\"},\"image\":{\"@id\":\"https:\\\/\\\/quehacerpolitico.mx\\\/?p=2856#primaryimage\"},\"thumbnailUrl\":\"\",\"datePublished\":\"2018-08-20T22:34:50+00:00\",\"author\":{\"@id\":\"https:\\\/\\\/quehacerpolitico.mx\\\/#\\\/schema\\\/person\\\/496d8ad2d1d3f8036101dca7ee39e585\"},\"breadcrumb\":{\"@id\":\"https:\\\/\\\/quehacerpolitico.mx\\\/?p=2856#breadcrumb\"},\"inLanguage\":\"es\",\"potentialAction\":[{\"@type\":\"ReadAction\",\"target\":[\"https:\\\/\\\/quehacerpolitico.mx\\\/?p=2856\"]}]},{\"@type\":\"ImageObject\",\"inLanguage\":\"es\",\"@id\":\"https:\\\/\\\/quehacerpolitico.mx\\\/?p=2856#primaryimage\",\"url\":\"\",\"contentUrl\":\"\"},{\"@type\":\"BreadcrumbList\",\"@id\":\"https:\\\/\\\/quehacerpolitico.mx\\\/?p=2856#breadcrumb\",\"itemListElement\":[{\"@type\":\"ListItem\",\"position\":1,\"name\":\"Inicio\",\"item\":\"https:\\\/\\\/quehacerpolitico.mx\\\/\"},{\"@type\":\"ListItem\",\"position\":2,\"name\":\"Ante regreso de Gordillo, presidente del SNTE dice estar &#8220;tranquilo&#8221;\"}]},{\"@type\":\"WebSite\",\"@id\":\"https:\\\/\\\/quehacerpolitico.mx\\\/#website\",\"url\":\"https:\\\/\\\/quehacerpolitico.mx\\\/\",\"name\":\"\",\"description\":\"\",\"potentialAction\":[{\"@type\":\"SearchAction\",\"target\":{\"@type\":\"EntryPoint\",\"urlTemplate\":\"https:\\\/\\\/quehacerpolitico.mx\\\/?s={search_term_string}\"},\"query-input\":{\"@type\":\"PropertyValueSpecification\",\"valueRequired\":true,\"valueName\":\"search_term_string\"}}],\"inLanguage\":\"es\"},{\"@type\":\"Person\",\"@id\":\"https:\\\/\\\/quehacerpolitico.mx\\\/#\\\/schema\\\/person\\\/496d8ad2d1d3f8036101dca7ee39e585\",\"name\":\"Redacci\u00f3n QP\",\"image\":{\"@type\":\"ImageObject\",\"inLanguage\":\"es\",\"@id\":\"https:\\\/\\\/secure.gravatar.com\\\/avatar\\\/c7164ed6fdec453195284ad24a5ae5b6e1eed2b848477fa2a4787ba9adf39a41?s=96&d=mm&r=g\",\"url\":\"https:\\\/\\\/secure.gravatar.com\\\/avatar\\\/c7164ed6fdec453195284ad24a5ae5b6e1eed2b848477fa2a4787ba9adf39a41?s=96&d=mm&r=g\",\"contentUrl\":\"https:\\\/\\\/secure.gravatar.com\\\/avatar\\\/c7164ed6fdec453195284ad24a5ae5b6e1eed2b848477fa2a4787ba9adf39a41?s=96&d=mm&r=g\",\"caption\":\"Redacci\u00f3n QP\"},\"url\":\"https:\\\/\\\/quehacerpolitico.mx\\\/?author=2\"}]}<\/script>\n<!-- \/ Yoast SEO plugin. -->","yoast_head_json":{"title":"Ante regreso de Gordillo, presidente del SNTE dice estar \"tranquilo\" -","robots":{"index":"index","follow":"follow","max-snippet":"max-snippet:-1","max-image-preview":"max-image-preview:large","max-video-preview":"max-video-preview:-1"},"canonical":"https:\/\/quehacerpolitico.mx\/?p=2856","og_locale":"es_MX","og_type":"article","og_title":"Ante regreso de Gordillo, presidente del SNTE dice estar \"tranquilo\" -","og_description":"D\u00edaz de la Torre dijo que el sindicato est\u00e1 \"trabajando en unidad\", \"muy s\u00f3lido\" ante el regreso de quien fuera su mentora y madrina pol\u00edtica Por Redacci\u00f3n QP","og_url":"https:\/\/quehacerpolitico.mx\/?p=2856","article_published_time":"2018-08-20T22:34:50+00:00","author":"Redacci\u00f3n QP","twitter_card":"summary_large_image","twitter_misc":{"Escrito por":"Redacci\u00f3n QP","Tiempo de lectura":"2 minutos"},"schema":{"@context":"https:\/\/schema.org","@graph":[{"@type":"Article","@id":"https:\/\/quehacerpolitico.mx\/?p=2856#article","isPartOf":{"@id":"https:\/\/quehacerpolitico.mx\/?p=2856"},"author":{"name":"Redacci\u00f3n QP","@id":"https:\/\/quehacerpolitico.mx\/#\/schema\/person\/496d8ad2d1d3f8036101dca7ee39e585"},"headline":"Ante regreso de Gordillo, presidente del SNTE dice estar &#8220;tranquilo&#8221;","datePublished":"2018-08-20T22:34:50+00:00","mainEntityOfPage":{"@id":"https:\/\/quehacerpolitico.mx\/?p=2856"},"wordCount":326,"commentCount":0,"image":{"@id":"https:\/\/quehacerpolitico.mx\/?p=2856#primaryimage"},"thumbnailUrl":"","articleSection":["Noticias"],"inLanguage":"es","potentialAction":[{"@type":"CommentAction","name":"Comment","target":["https:\/\/quehacerpolitico.mx\/?p=2856#respond"]}]},{"@type":"WebPage","@id":"https:\/\/quehacerpolitico.mx\/?p=2856","url":"https:\/\/quehacerpolitico.mx\/?p=2856","name":"Ante regreso de Gordillo, presidente del SNTE dice estar \"tranquilo\" -","isPartOf":{"@id":"https:\/\/quehacerpolitico.mx\/#website"},"primaryImageOfPage":{"@id":"https:\/\/quehacerpolitico.mx\/?p=2856#primaryimage"},"image":{"@id":"https:\/\/quehacerpolitico.mx\/?p=2856#primaryimage"},"thumbnailUrl":"","datePublished":"2018-08-20T22:34:50+00:00","author":{"@id":"https:\/\/quehacerpolitico.mx\/#\/schema\/person\/496d8ad2d1d3f8036101dca7ee39e585"},"breadcrumb":{"@id":"https:\/\/quehacerpolitico.mx\/?p=2856#breadcrumb"},"inLanguage":"es","potentialAction":[{"@type":"ReadAction","target":["https:\/\/quehacerpolitico.mx\/?p=2856"]}]},{"@type":"ImageObject","inLanguage":"es","@id":"https:\/\/quehacerpolitico.mx\/?p=2856#primaryimage","url":"","contentUrl":""},{"@type":"BreadcrumbList","@id":"https:\/\/quehacerpolitico.mx\/?p=2856#breadcrumb","itemListElement":[{"@type":"ListItem","position":1,"name":"Inicio","item":"https:\/\/quehacerpolitico.mx\/"},{"@type":"ListItem","position":2,"name":"Ante regreso de Gordillo, presidente del SNTE dice estar &#8220;tranquilo&#8221;"}]},{"@type":"WebSite","@id":"https:\/\/quehacerpolitico.mx\/#website","url":"https:\/\/quehacerpolitico.mx\/","name":"","description":"","potentialAction":[{"@type":"SearchAction","target":{"@type":"EntryPoint","urlTemplate":"https:\/\/quehacerpolitico.mx\/?s={search_term_string}"},"query-input":{"@type":"PropertyValueSpecification","valueRequired":true,"valueName":"search_term_string"}}],"inLanguage":"es"},{"@type":"Person","@id":"https:\/\/quehacerpolitico.mx\/#\/schema\/person\/496d8ad2d1d3f8036101dca7ee39e585","name":"Redacci\u00f3n QP","image":{"@type":"ImageObject","inLanguage":"es","@id":"https:\/\/secure.gravatar.com\/avatar\/c7164ed6fdec453195284ad24a5ae5b6e1eed2b848477fa2a4787ba9adf39a41?s=96&d=mm&r=g","url":"https:\/\/secure.gravatar.com\/avatar\/c7164ed6fdec453195284ad24a5ae5b6e1eed2b848477fa2a4787ba9adf39a41?s=96&d=mm&r=g","contentUrl":"https:\/\/secure.gravatar.com\/avatar\/c7164ed6fdec453195284ad24a5ae5b6e1eed2b848477fa2a4787ba9adf39a41?s=96&d=mm&r=g","caption":"Redacci\u00f3n QP"},"url":"https:\/\/quehacerpolitico.mx\/?author=2"}]}},"featured_image_urls":{"full":"","thumbnail":"","medium":"","medium_large":"","large":"","1536x1536":"","2048x2048":"","covernews-featured":"","covernews-medium":""},"author_info":{"display_name":"Redacci\u00f3n QP","author_link":"https:\/\/quehacerpolitico.mx\/?author=2"},"category_info":"<a href=\"https:\/\/quehacerpolitico.mx\/?cat=2\" rel=\"category\">Noticias<\/a>","tag_info":"Noticias","comment_count":"0","_links":{"self":[{"href":"https:\/\/quehacerpolitico.mx\/index.php?rest_route=\/wp\/v2\/posts\/2856","targetHints":{"allow":["GET"]}}],"collection":[{"href":"https:\/\/quehacerpolitico.mx\/index.php?rest_route=\/wp\/v2\/posts"}],"about":[{"href":"https:\/\/quehacerpolitico.mx\/index.php?rest_route=\/wp\/v2\/types\/post"}],"author":[{"embeddable":true,"href":"https:\/\/quehacerpolitico.mx\/index.php?rest_route=\/wp\/v2\/users\/2"}],"replies":[{"embeddable":true,"href":"https:\/\/quehacerpolitico.mx\/index.php?rest_route=%2Fwp%2Fv2%2Fcomments&post=2856"}],"version-history":[{"count":0,"href":"https:\/\/quehacerpolitico.mx\/index.php?rest_route=\/wp\/v2\/posts\/2856\/revisions"}],"wp:featuredmedia":[{"embeddable":true,"href":"https:\/\/quehacerpolitico.mx\/index.php?rest_route=\/"}],"wp:attachment":[{"href":"https:\/\/quehacerpolitico.mx\/index.php?rest_route=%2Fwp%2Fv2%2Fmedia&parent=2856"}],"wp:term":[{"taxonomy":"category","embeddable":true,"href":"https:\/\/quehacerpolitico.mx\/index.php?rest_route=%2Fwp%2Fv2%2Fcategories&post=2856"},{"taxonomy":"post_tag","embeddable":true,"href":"https:\/\/quehacerpolitico.mx\/index.php?rest_route=%2Fwp%2Fv2%2Ftags&post=2856"}],"curies":[{"name":"wp","href":"https:\/\/api.w.org\/{rel}","templated":true}]}}