{"id":2854,"date":"2018-08-20T22:29:47","date_gmt":"2018-08-20T22:29:47","guid":{"rendered":"http:\/\/quehacerpolitico.mx\/cancelare-la-reforma-educativa-dice-amlo-en-reunion-con-pena-nieto\/"},"modified":"2018-08-20T22:29:47","modified_gmt":"2018-08-20T22:29:47","slug":"cancelare-la-reforma-educativa-dice-amlo-en-reunion-con-pena-nieto","status":"publish","type":"post","link":"https:\/\/quehacerpolitico.mx\/?p=2854","title":{"rendered":"Cancelar\u00e9 la reforma educativa, dice AMLO en reuni\u00f3n con Pe\u00f1a Nieto"},"content":{"rendered":"<p>El Presidente Enrique Pe\u00f1a Nieto y el presidente electo, Andr\u00e9s Manuel L\u00f3pez Obrador, dieron inicio formal al proceso de transici\u00f3n de gobierno.<\/p>\n<div id=\"div-gpt-ad-1524682842930-0\" data-google-query-id=\"CLX75s_W_NwCFcVvAQod9q0DYA\">\n<div id=\"google_ads_iframe_\/40135427\/informador_mx_Video_Outstream_0__container__\">Es un &#8220;paso in\u00e9dito&#8221;, asegur\u00f3 Pe\u00f1a Nieto en conferencia de prensa conjunta con el tabasque\u00f1o, en lo que es su segundo encuentro.<\/div>\n<\/div>\n<p>En la reuni\u00f3n estuvieron presentes los equipos de gobierno de ambos presidentes.<\/p>\n<blockquote class=\"twitter-tweet\" data-width=\"550\" data-dnt=\"true\">\n<p lang=\"es\" dir=\"ltr\">Ambos equipos avanzamos de manera conjunta en la transici\u00f3n: <a href=\"https:\/\/twitter.com\/lopezobrador_?ref_src=twsrc%5Etfw\">@lopezobrador_<\/a> <a href=\"https:\/\/t.co\/pQwewU7dAu\">https:\/\/t.co\/pQwewU7dAu<\/a> <a href=\"https:\/\/t.co\/muoqMZjVDN\">pic.twitter.com\/muoqMZjVDN<\/a><\/p>\n<p>&mdash; gob.mx (@gobmx) <a href=\"https:\/\/twitter.com\/gobmx\/status\/1031632362709377024?ref_src=twsrc%5Etfw\">August 20, 2018<\/a><\/p><\/blockquote>\n<p><script async src=\"https:\/\/platform.twitter.com\/widgets.js\" charset=\"utf-8\"><\/script><\/p>\n<p>Tanto Pe\u00f1a Nieto como L\u00f3pez Obrador agradecieron la cooperaci\u00f3n que se ha dado para este proceso.<\/p>\n<p><strong>LA REFORMA EDUCATIVA Y ELBA ESTHER<\/strong><\/p>\n<p>Como parte de la reuni\u00f3n, se permitieron preguntas y respuestas de los reporteros, en donde les cuestionaron respecto a Elba Esther Gordillo, la ex lideresa magisterial del SNTE, quien este lunes reapareci\u00f3 en un evento.<\/p>\n<p>Durante su intervenci\u00f3n, L\u00f3pez Obrador asegur\u00f3 que cancelar\u00e1 la reforma educativa, impulsada por el presidente Enrique Pe\u00f1a Nieto, quien se encontraba a su lado.<\/p>\n<p>Adem\u00e1s, dijo que se respetar\u00e1 la vida sindical.<\/p>\n<p><strong>MANTIENEN PROYECTO DEL NAIM<\/strong><\/p>\n<p>Por su parte, el Presidente Pe\u00f1a Nieto dijo que el proyecto del nuevo aeropuerto (NAIM) se mantiene.<\/p>\n","protected":false},"excerpt":{"rendered":"<p>Al iniciar formalmente el proceso de transici\u00f3n de gobierno, el presidente electo dijo que se respetar\u00e1 la vida sindical<br \/>\nPor Redacci\u00f3n QP<\/p>\n","protected":false},"author":2,"featured_media":2853,"comment_status":"open","ping_status":"open","sticky":false,"template":"","format":"standard","meta":{"_monsterinsights_skip_tracking":false,"_monsterinsights_sitenote_active":false,"_monsterinsights_sitenote_note":"","_monsterinsights_sitenote_category":0,"footnotes":""},"categories":[2],"tags":[],"class_list":["post-2854","post","type-post","status-publish","format-standard","has-post-thumbnail","hentry","category-noticias"],"yoast_head":"<!-- This site is optimized with the Yoast SEO plugin v27.3 - https:\/\/yoast.com\/product\/yoast-seo-wordpress\/ -->\n<title>Cancelar\u00e9 la reforma educativa, dice AMLO en reuni\u00f3n con Pe\u00f1a Nieto -<\/title>\n<meta name=\"robots\" content=\"index, follow, max-snippet:-1, max-image-preview:large, max-video-preview:-1\" \/>\n<link rel=\"canonical\" href=\"https:\/\/quehacerpolitico.mx\/?p=2854\" \/>\n<meta property=\"og:locale\" content=\"es_MX\" \/>\n<meta property=\"og:type\" content=\"article\" \/>\n<meta property=\"og:title\" content=\"Cancelar\u00e9 la reforma educativa, dice AMLO en reuni\u00f3n con Pe\u00f1a Nieto -\" \/>\n<meta property=\"og:description\" content=\"Al iniciar formalmente el proceso de transici\u00f3n de gobierno, el presidente electo dijo que se respetar\u00e1 la vida sindical Por Redacci\u00f3n QP\" \/>\n<meta property=\"og:url\" content=\"https:\/\/quehacerpolitico.mx\/?p=2854\" \/>\n<meta property=\"article:published_time\" content=\"2018-08-20T22:29:47+00:00\" \/>\n<meta name=\"author\" content=\"Redacci\u00f3n QP\" \/>\n<meta name=\"twitter:card\" content=\"summary_large_image\" \/>\n<meta name=\"twitter:label1\" content=\"Escrito por\" \/>\n\t<meta name=\"twitter:data1\" content=\"Redacci\u00f3n QP\" \/>\n\t<meta name=\"twitter:label2\" content=\"Tiempo de lectura\" \/>\n\t<meta name=\"twitter:data2\" content=\"1 minuto\" \/>\n<script type=\"application\/ld+json\" class=\"yoast-schema-graph\">{\"@context\":\"https:\\\/\\\/schema.org\",\"@graph\":[{\"@type\":\"Article\",\"@id\":\"https:\\\/\\\/quehacerpolitico.mx\\\/?p=2854#article\",\"isPartOf\":{\"@id\":\"https:\\\/\\\/quehacerpolitico.mx\\\/?p=2854\"},\"author\":{\"name\":\"Redacci\u00f3n QP\",\"@id\":\"https:\\\/\\\/quehacerpolitico.mx\\\/#\\\/schema\\\/person\\\/496d8ad2d1d3f8036101dca7ee39e585\"},\"headline\":\"Cancelar\u00e9 la reforma educativa, dice AMLO en reuni\u00f3n con Pe\u00f1a Nieto\",\"datePublished\":\"2018-08-20T22:29:47+00:00\",\"mainEntityOfPage\":{\"@id\":\"https:\\\/\\\/quehacerpolitico.mx\\\/?p=2854\"},\"wordCount\":202,\"commentCount\":0,\"image\":{\"@id\":\"https:\\\/\\\/quehacerpolitico.mx\\\/?p=2854#primaryimage\"},\"thumbnailUrl\":\"\",\"articleSection\":[\"Noticias\"],\"inLanguage\":\"es\",\"potentialAction\":[{\"@type\":\"CommentAction\",\"name\":\"Comment\",\"target\":[\"https:\\\/\\\/quehacerpolitico.mx\\\/?p=2854#respond\"]}]},{\"@type\":\"WebPage\",\"@id\":\"https:\\\/\\\/quehacerpolitico.mx\\\/?p=2854\",\"url\":\"https:\\\/\\\/quehacerpolitico.mx\\\/?p=2854\",\"name\":\"Cancelar\u00e9 la reforma educativa, dice AMLO en reuni\u00f3n con Pe\u00f1a Nieto -\",\"isPartOf\":{\"@id\":\"https:\\\/\\\/quehacerpolitico.mx\\\/#website\"},\"primaryImageOfPage\":{\"@id\":\"https:\\\/\\\/quehacerpolitico.mx\\\/?p=2854#primaryimage\"},\"image\":{\"@id\":\"https:\\\/\\\/quehacerpolitico.mx\\\/?p=2854#primaryimage\"},\"thumbnailUrl\":\"\",\"datePublished\":\"2018-08-20T22:29:47+00:00\",\"author\":{\"@id\":\"https:\\\/\\\/quehacerpolitico.mx\\\/#\\\/schema\\\/person\\\/496d8ad2d1d3f8036101dca7ee39e585\"},\"breadcrumb\":{\"@id\":\"https:\\\/\\\/quehacerpolitico.mx\\\/?p=2854#breadcrumb\"},\"inLanguage\":\"es\",\"potentialAction\":[{\"@type\":\"ReadAction\",\"target\":[\"https:\\\/\\\/quehacerpolitico.mx\\\/?p=2854\"]}]},{\"@type\":\"ImageObject\",\"inLanguage\":\"es\",\"@id\":\"https:\\\/\\\/quehacerpolitico.mx\\\/?p=2854#primaryimage\",\"url\":\"\",\"contentUrl\":\"\"},{\"@type\":\"BreadcrumbList\",\"@id\":\"https:\\\/\\\/quehacerpolitico.mx\\\/?p=2854#breadcrumb\",\"itemListElement\":[{\"@type\":\"ListItem\",\"position\":1,\"name\":\"Inicio\",\"item\":\"https:\\\/\\\/quehacerpolitico.mx\\\/\"},{\"@type\":\"ListItem\",\"position\":2,\"name\":\"Cancelar\u00e9 la reforma educativa, dice AMLO en reuni\u00f3n con Pe\u00f1a Nieto\"}]},{\"@type\":\"WebSite\",\"@id\":\"https:\\\/\\\/quehacerpolitico.mx\\\/#website\",\"url\":\"https:\\\/\\\/quehacerpolitico.mx\\\/\",\"name\":\"\",\"description\":\"\",\"potentialAction\":[{\"@type\":\"SearchAction\",\"target\":{\"@type\":\"EntryPoint\",\"urlTemplate\":\"https:\\\/\\\/quehacerpolitico.mx\\\/?s={search_term_string}\"},\"query-input\":{\"@type\":\"PropertyValueSpecification\",\"valueRequired\":true,\"valueName\":\"search_term_string\"}}],\"inLanguage\":\"es\"},{\"@type\":\"Person\",\"@id\":\"https:\\\/\\\/quehacerpolitico.mx\\\/#\\\/schema\\\/person\\\/496d8ad2d1d3f8036101dca7ee39e585\",\"name\":\"Redacci\u00f3n QP\",\"image\":{\"@type\":\"ImageObject\",\"inLanguage\":\"es\",\"@id\":\"https:\\\/\\\/secure.gravatar.com\\\/avatar\\\/c7164ed6fdec453195284ad24a5ae5b6e1eed2b848477fa2a4787ba9adf39a41?s=96&d=mm&r=g\",\"url\":\"https:\\\/\\\/secure.gravatar.com\\\/avatar\\\/c7164ed6fdec453195284ad24a5ae5b6e1eed2b848477fa2a4787ba9adf39a41?s=96&d=mm&r=g\",\"contentUrl\":\"https:\\\/\\\/secure.gravatar.com\\\/avatar\\\/c7164ed6fdec453195284ad24a5ae5b6e1eed2b848477fa2a4787ba9adf39a41?s=96&d=mm&r=g\",\"caption\":\"Redacci\u00f3n QP\"},\"url\":\"https:\\\/\\\/quehacerpolitico.mx\\\/?author=2\"}]}<\/script>\n<!-- \/ Yoast SEO plugin. -->","yoast_head_json":{"title":"Cancelar\u00e9 la reforma educativa, dice AMLO en reuni\u00f3n con Pe\u00f1a Nieto -","robots":{"index":"index","follow":"follow","max-snippet":"max-snippet:-1","max-image-preview":"max-image-preview:large","max-video-preview":"max-video-preview:-1"},"canonical":"https:\/\/quehacerpolitico.mx\/?p=2854","og_locale":"es_MX","og_type":"article","og_title":"Cancelar\u00e9 la reforma educativa, dice AMLO en reuni\u00f3n con Pe\u00f1a Nieto -","og_description":"Al iniciar formalmente el proceso de transici\u00f3n de gobierno, el presidente electo dijo que se respetar\u00e1 la vida sindical Por Redacci\u00f3n QP","og_url":"https:\/\/quehacerpolitico.mx\/?p=2854","article_published_time":"2018-08-20T22:29:47+00:00","author":"Redacci\u00f3n QP","twitter_card":"summary_large_image","twitter_misc":{"Escrito por":"Redacci\u00f3n QP","Tiempo de lectura":"1 minuto"},"schema":{"@context":"https:\/\/schema.org","@graph":[{"@type":"Article","@id":"https:\/\/quehacerpolitico.mx\/?p=2854#article","isPartOf":{"@id":"https:\/\/quehacerpolitico.mx\/?p=2854"},"author":{"name":"Redacci\u00f3n QP","@id":"https:\/\/quehacerpolitico.mx\/#\/schema\/person\/496d8ad2d1d3f8036101dca7ee39e585"},"headline":"Cancelar\u00e9 la reforma educativa, dice AMLO en reuni\u00f3n con Pe\u00f1a Nieto","datePublished":"2018-08-20T22:29:47+00:00","mainEntityOfPage":{"@id":"https:\/\/quehacerpolitico.mx\/?p=2854"},"wordCount":202,"commentCount":0,"image":{"@id":"https:\/\/quehacerpolitico.mx\/?p=2854#primaryimage"},"thumbnailUrl":"","articleSection":["Noticias"],"inLanguage":"es","potentialAction":[{"@type":"CommentAction","name":"Comment","target":["https:\/\/quehacerpolitico.mx\/?p=2854#respond"]}]},{"@type":"WebPage","@id":"https:\/\/quehacerpolitico.mx\/?p=2854","url":"https:\/\/quehacerpolitico.mx\/?p=2854","name":"Cancelar\u00e9 la reforma educativa, dice AMLO en reuni\u00f3n con Pe\u00f1a Nieto -","isPartOf":{"@id":"https:\/\/quehacerpolitico.mx\/#website"},"primaryImageOfPage":{"@id":"https:\/\/quehacerpolitico.mx\/?p=2854#primaryimage"},"image":{"@id":"https:\/\/quehacerpolitico.mx\/?p=2854#primaryimage"},"thumbnailUrl":"","datePublished":"2018-08-20T22:29:47+00:00","author":{"@id":"https:\/\/quehacerpolitico.mx\/#\/schema\/person\/496d8ad2d1d3f8036101dca7ee39e585"},"breadcrumb":{"@id":"https:\/\/quehacerpolitico.mx\/?p=2854#breadcrumb"},"inLanguage":"es","potentialAction":[{"@type":"ReadAction","target":["https:\/\/quehacerpolitico.mx\/?p=2854"]}]},{"@type":"ImageObject","inLanguage":"es","@id":"https:\/\/quehacerpolitico.mx\/?p=2854#primaryimage","url":"","contentUrl":""},{"@type":"BreadcrumbList","@id":"https:\/\/quehacerpolitico.mx\/?p=2854#breadcrumb","itemListElement":[{"@type":"ListItem","position":1,"name":"Inicio","item":"https:\/\/quehacerpolitico.mx\/"},{"@type":"ListItem","position":2,"name":"Cancelar\u00e9 la reforma educativa, dice AMLO en reuni\u00f3n con Pe\u00f1a Nieto"}]},{"@type":"WebSite","@id":"https:\/\/quehacerpolitico.mx\/#website","url":"https:\/\/quehacerpolitico.mx\/","name":"","description":"","potentialAction":[{"@type":"SearchAction","target":{"@type":"EntryPoint","urlTemplate":"https:\/\/quehacerpolitico.mx\/?s={search_term_string}"},"query-input":{"@type":"PropertyValueSpecification","valueRequired":true,"valueName":"search_term_string"}}],"inLanguage":"es"},{"@type":"Person","@id":"https:\/\/quehacerpolitico.mx\/#\/schema\/person\/496d8ad2d1d3f8036101dca7ee39e585","name":"Redacci\u00f3n QP","image":{"@type":"ImageObject","inLanguage":"es","@id":"https:\/\/secure.gravatar.com\/avatar\/c7164ed6fdec453195284ad24a5ae5b6e1eed2b848477fa2a4787ba9adf39a41?s=96&d=mm&r=g","url":"https:\/\/secure.gravatar.com\/avatar\/c7164ed6fdec453195284ad24a5ae5b6e1eed2b848477fa2a4787ba9adf39a41?s=96&d=mm&r=g","contentUrl":"https:\/\/secure.gravatar.com\/avatar\/c7164ed6fdec453195284ad24a5ae5b6e1eed2b848477fa2a4787ba9adf39a41?s=96&d=mm&r=g","caption":"Redacci\u00f3n QP"},"url":"https:\/\/quehacerpolitico.mx\/?author=2"}]}},"featured_image_urls":{"full":"","thumbnail":"","medium":"","medium_large":"","large":"","1536x1536":"","2048x2048":"","covernews-featured":"","covernews-medium":""},"author_info":{"display_name":"Redacci\u00f3n QP","author_link":"https:\/\/quehacerpolitico.mx\/?author=2"},"category_info":"<a href=\"https:\/\/quehacerpolitico.mx\/?cat=2\" rel=\"category\">Noticias<\/a>","tag_info":"Noticias","comment_count":"0","_links":{"self":[{"href":"https:\/\/quehacerpolitico.mx\/index.php?rest_route=\/wp\/v2\/posts\/2854","targetHints":{"allow":["GET"]}}],"collection":[{"href":"https:\/\/quehacerpolitico.mx\/index.php?rest_route=\/wp\/v2\/posts"}],"about":[{"href":"https:\/\/quehacerpolitico.mx\/index.php?rest_route=\/wp\/v2\/types\/post"}],"author":[{"embeddable":true,"href":"https:\/\/quehacerpolitico.mx\/index.php?rest_route=\/wp\/v2\/users\/2"}],"replies":[{"embeddable":true,"href":"https:\/\/quehacerpolitico.mx\/index.php?rest_route=%2Fwp%2Fv2%2Fcomments&post=2854"}],"version-history":[{"count":0,"href":"https:\/\/quehacerpolitico.mx\/index.php?rest_route=\/wp\/v2\/posts\/2854\/revisions"}],"wp:featuredmedia":[{"embeddable":true,"href":"https:\/\/quehacerpolitico.mx\/index.php?rest_route=\/"}],"wp:attachment":[{"href":"https:\/\/quehacerpolitico.mx\/index.php?rest_route=%2Fwp%2Fv2%2Fmedia&parent=2854"}],"wp:term":[{"taxonomy":"category","embeddable":true,"href":"https:\/\/quehacerpolitico.mx\/index.php?rest_route=%2Fwp%2Fv2%2Fcategories&post=2854"},{"taxonomy":"post_tag","embeddable":true,"href":"https:\/\/quehacerpolitico.mx\/index.php?rest_route=%2Fwp%2Fv2%2Ftags&post=2854"}],"curies":[{"name":"wp","href":"https:\/\/api.w.org\/{rel}","templated":true}]}}