{"id":2834,"date":"2018-08-20T14:23:25","date_gmt":"2018-08-20T14:23:25","guid":{"rendered":"http:\/\/quehacerpolitico.mx\/pelean-adn-y-vanguardia-progresista-liderazgos-del-prd\/"},"modified":"2018-08-20T14:23:25","modified_gmt":"2018-08-20T14:23:25","slug":"pelean-adn-y-vanguardia-progresista-liderazgos-del-prd","status":"publish","type":"post","link":"https:\/\/quehacerpolitico.mx\/?p=2834","title":{"rendered":"Pelean ADN y Vanguardia Progresista liderazgos del PRD"},"content":{"rendered":"<p>La definici\u00f3n del ex jefe de gobierno, <strong>Miguel \u00c1ngel Mancera<\/strong>, como coordinador de la bancada perredista en el <strong>Senado,<\/strong> las tribus del <strong>PRD<\/strong> comenzaron el \u2018jaloneo\u2019 por los <strong>puestos claves del partido<\/strong>.<\/p>\n<p>Fuentes cercanas al proceso revelaron a <strong>El Big Data<\/strong>que la corriente Alternativa Democr\u00e1tica Nacional (<strong>ADN<\/strong>), liderada por <strong>H\u00e9ctor Bautista,<\/strong> busca <strong>quedarse con las dirigencias<\/strong> en el pa\u00eds y la Ciudad de M\u00e9xico.<\/p>\n<p>Por su parte, la expresi\u00f3n <strong>Vanguardia Progresista<\/strong>(<strong>VP<\/strong>), liderada por <strong>Miguel \u00c1ngel Mancera<\/strong> y <strong>H\u00e9ctor Serrano,<\/strong> ya se quedaron con la coordinaci\u00f3n en el Senado y apuntan por la <strong>coordinaci\u00f3n en la C\u00e1mara de Diputados<\/strong>.<\/p>\n<p>El dirigente del PRD en Benito Ju\u00e1rez, <strong>Hugo<\/strong> <strong>Torres Zumaya<\/strong>, quien pertenece a la expresi\u00f3n <strong>ADN,<\/strong>asegur\u00f3 que <strong>VP<\/strong> busca quedarse con las dos dirigencias.<\/p>\n<blockquote>\n<p>\u201cSe est\u00e1 negociando que Juan Zepeda sea el nuevo presidente nacional del PRD pero hay gente que alega que no puede ocupar dos cargos al mismo tiempo, si no queda Zepeda, entonces H\u00e9ctor Bautista pelear\u00e1 la dirigencia nacional.<\/p>\n<div class=\"amp-ad-wrapper amp_ad_1 ampforwp-incontent-ampforwp-incontent-ad ampforwp-incontent-ad3\">\n<div class=\"i-amphtml-fx-flying-carpet-clip\">\n<div class=\"i-amphtml-fx-flying-carpet-container\">\n<div class=\"amp-hidden\">\n<blockquote>\n<p>\u201cEn la ciudad el equipo de Julio C\u00e9sar Moreno tambi\u00e9n busca la dirigencia debido a que fue la \u00fanica delegaci\u00f3n perredista que resisti\u00f3 la ola de Morena, est\u00e1 tambi\u00e9n Coyoac\u00e1n, pero al parecer al grupo de Mauricio Toledo no le va muy bien con el alcalde electo\u201d, dijo Torres.<\/p>\n<\/blockquote>\n<p>La ex candidata a la jefatura de gobierno, <strong>Alejandra Barrales,<\/strong> fue presidenta nacional del <strong>PRD<\/strong> y <strong>al mismo tiempo senadora<\/strong> hasta que la Sala Superior del Tribunal Electoral del Poder Judicial de la Federaci\u00f3n (TEPJF) orden\u00f3 que fuera separada de su cargo.<\/p>\n<p><strong>Barrales<\/strong> ten\u00eda una medida excepcional que ten\u00eda el efecto para suspender la aplicaci\u00f3n del art\u00edculo 111 del Estatuto, que proh\u00edbe ocupar la dirigencia mientras se ejerce un cargo de elecci\u00f3n popular, con este precedente, <strong>Juan Zepeda<\/strong> cuenta con posibilidades de tomar la dirigencia del <strong>PRD.<\/strong><\/p>\n<p>El 24 de agosto del 2017, el TEPJF orden\u00f3 cambiar la dirigencia del <strong>Sol Azteca<\/strong>, sin embargo, no hubo una elecci\u00f3n debido al proceso electoral que culmin\u00f3 el 1 de julio, de este modo \u00fanicamente se eligi\u00f3 a <strong>Manuel Granados<\/strong> como l\u00edder del <strong>PRD<\/strong> mediante una asamblea.<\/p>\n<p>El coordinador del <strong>PRD<\/strong> en el Senado, <strong>Luis S\u00e1nchez<\/strong>, explic\u00f3 que el fallo del Tribunal debe acatarse y tienen como l\u00edmite <strong>octubre pr\u00f3ximo para cambiar las dirigencias<\/strong>.<\/p>\n<p>Sin embargo, el senador asegur\u00f3 que <strong>el partido no cuenta con los recursos econ\u00f3micos<\/strong> para llevar a cabo la elecci\u00f3n y por ello pidieron el apoyo del Instituto Nacional Electoral (<strong>INE<\/strong>).<\/p>\n<blockquote>\n<p>\u201cDebemos demostrar a la autoridad que no tenemos las condiciones econ\u00f3micas para pagar la elecci\u00f3n, que seria el impedimento real para no llevarla a cabo.<\/p>\n<p>\u201cUna elecci\u00f3n abierta con voto secreto directo en urna de todo el pa\u00eds implica una inversi\u00f3n de cien millones de pesos para poderla organizar y no tenemos ese recurso\u201d, dijo S\u00e1nchez.<\/p>\n<\/blockquote>\n<p>De no cumplir con el cambio de las dirigencias, el <strong>PRD<\/strong> puede perder su registro, por eso, la actual dirigencia debe de llamar a un <strong>Congreso Nacional<\/strong>para definir las acciones que emprender\u00e1n.<\/p>\n<blockquote>\n<p>\u201cEn el Consejo Nacional podemos definir si hacemos o no una elecci\u00f3n abierta, tenemos que hacerlo lo m\u00e1s pronto posible porque nos lo ordena el Tribunal\u201d, abund\u00f3 S\u00e1nchez.<\/p>\n<\/blockquote>\n<p>El senador llam\u00f3 a los <strong>militantes a unirse nuevamente como partido<\/strong>, luego del triunfo de la coalici\u00f3n Juntos Haremos Historia, encabezada por el ahora presidente electo, <strong>Andr\u00e9s Manuel L\u00f3pez Obrador<\/strong>.<\/p>\n<\/div>\n<\/div>\n<\/div>\n<\/div>\n<\/blockquote>\n","protected":false},"excerpt":{"rendered":"<p>Pelean ADN y Vanguardia Progresista liderazgos del PRD<br \/>\nPor Redacci\u00f3n QP<\/p>\n","protected":false},"author":2,"featured_media":2833,"comment_status":"open","ping_status":"open","sticky":false,"template":"","format":"standard","meta":{"_monsterinsights_skip_tracking":false,"_monsterinsights_sitenote_active":false,"_monsterinsights_sitenote_note":"","_monsterinsights_sitenote_category":0,"footnotes":""},"categories":[2],"tags":[],"class_list":["post-2834","post","type-post","status-publish","format-standard","has-post-thumbnail","hentry","category-noticias"],"yoast_head":"<!-- This site is optimized with the Yoast SEO plugin v27.3 - https:\/\/yoast.com\/product\/yoast-seo-wordpress\/ -->\n<title>Pelean ADN y Vanguardia Progresista liderazgos del PRD -<\/title>\n<meta name=\"robots\" content=\"index, follow, max-snippet:-1, max-image-preview:large, max-video-preview:-1\" \/>\n<link rel=\"canonical\" href=\"https:\/\/quehacerpolitico.mx\/?p=2834\" \/>\n<meta property=\"og:locale\" content=\"es_MX\" \/>\n<meta property=\"og:type\" content=\"article\" \/>\n<meta property=\"og:title\" content=\"Pelean ADN y Vanguardia Progresista liderazgos del PRD -\" \/>\n<meta property=\"og:description\" content=\"Pelean ADN y Vanguardia Progresista liderazgos del PRD Por Redacci\u00f3n QP\" \/>\n<meta property=\"og:url\" content=\"https:\/\/quehacerpolitico.mx\/?p=2834\" \/>\n<meta property=\"article:published_time\" content=\"2018-08-20T14:23:25+00:00\" \/>\n<meta name=\"author\" content=\"Redacci\u00f3n QP\" \/>\n<meta name=\"twitter:card\" content=\"summary_large_image\" \/>\n<meta name=\"twitter:label1\" content=\"Escrito por\" \/>\n\t<meta name=\"twitter:data1\" content=\"Redacci\u00f3n QP\" \/>\n\t<meta name=\"twitter:label2\" content=\"Tiempo de lectura\" \/>\n\t<meta name=\"twitter:data2\" content=\"3 minutos\" \/>\n<script type=\"application\/ld+json\" class=\"yoast-schema-graph\">{\"@context\":\"https:\\\/\\\/schema.org\",\"@graph\":[{\"@type\":\"Article\",\"@id\":\"https:\\\/\\\/quehacerpolitico.mx\\\/?p=2834#article\",\"isPartOf\":{\"@id\":\"https:\\\/\\\/quehacerpolitico.mx\\\/?p=2834\"},\"author\":{\"name\":\"Redacci\u00f3n QP\",\"@id\":\"https:\\\/\\\/quehacerpolitico.mx\\\/#\\\/schema\\\/person\\\/496d8ad2d1d3f8036101dca7ee39e585\"},\"headline\":\"Pelean ADN y Vanguardia Progresista liderazgos del PRD\",\"datePublished\":\"2018-08-20T14:23:25+00:00\",\"mainEntityOfPage\":{\"@id\":\"https:\\\/\\\/quehacerpolitico.mx\\\/?p=2834\"},\"wordCount\":598,\"commentCount\":0,\"image\":{\"@id\":\"https:\\\/\\\/quehacerpolitico.mx\\\/?p=2834#primaryimage\"},\"thumbnailUrl\":\"\",\"articleSection\":[\"Noticias\"],\"inLanguage\":\"es\",\"potentialAction\":[{\"@type\":\"CommentAction\",\"name\":\"Comment\",\"target\":[\"https:\\\/\\\/quehacerpolitico.mx\\\/?p=2834#respond\"]}]},{\"@type\":\"WebPage\",\"@id\":\"https:\\\/\\\/quehacerpolitico.mx\\\/?p=2834\",\"url\":\"https:\\\/\\\/quehacerpolitico.mx\\\/?p=2834\",\"name\":\"Pelean ADN y Vanguardia Progresista liderazgos del PRD -\",\"isPartOf\":{\"@id\":\"https:\\\/\\\/quehacerpolitico.mx\\\/#website\"},\"primaryImageOfPage\":{\"@id\":\"https:\\\/\\\/quehacerpolitico.mx\\\/?p=2834#primaryimage\"},\"image\":{\"@id\":\"https:\\\/\\\/quehacerpolitico.mx\\\/?p=2834#primaryimage\"},\"thumbnailUrl\":\"\",\"datePublished\":\"2018-08-20T14:23:25+00:00\",\"author\":{\"@id\":\"https:\\\/\\\/quehacerpolitico.mx\\\/#\\\/schema\\\/person\\\/496d8ad2d1d3f8036101dca7ee39e585\"},\"breadcrumb\":{\"@id\":\"https:\\\/\\\/quehacerpolitico.mx\\\/?p=2834#breadcrumb\"},\"inLanguage\":\"es\",\"potentialAction\":[{\"@type\":\"ReadAction\",\"target\":[\"https:\\\/\\\/quehacerpolitico.mx\\\/?p=2834\"]}]},{\"@type\":\"ImageObject\",\"inLanguage\":\"es\",\"@id\":\"https:\\\/\\\/quehacerpolitico.mx\\\/?p=2834#primaryimage\",\"url\":\"\",\"contentUrl\":\"\"},{\"@type\":\"BreadcrumbList\",\"@id\":\"https:\\\/\\\/quehacerpolitico.mx\\\/?p=2834#breadcrumb\",\"itemListElement\":[{\"@type\":\"ListItem\",\"position\":1,\"name\":\"Inicio\",\"item\":\"https:\\\/\\\/quehacerpolitico.mx\\\/\"},{\"@type\":\"ListItem\",\"position\":2,\"name\":\"Pelean ADN y Vanguardia Progresista liderazgos del PRD\"}]},{\"@type\":\"WebSite\",\"@id\":\"https:\\\/\\\/quehacerpolitico.mx\\\/#website\",\"url\":\"https:\\\/\\\/quehacerpolitico.mx\\\/\",\"name\":\"\",\"description\":\"\",\"potentialAction\":[{\"@type\":\"SearchAction\",\"target\":{\"@type\":\"EntryPoint\",\"urlTemplate\":\"https:\\\/\\\/quehacerpolitico.mx\\\/?s={search_term_string}\"},\"query-input\":{\"@type\":\"PropertyValueSpecification\",\"valueRequired\":true,\"valueName\":\"search_term_string\"}}],\"inLanguage\":\"es\"},{\"@type\":\"Person\",\"@id\":\"https:\\\/\\\/quehacerpolitico.mx\\\/#\\\/schema\\\/person\\\/496d8ad2d1d3f8036101dca7ee39e585\",\"name\":\"Redacci\u00f3n QP\",\"image\":{\"@type\":\"ImageObject\",\"inLanguage\":\"es\",\"@id\":\"https:\\\/\\\/secure.gravatar.com\\\/avatar\\\/c7164ed6fdec453195284ad24a5ae5b6e1eed2b848477fa2a4787ba9adf39a41?s=96&d=mm&r=g\",\"url\":\"https:\\\/\\\/secure.gravatar.com\\\/avatar\\\/c7164ed6fdec453195284ad24a5ae5b6e1eed2b848477fa2a4787ba9adf39a41?s=96&d=mm&r=g\",\"contentUrl\":\"https:\\\/\\\/secure.gravatar.com\\\/avatar\\\/c7164ed6fdec453195284ad24a5ae5b6e1eed2b848477fa2a4787ba9adf39a41?s=96&d=mm&r=g\",\"caption\":\"Redacci\u00f3n QP\"},\"url\":\"https:\\\/\\\/quehacerpolitico.mx\\\/?author=2\"}]}<\/script>\n<!-- \/ Yoast SEO plugin. -->","yoast_head_json":{"title":"Pelean ADN y Vanguardia Progresista liderazgos del PRD -","robots":{"index":"index","follow":"follow","max-snippet":"max-snippet:-1","max-image-preview":"max-image-preview:large","max-video-preview":"max-video-preview:-1"},"canonical":"https:\/\/quehacerpolitico.mx\/?p=2834","og_locale":"es_MX","og_type":"article","og_title":"Pelean ADN y Vanguardia Progresista liderazgos del PRD -","og_description":"Pelean ADN y Vanguardia Progresista liderazgos del PRD Por Redacci\u00f3n QP","og_url":"https:\/\/quehacerpolitico.mx\/?p=2834","article_published_time":"2018-08-20T14:23:25+00:00","author":"Redacci\u00f3n QP","twitter_card":"summary_large_image","twitter_misc":{"Escrito por":"Redacci\u00f3n QP","Tiempo de lectura":"3 minutos"},"schema":{"@context":"https:\/\/schema.org","@graph":[{"@type":"Article","@id":"https:\/\/quehacerpolitico.mx\/?p=2834#article","isPartOf":{"@id":"https:\/\/quehacerpolitico.mx\/?p=2834"},"author":{"name":"Redacci\u00f3n QP","@id":"https:\/\/quehacerpolitico.mx\/#\/schema\/person\/496d8ad2d1d3f8036101dca7ee39e585"},"headline":"Pelean ADN y Vanguardia Progresista liderazgos del PRD","datePublished":"2018-08-20T14:23:25+00:00","mainEntityOfPage":{"@id":"https:\/\/quehacerpolitico.mx\/?p=2834"},"wordCount":598,"commentCount":0,"image":{"@id":"https:\/\/quehacerpolitico.mx\/?p=2834#primaryimage"},"thumbnailUrl":"","articleSection":["Noticias"],"inLanguage":"es","potentialAction":[{"@type":"CommentAction","name":"Comment","target":["https:\/\/quehacerpolitico.mx\/?p=2834#respond"]}]},{"@type":"WebPage","@id":"https:\/\/quehacerpolitico.mx\/?p=2834","url":"https:\/\/quehacerpolitico.mx\/?p=2834","name":"Pelean ADN y Vanguardia Progresista liderazgos del PRD -","isPartOf":{"@id":"https:\/\/quehacerpolitico.mx\/#website"},"primaryImageOfPage":{"@id":"https:\/\/quehacerpolitico.mx\/?p=2834#primaryimage"},"image":{"@id":"https:\/\/quehacerpolitico.mx\/?p=2834#primaryimage"},"thumbnailUrl":"","datePublished":"2018-08-20T14:23:25+00:00","author":{"@id":"https:\/\/quehacerpolitico.mx\/#\/schema\/person\/496d8ad2d1d3f8036101dca7ee39e585"},"breadcrumb":{"@id":"https:\/\/quehacerpolitico.mx\/?p=2834#breadcrumb"},"inLanguage":"es","potentialAction":[{"@type":"ReadAction","target":["https:\/\/quehacerpolitico.mx\/?p=2834"]}]},{"@type":"ImageObject","inLanguage":"es","@id":"https:\/\/quehacerpolitico.mx\/?p=2834#primaryimage","url":"","contentUrl":""},{"@type":"BreadcrumbList","@id":"https:\/\/quehacerpolitico.mx\/?p=2834#breadcrumb","itemListElement":[{"@type":"ListItem","position":1,"name":"Inicio","item":"https:\/\/quehacerpolitico.mx\/"},{"@type":"ListItem","position":2,"name":"Pelean ADN y Vanguardia Progresista liderazgos del PRD"}]},{"@type":"WebSite","@id":"https:\/\/quehacerpolitico.mx\/#website","url":"https:\/\/quehacerpolitico.mx\/","name":"","description":"","potentialAction":[{"@type":"SearchAction","target":{"@type":"EntryPoint","urlTemplate":"https:\/\/quehacerpolitico.mx\/?s={search_term_string}"},"query-input":{"@type":"PropertyValueSpecification","valueRequired":true,"valueName":"search_term_string"}}],"inLanguage":"es"},{"@type":"Person","@id":"https:\/\/quehacerpolitico.mx\/#\/schema\/person\/496d8ad2d1d3f8036101dca7ee39e585","name":"Redacci\u00f3n QP","image":{"@type":"ImageObject","inLanguage":"es","@id":"https:\/\/secure.gravatar.com\/avatar\/c7164ed6fdec453195284ad24a5ae5b6e1eed2b848477fa2a4787ba9adf39a41?s=96&d=mm&r=g","url":"https:\/\/secure.gravatar.com\/avatar\/c7164ed6fdec453195284ad24a5ae5b6e1eed2b848477fa2a4787ba9adf39a41?s=96&d=mm&r=g","contentUrl":"https:\/\/secure.gravatar.com\/avatar\/c7164ed6fdec453195284ad24a5ae5b6e1eed2b848477fa2a4787ba9adf39a41?s=96&d=mm&r=g","caption":"Redacci\u00f3n QP"},"url":"https:\/\/quehacerpolitico.mx\/?author=2"}]}},"featured_image_urls":{"full":"","thumbnail":"","medium":"","medium_large":"","large":"","1536x1536":"","2048x2048":"","covernews-featured":"","covernews-medium":""},"author_info":{"display_name":"Redacci\u00f3n QP","author_link":"https:\/\/quehacerpolitico.mx\/?author=2"},"category_info":"<a href=\"https:\/\/quehacerpolitico.mx\/?cat=2\" rel=\"category\">Noticias<\/a>","tag_info":"Noticias","comment_count":"0","_links":{"self":[{"href":"https:\/\/quehacerpolitico.mx\/index.php?rest_route=\/wp\/v2\/posts\/2834","targetHints":{"allow":["GET"]}}],"collection":[{"href":"https:\/\/quehacerpolitico.mx\/index.php?rest_route=\/wp\/v2\/posts"}],"about":[{"href":"https:\/\/quehacerpolitico.mx\/index.php?rest_route=\/wp\/v2\/types\/post"}],"author":[{"embeddable":true,"href":"https:\/\/quehacerpolitico.mx\/index.php?rest_route=\/wp\/v2\/users\/2"}],"replies":[{"embeddable":true,"href":"https:\/\/quehacerpolitico.mx\/index.php?rest_route=%2Fwp%2Fv2%2Fcomments&post=2834"}],"version-history":[{"count":0,"href":"https:\/\/quehacerpolitico.mx\/index.php?rest_route=\/wp\/v2\/posts\/2834\/revisions"}],"wp:featuredmedia":[{"embeddable":true,"href":"https:\/\/quehacerpolitico.mx\/index.php?rest_route=\/"}],"wp:attachment":[{"href":"https:\/\/quehacerpolitico.mx\/index.php?rest_route=%2Fwp%2Fv2%2Fmedia&parent=2834"}],"wp:term":[{"taxonomy":"category","embeddable":true,"href":"https:\/\/quehacerpolitico.mx\/index.php?rest_route=%2Fwp%2Fv2%2Fcategories&post=2834"},{"taxonomy":"post_tag","embeddable":true,"href":"https:\/\/quehacerpolitico.mx\/index.php?rest_route=%2Fwp%2Fv2%2Ftags&post=2834"}],"curies":[{"name":"wp","href":"https:\/\/api.w.org\/{rel}","templated":true}]}}