{"id":2830,"date":"2018-08-20T14:12:32","date_gmt":"2018-08-20T14:12:32","guid":{"rendered":"http:\/\/quehacerpolitico.mx\/proponen-aulas-para-la-paz-para-evitar-el-acoso-escolar\/"},"modified":"2018-08-20T14:12:32","modified_gmt":"2018-08-20T14:12:32","slug":"proponen-aulas-para-la-paz-para-evitar-el-acoso-escolar","status":"publish","type":"post","link":"https:\/\/quehacerpolitico.mx\/?p=2830","title":{"rendered":"Proponen \u201cAulas para la Paz\u201d para evitar el acoso escolar"},"content":{"rendered":"<p>Este 20 de agosto inicia el ciclo escolar en M\u00e9xico y para evitar que persistan el <em>bullying<\/em> y la violencia en los planteles, V\u00edctor Hugo Guti\u00e9rrez Y\u00e1\u00f1ez, comisionado presidente para Am\u00e9rica Latina y el Caribe de la Comisi\u00f3n Iberoamericana de Derechos Humanos, propuso que se implemente el programa &#8220;Aulas para la Paz&#8221;, as\u00ed como c\u00e1maras de video en los salones y mecanismos de control de asistencia.<\/p>\n<p>&#8220;El Programa Aulas para la Paz se trabaja para construir una sociedad pac\u00edfica y prevenir la violencia en los centros escolares, y esto va de la mano con estudiantes, docentes, instituciones educativas, practicantes de universidades y normalistas, para promover o impulsar el desarrollo de las habilidades socio-emocionales, fundamentales para romper con el ciclo de violencia al interior de las escuelas&#8221;, resalt\u00f3 Guti\u00e9rrez Y\u00e1\u00f1ez. Explic\u00f3 que el programa se aplica en otros pa\u00edses como Colombia, Chile y Uruguay, y para implementarlo en M\u00e9xico es fundamental que se involucren padres de familia, profesores, autoridades educativas y organizaciones no gubernamentales, \u00a0&#8220;con la intenci\u00f3n de que el concepto cree la idea de solidaridad, fraternidad, respeto, igualdad, libertad y ayuda mutua entre los educandos&#8221;.<\/p>\n<p>Enfatiz\u00f3 que &#8220;Aulas para la Paz&#8221; deber\u00e1 estar acompa\u00f1ado de mecanismos de control de asistencia en la entrada y salida de las escuelas, los cuales se realizar\u00edan a trav\u00e9s de un c\u00f3digo de barras en las credenciales escolares, con el objetivo de conocer a detalle el historial de asistencia de cada alumno y darle seguimiento para atender directamente la deserci\u00f3n escolar.<\/p>\n<p>El comisionado presidente destac\u00f3 que tambi\u00e9n se debe considerar la opci\u00f3n de instalar c\u00e1maras de video en los salones de clase, para inhibir el <em>bullying,<\/em> porque &#8220;puede ser una medida de prevenci\u00f3n para que cada centro escolar genere sus propias estrategias con el fin de desarrollar mejores habilidades en la convivencia escolar de sus estudiantes&#8221;.<\/p>\n<p>Coment\u00f3 que en materia educativa, unos de los principales problemas que seguir\u00e1 enfrentando M\u00e9xico en la llamada &#8220;cuarta transformaci\u00f3n&#8221; es precisamente el <em>bullying<\/em>\u00a0o violencia escolar, la cual conlleva en muchos casos la deserci\u00f3n.<\/p>\n<p>Explic\u00f3 que el <em>bullying<\/em> escolar implica una repetici\u00f3n continua de las burlas o las agresiones entre estudiantes y provoca la exclusi\u00f3n social de la v\u00edctima, por lo que debe &#8220;cuidarse el desarrollo del alumno en la educaci\u00f3n b\u00e1sica, \u00a0porque \u00e9ste es un motor primordial para el desempe\u00f1o futuro del individuo dentro de la sociedad&#8221;.<\/p>\n<p>Guti\u00e9rrez Y\u00e1\u00f1ez expres\u00f3 su aprobaci\u00f3n porque la materia de Formaci\u00f3n C\u00edvica y \u00c9tica se incorpor\u00f3 de nuevo al plan de estudios de las escuelas de primer grado de secundaria, luego de que fuera limitada por las autoridades desde el a\u00f1o 2000.<\/p>\n","protected":false},"excerpt":{"rendered":"<p>La CIDH busca erradicar el fen\u00f3meno en las escuelas del pa\u00eds, el programa ya se aplica en Colombia, Chile y Uruguay<br \/>\n Por Redacci\u00f3n QP<\/p>\n","protected":false},"author":2,"featured_media":2829,"comment_status":"open","ping_status":"open","sticky":false,"template":"","format":"standard","meta":{"_monsterinsights_skip_tracking":false,"_monsterinsights_sitenote_active":false,"_monsterinsights_sitenote_note":"","_monsterinsights_sitenote_category":0,"footnotes":""},"categories":[2],"tags":[],"class_list":["post-2830","post","type-post","status-publish","format-standard","has-post-thumbnail","hentry","category-noticias"],"yoast_head":"<!-- This site is optimized with the Yoast SEO plugin v27.3 - https:\/\/yoast.com\/product\/yoast-seo-wordpress\/ -->\n<title>Proponen \u201cAulas para la Paz\u201d para evitar el acoso escolar -<\/title>\n<meta name=\"robots\" content=\"index, follow, max-snippet:-1, max-image-preview:large, max-video-preview:-1\" \/>\n<link rel=\"canonical\" href=\"https:\/\/quehacerpolitico.mx\/?p=2830\" \/>\n<meta property=\"og:locale\" content=\"es_MX\" \/>\n<meta property=\"og:type\" content=\"article\" \/>\n<meta property=\"og:title\" content=\"Proponen \u201cAulas para la Paz\u201d para evitar el acoso escolar -\" \/>\n<meta property=\"og:description\" content=\"La CIDH busca erradicar el fen\u00f3meno en las escuelas del pa\u00eds, el programa ya se aplica en Colombia, Chile y Uruguay Por Redacci\u00f3n QP\" \/>\n<meta property=\"og:url\" content=\"https:\/\/quehacerpolitico.mx\/?p=2830\" \/>\n<meta property=\"article:published_time\" content=\"2018-08-20T14:12:32+00:00\" \/>\n<meta name=\"author\" content=\"Redacci\u00f3n QP\" \/>\n<meta name=\"twitter:card\" content=\"summary_large_image\" \/>\n<meta name=\"twitter:label1\" content=\"Escrito por\" \/>\n\t<meta name=\"twitter:data1\" content=\"Redacci\u00f3n QP\" \/>\n\t<meta name=\"twitter:label2\" content=\"Tiempo de lectura\" \/>\n\t<meta name=\"twitter:data2\" content=\"2 minutos\" \/>\n<script type=\"application\/ld+json\" class=\"yoast-schema-graph\">{\"@context\":\"https:\\\/\\\/schema.org\",\"@graph\":[{\"@type\":\"Article\",\"@id\":\"https:\\\/\\\/quehacerpolitico.mx\\\/?p=2830#article\",\"isPartOf\":{\"@id\":\"https:\\\/\\\/quehacerpolitico.mx\\\/?p=2830\"},\"author\":{\"name\":\"Redacci\u00f3n QP\",\"@id\":\"https:\\\/\\\/quehacerpolitico.mx\\\/#\\\/schema\\\/person\\\/496d8ad2d1d3f8036101dca7ee39e585\"},\"headline\":\"Proponen \u201cAulas para la Paz\u201d para evitar el acoso escolar\",\"datePublished\":\"2018-08-20T14:12:32+00:00\",\"mainEntityOfPage\":{\"@id\":\"https:\\\/\\\/quehacerpolitico.mx\\\/?p=2830\"},\"wordCount\":475,\"commentCount\":0,\"image\":{\"@id\":\"https:\\\/\\\/quehacerpolitico.mx\\\/?p=2830#primaryimage\"},\"thumbnailUrl\":\"\",\"articleSection\":[\"Noticias\"],\"inLanguage\":\"es\",\"potentialAction\":[{\"@type\":\"CommentAction\",\"name\":\"Comment\",\"target\":[\"https:\\\/\\\/quehacerpolitico.mx\\\/?p=2830#respond\"]}]},{\"@type\":\"WebPage\",\"@id\":\"https:\\\/\\\/quehacerpolitico.mx\\\/?p=2830\",\"url\":\"https:\\\/\\\/quehacerpolitico.mx\\\/?p=2830\",\"name\":\"Proponen \u201cAulas para la Paz\u201d para evitar el acoso escolar -\",\"isPartOf\":{\"@id\":\"https:\\\/\\\/quehacerpolitico.mx\\\/#website\"},\"primaryImageOfPage\":{\"@id\":\"https:\\\/\\\/quehacerpolitico.mx\\\/?p=2830#primaryimage\"},\"image\":{\"@id\":\"https:\\\/\\\/quehacerpolitico.mx\\\/?p=2830#primaryimage\"},\"thumbnailUrl\":\"\",\"datePublished\":\"2018-08-20T14:12:32+00:00\",\"author\":{\"@id\":\"https:\\\/\\\/quehacerpolitico.mx\\\/#\\\/schema\\\/person\\\/496d8ad2d1d3f8036101dca7ee39e585\"},\"breadcrumb\":{\"@id\":\"https:\\\/\\\/quehacerpolitico.mx\\\/?p=2830#breadcrumb\"},\"inLanguage\":\"es\",\"potentialAction\":[{\"@type\":\"ReadAction\",\"target\":[\"https:\\\/\\\/quehacerpolitico.mx\\\/?p=2830\"]}]},{\"@type\":\"ImageObject\",\"inLanguage\":\"es\",\"@id\":\"https:\\\/\\\/quehacerpolitico.mx\\\/?p=2830#primaryimage\",\"url\":\"\",\"contentUrl\":\"\"},{\"@type\":\"BreadcrumbList\",\"@id\":\"https:\\\/\\\/quehacerpolitico.mx\\\/?p=2830#breadcrumb\",\"itemListElement\":[{\"@type\":\"ListItem\",\"position\":1,\"name\":\"Inicio\",\"item\":\"https:\\\/\\\/quehacerpolitico.mx\\\/\"},{\"@type\":\"ListItem\",\"position\":2,\"name\":\"Proponen \u201cAulas para la Paz\u201d para evitar el acoso escolar\"}]},{\"@type\":\"WebSite\",\"@id\":\"https:\\\/\\\/quehacerpolitico.mx\\\/#website\",\"url\":\"https:\\\/\\\/quehacerpolitico.mx\\\/\",\"name\":\"\",\"description\":\"\",\"potentialAction\":[{\"@type\":\"SearchAction\",\"target\":{\"@type\":\"EntryPoint\",\"urlTemplate\":\"https:\\\/\\\/quehacerpolitico.mx\\\/?s={search_term_string}\"},\"query-input\":{\"@type\":\"PropertyValueSpecification\",\"valueRequired\":true,\"valueName\":\"search_term_string\"}}],\"inLanguage\":\"es\"},{\"@type\":\"Person\",\"@id\":\"https:\\\/\\\/quehacerpolitico.mx\\\/#\\\/schema\\\/person\\\/496d8ad2d1d3f8036101dca7ee39e585\",\"name\":\"Redacci\u00f3n QP\",\"image\":{\"@type\":\"ImageObject\",\"inLanguage\":\"es\",\"@id\":\"https:\\\/\\\/secure.gravatar.com\\\/avatar\\\/c7164ed6fdec453195284ad24a5ae5b6e1eed2b848477fa2a4787ba9adf39a41?s=96&d=mm&r=g\",\"url\":\"https:\\\/\\\/secure.gravatar.com\\\/avatar\\\/c7164ed6fdec453195284ad24a5ae5b6e1eed2b848477fa2a4787ba9adf39a41?s=96&d=mm&r=g\",\"contentUrl\":\"https:\\\/\\\/secure.gravatar.com\\\/avatar\\\/c7164ed6fdec453195284ad24a5ae5b6e1eed2b848477fa2a4787ba9adf39a41?s=96&d=mm&r=g\",\"caption\":\"Redacci\u00f3n QP\"},\"url\":\"https:\\\/\\\/quehacerpolitico.mx\\\/?author=2\"}]}<\/script>\n<!-- \/ Yoast SEO plugin. -->","yoast_head_json":{"title":"Proponen \u201cAulas para la Paz\u201d para evitar el acoso escolar -","robots":{"index":"index","follow":"follow","max-snippet":"max-snippet:-1","max-image-preview":"max-image-preview:large","max-video-preview":"max-video-preview:-1"},"canonical":"https:\/\/quehacerpolitico.mx\/?p=2830","og_locale":"es_MX","og_type":"article","og_title":"Proponen \u201cAulas para la Paz\u201d para evitar el acoso escolar -","og_description":"La CIDH busca erradicar el fen\u00f3meno en las escuelas del pa\u00eds, el programa ya se aplica en Colombia, Chile y Uruguay Por Redacci\u00f3n QP","og_url":"https:\/\/quehacerpolitico.mx\/?p=2830","article_published_time":"2018-08-20T14:12:32+00:00","author":"Redacci\u00f3n QP","twitter_card":"summary_large_image","twitter_misc":{"Escrito por":"Redacci\u00f3n QP","Tiempo de lectura":"2 minutos"},"schema":{"@context":"https:\/\/schema.org","@graph":[{"@type":"Article","@id":"https:\/\/quehacerpolitico.mx\/?p=2830#article","isPartOf":{"@id":"https:\/\/quehacerpolitico.mx\/?p=2830"},"author":{"name":"Redacci\u00f3n QP","@id":"https:\/\/quehacerpolitico.mx\/#\/schema\/person\/496d8ad2d1d3f8036101dca7ee39e585"},"headline":"Proponen \u201cAulas para la Paz\u201d para evitar el acoso escolar","datePublished":"2018-08-20T14:12:32+00:00","mainEntityOfPage":{"@id":"https:\/\/quehacerpolitico.mx\/?p=2830"},"wordCount":475,"commentCount":0,"image":{"@id":"https:\/\/quehacerpolitico.mx\/?p=2830#primaryimage"},"thumbnailUrl":"","articleSection":["Noticias"],"inLanguage":"es","potentialAction":[{"@type":"CommentAction","name":"Comment","target":["https:\/\/quehacerpolitico.mx\/?p=2830#respond"]}]},{"@type":"WebPage","@id":"https:\/\/quehacerpolitico.mx\/?p=2830","url":"https:\/\/quehacerpolitico.mx\/?p=2830","name":"Proponen \u201cAulas para la Paz\u201d para evitar el acoso escolar -","isPartOf":{"@id":"https:\/\/quehacerpolitico.mx\/#website"},"primaryImageOfPage":{"@id":"https:\/\/quehacerpolitico.mx\/?p=2830#primaryimage"},"image":{"@id":"https:\/\/quehacerpolitico.mx\/?p=2830#primaryimage"},"thumbnailUrl":"","datePublished":"2018-08-20T14:12:32+00:00","author":{"@id":"https:\/\/quehacerpolitico.mx\/#\/schema\/person\/496d8ad2d1d3f8036101dca7ee39e585"},"breadcrumb":{"@id":"https:\/\/quehacerpolitico.mx\/?p=2830#breadcrumb"},"inLanguage":"es","potentialAction":[{"@type":"ReadAction","target":["https:\/\/quehacerpolitico.mx\/?p=2830"]}]},{"@type":"ImageObject","inLanguage":"es","@id":"https:\/\/quehacerpolitico.mx\/?p=2830#primaryimage","url":"","contentUrl":""},{"@type":"BreadcrumbList","@id":"https:\/\/quehacerpolitico.mx\/?p=2830#breadcrumb","itemListElement":[{"@type":"ListItem","position":1,"name":"Inicio","item":"https:\/\/quehacerpolitico.mx\/"},{"@type":"ListItem","position":2,"name":"Proponen \u201cAulas para la Paz\u201d para evitar el acoso escolar"}]},{"@type":"WebSite","@id":"https:\/\/quehacerpolitico.mx\/#website","url":"https:\/\/quehacerpolitico.mx\/","name":"","description":"","potentialAction":[{"@type":"SearchAction","target":{"@type":"EntryPoint","urlTemplate":"https:\/\/quehacerpolitico.mx\/?s={search_term_string}"},"query-input":{"@type":"PropertyValueSpecification","valueRequired":true,"valueName":"search_term_string"}}],"inLanguage":"es"},{"@type":"Person","@id":"https:\/\/quehacerpolitico.mx\/#\/schema\/person\/496d8ad2d1d3f8036101dca7ee39e585","name":"Redacci\u00f3n QP","image":{"@type":"ImageObject","inLanguage":"es","@id":"https:\/\/secure.gravatar.com\/avatar\/c7164ed6fdec453195284ad24a5ae5b6e1eed2b848477fa2a4787ba9adf39a41?s=96&d=mm&r=g","url":"https:\/\/secure.gravatar.com\/avatar\/c7164ed6fdec453195284ad24a5ae5b6e1eed2b848477fa2a4787ba9adf39a41?s=96&d=mm&r=g","contentUrl":"https:\/\/secure.gravatar.com\/avatar\/c7164ed6fdec453195284ad24a5ae5b6e1eed2b848477fa2a4787ba9adf39a41?s=96&d=mm&r=g","caption":"Redacci\u00f3n QP"},"url":"https:\/\/quehacerpolitico.mx\/?author=2"}]}},"featured_image_urls":{"full":"","thumbnail":"","medium":"","medium_large":"","large":"","1536x1536":"","2048x2048":"","covernews-featured":"","covernews-medium":""},"author_info":{"display_name":"Redacci\u00f3n QP","author_link":"https:\/\/quehacerpolitico.mx\/?author=2"},"category_info":"<a href=\"https:\/\/quehacerpolitico.mx\/?cat=2\" rel=\"category\">Noticias<\/a>","tag_info":"Noticias","comment_count":"0","_links":{"self":[{"href":"https:\/\/quehacerpolitico.mx\/index.php?rest_route=\/wp\/v2\/posts\/2830","targetHints":{"allow":["GET"]}}],"collection":[{"href":"https:\/\/quehacerpolitico.mx\/index.php?rest_route=\/wp\/v2\/posts"}],"about":[{"href":"https:\/\/quehacerpolitico.mx\/index.php?rest_route=\/wp\/v2\/types\/post"}],"author":[{"embeddable":true,"href":"https:\/\/quehacerpolitico.mx\/index.php?rest_route=\/wp\/v2\/users\/2"}],"replies":[{"embeddable":true,"href":"https:\/\/quehacerpolitico.mx\/index.php?rest_route=%2Fwp%2Fv2%2Fcomments&post=2830"}],"version-history":[{"count":0,"href":"https:\/\/quehacerpolitico.mx\/index.php?rest_route=\/wp\/v2\/posts\/2830\/revisions"}],"wp:featuredmedia":[{"embeddable":true,"href":"https:\/\/quehacerpolitico.mx\/index.php?rest_route=\/"}],"wp:attachment":[{"href":"https:\/\/quehacerpolitico.mx\/index.php?rest_route=%2Fwp%2Fv2%2Fmedia&parent=2830"}],"wp:term":[{"taxonomy":"category","embeddable":true,"href":"https:\/\/quehacerpolitico.mx\/index.php?rest_route=%2Fwp%2Fv2%2Fcategories&post=2830"},{"taxonomy":"post_tag","embeddable":true,"href":"https:\/\/quehacerpolitico.mx\/index.php?rest_route=%2Fwp%2Fv2%2Ftags&post=2830"}],"curies":[{"name":"wp","href":"https:\/\/api.w.org\/{rel}","templated":true}]}}