{"id":2824,"date":"2018-08-20T13:56:36","date_gmt":"2018-08-20T13:56:36","guid":{"rendered":"http:\/\/quehacerpolitico.mx\/internacionales-carolina-alonso-romei-el-papa-francisco-reconoce-en-carta-que-la-iglesia-no-supo-actuar-ante-crimenes-de-abusos-sexuales\/"},"modified":"2018-08-20T13:56:36","modified_gmt":"2018-08-20T13:56:36","slug":"internacionales-carolina-alonso-romei-el-papa-francisco-reconoce-en-carta-que-la-iglesia-no-supo-actuar-ante-crimenes-de-abusos-sexuales","status":"publish","type":"post","link":"https:\/\/quehacerpolitico.mx\/?p=2824","title":{"rendered":"Internacionales\/\/\/Carolina Alonso Romei\/\/\/El Papa Francisco reconoce en carta que la Iglesia no supo actuar ante cr\u00edmenes de abusos sexuales"},"content":{"rendered":"<h3>Francisco responde con una carta en un in\u00e9dito gesto, una carta enviada al Pueblo de Dios, al escalofriante informe revelado por la Corte Suprema de Pensilvania (EU) que documenta 300 supuestos casos de \u201csacerdotes depredadores\u201d sexuales en ese Estado y en el que identifica a mil menores como v\u00edctimas desde 1940.<\/h3>\n<p>El Papa envi\u00f3 una carta a todos los cat\u00f3licos para expresar \u201cverg\u00fcenza\u201d y \u201carrepentimiento\u201d por los casos de abusos y reconocer que la Iglesia no supo actuar ni reconocer la gravedad del da\u00f1o que se estaba causando, tras el informe revelado por la Corte Suprema de Pensilvania.<\/p>\n<p>Francisco responde as\u00ed con un in\u00e9dito gesto, una carta enviada al Pueblo de Dios, al escalofriante informe revelado por la Corte Suprema de Pensilvania (EU) que documenta 300 supuestos casos de \u201csacerdotes depredadores\u201d sexuales en ese Estado y en el que identifica a mil menores como v\u00edctimas desde 1940.<\/p>\n<blockquote>\n<p>\u201cSi un miembro sufre, todos sufren con \u00e9l\u201d, comienza la carta, en la que aborda de manera in\u00e9dita el que denomina \u201ccrimen\u201d de los abusos sexuales contra menores en la Iglesia.<\/p>\n<\/blockquote>\n<p>En la misiva, Francisco admite que, \u201cmirando hacia el pasado, nunca ser\u00e1 suficiente lo que se haga para pedir perd\u00f3n y buscar reparar el da\u00f1o causado\u201d.<\/p>\n<p>Y \u201cmirando hacia el futuro\u201d, a\u00f1ade, nunca ser\u00e1 poco todo lo que se haga para generar una cultura capaz de evitar que estas situaciones no solo no se repitan, sino que no encuentren espacios para ser encubiertas y perpetuarse\u201d.<\/p>\n<p>El Papa argentino, que desde que inici\u00f3 su pontificado ha creado una comisi\u00f3n para la protecci\u00f3n de los menores y ha reiterado su \u201ctolerancia cero\u201d en esta cuesti\u00f3n, volvi\u00f3 a lamentar que durante mucho tiempo la Iglesia no haya sabido responder o incluso haya silenciado estos casos.<\/p>\n<blockquote>\n<p>Haciendo referencia al \u00faltimo informe de los abusos de la Iglesia en Estados Unidos, Francisco afirma que, \u201csi bien se puede decir que la mayor\u00eda de los casos corresponden al pasado, sin embargo, con el correr del tiempo hemos conocido el dolor de muchas de las v\u00edctimas y constatamos que las heridas nunca desaparecen\u201d.<\/p>\n<\/blockquote>\n<p>El pont\u00edfice subraya que, precisamente por ello, es obligaci\u00f3n \u201ccondenar con fuerza estas atrocidades, as\u00ed como unir esfuerzos para erradicar esta cultura de muerte\u201d porque \u201clas heridas nunca prescriben\u201d.<\/p>\n<blockquote>\n<p>\u201cEl dolor de estas v\u00edctimas es un gemido que clama al cielo, que llega al alma y que durante mucho tiempo fue ignorado, callado o silenciado\u201d, asevera.<\/p>\n<p>En las tres p\u00e1ginas de la misiva, critica que hubo \u201cdecisiones que aumentaron la gravedad cayendo en la complicidad\u201d.<\/p>\n<blockquote>\n<p>\u201cCon verg\u00fcenza y arrepentimiento, como comunidad eclesial, asumimos que no supimos estar donde ten\u00edamos que estar, que no actuamos a tiempo reconociendo la magnitud y la gravedad del da\u00f1o que se estaba causando en tantas vidas\u201d, incide el pont\u00edfice.<\/p>\n<\/blockquote>\n<p>Y clama: \u201cHemos descuidado y abandonado a los peque\u00f1os\u201d.<\/p>\n<p>El Papa explica adem\u00e1s que en varias partes del mundo se est\u00e1 trabajando para proteger la integridad de ni\u00f1os y adultos, y para aplicar la \u201ctolerancia cero\u201d y las medidas necesarias para rendir cuentas por parte de todos aquellos que realicen o encubran estos delitos.<\/p>\n<p>No obstante, admite que se han demorado en \u201caplicar estas acciones y sanciones tan necesarias\u201d, aunque conf\u00eda en que ayudar\u00e1n a garantizar una mayor cultura del cuidado en el presente y en el futuro.<\/p>\n<p>Francisco pide a la Iglesia que ahora responda con \u201cdenuncias a todo aquello que ponga en peligro la integridad de cualquier persona\u201d.<\/p>\n<p>El Papa invita tambi\u00e9n a los miembros de la Iglesia \u201ca la oraci\u00f3n y el ayuno\u201d para que \u201cdespierte nuestra conciencia, solidaridad y compromiso con una cultura del cuidado y el \u2018nunca m\u00e1s\u2019 a todo tipo y forma de abuso\u201d.<\/p>\n<p>\u201cEs imprescindible que, como Iglesia, podamos reconocer y condenar con dolor y verg\u00fcenza las atrocidades cometidas por personas consagradas, cl\u00e9rigos e incluso por todos aquellos que ten\u00edan la misi\u00f3n de velar y cuidar a los m\u00e1s vulnerables. Pidamos perd\u00f3n por los pecados propios y ajenos\u201d, a\u00f1ade.<\/p>\n<p>Con Informaci\u00f3n de EFE<\/p>\n<\/blockquote>\n","protected":false},"excerpt":{"rendered":"<p>El Papa Francisco reconoce en carta que la Iglesia no supo actuar ante cr\u00edmenes de abusos sexuales<br \/>\nPor Carolina Alonso Romei<br \/>\nInternacionalista<\/p>\n","protected":false},"author":2,"featured_media":2823,"comment_status":"open","ping_status":"open","sticky":false,"template":"","format":"standard","meta":{"_monsterinsights_skip_tracking":false,"_monsterinsights_sitenote_active":false,"_monsterinsights_sitenote_note":"","_monsterinsights_sitenote_category":0,"footnotes":""},"categories":[1],"tags":[],"class_list":["post-2824","post","type-post","status-publish","format-standard","has-post-thumbnail","hentry","category-sin-categoria"],"yoast_head":"<!-- This site is optimized with the Yoast SEO plugin v27.3 - https:\/\/yoast.com\/product\/yoast-seo-wordpress\/ -->\n<title>Internacionales\/\/\/Carolina Alonso Romei\/\/\/El Papa Francisco reconoce en carta que la Iglesia no supo actuar ante cr\u00edmenes de abusos sexuales -<\/title>\n<meta name=\"robots\" content=\"index, follow, max-snippet:-1, max-image-preview:large, max-video-preview:-1\" \/>\n<link rel=\"canonical\" href=\"https:\/\/quehacerpolitico.mx\/?p=2824\" \/>\n<meta property=\"og:locale\" content=\"es_MX\" \/>\n<meta property=\"og:type\" content=\"article\" \/>\n<meta property=\"og:title\" content=\"Internacionales\/\/\/Carolina Alonso Romei\/\/\/El Papa Francisco reconoce en carta que la Iglesia no supo actuar ante cr\u00edmenes de abusos sexuales -\" \/>\n<meta property=\"og:description\" content=\"El Papa Francisco reconoce en carta que la Iglesia no supo actuar ante cr\u00edmenes de abusos sexuales Por Carolina Alonso Romei Internacionalista\" \/>\n<meta property=\"og:url\" content=\"https:\/\/quehacerpolitico.mx\/?p=2824\" \/>\n<meta property=\"article:published_time\" content=\"2018-08-20T13:56:36+00:00\" \/>\n<meta name=\"author\" content=\"Redacci\u00f3n QP\" \/>\n<meta name=\"twitter:card\" content=\"summary_large_image\" \/>\n<meta name=\"twitter:label1\" content=\"Escrito por\" \/>\n\t<meta name=\"twitter:data1\" content=\"Redacci\u00f3n QP\" \/>\n\t<meta name=\"twitter:label2\" content=\"Tiempo de lectura\" \/>\n\t<meta name=\"twitter:data2\" content=\"3 minutos\" \/>\n<script type=\"application\/ld+json\" class=\"yoast-schema-graph\">{\"@context\":\"https:\\\/\\\/schema.org\",\"@graph\":[{\"@type\":\"Article\",\"@id\":\"https:\\\/\\\/quehacerpolitico.mx\\\/?p=2824#article\",\"isPartOf\":{\"@id\":\"https:\\\/\\\/quehacerpolitico.mx\\\/?p=2824\"},\"author\":{\"name\":\"Redacci\u00f3n QP\",\"@id\":\"https:\\\/\\\/quehacerpolitico.mx\\\/#\\\/schema\\\/person\\\/496d8ad2d1d3f8036101dca7ee39e585\"},\"headline\":\"Internacionales\\\/\\\/\\\/Carolina Alonso Romei\\\/\\\/\\\/El Papa Francisco reconoce en carta que la Iglesia no supo actuar ante cr\u00edmenes de abusos sexuales\",\"datePublished\":\"2018-08-20T13:56:36+00:00\",\"mainEntityOfPage\":{\"@id\":\"https:\\\/\\\/quehacerpolitico.mx\\\/?p=2824\"},\"wordCount\":716,\"commentCount\":0,\"image\":{\"@id\":\"https:\\\/\\\/quehacerpolitico.mx\\\/?p=2824#primaryimage\"},\"thumbnailUrl\":\"\",\"articleSection\":[\"Internacionales\"],\"inLanguage\":\"es\",\"potentialAction\":[{\"@type\":\"CommentAction\",\"name\":\"Comment\",\"target\":[\"https:\\\/\\\/quehacerpolitico.mx\\\/?p=2824#respond\"]}]},{\"@type\":\"WebPage\",\"@id\":\"https:\\\/\\\/quehacerpolitico.mx\\\/?p=2824\",\"url\":\"https:\\\/\\\/quehacerpolitico.mx\\\/?p=2824\",\"name\":\"Internacionales\\\/\\\/\\\/Carolina Alonso Romei\\\/\\\/\\\/El Papa Francisco reconoce en carta que la Iglesia no supo actuar ante cr\u00edmenes de abusos sexuales -\",\"isPartOf\":{\"@id\":\"https:\\\/\\\/quehacerpolitico.mx\\\/#website\"},\"primaryImageOfPage\":{\"@id\":\"https:\\\/\\\/quehacerpolitico.mx\\\/?p=2824#primaryimage\"},\"image\":{\"@id\":\"https:\\\/\\\/quehacerpolitico.mx\\\/?p=2824#primaryimage\"},\"thumbnailUrl\":\"\",\"datePublished\":\"2018-08-20T13:56:36+00:00\",\"author\":{\"@id\":\"https:\\\/\\\/quehacerpolitico.mx\\\/#\\\/schema\\\/person\\\/496d8ad2d1d3f8036101dca7ee39e585\"},\"breadcrumb\":{\"@id\":\"https:\\\/\\\/quehacerpolitico.mx\\\/?p=2824#breadcrumb\"},\"inLanguage\":\"es\",\"potentialAction\":[{\"@type\":\"ReadAction\",\"target\":[\"https:\\\/\\\/quehacerpolitico.mx\\\/?p=2824\"]}]},{\"@type\":\"ImageObject\",\"inLanguage\":\"es\",\"@id\":\"https:\\\/\\\/quehacerpolitico.mx\\\/?p=2824#primaryimage\",\"url\":\"\",\"contentUrl\":\"\"},{\"@type\":\"BreadcrumbList\",\"@id\":\"https:\\\/\\\/quehacerpolitico.mx\\\/?p=2824#breadcrumb\",\"itemListElement\":[{\"@type\":\"ListItem\",\"position\":1,\"name\":\"Inicio\",\"item\":\"https:\\\/\\\/quehacerpolitico.mx\\\/\"},{\"@type\":\"ListItem\",\"position\":2,\"name\":\"Internacionales\\\/\\\/\\\/Carolina Alonso Romei\\\/\\\/\\\/El Papa Francisco reconoce en carta que la Iglesia no supo actuar ante cr\u00edmenes de abusos sexuales\"}]},{\"@type\":\"WebSite\",\"@id\":\"https:\\\/\\\/quehacerpolitico.mx\\\/#website\",\"url\":\"https:\\\/\\\/quehacerpolitico.mx\\\/\",\"name\":\"\",\"description\":\"\",\"potentialAction\":[{\"@type\":\"SearchAction\",\"target\":{\"@type\":\"EntryPoint\",\"urlTemplate\":\"https:\\\/\\\/quehacerpolitico.mx\\\/?s={search_term_string}\"},\"query-input\":{\"@type\":\"PropertyValueSpecification\",\"valueRequired\":true,\"valueName\":\"search_term_string\"}}],\"inLanguage\":\"es\"},{\"@type\":\"Person\",\"@id\":\"https:\\\/\\\/quehacerpolitico.mx\\\/#\\\/schema\\\/person\\\/496d8ad2d1d3f8036101dca7ee39e585\",\"name\":\"Redacci\u00f3n QP\",\"image\":{\"@type\":\"ImageObject\",\"inLanguage\":\"es\",\"@id\":\"https:\\\/\\\/secure.gravatar.com\\\/avatar\\\/c7164ed6fdec453195284ad24a5ae5b6e1eed2b848477fa2a4787ba9adf39a41?s=96&d=mm&r=g\",\"url\":\"https:\\\/\\\/secure.gravatar.com\\\/avatar\\\/c7164ed6fdec453195284ad24a5ae5b6e1eed2b848477fa2a4787ba9adf39a41?s=96&d=mm&r=g\",\"contentUrl\":\"https:\\\/\\\/secure.gravatar.com\\\/avatar\\\/c7164ed6fdec453195284ad24a5ae5b6e1eed2b848477fa2a4787ba9adf39a41?s=96&d=mm&r=g\",\"caption\":\"Redacci\u00f3n QP\"},\"url\":\"https:\\\/\\\/quehacerpolitico.mx\\\/?author=2\"}]}<\/script>\n<!-- \/ Yoast SEO plugin. -->","yoast_head_json":{"title":"Internacionales\/\/\/Carolina Alonso Romei\/\/\/El Papa Francisco reconoce en carta que la Iglesia no supo actuar ante cr\u00edmenes de abusos sexuales -","robots":{"index":"index","follow":"follow","max-snippet":"max-snippet:-1","max-image-preview":"max-image-preview:large","max-video-preview":"max-video-preview:-1"},"canonical":"https:\/\/quehacerpolitico.mx\/?p=2824","og_locale":"es_MX","og_type":"article","og_title":"Internacionales\/\/\/Carolina Alonso Romei\/\/\/El Papa Francisco reconoce en carta que la Iglesia no supo actuar ante cr\u00edmenes de abusos sexuales -","og_description":"El Papa Francisco reconoce en carta que la Iglesia no supo actuar ante cr\u00edmenes de abusos sexuales Por Carolina Alonso Romei Internacionalista","og_url":"https:\/\/quehacerpolitico.mx\/?p=2824","article_published_time":"2018-08-20T13:56:36+00:00","author":"Redacci\u00f3n QP","twitter_card":"summary_large_image","twitter_misc":{"Escrito por":"Redacci\u00f3n QP","Tiempo de lectura":"3 minutos"},"schema":{"@context":"https:\/\/schema.org","@graph":[{"@type":"Article","@id":"https:\/\/quehacerpolitico.mx\/?p=2824#article","isPartOf":{"@id":"https:\/\/quehacerpolitico.mx\/?p=2824"},"author":{"name":"Redacci\u00f3n QP","@id":"https:\/\/quehacerpolitico.mx\/#\/schema\/person\/496d8ad2d1d3f8036101dca7ee39e585"},"headline":"Internacionales\/\/\/Carolina Alonso Romei\/\/\/El Papa Francisco reconoce en carta que la Iglesia no supo actuar ante cr\u00edmenes de abusos sexuales","datePublished":"2018-08-20T13:56:36+00:00","mainEntityOfPage":{"@id":"https:\/\/quehacerpolitico.mx\/?p=2824"},"wordCount":716,"commentCount":0,"image":{"@id":"https:\/\/quehacerpolitico.mx\/?p=2824#primaryimage"},"thumbnailUrl":"","articleSection":["Internacionales"],"inLanguage":"es","potentialAction":[{"@type":"CommentAction","name":"Comment","target":["https:\/\/quehacerpolitico.mx\/?p=2824#respond"]}]},{"@type":"WebPage","@id":"https:\/\/quehacerpolitico.mx\/?p=2824","url":"https:\/\/quehacerpolitico.mx\/?p=2824","name":"Internacionales\/\/\/Carolina Alonso Romei\/\/\/El Papa Francisco reconoce en carta que la Iglesia no supo actuar ante cr\u00edmenes de abusos sexuales -","isPartOf":{"@id":"https:\/\/quehacerpolitico.mx\/#website"},"primaryImageOfPage":{"@id":"https:\/\/quehacerpolitico.mx\/?p=2824#primaryimage"},"image":{"@id":"https:\/\/quehacerpolitico.mx\/?p=2824#primaryimage"},"thumbnailUrl":"","datePublished":"2018-08-20T13:56:36+00:00","author":{"@id":"https:\/\/quehacerpolitico.mx\/#\/schema\/person\/496d8ad2d1d3f8036101dca7ee39e585"},"breadcrumb":{"@id":"https:\/\/quehacerpolitico.mx\/?p=2824#breadcrumb"},"inLanguage":"es","potentialAction":[{"@type":"ReadAction","target":["https:\/\/quehacerpolitico.mx\/?p=2824"]}]},{"@type":"ImageObject","inLanguage":"es","@id":"https:\/\/quehacerpolitico.mx\/?p=2824#primaryimage","url":"","contentUrl":""},{"@type":"BreadcrumbList","@id":"https:\/\/quehacerpolitico.mx\/?p=2824#breadcrumb","itemListElement":[{"@type":"ListItem","position":1,"name":"Inicio","item":"https:\/\/quehacerpolitico.mx\/"},{"@type":"ListItem","position":2,"name":"Internacionales\/\/\/Carolina Alonso Romei\/\/\/El Papa Francisco reconoce en carta que la Iglesia no supo actuar ante cr\u00edmenes de abusos sexuales"}]},{"@type":"WebSite","@id":"https:\/\/quehacerpolitico.mx\/#website","url":"https:\/\/quehacerpolitico.mx\/","name":"","description":"","potentialAction":[{"@type":"SearchAction","target":{"@type":"EntryPoint","urlTemplate":"https:\/\/quehacerpolitico.mx\/?s={search_term_string}"},"query-input":{"@type":"PropertyValueSpecification","valueRequired":true,"valueName":"search_term_string"}}],"inLanguage":"es"},{"@type":"Person","@id":"https:\/\/quehacerpolitico.mx\/#\/schema\/person\/496d8ad2d1d3f8036101dca7ee39e585","name":"Redacci\u00f3n QP","image":{"@type":"ImageObject","inLanguage":"es","@id":"https:\/\/secure.gravatar.com\/avatar\/c7164ed6fdec453195284ad24a5ae5b6e1eed2b848477fa2a4787ba9adf39a41?s=96&d=mm&r=g","url":"https:\/\/secure.gravatar.com\/avatar\/c7164ed6fdec453195284ad24a5ae5b6e1eed2b848477fa2a4787ba9adf39a41?s=96&d=mm&r=g","contentUrl":"https:\/\/secure.gravatar.com\/avatar\/c7164ed6fdec453195284ad24a5ae5b6e1eed2b848477fa2a4787ba9adf39a41?s=96&d=mm&r=g","caption":"Redacci\u00f3n QP"},"url":"https:\/\/quehacerpolitico.mx\/?author=2"}]}},"featured_image_urls":{"full":"","thumbnail":"","medium":"","medium_large":"","large":"","1536x1536":"","2048x2048":"","covernews-featured":"","covernews-medium":""},"author_info":{"display_name":"Redacci\u00f3n QP","author_link":"https:\/\/quehacerpolitico.mx\/?author=2"},"category_info":"<a href=\"https:\/\/quehacerpolitico.mx\/?cat=1\" rel=\"category\">Internacionales<\/a>","tag_info":"Internacionales","comment_count":"0","_links":{"self":[{"href":"https:\/\/quehacerpolitico.mx\/index.php?rest_route=\/wp\/v2\/posts\/2824","targetHints":{"allow":["GET"]}}],"collection":[{"href":"https:\/\/quehacerpolitico.mx\/index.php?rest_route=\/wp\/v2\/posts"}],"about":[{"href":"https:\/\/quehacerpolitico.mx\/index.php?rest_route=\/wp\/v2\/types\/post"}],"author":[{"embeddable":true,"href":"https:\/\/quehacerpolitico.mx\/index.php?rest_route=\/wp\/v2\/users\/2"}],"replies":[{"embeddable":true,"href":"https:\/\/quehacerpolitico.mx\/index.php?rest_route=%2Fwp%2Fv2%2Fcomments&post=2824"}],"version-history":[{"count":0,"href":"https:\/\/quehacerpolitico.mx\/index.php?rest_route=\/wp\/v2\/posts\/2824\/revisions"}],"wp:featuredmedia":[{"embeddable":true,"href":"https:\/\/quehacerpolitico.mx\/index.php?rest_route=\/"}],"wp:attachment":[{"href":"https:\/\/quehacerpolitico.mx\/index.php?rest_route=%2Fwp%2Fv2%2Fmedia&parent=2824"}],"wp:term":[{"taxonomy":"category","embeddable":true,"href":"https:\/\/quehacerpolitico.mx\/index.php?rest_route=%2Fwp%2Fv2%2Fcategories&post=2824"},{"taxonomy":"post_tag","embeddable":true,"href":"https:\/\/quehacerpolitico.mx\/index.php?rest_route=%2Fwp%2Fv2%2Ftags&post=2824"}],"curies":[{"name":"wp","href":"https:\/\/api.w.org\/{rel}","templated":true}]}}