{"id":2814,"date":"2018-08-19T21:00:38","date_gmt":"2018-08-19T21:00:38","guid":{"rendered":"http:\/\/quehacerpolitico.mx\/internacionales-carolina-alonso-romei-afganistan-anuncia-alto-el-fuego-por-tres-meses-con-talibanes\/"},"modified":"2018-08-19T21:00:38","modified_gmt":"2018-08-19T21:00:38","slug":"internacionales-carolina-alonso-romei-afganistan-anuncia-alto-el-fuego-por-tres-meses-con-talibanes","status":"publish","type":"post","link":"https:\/\/quehacerpolitico.mx\/?p=2814","title":{"rendered":"Internacionales\/\/\/Carolina Alonso Romei\/\/\/Afganist\u00e1n anuncia alto el fuego por tres meses con talibanes"},"content":{"rendered":"<h3 class=\"post-title entry-title\">Afganist\u00e1n anuncia alto el fuego por tres meses con talibanes<\/h3>\n<div id=\"post-body-7699998088814463581\" class=\"post-body entry-content\">\n<p class=\"mobile-photo\"><a href=\"http:\/\/4.bp.blogspot.com\/-4VGSp_96Zuk\/W3nXi7i9gyI\/AAAAAAACygo\/GetaPwAw5gg0ZgeZChmNkTYcgoooLMByQCK4BGAYYCw\/s1600\/mohammad-791051.jpg\" data-src=\"http:\/\/4.bp.blogspot.com\/-4VGSp_96Zuk\/W3nXi7i9gyI\/AAAAAAACygo\/GetaPwAw5gg0ZgeZChmNkTYcgoooLMByQCK4BGAYYCw\/s1600\/mohammad-791051.jpg\" data-thumb=\"http:\/\/4.bp.blogspot.com\/-4VGSp_96Zuk\/W3nXi7i9gyI\/AAAAAAACygo\/GetaPwAw5gg0ZgeZChmNkTYcgoooLMByQCK4BGAYYCw\/s320\/mohammad-791051.jpg\" class=\"ml-lightbox-enabled\"><img decoding=\"async\" id=\"BLOGGER_PHOTO_ID_6591536524733285154\" src=\"http:\/\/4.bp.blogspot.com\/-4VGSp_96Zuk\/W3nXi7i9gyI\/AAAAAAACygo\/GetaPwAw5gg0ZgeZChmNkTYcgoooLMByQCK4BGAYYCw\/s320\/mohammad-791051.jpg\" alt=\"\" border=\"0\" \/><\/a><\/p>\n<p class=\"mobile-photo\"><a href=\"http:\/\/3.bp.blogspot.com\/-K9fH5i5Uu8w\/W3nXji0VpeI\/AAAAAAACygw\/0_XZRFS0kPUwtp232Vq5gp9DrOEWPxc4ACK4BGAYYCw\/s1600\/sismo-793524.png\" data-src=\"http:\/\/3.bp.blogspot.com\/-K9fH5i5Uu8w\/W3nXji0VpeI\/AAAAAAACygw\/0_XZRFS0kPUwtp232Vq5gp9DrOEWPxc4ACK4BGAYYCw\/s1600\/sismo-793524.png\" data-thumb=\"http:\/\/3.bp.blogspot.com\/-K9fH5i5Uu8w\/W3nXji0VpeI\/AAAAAAACygw\/0_XZRFS0kPUwtp232Vq5gp9DrOEWPxc4ACK4BGAYYCw\/s320\/sismo-793524.png\" class=\"ml-lightbox-enabled\"><img decoding=\"async\" id=\"BLOGGER_PHOTO_ID_6591536535275152866\" src=\"http:\/\/3.bp.blogspot.com\/-K9fH5i5Uu8w\/W3nXji0VpeI\/AAAAAAACygw\/0_XZRFS0kPUwtp232Vq5gp9DrOEWPxc4ACK4BGAYYCw\/s320\/sismo-793524.png\" alt=\"\" border=\"0\" \/><\/a><\/p>\n<div dir=\"ltr\">\n<p class=\"gmail-MsoNoSpacing\">Afganist\u00e1n anuncia alto el fuego por tres meses con talibanes<\/p>\n<p class=\"gmail-MsoNoSpacing\">*Ashraf, inform\u00f3 que la tregua durar\u00eda hasta el cumplea\u00f1os del profeta Mahoma<\/p>\n<p class=\"gmail-MsoNoSpacing\">\u00a0<\/p>\n<p class=\"gmail-MsoNoSpacing\">El presidente afgano, Mohammad Ashraf Ghani, declar\u00f3 el alto al fuego condicional por tres meses con el derrocado r\u00e9gimen del Talib\u00e1n, que entrar\u00e1 en vigor a partir del primer minuto de ma\u00f1ana de este lunes.<\/p>\n<p class=\"gmail-MsoNoSpacing\">En un discurso para conmemorar el 99 aniversario del D\u00eda de la Independencia afgana, Ghani dijo esta noche que la tregua durar\u00eda hasta Eid Melad-ul-Nabi, el cumplea\u00f1os del profeta Mahoma que se celebrar\u00e1 este a\u00f1o el pr\u00f3ximo 21 de noviembre en Afganist\u00e1n.<\/p>\n<p class=\"gmail-MsoNoSpacing\">Dirigi\u00e9ndose a un selecto grupo de invitados en el emblem\u00e1tico palacio Darul Aman de Kabul, el mandatario aclar\u00f3 que &#8220;el alto el fuego solo se implementar\u00eda si los talibanes lo respetan&#8221;, seg\u00fan un reporte de la agencia Pajhwok Afghan News (PAN) y la emisora TOLO.<\/p>\n<p class=\"gmail-MsoNoSpacing\">En un discurso televisado, Ghani dijo que la decisi\u00f3n de declarar la tregua se alcanz\u00f3 despu\u00e9s de extensas consultas con diferentes segmentos de la sociedad afgana y acad\u00e9micos isl\u00e1micos de todo el mundo.<\/p>\n<p class=\"gmail-MsoNoSpacing\">&#8220;La tregua no solo nos proporciona la finalizaci\u00f3n de la misi\u00f3n de Ghazi Amanullah Khan, sino que nos brindar\u00e1 una nueva oportunidad y un nuevo comienzo&#8221;, dijo Ghani en referencia al monarca de Afganist\u00e1n, que proclam\u00f3 la independencia del pa\u00eds.<\/p>\n<p class=\"gmail-MsoNoSpacing\">El presidente llam\u00f3 a la insurgencia talib\u00e1n a honrar el bien de la gente y prepararse para las conversaciones de paz, a la luz y el esp\u00edritu de los valores nacionales e isl\u00e1micos e hizo hincapi\u00e9 en que el alto el fuego debe ser bilateral.<\/p>\n<p class=\"gmail-MsoNoSpacing\">El Movimiento Talib\u00e1n no ha respondido a\u00fan sobre el alto al fuego, aunque en una declaraci\u00f3n previa anunci\u00f3 este domingo la liberaci\u00f3n de &#8220;cientos de prisioneros&#8221; con motivo del Eid-al-Adh (Fiesta del Sacrificio), la cual junto con el mes de ayuno del Ramad\u00e1n, es una de las festividades m\u00e1s importantes del Islam.<\/p>\n<p class=\"gmail-MsoNoSpacing\">Durante esta festividad, con la que termina de manera oficial el peregrinaje anual a la ciudad santa de La Meca, los musulmanes deben sacrificar un cordero, en recuerdo del sacrificio que hizo el Profeta Abraham al ofrecer la vida de su hijo.<\/p>\n<p class=\"gmail-MsoNoSpacing\">El anuncio de alto el fuego de Ghani se limit\u00f3 a los taliban y excluy\u00f3 a otros grupos armados, como el ala del grupo extremista Estado Isl\u00e1mico (EI) en Afganist\u00e1n, que se atribuy\u00f3 el atentado de la semana pasada contra una academia de Kabul, que dej\u00f3 34 estudiantes muertos y 57 heridos.<\/p>\n<p class=\"gmail-MsoNoSpacing\">El anuncio del mandatario afgano se da tras una sangrienta semana de combates en la central provincia de Ghazni entre el grupo insurgente y el Ej\u00e9rcito afgano, que dejaron al menos 150 soldados y 95 civiles muertos.<\/p>\n<p class=\"gmail-MsoNoSpacing\">El Movimiento Talib\u00e1n, que proclama el extremismo religioso isl\u00e1mico, lleg\u00f3 al poder en Afganist\u00e1n en 1996, bajo la imposici\u00f3n de una de las m\u00e1s estrictas interpretaciones de la Sharia (Ley Isl\u00e1mica), que se hizo famosa internacionalmente por el maltrato a las mujeres.<\/p>\n<p class=\"gmail-MsoNoSpacing\">Durante el r\u00e9gimen del Talib\u00e1n, las afganas se vieron obligadas a usar la burka, una t\u00fanica que las cubre de cabeza a pies y s\u00f3lo tiene una abertura a la altura de los ojos, ten\u00edan prohibido trabajar y recibir educaci\u00f3n despu\u00e9s de los ocho a\u00f1os, salvo para el estudio del Cor\u00e1n.<\/p>\n<p class=\"gmail-MsoNoSpacing\">El r\u00e9gimen fue derrocado tras la invasi\u00f3n de Estados Unidos a fines de 2001, luego de los atentados del 11 de septiembre contra las Torres Gemelas, orquestado por el fallecido l\u00edder de Al Qaeda, Osama Bin Laden, quien en ese entonces se refugiaba en Afganist\u00e1n, protegido por el Talib\u00e1n.<\/p>\n<p class=\"gmail-MsoNoSpacing\">Pie de foto.- Mohammad Ashraf Ghani, presidente de Afganist\u00e1n.<\/p>\n<p class=\"gmail-MsoNoSpacing\">\u00a0<\/p>\n<p class=\"gmail-MsoNoSpacing\">\u00a0<\/p>\n<p class=\"gmail-MsoNoSpacing\">Al menos ocho sismos se han registrado en Lombok, Indonesia<\/p>\n<p class=\"gmail-MsoNoSpacing\">\u00a0<\/p>\n<p class=\"gmail-MsoNoSpacing\">Un nuevo sismo de 6.9 grados de magnitud sacudi\u00f3 nuevamente la isla indonesia de Lombok, en concreto en el oeste de Nusa Tenggara, horas despu\u00e9s de que otro de 6.5 grados se registr\u00f3 en la misma zona, sin generar una alerta de tsunami, informaron fuentes sismol\u00f3gicas.<\/p>\n<p class=\"gmail-MsoNoSpacing\">El \u00e1rea ha experimentado al menos ocho movimientos tel\u00faricos de entre 4.6 y 6.9 grados, sin que hasta el momento se reporten v\u00edctimas adicionales al terremoto del pasado 5 de agosto, que ha dejado m\u00e1s de 460 muertos, indic\u00f3 la Agencia de Meteorolog\u00eda, Climatolog\u00eda y Geof\u00edsica de Indonesia.<\/p>\n<p class=\"gmail-MsoNoSpacing\">Precis\u00f3 que el sismo de 6.9 grados se registr\u00f3 noche del domingo, tiempo de Indonesia, horas despu\u00e9s de otro de 6.5 en la misma zona, a 32 kil\u00f3metros al noreste del distrito de Lombok este y a una profundidad de 10 kil\u00f3metros, seg\u00fan el diario The Jakarta Post.<\/p>\n<p class=\"gmail-MsoNoSpacing\">M\u00e1s de 700 r\u00e9plicas han sacudido la isla de Lombok desde el terremoto de hace 14 d\u00edas, que ha dejado al menos 460 muertos, cerca de ocho mil heridos, unos 417 mil desplazados y casi 72 mil casas da\u00f1adas, de acuerdo con el balance de la Agencia Nacional de Gesti\u00f3n de Desastres.<\/p>\n<p class=\"gmail-MsoNoSpacing\">Aquel sismo tambi\u00e9n da\u00f1\u00f3 671 instalaciones educativas, 20 edificios de oficinas, 52 infraestructuras de salud, incluidas un hospital y 11 cl\u00ednicas, 50 oratorios, 15 mezquitas y seis puentes que colapsaron.<\/p>\n<p class=\"gmail-MsoNoSpacing\">Indonesia, un archipi\u00e9lago de 17 mil islas e islotes, est\u00e1 situada en el llamado Anillo de Fuego del Pac\u00edfico, donde coinciden varias placas tect\u00f3nicas que causan unos siete mil temblores al a\u00f1o, la mayor\u00eda moderados.<\/p>\n<p class=\"gmail-MsoNoSpacing\">El 26 de diciembre de 2004, un fuerte terremoto sacudi\u00f3 la costa noroeste de la isla indonesia de Sumatra y gener\u00f3 un tsunami que caus\u00f3 al menos 280 mil muertos en 11 pa\u00edses del Oc\u00e9ano \u00cdndico, la mayor\u00eda en Indonesia.<\/p>\n<p class=\"gmail-MsoNoSpacing\">Cabe recordar que Indonesia registr\u00f3 el fin de semana un sismo de 6.3 grados y fue seguido de al menos dos r\u00e9plicas superiores a 5 grados, en la isla indonesia de Lombok, en la misma zona donde a principios de mes otro se\u00edsmo caus\u00f3 al menos 460 muertos, inform\u00f3 el Servicio Geol\u00f3gico de Estados Unidos.<\/p>\n<p class=\"gmail-MsoNoSpacing\">Su magnitud es superior al sismo de 6.3 grados que se registr\u00f3 esta misma ma\u00f1ana en la tur\u00edstica isla indonesia y fue seguido de al menos dos r\u00e9plicas superiores a 5 grados.<\/p>\n<p class=\"gmail-MsoNoSpacing\">El Servicio Geol\u00f3gico de Estados Unidos, que registra la actividad s\u00edsmica en todo el mundo, inform\u00f3 en Twitter de este nuevo terremoto. Veinte minutos despu\u00e9s tuvo lugar un segundo terremoto de 5.9 grados en la escala Richter en la misma regi\u00f3n, tambi\u00e9n de acuerdo a datos preliminares de ese organismo.<\/p>\n<p class=\"gmail-MsoNoSpacing\">M\u00e1s de 500 r\u00e9plicas han sacudido la isla indonesia tras el se\u00edsmo de 6.9 grados que golpe\u00f3 la zona el 5 de agosto, que caus\u00f3 460 muertos y m\u00e1s de 417.000 desplazados.<\/p>\n<p class=\"gmail-MsoNoSpacing\">Indonesia se asienta sobre el llamado Anillo de Fuego del Pac\u00edfico, una zona de gran actividad s\u00edsmica y volc\u00e1nica en la que cada a\u00f1o se registran unos 7.000 terremotos, la mayor\u00eda moderados.<\/p>\n<p class=\"gmail-MsoNoSpacing\">Pie de foto.- El \u00e1rea ha experimentado movimientos tel\u00faricos de entre 4.6 y 6.9 grados, sin que se reporten v\u00edctimas hasta el momento.<\/p>\n<p class=\"gmail-MsoNoSpacing\">\u00a0<\/p>\n<p class=\"gmail-MsoNoSpacing\">BREVES<\/p>\n<p class=\"gmail-MsoNoSpacing\">1.- Brasil enviar\u00e1 soldados a pueblo en frontera con Venezuela<\/p>\n<p class=\"gmail-MsoNoSpacing\">SAO PAULO.- El gobierno de Brasil planea enviar soldados al pueblo fronterizo de Pacaraima luego de que residentes atacaran a migrantes venezolanos.<\/p>\n<p class=\"gmail-MsoNoSpacing\">El Ministerio de Seguridad P\u00fablica planea enviar al menos 60 efectivos de la Fuerza Nacional a Pacaraima, inform\u00f3 el domingo la agencia de noticias oficial Agencia Brasil. De momento el ministerio no respondi\u00f3 las llamadas en busca de detalles.<\/p>\n<p class=\"gmail-MsoNoSpacing\">\u00a0<\/p>\n<p class=\"gmail-MsoNoSpacing\">Pacaraima, en el estado de Roraima, es un importante cruce fronterizo con Venezuela, en donde la agitaci\u00f3n polic\u00eda y econ\u00f3mica han llevado a miles de personas a cruzar hacia Brasil en los \u00faltimos a\u00f1os.<\/p>\n<p class=\"gmail-MsoNoSpacing\">Las autoridades informaron que la violencia del s\u00e1bado se desat\u00f3 luego de que robaran, apu\u00f1alaran y golpearan a un comerciante. Cuatro migrantes venezolanos fueron culpados del ataque.<\/p>\n<p class=\"gmail-MsoNoSpacing\">Grupos de residentes recorrieron la ciudad arrojando piedras a los migrantes y prendiendo fuego a sus pertenencias.<\/p>\n<p class=\"gmail-MsoNoSpacing\">Seg\u00fan un grupo de log\u00edstica del ej\u00e9rcito en Roraima al menos 1.200 inmigrantes huyeron a Pacaraima para escapar de la violencia y regresaron a Venezuela.<\/p>\n<p class=\"gmail-MsoNoSpacing\">El gobierno del estado de Roraima estima que m\u00e1s de 50.000 refugiados venezolanos cruzaron la frontera y duermen en albergues o a la intemperie, en carpas, plazas y calles. Esto supone casi el 10% de la poblaci\u00f3n del estado, de 520.000 habitantes.<\/p>\n<p class=\"gmail-MsoNoSpacing\">\u00a0<\/p>\n<p class=\"gmail-MsoNoSpacing\">2.- Brennan intentar\u00e1 evitar m\u00e1s revocaciones de seguridad<\/p>\n<p class=\"gmail-MsoNoSpacing\">Nueva Jersey, EE.UU.- El ex director de la CIA John Brennan considera tomar acci\u00f3n legal para evitar que el presidente Donald Trump revoque otras credenciales de seguridad de funcionarios y ex funcionarios.<\/p>\n<p class=\"gmail-MsoNoSpacing\">En el programa de la NBC &#8220;Meet the Press&#8221; del domingo, Brennan dijo que lo han contactado una serie de abogados para hablar de las bases de una posible demanda.<\/p>\n<p class=\"gmail-MsoNoSpacing\">La semana pasada, Trump revoc\u00f3 las credenciales de seguridad y amenaz\u00f3 a varios m\u00e1s, entre ellos sus cr\u00edticos y aquellos relacionados con la investigaci\u00f3n rusa.<\/p>\n<p class=\"gmail-MsoNoSpacing\">Brennan dijo que har\u00e1 lo que sea &#8220;para intentar evitar estos abusos en el futuro&#8221;. Agreg\u00f3 que si eso &#8220;significa ir a la corte, eso es lo que har\u00e9&#8221;.<\/p>\n<p class=\"gmail-MsoNoSpacing\">M\u00e1s de 75 ex funcionarios de inteligencia han denunciado la decisi\u00f3n de Trump de quitarle las acreditaciones a Brennan, diciendo que tienen derecho a expresar sus opiniones sin temor a ser sancionados.<\/p>\n<p class=\"gmail-MsoNoSpacing\">\u00a0<\/p>\n<p class=\"gmail-MsoNoSpacing\">3.- Anuncia Pi\u00f1era creaci\u00f3n del &#8220;Museo de la Democracia&#8221; en Chile<\/p>\n<p class=\"gmail-MsoNoSpacing\">Santiago.- El presidente de Chile, Sebasti\u00e1n Pi\u00f1era, anunci\u00f3 hoy la creaci\u00f3n del &#8220;Museo de la Democracia&#8221;, tras una semana abarrotada de pol\u00e9micas por dichos de varias autoridades sobre el &#8220;Museo de la Memoria y los Derechos Humanos&#8221;.<\/p>\n<p class=\"gmail-MsoNoSpacing\">Una semana despu\u00e9s de la renuncia del ministro de las Culturas y las Artes, Mauricio Rojas, tras se\u00f1alar que el Museo de la Memoria es un &#8220;montaje&#8221;, Pi\u00f1era anunci\u00f3 este d\u00eda la creaci\u00f3n de una nueva muestra.<\/p>\n<p class=\"gmail-MsoNoSpacing\">En conversaci\u00f3n con el espacio Mesa Central de Canal 13, Pi\u00f1era coment\u00f3 que &#8220;veo algunos s\u00edntomas que hacen necesario recordar y preguntarse \u00bfPor qu\u00e9 en Chile se destruy\u00f3 la democracia?, \u00bfPor qu\u00e9 se debilit\u00f3 el Estado de Derecho?&#8221;.<\/p>\n<p class=\"gmail-MsoNoSpacing\">&#8220;Por esto vamos a hacer un &#8216;Museo de la Democracia&#8217;, porque la democracia es un valor fundamental que no hay que dar por garantizado, porque son muchos pa\u00edses que la han perdido&#8221;, se\u00f1al\u00f3 el mandatario.<\/p>\n<p class=\"gmail-MsoNoSpacing\">Este Museo de la Democracia abordar\u00eda la historia de Chile desde los albores de la democracia hasta el retorno de esta despu\u00e9s del gobierno militar del dictador Augusto Pinochet (1973-1989).<\/p>\n<p class=\"gmail-MsoNoSpacing\">&#8220;Queremos ampliar el Museo de Historia Nacional en forma muy significativa y ah\u00ed queremos establecer la historia de la democracia en Chile, desde su origen&#8221;, acot\u00f3 Pi\u00f1era.<\/p>\n<\/div>\n<\/div>\n","protected":false},"excerpt":{"rendered":"<p>Afganist\u00e1n anuncia alto el fuego por tres meses con talibanes<br \/>\nPor Carolina Alonso Romei<br \/>\nInternacionalista<\/p>\n","protected":false},"author":2,"featured_media":2813,"comment_status":"open","ping_status":"open","sticky":false,"template":"","format":"standard","meta":{"_monsterinsights_skip_tracking":false,"_monsterinsights_sitenote_active":false,"_monsterinsights_sitenote_note":"","_monsterinsights_sitenote_category":0,"footnotes":""},"categories":[1],"tags":[],"class_list":["post-2814","post","type-post","status-publish","format-standard","has-post-thumbnail","hentry","category-sin-categoria"],"yoast_head":"<!-- This site is optimized with the Yoast SEO plugin v27.3 - https:\/\/yoast.com\/product\/yoast-seo-wordpress\/ -->\n<title>Internacionales\/\/\/Carolina Alonso Romei\/\/\/Afganist\u00e1n anuncia alto el fuego por tres meses con talibanes -<\/title>\n<meta name=\"robots\" content=\"index, follow, max-snippet:-1, max-image-preview:large, max-video-preview:-1\" \/>\n<link rel=\"canonical\" href=\"https:\/\/quehacerpolitico.mx\/?p=2814\" \/>\n<meta property=\"og:locale\" content=\"es_MX\" \/>\n<meta property=\"og:type\" content=\"article\" \/>\n<meta property=\"og:title\" content=\"Internacionales\/\/\/Carolina Alonso Romei\/\/\/Afganist\u00e1n anuncia alto el fuego por tres meses con talibanes -\" \/>\n<meta property=\"og:description\" content=\"Afganist\u00e1n anuncia alto el fuego por tres meses con talibanes Por Carolina Alonso Romei Internacionalista\" \/>\n<meta property=\"og:url\" content=\"https:\/\/quehacerpolitico.mx\/?p=2814\" \/>\n<meta property=\"article:published_time\" content=\"2018-08-19T21:00:38+00:00\" \/>\n<meta name=\"author\" content=\"Redacci\u00f3n QP\" \/>\n<meta name=\"twitter:card\" content=\"summary_large_image\" \/>\n<meta name=\"twitter:label1\" content=\"Escrito por\" \/>\n\t<meta name=\"twitter:data1\" content=\"Redacci\u00f3n QP\" \/>\n\t<meta name=\"twitter:label2\" content=\"Tiempo de lectura\" \/>\n\t<meta name=\"twitter:data2\" content=\"9 minutos\" \/>\n<script type=\"application\/ld+json\" class=\"yoast-schema-graph\">{\"@context\":\"https:\\\/\\\/schema.org\",\"@graph\":[{\"@type\":\"Article\",\"@id\":\"https:\\\/\\\/quehacerpolitico.mx\\\/?p=2814#article\",\"isPartOf\":{\"@id\":\"https:\\\/\\\/quehacerpolitico.mx\\\/?p=2814\"},\"author\":{\"name\":\"Redacci\u00f3n QP\",\"@id\":\"https:\\\/\\\/quehacerpolitico.mx\\\/#\\\/schema\\\/person\\\/496d8ad2d1d3f8036101dca7ee39e585\"},\"headline\":\"Internacionales\\\/\\\/\\\/Carolina Alonso Romei\\\/\\\/\\\/Afganist\u00e1n anuncia alto el fuego por tres meses con talibanes\",\"datePublished\":\"2018-08-19T21:00:38+00:00\",\"mainEntityOfPage\":{\"@id\":\"https:\\\/\\\/quehacerpolitico.mx\\\/?p=2814\"},\"wordCount\":1837,\"commentCount\":0,\"image\":{\"@id\":\"https:\\\/\\\/quehacerpolitico.mx\\\/?p=2814#primaryimage\"},\"thumbnailUrl\":\"\",\"articleSection\":[\"Internacionales\"],\"inLanguage\":\"es\",\"potentialAction\":[{\"@type\":\"CommentAction\",\"name\":\"Comment\",\"target\":[\"https:\\\/\\\/quehacerpolitico.mx\\\/?p=2814#respond\"]}]},{\"@type\":\"WebPage\",\"@id\":\"https:\\\/\\\/quehacerpolitico.mx\\\/?p=2814\",\"url\":\"https:\\\/\\\/quehacerpolitico.mx\\\/?p=2814\",\"name\":\"Internacionales\\\/\\\/\\\/Carolina Alonso Romei\\\/\\\/\\\/Afganist\u00e1n anuncia alto el fuego por tres meses con talibanes -\",\"isPartOf\":{\"@id\":\"https:\\\/\\\/quehacerpolitico.mx\\\/#website\"},\"primaryImageOfPage\":{\"@id\":\"https:\\\/\\\/quehacerpolitico.mx\\\/?p=2814#primaryimage\"},\"image\":{\"@id\":\"https:\\\/\\\/quehacerpolitico.mx\\\/?p=2814#primaryimage\"},\"thumbnailUrl\":\"\",\"datePublished\":\"2018-08-19T21:00:38+00:00\",\"author\":{\"@id\":\"https:\\\/\\\/quehacerpolitico.mx\\\/#\\\/schema\\\/person\\\/496d8ad2d1d3f8036101dca7ee39e585\"},\"breadcrumb\":{\"@id\":\"https:\\\/\\\/quehacerpolitico.mx\\\/?p=2814#breadcrumb\"},\"inLanguage\":\"es\",\"potentialAction\":[{\"@type\":\"ReadAction\",\"target\":[\"https:\\\/\\\/quehacerpolitico.mx\\\/?p=2814\"]}]},{\"@type\":\"ImageObject\",\"inLanguage\":\"es\",\"@id\":\"https:\\\/\\\/quehacerpolitico.mx\\\/?p=2814#primaryimage\",\"url\":\"\",\"contentUrl\":\"\"},{\"@type\":\"BreadcrumbList\",\"@id\":\"https:\\\/\\\/quehacerpolitico.mx\\\/?p=2814#breadcrumb\",\"itemListElement\":[{\"@type\":\"ListItem\",\"position\":1,\"name\":\"Inicio\",\"item\":\"https:\\\/\\\/quehacerpolitico.mx\\\/\"},{\"@type\":\"ListItem\",\"position\":2,\"name\":\"Internacionales\\\/\\\/\\\/Carolina Alonso Romei\\\/\\\/\\\/Afganist\u00e1n anuncia alto el fuego por tres meses con talibanes\"}]},{\"@type\":\"WebSite\",\"@id\":\"https:\\\/\\\/quehacerpolitico.mx\\\/#website\",\"url\":\"https:\\\/\\\/quehacerpolitico.mx\\\/\",\"name\":\"\",\"description\":\"\",\"potentialAction\":[{\"@type\":\"SearchAction\",\"target\":{\"@type\":\"EntryPoint\",\"urlTemplate\":\"https:\\\/\\\/quehacerpolitico.mx\\\/?s={search_term_string}\"},\"query-input\":{\"@type\":\"PropertyValueSpecification\",\"valueRequired\":true,\"valueName\":\"search_term_string\"}}],\"inLanguage\":\"es\"},{\"@type\":\"Person\",\"@id\":\"https:\\\/\\\/quehacerpolitico.mx\\\/#\\\/schema\\\/person\\\/496d8ad2d1d3f8036101dca7ee39e585\",\"name\":\"Redacci\u00f3n QP\",\"image\":{\"@type\":\"ImageObject\",\"inLanguage\":\"es\",\"@id\":\"https:\\\/\\\/secure.gravatar.com\\\/avatar\\\/c7164ed6fdec453195284ad24a5ae5b6e1eed2b848477fa2a4787ba9adf39a41?s=96&d=mm&r=g\",\"url\":\"https:\\\/\\\/secure.gravatar.com\\\/avatar\\\/c7164ed6fdec453195284ad24a5ae5b6e1eed2b848477fa2a4787ba9adf39a41?s=96&d=mm&r=g\",\"contentUrl\":\"https:\\\/\\\/secure.gravatar.com\\\/avatar\\\/c7164ed6fdec453195284ad24a5ae5b6e1eed2b848477fa2a4787ba9adf39a41?s=96&d=mm&r=g\",\"caption\":\"Redacci\u00f3n QP\"},\"url\":\"https:\\\/\\\/quehacerpolitico.mx\\\/?author=2\"}]}<\/script>\n<!-- \/ Yoast SEO plugin. -->","yoast_head_json":{"title":"Internacionales\/\/\/Carolina Alonso Romei\/\/\/Afganist\u00e1n anuncia alto el fuego por tres meses con talibanes -","robots":{"index":"index","follow":"follow","max-snippet":"max-snippet:-1","max-image-preview":"max-image-preview:large","max-video-preview":"max-video-preview:-1"},"canonical":"https:\/\/quehacerpolitico.mx\/?p=2814","og_locale":"es_MX","og_type":"article","og_title":"Internacionales\/\/\/Carolina Alonso Romei\/\/\/Afganist\u00e1n anuncia alto el fuego por tres meses con talibanes -","og_description":"Afganist\u00e1n anuncia alto el fuego por tres meses con talibanes Por Carolina Alonso Romei Internacionalista","og_url":"https:\/\/quehacerpolitico.mx\/?p=2814","article_published_time":"2018-08-19T21:00:38+00:00","author":"Redacci\u00f3n QP","twitter_card":"summary_large_image","twitter_misc":{"Escrito por":"Redacci\u00f3n QP","Tiempo de lectura":"9 minutos"},"schema":{"@context":"https:\/\/schema.org","@graph":[{"@type":"Article","@id":"https:\/\/quehacerpolitico.mx\/?p=2814#article","isPartOf":{"@id":"https:\/\/quehacerpolitico.mx\/?p=2814"},"author":{"name":"Redacci\u00f3n QP","@id":"https:\/\/quehacerpolitico.mx\/#\/schema\/person\/496d8ad2d1d3f8036101dca7ee39e585"},"headline":"Internacionales\/\/\/Carolina Alonso Romei\/\/\/Afganist\u00e1n anuncia alto el fuego por tres meses con talibanes","datePublished":"2018-08-19T21:00:38+00:00","mainEntityOfPage":{"@id":"https:\/\/quehacerpolitico.mx\/?p=2814"},"wordCount":1837,"commentCount":0,"image":{"@id":"https:\/\/quehacerpolitico.mx\/?p=2814#primaryimage"},"thumbnailUrl":"","articleSection":["Internacionales"],"inLanguage":"es","potentialAction":[{"@type":"CommentAction","name":"Comment","target":["https:\/\/quehacerpolitico.mx\/?p=2814#respond"]}]},{"@type":"WebPage","@id":"https:\/\/quehacerpolitico.mx\/?p=2814","url":"https:\/\/quehacerpolitico.mx\/?p=2814","name":"Internacionales\/\/\/Carolina Alonso Romei\/\/\/Afganist\u00e1n anuncia alto el fuego por tres meses con talibanes -","isPartOf":{"@id":"https:\/\/quehacerpolitico.mx\/#website"},"primaryImageOfPage":{"@id":"https:\/\/quehacerpolitico.mx\/?p=2814#primaryimage"},"image":{"@id":"https:\/\/quehacerpolitico.mx\/?p=2814#primaryimage"},"thumbnailUrl":"","datePublished":"2018-08-19T21:00:38+00:00","author":{"@id":"https:\/\/quehacerpolitico.mx\/#\/schema\/person\/496d8ad2d1d3f8036101dca7ee39e585"},"breadcrumb":{"@id":"https:\/\/quehacerpolitico.mx\/?p=2814#breadcrumb"},"inLanguage":"es","potentialAction":[{"@type":"ReadAction","target":["https:\/\/quehacerpolitico.mx\/?p=2814"]}]},{"@type":"ImageObject","inLanguage":"es","@id":"https:\/\/quehacerpolitico.mx\/?p=2814#primaryimage","url":"","contentUrl":""},{"@type":"BreadcrumbList","@id":"https:\/\/quehacerpolitico.mx\/?p=2814#breadcrumb","itemListElement":[{"@type":"ListItem","position":1,"name":"Inicio","item":"https:\/\/quehacerpolitico.mx\/"},{"@type":"ListItem","position":2,"name":"Internacionales\/\/\/Carolina Alonso Romei\/\/\/Afganist\u00e1n anuncia alto el fuego por tres meses con talibanes"}]},{"@type":"WebSite","@id":"https:\/\/quehacerpolitico.mx\/#website","url":"https:\/\/quehacerpolitico.mx\/","name":"","description":"","potentialAction":[{"@type":"SearchAction","target":{"@type":"EntryPoint","urlTemplate":"https:\/\/quehacerpolitico.mx\/?s={search_term_string}"},"query-input":{"@type":"PropertyValueSpecification","valueRequired":true,"valueName":"search_term_string"}}],"inLanguage":"es"},{"@type":"Person","@id":"https:\/\/quehacerpolitico.mx\/#\/schema\/person\/496d8ad2d1d3f8036101dca7ee39e585","name":"Redacci\u00f3n QP","image":{"@type":"ImageObject","inLanguage":"es","@id":"https:\/\/secure.gravatar.com\/avatar\/c7164ed6fdec453195284ad24a5ae5b6e1eed2b848477fa2a4787ba9adf39a41?s=96&d=mm&r=g","url":"https:\/\/secure.gravatar.com\/avatar\/c7164ed6fdec453195284ad24a5ae5b6e1eed2b848477fa2a4787ba9adf39a41?s=96&d=mm&r=g","contentUrl":"https:\/\/secure.gravatar.com\/avatar\/c7164ed6fdec453195284ad24a5ae5b6e1eed2b848477fa2a4787ba9adf39a41?s=96&d=mm&r=g","caption":"Redacci\u00f3n QP"},"url":"https:\/\/quehacerpolitico.mx\/?author=2"}]}},"featured_image_urls":{"full":"","thumbnail":"","medium":"","medium_large":"","large":"","1536x1536":"","2048x2048":"","covernews-featured":"","covernews-medium":""},"author_info":{"display_name":"Redacci\u00f3n QP","author_link":"https:\/\/quehacerpolitico.mx\/?author=2"},"category_info":"<a href=\"https:\/\/quehacerpolitico.mx\/?cat=1\" rel=\"category\">Internacionales<\/a>","tag_info":"Internacionales","comment_count":"0","_links":{"self":[{"href":"https:\/\/quehacerpolitico.mx\/index.php?rest_route=\/wp\/v2\/posts\/2814","targetHints":{"allow":["GET"]}}],"collection":[{"href":"https:\/\/quehacerpolitico.mx\/index.php?rest_route=\/wp\/v2\/posts"}],"about":[{"href":"https:\/\/quehacerpolitico.mx\/index.php?rest_route=\/wp\/v2\/types\/post"}],"author":[{"embeddable":true,"href":"https:\/\/quehacerpolitico.mx\/index.php?rest_route=\/wp\/v2\/users\/2"}],"replies":[{"embeddable":true,"href":"https:\/\/quehacerpolitico.mx\/index.php?rest_route=%2Fwp%2Fv2%2Fcomments&post=2814"}],"version-history":[{"count":0,"href":"https:\/\/quehacerpolitico.mx\/index.php?rest_route=\/wp\/v2\/posts\/2814\/revisions"}],"wp:featuredmedia":[{"embeddable":true,"href":"https:\/\/quehacerpolitico.mx\/index.php?rest_route=\/"}],"wp:attachment":[{"href":"https:\/\/quehacerpolitico.mx\/index.php?rest_route=%2Fwp%2Fv2%2Fmedia&parent=2814"}],"wp:term":[{"taxonomy":"category","embeddable":true,"href":"https:\/\/quehacerpolitico.mx\/index.php?rest_route=%2Fwp%2Fv2%2Fcategories&post=2814"},{"taxonomy":"post_tag","embeddable":true,"href":"https:\/\/quehacerpolitico.mx\/index.php?rest_route=%2Fwp%2Fv2%2Ftags&post=2814"}],"curies":[{"name":"wp","href":"https:\/\/api.w.org\/{rel}","templated":true}]}}