{"id":2808,"date":"2018-08-19T17:36:46","date_gmt":"2018-08-19T17:36:46","guid":{"rendered":"http:\/\/quehacerpolitico.mx\/la-alternancia-del-2000-termino-en-una-farsa-del-prian-dice-amlo-en-el-congreso-de-morena\/"},"modified":"2018-08-19T17:36:46","modified_gmt":"2018-08-19T17:36:46","slug":"la-alternancia-del-2000-termino-en-una-farsa-del-prian-dice-amlo-en-el-congreso-de-morena","status":"publish","type":"post","link":"https:\/\/quehacerpolitico.mx\/?p=2808","title":{"rendered":"La alternancia del 2000 termin\u00f3 en una \u201cfarsa del PRIAN\u201d, dice AMLO en el congreso de Morena"},"content":{"rendered":"<h3>L\u00f3pez Obrador rindi\u00f3 homenaje a dos guerrilleros de los a\u00f1os 1970: Lucio Caba\u00f1as y Jenaro V\u00e1zquez. \u201cEsta gesta, esta haza\u00f1a [de Morena], no se explicar\u00eda sin lo andado y sufrido por nuestros antepasados. No olvidar jam\u00e1s a los precursores de lo que hoy estamos celebrando. Nosotros sembramos pero tambi\u00e9n estamos cosechando el fruto de las ideas, el trabajo la fatiga de mucha gente y de l\u00edderes de generaci\u00f3n anteriores\u201d, dijo el Presidente electo.<\/h3>\n<p>Andr\u00e9s Manuel L\u00f3pez Obrador incluy\u00f3 hoy a dos ex guerrilleros mexicanos, Lucio Caba\u00f1as y Jenaro V\u00e1zquez, en su lista de personalidades a las que agradeci\u00f3 el haber puesto los cimientos para que el Movimiento de Regeneraci\u00f3n Nacional (Morena), de izquierda, llegara a la Presidencia de M\u00e9xico.<\/p>\n<p>El partido arranc\u00f3 esta ma\u00f1ana su congreso nacional con la presencia del Presidente electo y la Jefa de Gobierno electa para la Ciudad de M\u00e9xico, Claudia Sheinbaum.<\/p>\n<blockquote>\n<p>Dijo que el movimiento que encabeza, sin embargo, logr\u00f3 llegar al poder \u201cpor la sabidur\u00eda del pueblo\u201d y sin las armas. Enfatiz\u00f3 en su discurso en realizar un cambio en paz.\u00a0\u201cUna transformaci\u00f3n ordenada pero radical\u201d, dijo. \u201cVamos a arrancar de ra\u00edz al r\u00e9gimen de corrupci\u00f3n y privilegios\u201d.\u00a0El Presidente electo dijo que su Gobierno no va a decepcionar a nadie, \u201cni vamos a actuar como dirigentes que al llegar al poder se traicionan a s\u00ed mismos y traicionan a sus seguidores\u201d.<\/p>\n<\/blockquote>\n<p>Record\u00f3 que en M\u00e9xico en el a\u00f1o 2000 se apost\u00f3 a la alternancia. Pero \u201ctodo termin\u00f3 en una farsa da\u00f1ina\u201d. Dijo que fue una simulaci\u00f3n \u201cdel PRIAN\u201d.<\/p>\n<p>Caba\u00f1as Barrientos fue un maestro rural de la Escuela Normal Rural de Ayotzinapa; un l\u00edder estudiantil y jefe del grupo armado Partido de los Pobres que oper\u00f3 en los a\u00f1os 1970 en la sierra de Guerrero. Vazquez Rojas\u00a0fue un l\u00edder sindical del magisterio\u00a0guerrerense\u00a0que tras formar parte de la oposici\u00f3n pol\u00edtica al gobierno de Guerrero, pas\u00f3 a la clandestinidad y form\u00f3 uno de los varios grupos armados que se desarrollaron en la\u00a0Sierra Madre del Sur\u00a0durante las d\u00e9cadas de\u00a01960\u00a0y\u00a01970. Simpatiz\u00f3 con el\u00a0Partido de los Pobres.<\/p>\n<blockquote>\n<p>\u201cEsta gesta, esta haza\u00f1a, no se explicar\u00eda sin lo andado y sufrido por nuestros antepasados. No olvidar jam\u00e1s a los precursores de lo que hoy estamos celebrando. Nosotros sembramos pero tambi\u00e9n estamos cosechando el fruto de las ideas, el trabajo la fatiga de mucha gente y de l\u00edderes de generaci\u00f3n anteriores\u201d, dijo.<\/p>\n<p>AMLO agradeci\u00f3 el trabajo de los militantes de Morena el cual dijo ha sido ejemplar en pueblos, barrios, colonias, estados, regiones.<\/p>\n<blockquote>\n<p>\u201cHa sido tambi\u00e9n ejemplar la actuaci\u00f3n que ayudaron mucho desde la academia, en las redes sociales, en el periodismo y que forman parte de diversos sectores, clases, preferencias sexuales, religiones y de las distintas corrientes del pensamiento. Solo as\u00ed se pod\u00eda conseguir la victoria electoral, tejiendo como lo hicimos, la unidad en la pluralidad\u201d.<\/p>\n<p>\u201cEl triunfo logrado parece todav\u00eda un sue\u00f1o. pero obviamente es una bella realidad\u201d.<\/p>\n<\/blockquote>\n<p>L\u00f3pez Obrador pas\u00f3 la lista de otros l\u00edderes sociales como Rosario Ibarra de Piedra, Oth\u00f3n Salazar, Alejandro Gast\u00f3n Mercado, Heberto Castillo, Cuauht\u00e9moc C\u00e1rdenas, Salvador Nava, Manuel Clouthier, Arnoldo Mart\u00ednez Verduzco, Porfirio Mu\u00f1oz Ledo, Ifigenia Mart\u00ednez, Alberto P\u00e9rez Mendoza, Rodolfo Gonz\u00e1lez Guevara, Horacio Labastida y Adelita Salazar.<\/p>\n<blockquote>\n<p>\u201cHa quedado para la historia el proceso que emprendimos en los \u00faltimos tiempos enarbolando a la bandera de Morena que condujo al triunfo del 1 de julio de 2018\u201d.<\/p>\n<\/blockquote>\n<p>Tambi\u00e9n mencion\u00f3 a intelectuales como Jos\u00e9 Mar\u00eda P\u00e9rez Gay, Luis Daniel Garrido, Hugo Guti\u00e9rrez Vega, Julio Scherer Garc\u00eda, Sergio Pitol, Carlos Monsiv\u00e1is, Elena Poniatowska, Paco Ignacio Taibo II, Rafael Barajas \u201cEl Fisg\u00f3n\u201d.<\/p>\n<p>\u201cDebemos reconocer tambi\u00e9n que hab\u00eda en toda esta percepci\u00f3n de uno y de otro lado, un menos precio a la sabidur\u00eda del pueblo y a la fuerza que se obtiene de la participaci\u00f3n conciente y organizada de los ciudadanos. Se olvidaban que el pueblo manda, que el pueblo es el que decid, el pueblo es el soberano\u201d.<\/p>\n<p>\u201cPor eso el triunfo ha sido sorprendente y aleccionador. Todos recibimos de nuestros semejantes una gran lecci\u00f3n de democracia pol\u00edtica\u201d.<\/p>\n<p>\u201cDe manera sencilla se demostr\u00f3 la madurez c\u00edvica de nuestro pueblo. Es como un \u2018tengan para que aprendan\u2019. Nunca m\u00e1s menospreciar a nuestro pueblo. Fue tan contundente lo sucedido que a trascendido nuestras fronteras y en otras partes del mundo, M\u00e9xico vive un momento estelar de respeto\u201d.<\/p>\n<p>Dijo que est\u00e1n conscientes de que esto apenas comienza. \u201cComo se dice en el beisbol, esto no se acaba hasta que se acaba\u201d.<\/p>\n<p>Record\u00f3 que durante la campa\u00f1a dijo que el proceso de lucha ten\u00eda dos etapas, que ya lograron lo primero, pero falta lo m\u00e1s importante \u201cque se puede gobernar con el pueblo\u201d.<\/p>\n<p>Durante el discurso de apertura, la dirigente de Morena, Yeidckol Polevnsky, habl\u00f3 sobre las diputaciones locales que le quitaron al partido en diversas entidades como el Estado de M\u00e9xico y la Alcald\u00eda en Ciudad Ju\u00e1rez.<\/p>\n<p>https:\/\/www.facebook.com\/lopezobrador.org.mx\/videos\/2160907713950600\/<\/p>\n<\/blockquote>\n","protected":false},"excerpt":{"rendered":"<p>La alternancia del 2000 termin\u00f3 en una \u201cfarsa del PRIAN\u201d, dice AMLO en el congreso de Morena<br \/>\nPor Redacci\u00f3n QP<\/p>\n","protected":false},"author":2,"featured_media":2807,"comment_status":"open","ping_status":"open","sticky":false,"template":"","format":"standard","meta":{"_monsterinsights_skip_tracking":false,"_monsterinsights_sitenote_active":false,"_monsterinsights_sitenote_note":"","_monsterinsights_sitenote_category":0,"footnotes":""},"categories":[2],"tags":[],"class_list":["post-2808","post","type-post","status-publish","format-standard","has-post-thumbnail","hentry","category-noticias"],"yoast_head":"<!-- This site is optimized with the Yoast SEO plugin v27.3 - https:\/\/yoast.com\/product\/yoast-seo-wordpress\/ -->\n<title>La alternancia del 2000 termin\u00f3 en una \u201cfarsa del PRIAN\u201d, dice AMLO en el congreso de Morena -<\/title>\n<meta name=\"robots\" content=\"index, follow, max-snippet:-1, max-image-preview:large, max-video-preview:-1\" \/>\n<link rel=\"canonical\" href=\"https:\/\/quehacerpolitico.mx\/?p=2808\" \/>\n<meta property=\"og:locale\" content=\"es_MX\" \/>\n<meta property=\"og:type\" content=\"article\" \/>\n<meta property=\"og:title\" content=\"La alternancia del 2000 termin\u00f3 en una \u201cfarsa del PRIAN\u201d, dice AMLO en el congreso de Morena -\" \/>\n<meta property=\"og:description\" content=\"La alternancia del 2000 termin\u00f3 en una \u201cfarsa del PRIAN\u201d, dice AMLO en el congreso de Morena Por Redacci\u00f3n QP\" \/>\n<meta property=\"og:url\" content=\"https:\/\/quehacerpolitico.mx\/?p=2808\" \/>\n<meta property=\"article:published_time\" content=\"2018-08-19T17:36:46+00:00\" \/>\n<meta name=\"author\" content=\"Redacci\u00f3n QP\" \/>\n<meta name=\"twitter:card\" content=\"summary_large_image\" \/>\n<meta name=\"twitter:label1\" content=\"Escrito por\" \/>\n\t<meta name=\"twitter:data1\" content=\"Redacci\u00f3n QP\" \/>\n\t<meta name=\"twitter:label2\" content=\"Tiempo de lectura\" \/>\n\t<meta name=\"twitter:data2\" content=\"4 minutos\" \/>\n<script type=\"application\/ld+json\" class=\"yoast-schema-graph\">{\"@context\":\"https:\\\/\\\/schema.org\",\"@graph\":[{\"@type\":\"Article\",\"@id\":\"https:\\\/\\\/quehacerpolitico.mx\\\/?p=2808#article\",\"isPartOf\":{\"@id\":\"https:\\\/\\\/quehacerpolitico.mx\\\/?p=2808\"},\"author\":{\"name\":\"Redacci\u00f3n QP\",\"@id\":\"https:\\\/\\\/quehacerpolitico.mx\\\/#\\\/schema\\\/person\\\/496d8ad2d1d3f8036101dca7ee39e585\"},\"headline\":\"La alternancia del 2000 termin\u00f3 en una \u201cfarsa del PRIAN\u201d, dice AMLO en el congreso de Morena\",\"datePublished\":\"2018-08-19T17:36:46+00:00\",\"mainEntityOfPage\":{\"@id\":\"https:\\\/\\\/quehacerpolitico.mx\\\/?p=2808\"},\"wordCount\":904,\"commentCount\":0,\"image\":{\"@id\":\"https:\\\/\\\/quehacerpolitico.mx\\\/?p=2808#primaryimage\"},\"thumbnailUrl\":\"\",\"articleSection\":[\"Noticias\"],\"inLanguage\":\"es\",\"potentialAction\":[{\"@type\":\"CommentAction\",\"name\":\"Comment\",\"target\":[\"https:\\\/\\\/quehacerpolitico.mx\\\/?p=2808#respond\"]}]},{\"@type\":\"WebPage\",\"@id\":\"https:\\\/\\\/quehacerpolitico.mx\\\/?p=2808\",\"url\":\"https:\\\/\\\/quehacerpolitico.mx\\\/?p=2808\",\"name\":\"La alternancia del 2000 termin\u00f3 en una \u201cfarsa del PRIAN\u201d, dice AMLO en el congreso de Morena -\",\"isPartOf\":{\"@id\":\"https:\\\/\\\/quehacerpolitico.mx\\\/#website\"},\"primaryImageOfPage\":{\"@id\":\"https:\\\/\\\/quehacerpolitico.mx\\\/?p=2808#primaryimage\"},\"image\":{\"@id\":\"https:\\\/\\\/quehacerpolitico.mx\\\/?p=2808#primaryimage\"},\"thumbnailUrl\":\"\",\"datePublished\":\"2018-08-19T17:36:46+00:00\",\"author\":{\"@id\":\"https:\\\/\\\/quehacerpolitico.mx\\\/#\\\/schema\\\/person\\\/496d8ad2d1d3f8036101dca7ee39e585\"},\"breadcrumb\":{\"@id\":\"https:\\\/\\\/quehacerpolitico.mx\\\/?p=2808#breadcrumb\"},\"inLanguage\":\"es\",\"potentialAction\":[{\"@type\":\"ReadAction\",\"target\":[\"https:\\\/\\\/quehacerpolitico.mx\\\/?p=2808\"]}]},{\"@type\":\"ImageObject\",\"inLanguage\":\"es\",\"@id\":\"https:\\\/\\\/quehacerpolitico.mx\\\/?p=2808#primaryimage\",\"url\":\"\",\"contentUrl\":\"\"},{\"@type\":\"BreadcrumbList\",\"@id\":\"https:\\\/\\\/quehacerpolitico.mx\\\/?p=2808#breadcrumb\",\"itemListElement\":[{\"@type\":\"ListItem\",\"position\":1,\"name\":\"Inicio\",\"item\":\"https:\\\/\\\/quehacerpolitico.mx\\\/\"},{\"@type\":\"ListItem\",\"position\":2,\"name\":\"La alternancia del 2000 termin\u00f3 en una \u201cfarsa del PRIAN\u201d, dice AMLO en el congreso de Morena\"}]},{\"@type\":\"WebSite\",\"@id\":\"https:\\\/\\\/quehacerpolitico.mx\\\/#website\",\"url\":\"https:\\\/\\\/quehacerpolitico.mx\\\/\",\"name\":\"\",\"description\":\"\",\"potentialAction\":[{\"@type\":\"SearchAction\",\"target\":{\"@type\":\"EntryPoint\",\"urlTemplate\":\"https:\\\/\\\/quehacerpolitico.mx\\\/?s={search_term_string}\"},\"query-input\":{\"@type\":\"PropertyValueSpecification\",\"valueRequired\":true,\"valueName\":\"search_term_string\"}}],\"inLanguage\":\"es\"},{\"@type\":\"Person\",\"@id\":\"https:\\\/\\\/quehacerpolitico.mx\\\/#\\\/schema\\\/person\\\/496d8ad2d1d3f8036101dca7ee39e585\",\"name\":\"Redacci\u00f3n QP\",\"image\":{\"@type\":\"ImageObject\",\"inLanguage\":\"es\",\"@id\":\"https:\\\/\\\/secure.gravatar.com\\\/avatar\\\/c7164ed6fdec453195284ad24a5ae5b6e1eed2b848477fa2a4787ba9adf39a41?s=96&d=mm&r=g\",\"url\":\"https:\\\/\\\/secure.gravatar.com\\\/avatar\\\/c7164ed6fdec453195284ad24a5ae5b6e1eed2b848477fa2a4787ba9adf39a41?s=96&d=mm&r=g\",\"contentUrl\":\"https:\\\/\\\/secure.gravatar.com\\\/avatar\\\/c7164ed6fdec453195284ad24a5ae5b6e1eed2b848477fa2a4787ba9adf39a41?s=96&d=mm&r=g\",\"caption\":\"Redacci\u00f3n QP\"},\"url\":\"https:\\\/\\\/quehacerpolitico.mx\\\/?author=2\"}]}<\/script>\n<!-- \/ Yoast SEO plugin. -->","yoast_head_json":{"title":"La alternancia del 2000 termin\u00f3 en una \u201cfarsa del PRIAN\u201d, dice AMLO en el congreso de Morena -","robots":{"index":"index","follow":"follow","max-snippet":"max-snippet:-1","max-image-preview":"max-image-preview:large","max-video-preview":"max-video-preview:-1"},"canonical":"https:\/\/quehacerpolitico.mx\/?p=2808","og_locale":"es_MX","og_type":"article","og_title":"La alternancia del 2000 termin\u00f3 en una \u201cfarsa del PRIAN\u201d, dice AMLO en el congreso de Morena -","og_description":"La alternancia del 2000 termin\u00f3 en una \u201cfarsa del PRIAN\u201d, dice AMLO en el congreso de Morena Por Redacci\u00f3n QP","og_url":"https:\/\/quehacerpolitico.mx\/?p=2808","article_published_time":"2018-08-19T17:36:46+00:00","author":"Redacci\u00f3n QP","twitter_card":"summary_large_image","twitter_misc":{"Escrito por":"Redacci\u00f3n QP","Tiempo de lectura":"4 minutos"},"schema":{"@context":"https:\/\/schema.org","@graph":[{"@type":"Article","@id":"https:\/\/quehacerpolitico.mx\/?p=2808#article","isPartOf":{"@id":"https:\/\/quehacerpolitico.mx\/?p=2808"},"author":{"name":"Redacci\u00f3n QP","@id":"https:\/\/quehacerpolitico.mx\/#\/schema\/person\/496d8ad2d1d3f8036101dca7ee39e585"},"headline":"La alternancia del 2000 termin\u00f3 en una \u201cfarsa del PRIAN\u201d, dice AMLO en el congreso de Morena","datePublished":"2018-08-19T17:36:46+00:00","mainEntityOfPage":{"@id":"https:\/\/quehacerpolitico.mx\/?p=2808"},"wordCount":904,"commentCount":0,"image":{"@id":"https:\/\/quehacerpolitico.mx\/?p=2808#primaryimage"},"thumbnailUrl":"","articleSection":["Noticias"],"inLanguage":"es","potentialAction":[{"@type":"CommentAction","name":"Comment","target":["https:\/\/quehacerpolitico.mx\/?p=2808#respond"]}]},{"@type":"WebPage","@id":"https:\/\/quehacerpolitico.mx\/?p=2808","url":"https:\/\/quehacerpolitico.mx\/?p=2808","name":"La alternancia del 2000 termin\u00f3 en una \u201cfarsa del PRIAN\u201d, dice AMLO en el congreso de Morena -","isPartOf":{"@id":"https:\/\/quehacerpolitico.mx\/#website"},"primaryImageOfPage":{"@id":"https:\/\/quehacerpolitico.mx\/?p=2808#primaryimage"},"image":{"@id":"https:\/\/quehacerpolitico.mx\/?p=2808#primaryimage"},"thumbnailUrl":"","datePublished":"2018-08-19T17:36:46+00:00","author":{"@id":"https:\/\/quehacerpolitico.mx\/#\/schema\/person\/496d8ad2d1d3f8036101dca7ee39e585"},"breadcrumb":{"@id":"https:\/\/quehacerpolitico.mx\/?p=2808#breadcrumb"},"inLanguage":"es","potentialAction":[{"@type":"ReadAction","target":["https:\/\/quehacerpolitico.mx\/?p=2808"]}]},{"@type":"ImageObject","inLanguage":"es","@id":"https:\/\/quehacerpolitico.mx\/?p=2808#primaryimage","url":"","contentUrl":""},{"@type":"BreadcrumbList","@id":"https:\/\/quehacerpolitico.mx\/?p=2808#breadcrumb","itemListElement":[{"@type":"ListItem","position":1,"name":"Inicio","item":"https:\/\/quehacerpolitico.mx\/"},{"@type":"ListItem","position":2,"name":"La alternancia del 2000 termin\u00f3 en una \u201cfarsa del PRIAN\u201d, dice AMLO en el congreso de Morena"}]},{"@type":"WebSite","@id":"https:\/\/quehacerpolitico.mx\/#website","url":"https:\/\/quehacerpolitico.mx\/","name":"","description":"","potentialAction":[{"@type":"SearchAction","target":{"@type":"EntryPoint","urlTemplate":"https:\/\/quehacerpolitico.mx\/?s={search_term_string}"},"query-input":{"@type":"PropertyValueSpecification","valueRequired":true,"valueName":"search_term_string"}}],"inLanguage":"es"},{"@type":"Person","@id":"https:\/\/quehacerpolitico.mx\/#\/schema\/person\/496d8ad2d1d3f8036101dca7ee39e585","name":"Redacci\u00f3n QP","image":{"@type":"ImageObject","inLanguage":"es","@id":"https:\/\/secure.gravatar.com\/avatar\/c7164ed6fdec453195284ad24a5ae5b6e1eed2b848477fa2a4787ba9adf39a41?s=96&d=mm&r=g","url":"https:\/\/secure.gravatar.com\/avatar\/c7164ed6fdec453195284ad24a5ae5b6e1eed2b848477fa2a4787ba9adf39a41?s=96&d=mm&r=g","contentUrl":"https:\/\/secure.gravatar.com\/avatar\/c7164ed6fdec453195284ad24a5ae5b6e1eed2b848477fa2a4787ba9adf39a41?s=96&d=mm&r=g","caption":"Redacci\u00f3n QP"},"url":"https:\/\/quehacerpolitico.mx\/?author=2"}]}},"featured_image_urls":{"full":"","thumbnail":"","medium":"","medium_large":"","large":"","1536x1536":"","2048x2048":"","covernews-featured":"","covernews-medium":""},"author_info":{"display_name":"Redacci\u00f3n QP","author_link":"https:\/\/quehacerpolitico.mx\/?author=2"},"category_info":"<a href=\"https:\/\/quehacerpolitico.mx\/?cat=2\" rel=\"category\">Noticias<\/a>","tag_info":"Noticias","comment_count":"0","_links":{"self":[{"href":"https:\/\/quehacerpolitico.mx\/index.php?rest_route=\/wp\/v2\/posts\/2808","targetHints":{"allow":["GET"]}}],"collection":[{"href":"https:\/\/quehacerpolitico.mx\/index.php?rest_route=\/wp\/v2\/posts"}],"about":[{"href":"https:\/\/quehacerpolitico.mx\/index.php?rest_route=\/wp\/v2\/types\/post"}],"author":[{"embeddable":true,"href":"https:\/\/quehacerpolitico.mx\/index.php?rest_route=\/wp\/v2\/users\/2"}],"replies":[{"embeddable":true,"href":"https:\/\/quehacerpolitico.mx\/index.php?rest_route=%2Fwp%2Fv2%2Fcomments&post=2808"}],"version-history":[{"count":0,"href":"https:\/\/quehacerpolitico.mx\/index.php?rest_route=\/wp\/v2\/posts\/2808\/revisions"}],"wp:featuredmedia":[{"embeddable":true,"href":"https:\/\/quehacerpolitico.mx\/index.php?rest_route=\/"}],"wp:attachment":[{"href":"https:\/\/quehacerpolitico.mx\/index.php?rest_route=%2Fwp%2Fv2%2Fmedia&parent=2808"}],"wp:term":[{"taxonomy":"category","embeddable":true,"href":"https:\/\/quehacerpolitico.mx\/index.php?rest_route=%2Fwp%2Fv2%2Fcategories&post=2808"},{"taxonomy":"post_tag","embeddable":true,"href":"https:\/\/quehacerpolitico.mx\/index.php?rest_route=%2Fwp%2Fv2%2Ftags&post=2808"}],"curies":[{"name":"wp","href":"https:\/\/api.w.org\/{rel}","templated":true}]}}