{"id":28060,"date":"2019-06-06T03:31:41","date_gmt":"2019-06-06T03:31:41","guid":{"rendered":"http:\/\/quehacerpolitico.mx\/el-tortas-y-el-jamon-a-proceso-por-delitos-contra-la-salud\/"},"modified":"2019-06-06T03:31:41","modified_gmt":"2019-06-06T03:31:41","slug":"el-tortas-y-el-jamon-a-proceso-por-delitos-contra-la-salud","status":"publish","type":"post","link":"https:\/\/quehacerpolitico.mx\/?p=28060","title":{"rendered":"&#8220;El Tortas&#8221; y &#8220;El Jam\u00f3n&#8221;, a proceso por delitos contra la salud"},"content":{"rendered":"<h1 class=\"news-title\">&#8220;El Tortas&#8221; y &#8220;El Jam\u00f3n&#8221;, a proceso por delitos contra la salud<\/h1>\n<p>Por Redacci\u00f3n QP<\/p>\n<header class=\"news-header\">\n<div class=\"news-subtitle\">\n<p>La Fiscal\u00eda General de la Rep\u00fablica detalla que dos jueces de control con sede en el municipio de Nezahualc\u00f3yotl obtuvieron la vinculaci\u00f3n de ambos sujetos<\/p>\n<\/div>\n<\/header>\n<div class=\"news-content\">\n<div class=\"news-body row\">\n<p>Jorge Flores Concha &#8220;El Tortas&#8221;, l\u00edder criminal\u00a0de la &#8220;Fuerza Anti-Uni\u00f3n de Tepito&#8221; y su antag\u00f3nico Pedro &#8220;El Jam\u00f3n&#8221; lugarteniente de &#8220;El Betito&#8221; otro l\u00edder de la &#8220;Uni\u00f3n de Tepito&#8221; as\u00ed como Jos\u00e9, al\u00edas &#8220;El Chepe&#8221;, hermano de este \u00faltimo, fueron vinculados a proceso por delitos contra la salud en distintas modalidades, inform\u00f3 este mi\u00e9rcoles la Fiscal\u00eda General de la Rep\u00fablica (FGR).<\/p>\n<p>Seg\u00fan la dependencia federal, <strong>dos jueces de control con sede en el municipio mexiquense de Nezahualc\u00f3yotl, obtuvieron la vinculaci\u00f3n a proceso de &#8220;El Jam\u00f3n&#8221; y su hermano &#8220;El Chepe&#8221;.<\/strong><\/p>\n<p>&#8220;El Jam\u00f3n&#8221; fue vinculado por su probable responsabilidad en delitos de contra la salud, en la modalidad de posesi\u00f3n con fines de comercio en su variante de venta, operaciones con recursos de procedencia il\u00edcita, en la modalidad de posesi\u00f3n y posesi\u00f3n de cartuchos.<\/p>\n<p>&#8220;El Chepe&#8221;, es investigado por delitos contra la salud, por posesi\u00f3n con fines de comercio, posesi\u00f3n de armas de fuego de uso exclusivo del Ej\u00e9rcito, Armada y Fuerza A\u00e9rea y cartuchos \u00fatiles, ambos fueron detenidos en el Estado de M\u00e9xico, en coordinaci\u00f3n con elementos de la FGR y la Secretar\u00eda de Marina (Semar).<\/p>\n<p>Por su parte, &#8220;El Tortas&#8221; ser\u00e1 internado en un Centro Federal de Readaptaci\u00f3n Social (Cefereso) y &#8220;El Jam\u00f3n&#8221; y &#8220;El Chepe&#8221;, se quedar\u00e1n en el penal Neza-Bordo.<\/p>\n<p>\u00a0<\/p>\n<\/div>\n<\/div>\n","protected":false},"excerpt":{"rendered":"<p>&#8220;El Tortas&#8221; y &#8220;El Jam\u00f3n&#8221;, a proceso por delitos contra la salud<br \/>\nPor Redacci\u00f3n QP<\/p>\n","protected":false},"author":2,"featured_media":28059,"comment_status":"open","ping_status":"open","sticky":false,"template":"","format":"standard","meta":{"_monsterinsights_skip_tracking":false,"_monsterinsights_sitenote_active":false,"_monsterinsights_sitenote_note":"","_monsterinsights_sitenote_category":0,"footnotes":""},"categories":[55],"tags":[],"class_list":["post-28060","post","type-post","status-publish","format-standard","has-post-thumbnail","hentry","category-cdmx"],"yoast_head":"<!-- This site is optimized with the Yoast SEO plugin v27.3 - https:\/\/yoast.com\/product\/yoast-seo-wordpress\/ -->\n<title>&quot;El Tortas&quot; y &quot;El Jam\u00f3n&quot;, a proceso por delitos contra la salud -<\/title>\n<meta name=\"robots\" content=\"index, follow, max-snippet:-1, max-image-preview:large, max-video-preview:-1\" \/>\n<link rel=\"canonical\" href=\"https:\/\/quehacerpolitico.mx\/?p=28060\" \/>\n<meta property=\"og:locale\" content=\"es_MX\" \/>\n<meta property=\"og:type\" content=\"article\" \/>\n<meta property=\"og:title\" content=\"&quot;El Tortas&quot; y &quot;El Jam\u00f3n&quot;, a proceso por delitos contra la salud -\" \/>\n<meta property=\"og:description\" content=\"&quot;El Tortas&quot; y &quot;El Jam\u00f3n&quot;, a proceso por delitos contra la salud Por Redacci\u00f3n QP\" \/>\n<meta property=\"og:url\" content=\"https:\/\/quehacerpolitico.mx\/?p=28060\" \/>\n<meta property=\"article:published_time\" content=\"2019-06-06T03:31:41+00:00\" \/>\n<meta name=\"author\" content=\"Redacci\u00f3n QP\" \/>\n<meta name=\"twitter:card\" content=\"summary_large_image\" \/>\n<meta name=\"twitter:label1\" content=\"Escrito por\" \/>\n\t<meta name=\"twitter:data1\" content=\"Redacci\u00f3n QP\" \/>\n\t<meta name=\"twitter:label2\" content=\"Tiempo de lectura\" \/>\n\t<meta name=\"twitter:data2\" content=\"1 minuto\" \/>\n<script type=\"application\/ld+json\" class=\"yoast-schema-graph\">{\"@context\":\"https:\\\/\\\/schema.org\",\"@graph\":[{\"@type\":\"Article\",\"@id\":\"https:\\\/\\\/quehacerpolitico.mx\\\/?p=28060#article\",\"isPartOf\":{\"@id\":\"https:\\\/\\\/quehacerpolitico.mx\\\/?p=28060\"},\"author\":{\"name\":\"Redacci\u00f3n QP\",\"@id\":\"https:\\\/\\\/quehacerpolitico.mx\\\/#\\\/schema\\\/person\\\/496d8ad2d1d3f8036101dca7ee39e585\"},\"headline\":\"&#8220;El Tortas&#8221; y &#8220;El Jam\u00f3n&#8221;, a proceso por delitos contra la salud\",\"datePublished\":\"2019-06-06T03:31:41+00:00\",\"mainEntityOfPage\":{\"@id\":\"https:\\\/\\\/quehacerpolitico.mx\\\/?p=28060\"},\"wordCount\":302,\"commentCount\":0,\"image\":{\"@id\":\"https:\\\/\\\/quehacerpolitico.mx\\\/?p=28060#primaryimage\"},\"thumbnailUrl\":\"\",\"articleSection\":[\"CDMX\"],\"inLanguage\":\"es\",\"potentialAction\":[{\"@type\":\"CommentAction\",\"name\":\"Comment\",\"target\":[\"https:\\\/\\\/quehacerpolitico.mx\\\/?p=28060#respond\"]}]},{\"@type\":\"WebPage\",\"@id\":\"https:\\\/\\\/quehacerpolitico.mx\\\/?p=28060\",\"url\":\"https:\\\/\\\/quehacerpolitico.mx\\\/?p=28060\",\"name\":\"\\\"El Tortas\\\" y \\\"El Jam\u00f3n\\\", a proceso por delitos contra la salud -\",\"isPartOf\":{\"@id\":\"https:\\\/\\\/quehacerpolitico.mx\\\/#website\"},\"primaryImageOfPage\":{\"@id\":\"https:\\\/\\\/quehacerpolitico.mx\\\/?p=28060#primaryimage\"},\"image\":{\"@id\":\"https:\\\/\\\/quehacerpolitico.mx\\\/?p=28060#primaryimage\"},\"thumbnailUrl\":\"\",\"datePublished\":\"2019-06-06T03:31:41+00:00\",\"author\":{\"@id\":\"https:\\\/\\\/quehacerpolitico.mx\\\/#\\\/schema\\\/person\\\/496d8ad2d1d3f8036101dca7ee39e585\"},\"breadcrumb\":{\"@id\":\"https:\\\/\\\/quehacerpolitico.mx\\\/?p=28060#breadcrumb\"},\"inLanguage\":\"es\",\"potentialAction\":[{\"@type\":\"ReadAction\",\"target\":[\"https:\\\/\\\/quehacerpolitico.mx\\\/?p=28060\"]}]},{\"@type\":\"ImageObject\",\"inLanguage\":\"es\",\"@id\":\"https:\\\/\\\/quehacerpolitico.mx\\\/?p=28060#primaryimage\",\"url\":\"\",\"contentUrl\":\"\"},{\"@type\":\"BreadcrumbList\",\"@id\":\"https:\\\/\\\/quehacerpolitico.mx\\\/?p=28060#breadcrumb\",\"itemListElement\":[{\"@type\":\"ListItem\",\"position\":1,\"name\":\"Inicio\",\"item\":\"https:\\\/\\\/quehacerpolitico.mx\\\/\"},{\"@type\":\"ListItem\",\"position\":2,\"name\":\"&#8220;El Tortas&#8221; y &#8220;El Jam\u00f3n&#8221;, a proceso por delitos contra la salud\"}]},{\"@type\":\"WebSite\",\"@id\":\"https:\\\/\\\/quehacerpolitico.mx\\\/#website\",\"url\":\"https:\\\/\\\/quehacerpolitico.mx\\\/\",\"name\":\"\",\"description\":\"\",\"potentialAction\":[{\"@type\":\"SearchAction\",\"target\":{\"@type\":\"EntryPoint\",\"urlTemplate\":\"https:\\\/\\\/quehacerpolitico.mx\\\/?s={search_term_string}\"},\"query-input\":{\"@type\":\"PropertyValueSpecification\",\"valueRequired\":true,\"valueName\":\"search_term_string\"}}],\"inLanguage\":\"es\"},{\"@type\":\"Person\",\"@id\":\"https:\\\/\\\/quehacerpolitico.mx\\\/#\\\/schema\\\/person\\\/496d8ad2d1d3f8036101dca7ee39e585\",\"name\":\"Redacci\u00f3n QP\",\"image\":{\"@type\":\"ImageObject\",\"inLanguage\":\"es\",\"@id\":\"https:\\\/\\\/secure.gravatar.com\\\/avatar\\\/c7164ed6fdec453195284ad24a5ae5b6e1eed2b848477fa2a4787ba9adf39a41?s=96&d=mm&r=g\",\"url\":\"https:\\\/\\\/secure.gravatar.com\\\/avatar\\\/c7164ed6fdec453195284ad24a5ae5b6e1eed2b848477fa2a4787ba9adf39a41?s=96&d=mm&r=g\",\"contentUrl\":\"https:\\\/\\\/secure.gravatar.com\\\/avatar\\\/c7164ed6fdec453195284ad24a5ae5b6e1eed2b848477fa2a4787ba9adf39a41?s=96&d=mm&r=g\",\"caption\":\"Redacci\u00f3n QP\"},\"url\":\"https:\\\/\\\/quehacerpolitico.mx\\\/?author=2\"}]}<\/script>\n<!-- \/ Yoast SEO plugin. -->","yoast_head_json":{"title":"\"El Tortas\" y \"El Jam\u00f3n\", a proceso por delitos contra la salud -","robots":{"index":"index","follow":"follow","max-snippet":"max-snippet:-1","max-image-preview":"max-image-preview:large","max-video-preview":"max-video-preview:-1"},"canonical":"https:\/\/quehacerpolitico.mx\/?p=28060","og_locale":"es_MX","og_type":"article","og_title":"\"El Tortas\" y \"El Jam\u00f3n\", a proceso por delitos contra la salud -","og_description":"\"El Tortas\" y \"El Jam\u00f3n\", a proceso por delitos contra la salud Por Redacci\u00f3n QP","og_url":"https:\/\/quehacerpolitico.mx\/?p=28060","article_published_time":"2019-06-06T03:31:41+00:00","author":"Redacci\u00f3n QP","twitter_card":"summary_large_image","twitter_misc":{"Escrito por":"Redacci\u00f3n QP","Tiempo de lectura":"1 minuto"},"schema":{"@context":"https:\/\/schema.org","@graph":[{"@type":"Article","@id":"https:\/\/quehacerpolitico.mx\/?p=28060#article","isPartOf":{"@id":"https:\/\/quehacerpolitico.mx\/?p=28060"},"author":{"name":"Redacci\u00f3n QP","@id":"https:\/\/quehacerpolitico.mx\/#\/schema\/person\/496d8ad2d1d3f8036101dca7ee39e585"},"headline":"&#8220;El Tortas&#8221; y &#8220;El Jam\u00f3n&#8221;, a proceso por delitos contra la salud","datePublished":"2019-06-06T03:31:41+00:00","mainEntityOfPage":{"@id":"https:\/\/quehacerpolitico.mx\/?p=28060"},"wordCount":302,"commentCount":0,"image":{"@id":"https:\/\/quehacerpolitico.mx\/?p=28060#primaryimage"},"thumbnailUrl":"","articleSection":["CDMX"],"inLanguage":"es","potentialAction":[{"@type":"CommentAction","name":"Comment","target":["https:\/\/quehacerpolitico.mx\/?p=28060#respond"]}]},{"@type":"WebPage","@id":"https:\/\/quehacerpolitico.mx\/?p=28060","url":"https:\/\/quehacerpolitico.mx\/?p=28060","name":"\"El Tortas\" y \"El Jam\u00f3n\", a proceso por delitos contra la salud -","isPartOf":{"@id":"https:\/\/quehacerpolitico.mx\/#website"},"primaryImageOfPage":{"@id":"https:\/\/quehacerpolitico.mx\/?p=28060#primaryimage"},"image":{"@id":"https:\/\/quehacerpolitico.mx\/?p=28060#primaryimage"},"thumbnailUrl":"","datePublished":"2019-06-06T03:31:41+00:00","author":{"@id":"https:\/\/quehacerpolitico.mx\/#\/schema\/person\/496d8ad2d1d3f8036101dca7ee39e585"},"breadcrumb":{"@id":"https:\/\/quehacerpolitico.mx\/?p=28060#breadcrumb"},"inLanguage":"es","potentialAction":[{"@type":"ReadAction","target":["https:\/\/quehacerpolitico.mx\/?p=28060"]}]},{"@type":"ImageObject","inLanguage":"es","@id":"https:\/\/quehacerpolitico.mx\/?p=28060#primaryimage","url":"","contentUrl":""},{"@type":"BreadcrumbList","@id":"https:\/\/quehacerpolitico.mx\/?p=28060#breadcrumb","itemListElement":[{"@type":"ListItem","position":1,"name":"Inicio","item":"https:\/\/quehacerpolitico.mx\/"},{"@type":"ListItem","position":2,"name":"&#8220;El Tortas&#8221; y &#8220;El Jam\u00f3n&#8221;, a proceso por delitos contra la salud"}]},{"@type":"WebSite","@id":"https:\/\/quehacerpolitico.mx\/#website","url":"https:\/\/quehacerpolitico.mx\/","name":"","description":"","potentialAction":[{"@type":"SearchAction","target":{"@type":"EntryPoint","urlTemplate":"https:\/\/quehacerpolitico.mx\/?s={search_term_string}"},"query-input":{"@type":"PropertyValueSpecification","valueRequired":true,"valueName":"search_term_string"}}],"inLanguage":"es"},{"@type":"Person","@id":"https:\/\/quehacerpolitico.mx\/#\/schema\/person\/496d8ad2d1d3f8036101dca7ee39e585","name":"Redacci\u00f3n QP","image":{"@type":"ImageObject","inLanguage":"es","@id":"https:\/\/secure.gravatar.com\/avatar\/c7164ed6fdec453195284ad24a5ae5b6e1eed2b848477fa2a4787ba9adf39a41?s=96&d=mm&r=g","url":"https:\/\/secure.gravatar.com\/avatar\/c7164ed6fdec453195284ad24a5ae5b6e1eed2b848477fa2a4787ba9adf39a41?s=96&d=mm&r=g","contentUrl":"https:\/\/secure.gravatar.com\/avatar\/c7164ed6fdec453195284ad24a5ae5b6e1eed2b848477fa2a4787ba9adf39a41?s=96&d=mm&r=g","caption":"Redacci\u00f3n QP"},"url":"https:\/\/quehacerpolitico.mx\/?author=2"}]}},"featured_image_urls":{"full":"","thumbnail":"","medium":"","medium_large":"","large":"","1536x1536":"","2048x2048":"","covernews-featured":"","covernews-medium":""},"author_info":{"display_name":"Redacci\u00f3n QP","author_link":"https:\/\/quehacerpolitico.mx\/?author=2"},"category_info":"<a href=\"https:\/\/quehacerpolitico.mx\/?cat=55\" rel=\"category\">CDMX<\/a>","tag_info":"CDMX","comment_count":"0","_links":{"self":[{"href":"https:\/\/quehacerpolitico.mx\/index.php?rest_route=\/wp\/v2\/posts\/28060","targetHints":{"allow":["GET"]}}],"collection":[{"href":"https:\/\/quehacerpolitico.mx\/index.php?rest_route=\/wp\/v2\/posts"}],"about":[{"href":"https:\/\/quehacerpolitico.mx\/index.php?rest_route=\/wp\/v2\/types\/post"}],"author":[{"embeddable":true,"href":"https:\/\/quehacerpolitico.mx\/index.php?rest_route=\/wp\/v2\/users\/2"}],"replies":[{"embeddable":true,"href":"https:\/\/quehacerpolitico.mx\/index.php?rest_route=%2Fwp%2Fv2%2Fcomments&post=28060"}],"version-history":[{"count":0,"href":"https:\/\/quehacerpolitico.mx\/index.php?rest_route=\/wp\/v2\/posts\/28060\/revisions"}],"wp:featuredmedia":[{"embeddable":true,"href":"https:\/\/quehacerpolitico.mx\/index.php?rest_route=\/"}],"wp:attachment":[{"href":"https:\/\/quehacerpolitico.mx\/index.php?rest_route=%2Fwp%2Fv2%2Fmedia&parent=28060"}],"wp:term":[{"taxonomy":"category","embeddable":true,"href":"https:\/\/quehacerpolitico.mx\/index.php?rest_route=%2Fwp%2Fv2%2Fcategories&post=28060"},{"taxonomy":"post_tag","embeddable":true,"href":"https:\/\/quehacerpolitico.mx\/index.php?rest_route=%2Fwp%2Fv2%2Ftags&post=28060"}],"curies":[{"name":"wp","href":"https:\/\/api.w.org\/{rel}","templated":true}]}}