{"id":28020,"date":"2019-06-05T19:01:37","date_gmt":"2019-06-05T19:01:37","guid":{"rendered":"http:\/\/quehacerpolitico.mx\/padre-recupera-a-ninos-torturados-por-su-madre-en-ecatepec\/"},"modified":"2019-06-05T19:01:37","modified_gmt":"2019-06-05T19:01:37","slug":"padre-recupera-a-ninos-torturados-por-su-madre-en-ecatepec","status":"publish","type":"post","link":"https:\/\/quehacerpolitico.mx\/?p=28020","title":{"rendered":"Padre recupera a ni\u00f1os torturados por su madre en Ecatepec"},"content":{"rendered":"<h1 class=\"news-title\">Padre recupera a ni\u00f1os torturados por su madre en Ecatepec<\/h1>\n<p>Por Redacci\u00f3n QP<\/p>\n<header class=\"news-header\">\n<div class=\"news-subtitle\">\n<p>Los menores, de nueve, siete y un a\u00f1o de edad, ya se encuentran bajo el cuidado de su familia paterna tras el arresto de Marisol &#8220;N&#8221;<\/p>\n<\/div>\n<\/header>\n<div class=\"news-content\">\n<div class=\"news-body row\">\n<p>El padre de tres ni\u00f1os de nueve, siete y un a\u00f1o de edad, quien denunci\u00f3 en redes sociales\u00a0los presuntos maltratos que sufr\u00edan de parte de la madre y de la actual pareja de ella, descubri\u00f3 en un tel\u00e9fono celular los abusos que padec\u00eda su hija m\u00e1s peque\u00f1a.<\/p>\n<blockquote>\n<p>&#8220;Yo le pregunt\u00e9 a mi hijo &#8216;\u00bfpor qu\u00e9 nunca me dijiste eso?&#8217;. \u00c9l me coment\u00f3 que esta persona los amenazaba&#8221;<\/p>\n<\/blockquote>\n<p>&#8220;A mis hijos yo les compr\u00e9 unos tel\u00e9fonos y esta persona (la pareja de su ex esposa) <strong>meti\u00f3 su cuenta en el tel\u00e9fono de mi hija y es as\u00ed como me entero de que ten\u00eda una nube y se descargaron los videos ah\u00ed y es como realmente me doy cuenta que estaba siendo torturada por estas dos personas<\/strong>&#8220;, denunci\u00f3 Mauricio, el padre de los tres menores de edad.<\/p>\n<p>Al darse cuenta de las lesiones\u00a0que ten\u00eda en su cuerpo la peque\u00f1a Melissa de un a\u00f1o, Mauricio le pregunt\u00f3 a Marisol, la madre de sus hijos qu\u00e9 le hab\u00eda ocurrido y ella le contest\u00f3 que sus hermanos le hab\u00edan causado el da\u00f1o.<\/p>\n<p>&#8220;Yo no me hab\u00eda dado cuenta, yo me daba cuenta que la ni\u00f1a ten\u00eda moretones, pero la ni\u00f1a me mencionaba que los moretones se los hac\u00eda mi hijo, otras cosas que se le ca\u00eda mi hija y que le mord\u00edan las ratas los piecitos&#8221;.<\/p>\n<div>\n<figure class=\"image\"><img decoding=\"async\" title=\"\" src=\"https:\/\/www.informador.mx\/export\/sites\/elinformador\/img\/2019\/06\/05\/maltrato.png_931810240.png\" alt=\"\" hspace=\"5\" vspace=\"5\" data-height=\"563\" data-size=\"w:573,h:563\" data-width=\"573\" \/><\/figure>\n<\/div>\n<p>&#8220;Yo le pregunt\u00e9 a mi hijo &#8216;\u00bfpor qu\u00e9 nunca me dijiste eso?&#8217;. \u00c9l me coment\u00f3 que esta persona (la pareja de su madre) los amenazaba&#8221;, dijo Mauricio.<\/p>\n<p>\u00d3scar, el hombre que presuntamente participar\u00eda tambi\u00e9n en el maltrato de la infante, <strong>asustaba a Guillermo, el mayor de los tres hermanos, con enviarlo a un convento con monjas si le contaba a su padre lo que ocurr\u00eda.<\/strong><\/p>\n<blockquote>\n<p>&#8220;En estos momentos estoy feliz, principalmente, porque mis hijos est\u00e1n aqu\u00ed conmigo&#8221;<\/p>\n<\/blockquote>\n<p>El 17 de mayo Marisol, la madre de los menores, huy\u00f3 con sus tres hijos despu\u00e9s de que se dio cuenta que Mauricio se hab\u00eda enterado de lo que suced\u00eda con la peque\u00f1a Melissa.<\/p>\n<p>Fue cuando el padre de los tres difundi\u00f3 en redes sociales las im\u00e1genes de lo que supuestamente le hac\u00edan Marisol y \u00d3scar a Melissa, a quien <strong>le pellizcaban las mejillas, adem\u00e1s de golpearla en otras partes del cuerpo, entre otros maltratos.<\/strong><\/p>\n<p>Tambi\u00e9n hizo p\u00fablicas las conversaciones que sosten\u00edan Marisol y \u00d3scar en Whatsapp en las que comentaban las agresiones que le propinaban a la ni\u00f1a.<\/p>\n<p>Ayer martes en Tizayuca, Hidalgo, elementos de la Fiscal\u00eda General de Justicia del Estado de M\u00e9xico\u00a0arrestaron a Marisol en casa de uno de sus familiares y ser\u00e1 enviada al penal de Chiconautla en Ecatepec acusada por el delito de lesiones.<\/p>\n<p><strong>Los tres ni\u00f1os ya se encuentran con su padre. \u00d3scar, la pareja sentimental de Marisol, se encuentra pr\u00f3fugo de la justicia.<\/strong><\/p>\n<p>&#8220;En estos momentos estoy feliz, principalmente, porque mis hijos est\u00e1n aqu\u00ed conmigo. A m\u00ed lo que me preocupaba era la seguridad de mis hijos y aqu\u00ed est\u00e1 mi hija Yamile, est\u00e1n mis dos hijos ah\u00ed con mis padres&#8221;, dijo Mauricio.<\/p>\n<\/div>\n<\/div>\n","protected":false},"excerpt":{"rendered":"<p>Padre recupera a ni\u00f1os torturados por su madre en Ecatepec<br \/>\nPor Redacci\u00f3n QP<\/p>\n","protected":false},"author":2,"featured_media":28019,"comment_status":"open","ping_status":"open","sticky":false,"template":"","format":"standard","meta":{"_monsterinsights_skip_tracking":false,"_monsterinsights_sitenote_active":false,"_monsterinsights_sitenote_note":"","_monsterinsights_sitenote_category":0,"footnotes":""},"categories":[2],"tags":[],"class_list":["post-28020","post","type-post","status-publish","format-standard","has-post-thumbnail","hentry","category-noticias"],"yoast_head":"<!-- This site is optimized with the Yoast SEO plugin v27.3 - https:\/\/yoast.com\/product\/yoast-seo-wordpress\/ -->\n<title>Padre recupera a ni\u00f1os torturados por su madre en Ecatepec -<\/title>\n<meta name=\"robots\" content=\"index, follow, max-snippet:-1, max-image-preview:large, max-video-preview:-1\" \/>\n<link rel=\"canonical\" href=\"https:\/\/quehacerpolitico.mx\/?p=28020\" \/>\n<meta property=\"og:locale\" content=\"es_MX\" \/>\n<meta property=\"og:type\" content=\"article\" \/>\n<meta property=\"og:title\" content=\"Padre recupera a ni\u00f1os torturados por su madre en Ecatepec -\" \/>\n<meta property=\"og:description\" content=\"Padre recupera a ni\u00f1os torturados por su madre en Ecatepec Por Redacci\u00f3n QP\" \/>\n<meta property=\"og:url\" content=\"https:\/\/quehacerpolitico.mx\/?p=28020\" \/>\n<meta property=\"article:published_time\" content=\"2019-06-05T19:01:37+00:00\" \/>\n<meta name=\"author\" content=\"Redacci\u00f3n QP\" \/>\n<meta name=\"twitter:card\" content=\"summary_large_image\" \/>\n<meta name=\"twitter:label1\" content=\"Escrito por\" \/>\n\t<meta name=\"twitter:data1\" content=\"Redacci\u00f3n QP\" \/>\n\t<meta name=\"twitter:label2\" content=\"Tiempo de lectura\" \/>\n\t<meta name=\"twitter:data2\" content=\"3 minutos\" \/>\n<script type=\"application\/ld+json\" class=\"yoast-schema-graph\">{\"@context\":\"https:\\\/\\\/schema.org\",\"@graph\":[{\"@type\":\"Article\",\"@id\":\"https:\\\/\\\/quehacerpolitico.mx\\\/?p=28020#article\",\"isPartOf\":{\"@id\":\"https:\\\/\\\/quehacerpolitico.mx\\\/?p=28020\"},\"author\":{\"name\":\"Redacci\u00f3n QP\",\"@id\":\"https:\\\/\\\/quehacerpolitico.mx\\\/#\\\/schema\\\/person\\\/496d8ad2d1d3f8036101dca7ee39e585\"},\"headline\":\"Padre recupera a ni\u00f1os torturados por su madre en Ecatepec\",\"datePublished\":\"2019-06-05T19:01:37+00:00\",\"mainEntityOfPage\":{\"@id\":\"https:\\\/\\\/quehacerpolitico.mx\\\/?p=28020\"},\"wordCount\":597,\"commentCount\":0,\"image\":{\"@id\":\"https:\\\/\\\/quehacerpolitico.mx\\\/?p=28020#primaryimage\"},\"thumbnailUrl\":\"\",\"articleSection\":[\"Noticias\"],\"inLanguage\":\"es\",\"potentialAction\":[{\"@type\":\"CommentAction\",\"name\":\"Comment\",\"target\":[\"https:\\\/\\\/quehacerpolitico.mx\\\/?p=28020#respond\"]}]},{\"@type\":\"WebPage\",\"@id\":\"https:\\\/\\\/quehacerpolitico.mx\\\/?p=28020\",\"url\":\"https:\\\/\\\/quehacerpolitico.mx\\\/?p=28020\",\"name\":\"Padre recupera a ni\u00f1os torturados por su madre en Ecatepec -\",\"isPartOf\":{\"@id\":\"https:\\\/\\\/quehacerpolitico.mx\\\/#website\"},\"primaryImageOfPage\":{\"@id\":\"https:\\\/\\\/quehacerpolitico.mx\\\/?p=28020#primaryimage\"},\"image\":{\"@id\":\"https:\\\/\\\/quehacerpolitico.mx\\\/?p=28020#primaryimage\"},\"thumbnailUrl\":\"\",\"datePublished\":\"2019-06-05T19:01:37+00:00\",\"author\":{\"@id\":\"https:\\\/\\\/quehacerpolitico.mx\\\/#\\\/schema\\\/person\\\/496d8ad2d1d3f8036101dca7ee39e585\"},\"breadcrumb\":{\"@id\":\"https:\\\/\\\/quehacerpolitico.mx\\\/?p=28020#breadcrumb\"},\"inLanguage\":\"es\",\"potentialAction\":[{\"@type\":\"ReadAction\",\"target\":[\"https:\\\/\\\/quehacerpolitico.mx\\\/?p=28020\"]}]},{\"@type\":\"ImageObject\",\"inLanguage\":\"es\",\"@id\":\"https:\\\/\\\/quehacerpolitico.mx\\\/?p=28020#primaryimage\",\"url\":\"\",\"contentUrl\":\"\"},{\"@type\":\"BreadcrumbList\",\"@id\":\"https:\\\/\\\/quehacerpolitico.mx\\\/?p=28020#breadcrumb\",\"itemListElement\":[{\"@type\":\"ListItem\",\"position\":1,\"name\":\"Inicio\",\"item\":\"https:\\\/\\\/quehacerpolitico.mx\\\/\"},{\"@type\":\"ListItem\",\"position\":2,\"name\":\"Padre recupera a ni\u00f1os torturados por su madre en Ecatepec\"}]},{\"@type\":\"WebSite\",\"@id\":\"https:\\\/\\\/quehacerpolitico.mx\\\/#website\",\"url\":\"https:\\\/\\\/quehacerpolitico.mx\\\/\",\"name\":\"\",\"description\":\"\",\"potentialAction\":[{\"@type\":\"SearchAction\",\"target\":{\"@type\":\"EntryPoint\",\"urlTemplate\":\"https:\\\/\\\/quehacerpolitico.mx\\\/?s={search_term_string}\"},\"query-input\":{\"@type\":\"PropertyValueSpecification\",\"valueRequired\":true,\"valueName\":\"search_term_string\"}}],\"inLanguage\":\"es\"},{\"@type\":\"Person\",\"@id\":\"https:\\\/\\\/quehacerpolitico.mx\\\/#\\\/schema\\\/person\\\/496d8ad2d1d3f8036101dca7ee39e585\",\"name\":\"Redacci\u00f3n QP\",\"image\":{\"@type\":\"ImageObject\",\"inLanguage\":\"es\",\"@id\":\"https:\\\/\\\/secure.gravatar.com\\\/avatar\\\/c7164ed6fdec453195284ad24a5ae5b6e1eed2b848477fa2a4787ba9adf39a41?s=96&d=mm&r=g\",\"url\":\"https:\\\/\\\/secure.gravatar.com\\\/avatar\\\/c7164ed6fdec453195284ad24a5ae5b6e1eed2b848477fa2a4787ba9adf39a41?s=96&d=mm&r=g\",\"contentUrl\":\"https:\\\/\\\/secure.gravatar.com\\\/avatar\\\/c7164ed6fdec453195284ad24a5ae5b6e1eed2b848477fa2a4787ba9adf39a41?s=96&d=mm&r=g\",\"caption\":\"Redacci\u00f3n QP\"},\"url\":\"https:\\\/\\\/quehacerpolitico.mx\\\/?author=2\"}]}<\/script>\n<!-- \/ Yoast SEO plugin. -->","yoast_head_json":{"title":"Padre recupera a ni\u00f1os torturados por su madre en Ecatepec -","robots":{"index":"index","follow":"follow","max-snippet":"max-snippet:-1","max-image-preview":"max-image-preview:large","max-video-preview":"max-video-preview:-1"},"canonical":"https:\/\/quehacerpolitico.mx\/?p=28020","og_locale":"es_MX","og_type":"article","og_title":"Padre recupera a ni\u00f1os torturados por su madre en Ecatepec -","og_description":"Padre recupera a ni\u00f1os torturados por su madre en Ecatepec Por Redacci\u00f3n QP","og_url":"https:\/\/quehacerpolitico.mx\/?p=28020","article_published_time":"2019-06-05T19:01:37+00:00","author":"Redacci\u00f3n QP","twitter_card":"summary_large_image","twitter_misc":{"Escrito por":"Redacci\u00f3n QP","Tiempo de lectura":"3 minutos"},"schema":{"@context":"https:\/\/schema.org","@graph":[{"@type":"Article","@id":"https:\/\/quehacerpolitico.mx\/?p=28020#article","isPartOf":{"@id":"https:\/\/quehacerpolitico.mx\/?p=28020"},"author":{"name":"Redacci\u00f3n QP","@id":"https:\/\/quehacerpolitico.mx\/#\/schema\/person\/496d8ad2d1d3f8036101dca7ee39e585"},"headline":"Padre recupera a ni\u00f1os torturados por su madre en Ecatepec","datePublished":"2019-06-05T19:01:37+00:00","mainEntityOfPage":{"@id":"https:\/\/quehacerpolitico.mx\/?p=28020"},"wordCount":597,"commentCount":0,"image":{"@id":"https:\/\/quehacerpolitico.mx\/?p=28020#primaryimage"},"thumbnailUrl":"","articleSection":["Noticias"],"inLanguage":"es","potentialAction":[{"@type":"CommentAction","name":"Comment","target":["https:\/\/quehacerpolitico.mx\/?p=28020#respond"]}]},{"@type":"WebPage","@id":"https:\/\/quehacerpolitico.mx\/?p=28020","url":"https:\/\/quehacerpolitico.mx\/?p=28020","name":"Padre recupera a ni\u00f1os torturados por su madre en Ecatepec -","isPartOf":{"@id":"https:\/\/quehacerpolitico.mx\/#website"},"primaryImageOfPage":{"@id":"https:\/\/quehacerpolitico.mx\/?p=28020#primaryimage"},"image":{"@id":"https:\/\/quehacerpolitico.mx\/?p=28020#primaryimage"},"thumbnailUrl":"","datePublished":"2019-06-05T19:01:37+00:00","author":{"@id":"https:\/\/quehacerpolitico.mx\/#\/schema\/person\/496d8ad2d1d3f8036101dca7ee39e585"},"breadcrumb":{"@id":"https:\/\/quehacerpolitico.mx\/?p=28020#breadcrumb"},"inLanguage":"es","potentialAction":[{"@type":"ReadAction","target":["https:\/\/quehacerpolitico.mx\/?p=28020"]}]},{"@type":"ImageObject","inLanguage":"es","@id":"https:\/\/quehacerpolitico.mx\/?p=28020#primaryimage","url":"","contentUrl":""},{"@type":"BreadcrumbList","@id":"https:\/\/quehacerpolitico.mx\/?p=28020#breadcrumb","itemListElement":[{"@type":"ListItem","position":1,"name":"Inicio","item":"https:\/\/quehacerpolitico.mx\/"},{"@type":"ListItem","position":2,"name":"Padre recupera a ni\u00f1os torturados por su madre en Ecatepec"}]},{"@type":"WebSite","@id":"https:\/\/quehacerpolitico.mx\/#website","url":"https:\/\/quehacerpolitico.mx\/","name":"","description":"","potentialAction":[{"@type":"SearchAction","target":{"@type":"EntryPoint","urlTemplate":"https:\/\/quehacerpolitico.mx\/?s={search_term_string}"},"query-input":{"@type":"PropertyValueSpecification","valueRequired":true,"valueName":"search_term_string"}}],"inLanguage":"es"},{"@type":"Person","@id":"https:\/\/quehacerpolitico.mx\/#\/schema\/person\/496d8ad2d1d3f8036101dca7ee39e585","name":"Redacci\u00f3n QP","image":{"@type":"ImageObject","inLanguage":"es","@id":"https:\/\/secure.gravatar.com\/avatar\/c7164ed6fdec453195284ad24a5ae5b6e1eed2b848477fa2a4787ba9adf39a41?s=96&d=mm&r=g","url":"https:\/\/secure.gravatar.com\/avatar\/c7164ed6fdec453195284ad24a5ae5b6e1eed2b848477fa2a4787ba9adf39a41?s=96&d=mm&r=g","contentUrl":"https:\/\/secure.gravatar.com\/avatar\/c7164ed6fdec453195284ad24a5ae5b6e1eed2b848477fa2a4787ba9adf39a41?s=96&d=mm&r=g","caption":"Redacci\u00f3n QP"},"url":"https:\/\/quehacerpolitico.mx\/?author=2"}]}},"featured_image_urls":{"full":"","thumbnail":"","medium":"","medium_large":"","large":"","1536x1536":"","2048x2048":"","covernews-featured":"","covernews-medium":""},"author_info":{"display_name":"Redacci\u00f3n QP","author_link":"https:\/\/quehacerpolitico.mx\/?author=2"},"category_info":"<a href=\"https:\/\/quehacerpolitico.mx\/?cat=2\" rel=\"category\">Noticias<\/a>","tag_info":"Noticias","comment_count":"0","_links":{"self":[{"href":"https:\/\/quehacerpolitico.mx\/index.php?rest_route=\/wp\/v2\/posts\/28020","targetHints":{"allow":["GET"]}}],"collection":[{"href":"https:\/\/quehacerpolitico.mx\/index.php?rest_route=\/wp\/v2\/posts"}],"about":[{"href":"https:\/\/quehacerpolitico.mx\/index.php?rest_route=\/wp\/v2\/types\/post"}],"author":[{"embeddable":true,"href":"https:\/\/quehacerpolitico.mx\/index.php?rest_route=\/wp\/v2\/users\/2"}],"replies":[{"embeddable":true,"href":"https:\/\/quehacerpolitico.mx\/index.php?rest_route=%2Fwp%2Fv2%2Fcomments&post=28020"}],"version-history":[{"count":0,"href":"https:\/\/quehacerpolitico.mx\/index.php?rest_route=\/wp\/v2\/posts\/28020\/revisions"}],"wp:featuredmedia":[{"embeddable":true,"href":"https:\/\/quehacerpolitico.mx\/index.php?rest_route=\/"}],"wp:attachment":[{"href":"https:\/\/quehacerpolitico.mx\/index.php?rest_route=%2Fwp%2Fv2%2Fmedia&parent=28020"}],"wp:term":[{"taxonomy":"category","embeddable":true,"href":"https:\/\/quehacerpolitico.mx\/index.php?rest_route=%2Fwp%2Fv2%2Fcategories&post=28020"},{"taxonomy":"post_tag","embeddable":true,"href":"https:\/\/quehacerpolitico.mx\/index.php?rest_route=%2Fwp%2Fv2%2Ftags&post=28020"}],"curies":[{"name":"wp","href":"https:\/\/api.w.org\/{rel}","templated":true}]}}