{"id":28014,"date":"2019-06-05T18:40:43","date_gmt":"2019-06-05T18:40:43","guid":{"rendered":"http:\/\/quehacerpolitico.mx\/perfilan-aprobar-en-agosto-leyes-secundarias-de-reforma-educativa\/"},"modified":"2019-06-05T18:40:43","modified_gmt":"2019-06-05T18:40:43","slug":"perfilan-aprobar-en-agosto-leyes-secundarias-de-reforma-educativa","status":"publish","type":"post","link":"https:\/\/quehacerpolitico.mx\/?p=28014","title":{"rendered":"Perfilan aprobar en agosto leyes secundarias de Reforma Educativa"},"content":{"rendered":"<h1 class=\"news-title\">Perfilan aprobar en agosto leyes secundarias de Reforma Educativa<\/h1>\n<p>Por Redacci\u00f3n QP<\/p>\n<header class=\"news-header\">\n<div class=\"news-subtitle\">\n<p>Por unanimidad, diputados aprobaron para la elaboraci\u00f3n, an\u00e1lisis y discusi\u00f3n de los proyectos de leyes secundarias a la Reforma Educativa<\/p>\n<\/div>\n<\/header>\n<div class=\"news-content\">\n<div class=\"news-body row\">\n<p>La presidenta de la Comisi\u00f3n de Educaci\u00f3n de la C\u00e1mara de Diputados, Adela Pi\u00f1a (Morena), inform\u00f3 que se prev\u00e9 que <strong>en las primeras dos semanas de agosto se realice un periodo extraordinario para aprobar las cinco leyes secundarias de la Reforma Educativa.<\/strong><\/p>\n<p>Este mi\u00e9rcoles, la Comisi\u00f3n de Educaci\u00f3n de la C\u00e1mara de Diputados aprob\u00f3, por unanimidad, el acuerdo por el que <strong>se establece el procedimiento de elaboraci\u00f3n, an\u00e1lisis y discusi\u00f3n de los proyectos de leyes secundarias a la Reforma Educativa.<\/strong><\/p>\n<p>En este acuerdo se prev\u00e9 que haya dos periodos de parlamento abierto <strong>para conocer opiniones de expertos, legisladores, maestros, sindicatos y otros para crear las iniciativas correspondientes.<\/strong> El primer espacio ser\u00e1 el 24, 25 y 26 de junio y habr\u00e1 otro del 28 al 30 de julio.<\/p>\n<p>Adela Pi\u00f1a inform\u00f3 que se deben crear, la Ley del Sistema de la Carrera de las y los Maestros, la Ley General de Educaci\u00f3n, la Ley del Organismo para la Mejora Continua de la Educaci\u00f3n. Y a\u00fan tienen m\u00e1s tiempo para su definici\u00f3n, la Ley de Educaci\u00f3n Superior y la Ley de Ciencia y Tecnolog\u00eda.<\/p>\n<p>Adem\u00e1s explic\u00f3 que debe haber tambi\u00e9n modificaciones a las leyes de las ni\u00f1as y los ni\u00f1os, la Ley de Cultura y Deporte y la Ley de Infraestructura Educativa.<\/p>\n<p>Explic\u00f3 que despu\u00e9s de que se aprob\u00f3 la Reforma Educativa\u00a0<strong>se abri\u00f3 un plazo de 120 d\u00edas para aprobar las leyes secundarias y \u00e9ste vence el pr\u00f3ximo 12 de septiembre<\/strong>, pero quieren aprobarlas antes de que inicie el pr\u00f3ximo periodo escolar que es el 26 de agosto.<\/p>\n<p>&#8220;Estamos hablando de un trabajo muy arduo en poco tiempo, pero es un reto pero es fundamental tener lo m\u00e1s pronto posible estas leyes&#8221;, resalt\u00f3.<\/p>\n<p>Inform\u00f3 que hay un acuerdo para trabajar de manera conjunta con la Comisi\u00f3n de Educaci\u00f3n del Senado de la Rep\u00fablica para la creaci\u00f3n de las leyes, pero a\u00fan no hay una definici\u00f3n de qu\u00e9 c\u00e1mara ser\u00e1 la de origen y cu\u00e1l la revisora.<\/p>\n<p>&#8220;Vamos a ver cu\u00e1l es el origen de estas leyes, ahorita no puedo decir cu\u00e1l ser\u00e1 la c\u00e1mara de origen y la revisora&#8221;, explic\u00f3 la legisladora de Morena.<\/p>\n<\/div>\n<\/div>\n","protected":false},"excerpt":{"rendered":"<p>Perfilan aprobar en agosto leyes secundarias de Reforma Educativa<br \/>\nPor Redacci\u00f3n QP<\/p>\n","protected":false},"author":2,"featured_media":28013,"comment_status":"open","ping_status":"open","sticky":false,"template":"","format":"standard","meta":{"_monsterinsights_skip_tracking":false,"_monsterinsights_sitenote_active":false,"_monsterinsights_sitenote_note":"","_monsterinsights_sitenote_category":0,"footnotes":""},"categories":[2],"tags":[],"class_list":["post-28014","post","type-post","status-publish","format-standard","has-post-thumbnail","hentry","category-noticias"],"yoast_head":"<!-- This site is optimized with the Yoast SEO plugin v27.3 - https:\/\/yoast.com\/product\/yoast-seo-wordpress\/ -->\n<title>Perfilan aprobar en agosto leyes secundarias de Reforma Educativa -<\/title>\n<meta name=\"robots\" content=\"index, follow, max-snippet:-1, max-image-preview:large, max-video-preview:-1\" \/>\n<link rel=\"canonical\" href=\"https:\/\/quehacerpolitico.mx\/?p=28014\" \/>\n<meta property=\"og:locale\" content=\"es_MX\" \/>\n<meta property=\"og:type\" content=\"article\" \/>\n<meta property=\"og:title\" content=\"Perfilan aprobar en agosto leyes secundarias de Reforma Educativa -\" \/>\n<meta property=\"og:description\" content=\"Perfilan aprobar en agosto leyes secundarias de Reforma Educativa Por Redacci\u00f3n QP\" \/>\n<meta property=\"og:url\" content=\"https:\/\/quehacerpolitico.mx\/?p=28014\" \/>\n<meta property=\"article:published_time\" content=\"2019-06-05T18:40:43+00:00\" \/>\n<meta name=\"author\" content=\"Redacci\u00f3n QP\" \/>\n<meta name=\"twitter:card\" content=\"summary_large_image\" \/>\n<meta name=\"twitter:label1\" content=\"Escrito por\" \/>\n\t<meta name=\"twitter:data1\" content=\"Redacci\u00f3n QP\" \/>\n\t<meta name=\"twitter:label2\" content=\"Tiempo de lectura\" \/>\n\t<meta name=\"twitter:data2\" content=\"2 minutos\" \/>\n<script type=\"application\/ld+json\" class=\"yoast-schema-graph\">{\"@context\":\"https:\\\/\\\/schema.org\",\"@graph\":[{\"@type\":\"Article\",\"@id\":\"https:\\\/\\\/quehacerpolitico.mx\\\/?p=28014#article\",\"isPartOf\":{\"@id\":\"https:\\\/\\\/quehacerpolitico.mx\\\/?p=28014\"},\"author\":{\"name\":\"Redacci\u00f3n QP\",\"@id\":\"https:\\\/\\\/quehacerpolitico.mx\\\/#\\\/schema\\\/person\\\/496d8ad2d1d3f8036101dca7ee39e585\"},\"headline\":\"Perfilan aprobar en agosto leyes secundarias de Reforma Educativa\",\"datePublished\":\"2019-06-05T18:40:43+00:00\",\"mainEntityOfPage\":{\"@id\":\"https:\\\/\\\/quehacerpolitico.mx\\\/?p=28014\"},\"wordCount\":429,\"commentCount\":0,\"image\":{\"@id\":\"https:\\\/\\\/quehacerpolitico.mx\\\/?p=28014#primaryimage\"},\"thumbnailUrl\":\"\",\"articleSection\":[\"Noticias\"],\"inLanguage\":\"es\",\"potentialAction\":[{\"@type\":\"CommentAction\",\"name\":\"Comment\",\"target\":[\"https:\\\/\\\/quehacerpolitico.mx\\\/?p=28014#respond\"]}]},{\"@type\":\"WebPage\",\"@id\":\"https:\\\/\\\/quehacerpolitico.mx\\\/?p=28014\",\"url\":\"https:\\\/\\\/quehacerpolitico.mx\\\/?p=28014\",\"name\":\"Perfilan aprobar en agosto leyes secundarias de Reforma Educativa -\",\"isPartOf\":{\"@id\":\"https:\\\/\\\/quehacerpolitico.mx\\\/#website\"},\"primaryImageOfPage\":{\"@id\":\"https:\\\/\\\/quehacerpolitico.mx\\\/?p=28014#primaryimage\"},\"image\":{\"@id\":\"https:\\\/\\\/quehacerpolitico.mx\\\/?p=28014#primaryimage\"},\"thumbnailUrl\":\"\",\"datePublished\":\"2019-06-05T18:40:43+00:00\",\"author\":{\"@id\":\"https:\\\/\\\/quehacerpolitico.mx\\\/#\\\/schema\\\/person\\\/496d8ad2d1d3f8036101dca7ee39e585\"},\"breadcrumb\":{\"@id\":\"https:\\\/\\\/quehacerpolitico.mx\\\/?p=28014#breadcrumb\"},\"inLanguage\":\"es\",\"potentialAction\":[{\"@type\":\"ReadAction\",\"target\":[\"https:\\\/\\\/quehacerpolitico.mx\\\/?p=28014\"]}]},{\"@type\":\"ImageObject\",\"inLanguage\":\"es\",\"@id\":\"https:\\\/\\\/quehacerpolitico.mx\\\/?p=28014#primaryimage\",\"url\":\"\",\"contentUrl\":\"\"},{\"@type\":\"BreadcrumbList\",\"@id\":\"https:\\\/\\\/quehacerpolitico.mx\\\/?p=28014#breadcrumb\",\"itemListElement\":[{\"@type\":\"ListItem\",\"position\":1,\"name\":\"Inicio\",\"item\":\"https:\\\/\\\/quehacerpolitico.mx\\\/\"},{\"@type\":\"ListItem\",\"position\":2,\"name\":\"Perfilan aprobar en agosto leyes secundarias de Reforma Educativa\"}]},{\"@type\":\"WebSite\",\"@id\":\"https:\\\/\\\/quehacerpolitico.mx\\\/#website\",\"url\":\"https:\\\/\\\/quehacerpolitico.mx\\\/\",\"name\":\"\",\"description\":\"\",\"potentialAction\":[{\"@type\":\"SearchAction\",\"target\":{\"@type\":\"EntryPoint\",\"urlTemplate\":\"https:\\\/\\\/quehacerpolitico.mx\\\/?s={search_term_string}\"},\"query-input\":{\"@type\":\"PropertyValueSpecification\",\"valueRequired\":true,\"valueName\":\"search_term_string\"}}],\"inLanguage\":\"es\"},{\"@type\":\"Person\",\"@id\":\"https:\\\/\\\/quehacerpolitico.mx\\\/#\\\/schema\\\/person\\\/496d8ad2d1d3f8036101dca7ee39e585\",\"name\":\"Redacci\u00f3n QP\",\"image\":{\"@type\":\"ImageObject\",\"inLanguage\":\"es\",\"@id\":\"https:\\\/\\\/secure.gravatar.com\\\/avatar\\\/c7164ed6fdec453195284ad24a5ae5b6e1eed2b848477fa2a4787ba9adf39a41?s=96&d=mm&r=g\",\"url\":\"https:\\\/\\\/secure.gravatar.com\\\/avatar\\\/c7164ed6fdec453195284ad24a5ae5b6e1eed2b848477fa2a4787ba9adf39a41?s=96&d=mm&r=g\",\"contentUrl\":\"https:\\\/\\\/secure.gravatar.com\\\/avatar\\\/c7164ed6fdec453195284ad24a5ae5b6e1eed2b848477fa2a4787ba9adf39a41?s=96&d=mm&r=g\",\"caption\":\"Redacci\u00f3n QP\"},\"url\":\"https:\\\/\\\/quehacerpolitico.mx\\\/?author=2\"}]}<\/script>\n<!-- \/ Yoast SEO plugin. -->","yoast_head_json":{"title":"Perfilan aprobar en agosto leyes secundarias de Reforma Educativa -","robots":{"index":"index","follow":"follow","max-snippet":"max-snippet:-1","max-image-preview":"max-image-preview:large","max-video-preview":"max-video-preview:-1"},"canonical":"https:\/\/quehacerpolitico.mx\/?p=28014","og_locale":"es_MX","og_type":"article","og_title":"Perfilan aprobar en agosto leyes secundarias de Reforma Educativa -","og_description":"Perfilan aprobar en agosto leyes secundarias de Reforma Educativa Por Redacci\u00f3n QP","og_url":"https:\/\/quehacerpolitico.mx\/?p=28014","article_published_time":"2019-06-05T18:40:43+00:00","author":"Redacci\u00f3n QP","twitter_card":"summary_large_image","twitter_misc":{"Escrito por":"Redacci\u00f3n QP","Tiempo de lectura":"2 minutos"},"schema":{"@context":"https:\/\/schema.org","@graph":[{"@type":"Article","@id":"https:\/\/quehacerpolitico.mx\/?p=28014#article","isPartOf":{"@id":"https:\/\/quehacerpolitico.mx\/?p=28014"},"author":{"name":"Redacci\u00f3n QP","@id":"https:\/\/quehacerpolitico.mx\/#\/schema\/person\/496d8ad2d1d3f8036101dca7ee39e585"},"headline":"Perfilan aprobar en agosto leyes secundarias de Reforma Educativa","datePublished":"2019-06-05T18:40:43+00:00","mainEntityOfPage":{"@id":"https:\/\/quehacerpolitico.mx\/?p=28014"},"wordCount":429,"commentCount":0,"image":{"@id":"https:\/\/quehacerpolitico.mx\/?p=28014#primaryimage"},"thumbnailUrl":"","articleSection":["Noticias"],"inLanguage":"es","potentialAction":[{"@type":"CommentAction","name":"Comment","target":["https:\/\/quehacerpolitico.mx\/?p=28014#respond"]}]},{"@type":"WebPage","@id":"https:\/\/quehacerpolitico.mx\/?p=28014","url":"https:\/\/quehacerpolitico.mx\/?p=28014","name":"Perfilan aprobar en agosto leyes secundarias de Reforma Educativa -","isPartOf":{"@id":"https:\/\/quehacerpolitico.mx\/#website"},"primaryImageOfPage":{"@id":"https:\/\/quehacerpolitico.mx\/?p=28014#primaryimage"},"image":{"@id":"https:\/\/quehacerpolitico.mx\/?p=28014#primaryimage"},"thumbnailUrl":"","datePublished":"2019-06-05T18:40:43+00:00","author":{"@id":"https:\/\/quehacerpolitico.mx\/#\/schema\/person\/496d8ad2d1d3f8036101dca7ee39e585"},"breadcrumb":{"@id":"https:\/\/quehacerpolitico.mx\/?p=28014#breadcrumb"},"inLanguage":"es","potentialAction":[{"@type":"ReadAction","target":["https:\/\/quehacerpolitico.mx\/?p=28014"]}]},{"@type":"ImageObject","inLanguage":"es","@id":"https:\/\/quehacerpolitico.mx\/?p=28014#primaryimage","url":"","contentUrl":""},{"@type":"BreadcrumbList","@id":"https:\/\/quehacerpolitico.mx\/?p=28014#breadcrumb","itemListElement":[{"@type":"ListItem","position":1,"name":"Inicio","item":"https:\/\/quehacerpolitico.mx\/"},{"@type":"ListItem","position":2,"name":"Perfilan aprobar en agosto leyes secundarias de Reforma Educativa"}]},{"@type":"WebSite","@id":"https:\/\/quehacerpolitico.mx\/#website","url":"https:\/\/quehacerpolitico.mx\/","name":"","description":"","potentialAction":[{"@type":"SearchAction","target":{"@type":"EntryPoint","urlTemplate":"https:\/\/quehacerpolitico.mx\/?s={search_term_string}"},"query-input":{"@type":"PropertyValueSpecification","valueRequired":true,"valueName":"search_term_string"}}],"inLanguage":"es"},{"@type":"Person","@id":"https:\/\/quehacerpolitico.mx\/#\/schema\/person\/496d8ad2d1d3f8036101dca7ee39e585","name":"Redacci\u00f3n QP","image":{"@type":"ImageObject","inLanguage":"es","@id":"https:\/\/secure.gravatar.com\/avatar\/c7164ed6fdec453195284ad24a5ae5b6e1eed2b848477fa2a4787ba9adf39a41?s=96&d=mm&r=g","url":"https:\/\/secure.gravatar.com\/avatar\/c7164ed6fdec453195284ad24a5ae5b6e1eed2b848477fa2a4787ba9adf39a41?s=96&d=mm&r=g","contentUrl":"https:\/\/secure.gravatar.com\/avatar\/c7164ed6fdec453195284ad24a5ae5b6e1eed2b848477fa2a4787ba9adf39a41?s=96&d=mm&r=g","caption":"Redacci\u00f3n QP"},"url":"https:\/\/quehacerpolitico.mx\/?author=2"}]}},"featured_image_urls":{"full":"","thumbnail":"","medium":"","medium_large":"","large":"","1536x1536":"","2048x2048":"","covernews-featured":"","covernews-medium":""},"author_info":{"display_name":"Redacci\u00f3n QP","author_link":"https:\/\/quehacerpolitico.mx\/?author=2"},"category_info":"<a href=\"https:\/\/quehacerpolitico.mx\/?cat=2\" rel=\"category\">Noticias<\/a>","tag_info":"Noticias","comment_count":"0","_links":{"self":[{"href":"https:\/\/quehacerpolitico.mx\/index.php?rest_route=\/wp\/v2\/posts\/28014","targetHints":{"allow":["GET"]}}],"collection":[{"href":"https:\/\/quehacerpolitico.mx\/index.php?rest_route=\/wp\/v2\/posts"}],"about":[{"href":"https:\/\/quehacerpolitico.mx\/index.php?rest_route=\/wp\/v2\/types\/post"}],"author":[{"embeddable":true,"href":"https:\/\/quehacerpolitico.mx\/index.php?rest_route=\/wp\/v2\/users\/2"}],"replies":[{"embeddable":true,"href":"https:\/\/quehacerpolitico.mx\/index.php?rest_route=%2Fwp%2Fv2%2Fcomments&post=28014"}],"version-history":[{"count":0,"href":"https:\/\/quehacerpolitico.mx\/index.php?rest_route=\/wp\/v2\/posts\/28014\/revisions"}],"wp:featuredmedia":[{"embeddable":true,"href":"https:\/\/quehacerpolitico.mx\/index.php?rest_route=\/"}],"wp:attachment":[{"href":"https:\/\/quehacerpolitico.mx\/index.php?rest_route=%2Fwp%2Fv2%2Fmedia&parent=28014"}],"wp:term":[{"taxonomy":"category","embeddable":true,"href":"https:\/\/quehacerpolitico.mx\/index.php?rest_route=%2Fwp%2Fv2%2Fcategories&post=28014"},{"taxonomy":"post_tag","embeddable":true,"href":"https:\/\/quehacerpolitico.mx\/index.php?rest_route=%2Fwp%2Fv2%2Ftags&post=28014"}],"curies":[{"name":"wp","href":"https:\/\/api.w.org\/{rel}","templated":true}]}}