{"id":28011,"date":"2019-06-05T18:31:30","date_gmt":"2019-06-05T18:31:30","guid":{"rendered":"http:\/\/quehacerpolitico.mx\/desde-el-curul-reconoce-congreso-capitalino-labor-del-gobierno-de-la-ciudad-sobre-uniformes-neutros\/"},"modified":"2019-06-05T18:31:30","modified_gmt":"2019-06-05T18:31:30","slug":"desde-el-curul-reconoce-congreso-capitalino-labor-del-gobierno-de-la-ciudad-sobre-uniformes-neutros","status":"publish","type":"post","link":"https:\/\/quehacerpolitico.mx\/?p=28011","title":{"rendered":"Desde el Curul\/\/\/Reconoce congreso capitalino labor del gobierno de la ciudad sobre uniformes neutros."},"content":{"rendered":"<p>Reconoce congreso capitalino labor del gobierno de la ciudad sobre uniformes neutros.<\/p>\n<p>Por Redacci\u00f3n QP<\/p>\n<p><iframe loading=\"lazy\" title=\"05\/06\/2019 Dip. Jos\u00e9 Luis Rodr\u00edguez - Intervenci\u00f3n en tribuna\" width=\"640\" height=\"360\" src=\"https:\/\/www.youtube.com\/embed\/JBPdoWPhWiY?feature=oembed\" frameborder=\"0\" allow=\"accelerometer; autoplay; clipboard-write; encrypted-media; gyroscope; picture-in-picture; web-share\" referrerpolicy=\"strict-origin-when-cross-origin\" allowfullscreen><\/iframe><\/p>\n<p>Esta ma\u00f1ana el vicecoordinador del grupo parlamentario de morena en el congreso de la ciudad de M\u00e9xico, Jos\u00e9 Luis Rodriguez D\u00edaz de Le\u00f3n present\u00f3 un punto de acuerdo en sesi\u00f3n de comisi\u00f3n permanente, a trav\u00e9s del cual reconoci\u00f3 el trabajo de la doctora Claudia Sheinbaum y del gobierno capitalismo con respecto al tema de los uniformes neutros.<\/p>\n<p>\u201cquiero se\u00f1alar que una acci\u00f3n que aparentemente es m\u00ednima, genera un proceso de avance con relaci\u00f3n a las libertades, una acci\u00f3n de esta naturaleza permite ir a la pauta para poder abordar de manera directa y de forma natural el tipo de roles de g\u00e9nero que se dan en nuestra ciudad\u2026\u201d<\/p>\n<p>Y agreg\u00f3 que \u201csimplemente se est\u00e1 dando la libertad de elegir, no se est\u00e1 pidiendo que alguien acuda de tal o cual forma, es su derecho, es la posibilidad de elegir de qu\u00e9 forma acudir a las escuelas\u201d<\/p>\n<p>Asimismo, asegur\u00f3 que se ha avanzado en un esquema de libertades y de derechos humanos ya que se ha legislado a favor de que las y los ciudadanos tengan opciones para elegir como y de que manera desean desarrollarse y coment\u00f3 que &#8220;esta ciudad avanza, desde mi punto de vista, en el eje de ciudad de libertad. Muchos a\u00f1os han pasado y en esta tribuna y en este congreso se han generado las pautas de transformaci\u00f3n necesarias para poder avanzar. Aqu\u00ed se permiti\u00f3 el matrimonio igualitario, por ejemplo, lo que no significa que una persona este obligada a casarse con una persona de su mismo sexo. Simplemente se le da una opci\u00f3n m\u00e1s para que en su libertad elijan con quien formar una familia. El tener la posibilidad de acudir a las escuelas con un uniforme neutro, les da la pauta, particularmente desde mi punto de vista a las ni\u00f1as de acudir con pantal\u00f3n y poder hacerlo de manera libre\u201d coment\u00f3 el vicecoordinador del grupo parlamentario del congreso de la ciudad, Jos\u00e9 Luis Rodr\u00edguez.<\/p>\n<p>Por otra parte, Paula Soto resalt\u00f3 la importancia de reconocer aquellas acciones que van en pro de los derechos humanos y las libertades para todas y todos los habitantes de la ciudad.<\/p>\n<blockquote class=\"twitter-tweet\" data-width=\"550\" data-dnt=\"true\">\n<p lang=\"es\" dir=\"ltr\"><a href=\"https:\/\/twitter.com\/hashtag\/AlMomento?src=hash&amp;ref_src=twsrc%5Etfw\">#AlMomento<\/a> | Diputados locales reconocen a la <a href=\"https:\/\/twitter.com\/hashtag\/JefadeGobierno?src=hash&amp;ref_src=twsrc%5Etfw\">#JefadeGobierno<\/a>, <a href=\"https:\/\/twitter.com\/Claudiashein?ref_src=twsrc%5Etfw\">@Claudiashein<\/a>, la implementaci\u00f3n del <a href=\"https:\/\/twitter.com\/hashtag\/UniformeEscolarNeutro?src=hash&amp;ref_src=twsrc%5Etfw\">#UniformeEscolarNeutro<\/a>. Propuesta del diputado Jos\u00e9 <a href=\"https:\/\/twitter.com\/Luis_diazdeleon?ref_src=twsrc%5Etfw\">@Luis_diazdeleon<\/a> (MORENA). <a href=\"https:\/\/t.co\/yK72KcByIF\">pic.twitter.com\/yK72KcByIF<\/a><\/p>\n<p>&mdash; Congreso de la Ciudad de M\u00e9xico (@Congreso_CdMex) <a href=\"https:\/\/twitter.com\/Congreso_CdMex\/status\/1136319663594283009?ref_src=twsrc%5Etfw\">June 5, 2019<\/a><\/p><\/blockquote>\n<p><script async src=\"https:\/\/platform.twitter.com\/widgets.js\" charset=\"utf-8\"><\/script><\/p>\n","protected":false},"excerpt":{"rendered":"<p>Reconoce congreso capitalino labor del gobierno de la ciudad sobre uniformes neutros.<br \/>\nPor Redacci\u00f3n QP<\/p>\n","protected":false},"author":2,"featured_media":28010,"comment_status":"open","ping_status":"open","sticky":false,"template":"","format":"standard","meta":{"_monsterinsights_skip_tracking":false,"_monsterinsights_sitenote_active":false,"_monsterinsights_sitenote_note":"","_monsterinsights_sitenote_category":0,"footnotes":""},"categories":[55],"tags":[],"class_list":["post-28011","post","type-post","status-publish","format-standard","has-post-thumbnail","hentry","category-cdmx"],"yoast_head":"<!-- This site is optimized with the Yoast SEO plugin v27.3 - https:\/\/yoast.com\/product\/yoast-seo-wordpress\/ -->\n<title>Desde el Curul\/\/\/Reconoce congreso capitalino labor del gobierno de la ciudad sobre uniformes neutros. -<\/title>\n<meta name=\"robots\" content=\"index, follow, max-snippet:-1, max-image-preview:large, max-video-preview:-1\" \/>\n<link rel=\"canonical\" href=\"https:\/\/quehacerpolitico.mx\/?p=28011\" \/>\n<meta property=\"og:locale\" content=\"es_MX\" \/>\n<meta property=\"og:type\" content=\"article\" \/>\n<meta property=\"og:title\" content=\"Desde el Curul\/\/\/Reconoce congreso capitalino labor del gobierno de la ciudad sobre uniformes neutros. -\" \/>\n<meta property=\"og:description\" content=\"Reconoce congreso capitalino labor del gobierno de la ciudad sobre uniformes neutros. Por Redacci\u00f3n QP\" \/>\n<meta property=\"og:url\" content=\"https:\/\/quehacerpolitico.mx\/?p=28011\" \/>\n<meta property=\"article:published_time\" content=\"2019-06-05T18:31:30+00:00\" \/>\n<meta name=\"author\" content=\"Redacci\u00f3n QP\" \/>\n<meta name=\"twitter:card\" content=\"summary_large_image\" \/>\n<meta name=\"twitter:label1\" content=\"Escrito por\" \/>\n\t<meta name=\"twitter:data1\" content=\"Redacci\u00f3n QP\" \/>\n\t<meta name=\"twitter:label2\" content=\"Tiempo de lectura\" \/>\n\t<meta name=\"twitter:data2\" content=\"2 minutos\" \/>\n<script type=\"application\/ld+json\" class=\"yoast-schema-graph\">{\"@context\":\"https:\\\/\\\/schema.org\",\"@graph\":[{\"@type\":\"Article\",\"@id\":\"https:\\\/\\\/quehacerpolitico.mx\\\/?p=28011#article\",\"isPartOf\":{\"@id\":\"https:\\\/\\\/quehacerpolitico.mx\\\/?p=28011\"},\"author\":{\"name\":\"Redacci\u00f3n QP\",\"@id\":\"https:\\\/\\\/quehacerpolitico.mx\\\/#\\\/schema\\\/person\\\/496d8ad2d1d3f8036101dca7ee39e585\"},\"headline\":\"Desde el Curul\\\/\\\/\\\/Reconoce congreso capitalino labor del gobierno de la ciudad sobre uniformes neutros.\",\"datePublished\":\"2019-06-05T18:31:30+00:00\",\"mainEntityOfPage\":{\"@id\":\"https:\\\/\\\/quehacerpolitico.mx\\\/?p=28011\"},\"wordCount\":414,\"commentCount\":0,\"image\":{\"@id\":\"https:\\\/\\\/quehacerpolitico.mx\\\/?p=28011#primaryimage\"},\"thumbnailUrl\":\"\",\"articleSection\":[\"CDMX\"],\"inLanguage\":\"es\",\"potentialAction\":[{\"@type\":\"CommentAction\",\"name\":\"Comment\",\"target\":[\"https:\\\/\\\/quehacerpolitico.mx\\\/?p=28011#respond\"]}]},{\"@type\":\"WebPage\",\"@id\":\"https:\\\/\\\/quehacerpolitico.mx\\\/?p=28011\",\"url\":\"https:\\\/\\\/quehacerpolitico.mx\\\/?p=28011\",\"name\":\"Desde el Curul\\\/\\\/\\\/Reconoce congreso capitalino labor del gobierno de la ciudad sobre uniformes neutros. -\",\"isPartOf\":{\"@id\":\"https:\\\/\\\/quehacerpolitico.mx\\\/#website\"},\"primaryImageOfPage\":{\"@id\":\"https:\\\/\\\/quehacerpolitico.mx\\\/?p=28011#primaryimage\"},\"image\":{\"@id\":\"https:\\\/\\\/quehacerpolitico.mx\\\/?p=28011#primaryimage\"},\"thumbnailUrl\":\"\",\"datePublished\":\"2019-06-05T18:31:30+00:00\",\"author\":{\"@id\":\"https:\\\/\\\/quehacerpolitico.mx\\\/#\\\/schema\\\/person\\\/496d8ad2d1d3f8036101dca7ee39e585\"},\"breadcrumb\":{\"@id\":\"https:\\\/\\\/quehacerpolitico.mx\\\/?p=28011#breadcrumb\"},\"inLanguage\":\"es\",\"potentialAction\":[{\"@type\":\"ReadAction\",\"target\":[\"https:\\\/\\\/quehacerpolitico.mx\\\/?p=28011\"]}]},{\"@type\":\"ImageObject\",\"inLanguage\":\"es\",\"@id\":\"https:\\\/\\\/quehacerpolitico.mx\\\/?p=28011#primaryimage\",\"url\":\"\",\"contentUrl\":\"\"},{\"@type\":\"BreadcrumbList\",\"@id\":\"https:\\\/\\\/quehacerpolitico.mx\\\/?p=28011#breadcrumb\",\"itemListElement\":[{\"@type\":\"ListItem\",\"position\":1,\"name\":\"Inicio\",\"item\":\"https:\\\/\\\/quehacerpolitico.mx\\\/\"},{\"@type\":\"ListItem\",\"position\":2,\"name\":\"Desde el Curul\\\/\\\/\\\/Reconoce congreso capitalino labor del gobierno de la ciudad sobre uniformes neutros.\"}]},{\"@type\":\"WebSite\",\"@id\":\"https:\\\/\\\/quehacerpolitico.mx\\\/#website\",\"url\":\"https:\\\/\\\/quehacerpolitico.mx\\\/\",\"name\":\"\",\"description\":\"\",\"potentialAction\":[{\"@type\":\"SearchAction\",\"target\":{\"@type\":\"EntryPoint\",\"urlTemplate\":\"https:\\\/\\\/quehacerpolitico.mx\\\/?s={search_term_string}\"},\"query-input\":{\"@type\":\"PropertyValueSpecification\",\"valueRequired\":true,\"valueName\":\"search_term_string\"}}],\"inLanguage\":\"es\"},{\"@type\":\"Person\",\"@id\":\"https:\\\/\\\/quehacerpolitico.mx\\\/#\\\/schema\\\/person\\\/496d8ad2d1d3f8036101dca7ee39e585\",\"name\":\"Redacci\u00f3n QP\",\"image\":{\"@type\":\"ImageObject\",\"inLanguage\":\"es\",\"@id\":\"https:\\\/\\\/secure.gravatar.com\\\/avatar\\\/c7164ed6fdec453195284ad24a5ae5b6e1eed2b848477fa2a4787ba9adf39a41?s=96&d=mm&r=g\",\"url\":\"https:\\\/\\\/secure.gravatar.com\\\/avatar\\\/c7164ed6fdec453195284ad24a5ae5b6e1eed2b848477fa2a4787ba9adf39a41?s=96&d=mm&r=g\",\"contentUrl\":\"https:\\\/\\\/secure.gravatar.com\\\/avatar\\\/c7164ed6fdec453195284ad24a5ae5b6e1eed2b848477fa2a4787ba9adf39a41?s=96&d=mm&r=g\",\"caption\":\"Redacci\u00f3n QP\"},\"url\":\"https:\\\/\\\/quehacerpolitico.mx\\\/?author=2\"}]}<\/script>\n<!-- \/ Yoast SEO plugin. -->","yoast_head_json":{"title":"Desde el Curul\/\/\/Reconoce congreso capitalino labor del gobierno de la ciudad sobre uniformes neutros. -","robots":{"index":"index","follow":"follow","max-snippet":"max-snippet:-1","max-image-preview":"max-image-preview:large","max-video-preview":"max-video-preview:-1"},"canonical":"https:\/\/quehacerpolitico.mx\/?p=28011","og_locale":"es_MX","og_type":"article","og_title":"Desde el Curul\/\/\/Reconoce congreso capitalino labor del gobierno de la ciudad sobre uniformes neutros. -","og_description":"Reconoce congreso capitalino labor del gobierno de la ciudad sobre uniformes neutros. Por Redacci\u00f3n QP","og_url":"https:\/\/quehacerpolitico.mx\/?p=28011","article_published_time":"2019-06-05T18:31:30+00:00","author":"Redacci\u00f3n QP","twitter_card":"summary_large_image","twitter_misc":{"Escrito por":"Redacci\u00f3n QP","Tiempo de lectura":"2 minutos"},"schema":{"@context":"https:\/\/schema.org","@graph":[{"@type":"Article","@id":"https:\/\/quehacerpolitico.mx\/?p=28011#article","isPartOf":{"@id":"https:\/\/quehacerpolitico.mx\/?p=28011"},"author":{"name":"Redacci\u00f3n QP","@id":"https:\/\/quehacerpolitico.mx\/#\/schema\/person\/496d8ad2d1d3f8036101dca7ee39e585"},"headline":"Desde el Curul\/\/\/Reconoce congreso capitalino labor del gobierno de la ciudad sobre uniformes neutros.","datePublished":"2019-06-05T18:31:30+00:00","mainEntityOfPage":{"@id":"https:\/\/quehacerpolitico.mx\/?p=28011"},"wordCount":414,"commentCount":0,"image":{"@id":"https:\/\/quehacerpolitico.mx\/?p=28011#primaryimage"},"thumbnailUrl":"","articleSection":["CDMX"],"inLanguage":"es","potentialAction":[{"@type":"CommentAction","name":"Comment","target":["https:\/\/quehacerpolitico.mx\/?p=28011#respond"]}]},{"@type":"WebPage","@id":"https:\/\/quehacerpolitico.mx\/?p=28011","url":"https:\/\/quehacerpolitico.mx\/?p=28011","name":"Desde el Curul\/\/\/Reconoce congreso capitalino labor del gobierno de la ciudad sobre uniformes neutros. -","isPartOf":{"@id":"https:\/\/quehacerpolitico.mx\/#website"},"primaryImageOfPage":{"@id":"https:\/\/quehacerpolitico.mx\/?p=28011#primaryimage"},"image":{"@id":"https:\/\/quehacerpolitico.mx\/?p=28011#primaryimage"},"thumbnailUrl":"","datePublished":"2019-06-05T18:31:30+00:00","author":{"@id":"https:\/\/quehacerpolitico.mx\/#\/schema\/person\/496d8ad2d1d3f8036101dca7ee39e585"},"breadcrumb":{"@id":"https:\/\/quehacerpolitico.mx\/?p=28011#breadcrumb"},"inLanguage":"es","potentialAction":[{"@type":"ReadAction","target":["https:\/\/quehacerpolitico.mx\/?p=28011"]}]},{"@type":"ImageObject","inLanguage":"es","@id":"https:\/\/quehacerpolitico.mx\/?p=28011#primaryimage","url":"","contentUrl":""},{"@type":"BreadcrumbList","@id":"https:\/\/quehacerpolitico.mx\/?p=28011#breadcrumb","itemListElement":[{"@type":"ListItem","position":1,"name":"Inicio","item":"https:\/\/quehacerpolitico.mx\/"},{"@type":"ListItem","position":2,"name":"Desde el Curul\/\/\/Reconoce congreso capitalino labor del gobierno de la ciudad sobre uniformes neutros."}]},{"@type":"WebSite","@id":"https:\/\/quehacerpolitico.mx\/#website","url":"https:\/\/quehacerpolitico.mx\/","name":"","description":"","potentialAction":[{"@type":"SearchAction","target":{"@type":"EntryPoint","urlTemplate":"https:\/\/quehacerpolitico.mx\/?s={search_term_string}"},"query-input":{"@type":"PropertyValueSpecification","valueRequired":true,"valueName":"search_term_string"}}],"inLanguage":"es"},{"@type":"Person","@id":"https:\/\/quehacerpolitico.mx\/#\/schema\/person\/496d8ad2d1d3f8036101dca7ee39e585","name":"Redacci\u00f3n QP","image":{"@type":"ImageObject","inLanguage":"es","@id":"https:\/\/secure.gravatar.com\/avatar\/c7164ed6fdec453195284ad24a5ae5b6e1eed2b848477fa2a4787ba9adf39a41?s=96&d=mm&r=g","url":"https:\/\/secure.gravatar.com\/avatar\/c7164ed6fdec453195284ad24a5ae5b6e1eed2b848477fa2a4787ba9adf39a41?s=96&d=mm&r=g","contentUrl":"https:\/\/secure.gravatar.com\/avatar\/c7164ed6fdec453195284ad24a5ae5b6e1eed2b848477fa2a4787ba9adf39a41?s=96&d=mm&r=g","caption":"Redacci\u00f3n QP"},"url":"https:\/\/quehacerpolitico.mx\/?author=2"}]}},"featured_image_urls":{"full":"","thumbnail":"","medium":"","medium_large":"","large":"","1536x1536":"","2048x2048":"","covernews-featured":"","covernews-medium":""},"author_info":{"display_name":"Redacci\u00f3n QP","author_link":"https:\/\/quehacerpolitico.mx\/?author=2"},"category_info":"<a href=\"https:\/\/quehacerpolitico.mx\/?cat=55\" rel=\"category\">CDMX<\/a>","tag_info":"CDMX","comment_count":"0","_links":{"self":[{"href":"https:\/\/quehacerpolitico.mx\/index.php?rest_route=\/wp\/v2\/posts\/28011","targetHints":{"allow":["GET"]}}],"collection":[{"href":"https:\/\/quehacerpolitico.mx\/index.php?rest_route=\/wp\/v2\/posts"}],"about":[{"href":"https:\/\/quehacerpolitico.mx\/index.php?rest_route=\/wp\/v2\/types\/post"}],"author":[{"embeddable":true,"href":"https:\/\/quehacerpolitico.mx\/index.php?rest_route=\/wp\/v2\/users\/2"}],"replies":[{"embeddable":true,"href":"https:\/\/quehacerpolitico.mx\/index.php?rest_route=%2Fwp%2Fv2%2Fcomments&post=28011"}],"version-history":[{"count":0,"href":"https:\/\/quehacerpolitico.mx\/index.php?rest_route=\/wp\/v2\/posts\/28011\/revisions"}],"wp:featuredmedia":[{"embeddable":true,"href":"https:\/\/quehacerpolitico.mx\/index.php?rest_route=\/"}],"wp:attachment":[{"href":"https:\/\/quehacerpolitico.mx\/index.php?rest_route=%2Fwp%2Fv2%2Fmedia&parent=28011"}],"wp:term":[{"taxonomy":"category","embeddable":true,"href":"https:\/\/quehacerpolitico.mx\/index.php?rest_route=%2Fwp%2Fv2%2Fcategories&post=28011"},{"taxonomy":"post_tag","embeddable":true,"href":"https:\/\/quehacerpolitico.mx\/index.php?rest_route=%2Fwp%2Fv2%2Ftags&post=28011"}],"curies":[{"name":"wp","href":"https:\/\/api.w.org\/{rel}","templated":true}]}}