{"id":2800,"date":"2018-08-19T17:04:35","date_gmt":"2018-08-19T17:04:35","guid":{"rendered":"http:\/\/quehacerpolitico.mx\/video-gresca-en-intento-de-desalojo-de-panistas-en-nl-dejo-6-personas-detenidas\/"},"modified":"2018-08-19T17:04:35","modified_gmt":"2018-08-19T17:04:35","slug":"video-gresca-en-intento-de-desalojo-de-panistas-en-nl-dejo-6-personas-detenidas","status":"publish","type":"post","link":"https:\/\/quehacerpolitico.mx\/?p=2800","title":{"rendered":"[VIDEO] Gresca en intento de desalojo de panistas en NL dej\u00f3 6 personas detenidas"},"content":{"rendered":"<p>Un enfrentamiento en <strong>Palacio de Gobierno<\/strong> entre polic\u00edas de<strong> Monterrey, Nuevo Le\u00f3n<\/strong>, y simpatizantes del alcalde electo <strong>Felipe de Jes\u00fas Cant\u00fa,<\/strong> result\u00f3 con la detenci\u00f3n de seis personas.<\/p>\n<blockquote class=\"twitter-tweet\" data-width=\"550\" data-dnt=\"true\">\n<p lang=\"es\" dir=\"ltr\"><a href=\"https:\/\/twitter.com\/hashtag\/ULTIMAHORA?src=hash&amp;ref_src=twsrc%5Etfw\">#ULTIMAHORA<\/a><br \/>La Polic\u00eda de Monterrey intent\u00f3 esta madrugada desalojar plant\u00f3n que panistas tienen en Palacio. Fueron detenidos 7 militantes y <a href=\"https:\/\/twitter.com\/FelipeCantuR?ref_src=twsrc%5Etfw\">@FelipeCantuR<\/a> sufri\u00f3 un golpe en la cabeza.<br \/>cc <a href=\"https:\/\/twitter.com\/MtyFollow?ref_src=twsrc%5Etfw\">@MtyFollow<\/a> <a href=\"https:\/\/twitter.com\/Reporte_Indigo?ref_src=twsrc%5Etfw\">@Reporte_Indigo<\/a> <a href=\"https:\/\/twitter.com\/josuegonzaleztv?ref_src=twsrc%5Etfw\">@josuegonzaleztv<\/a> <a href=\"https:\/\/twitter.com\/CiudaDanaMtySur?ref_src=twsrc%5Etfw\">@CiudaDanaMtySur<\/a> <a href=\"https:\/\/twitter.com\/zapatamty?ref_src=twsrc%5Etfw\">@ZapataMty<\/a> <a href=\"https:\/\/twitter.com\/blancoduran?ref_src=twsrc%5Etfw\">@blancoduran<\/a> <a href=\"https:\/\/t.co\/ROwyfxQz4a\">pic.twitter.com\/ROwyfxQz4a<\/a><\/p>\n<p>&mdash; C\u00e9sar Cepeda (@cesarmty) <a href=\"https:\/\/twitter.com\/cesarmty\/status\/1031161360678313984?ref_src=twsrc%5Etfw\">August 19, 2018<\/a><\/p><\/blockquote>\n<p><script async src=\"https:\/\/platform.twitter.com\/widgets.js\" charset=\"utf-8\"><\/script><\/p>\n<p>Dicha manifestaci\u00f3n es por <a href=\"https:\/\/elbigdata.mx\/2018\/08\/tribunal-revierte-triunfo-del-pan-en-alcaldias-de-monterrey-y-guadalupe\/\">la resoluci\u00f3n del\u00a0Tribunal Estatal Electoral (<strong>TEE<\/strong>) revirti\u00f3 el triunfo de los panistas <strong>Felipe de Jes\u00fas Cant\u00fa<\/strong> en <strong>Monterrey<\/strong> y <strong>Pedro Garza<\/strong> en <strong>Guadalupe<\/strong><\/a>, para conceder la victoria a sus contrincantes del <strong>PRI<\/strong>, <strong>Adri\u00e1n de la Garza Santos<\/strong> y <strong>Cristina D\u00edaz,<\/strong> respectivamente.<\/p>\n<p>Tras 15 horas de una manifestaci\u00f3n, cerca de las 02:00 horas de este domingo, elementos municipales intentaron desalojar el plant\u00f3n de la explanada central al solicitarles moverse para colocar una tarima para un evento.<\/p>\n<p>Despu\u00e9s, los polic\u00edas solicitaron a los manifestantes encabezados por <strong>Jes\u00fas Cant\u00fa<\/strong>, retirar el inmobiliario ya que \u00e9ste no pod\u00eda permanecer en esa zona, y amenazaron con decomisar las sillas y mesas.<\/p>\n<p>Se registr\u00f3 un conato de ri\u00f1a media hora despu\u00e9s; dentro de los incidentes <strong>Felipe de Jes\u00fas Cant\u00fa<\/strong>termin\u00f3 con un rasgu\u00f1o en la frente, mientras intentaba que no se llevaran una silla.<\/p>\n<p><em>Con informaci\u00f3n de Reforma.<\/em><\/p>\n","protected":false},"excerpt":{"rendered":"<p>[VIDEO] Gresca en intento de desalojo de panistas en NL dej\u00f3 6 personas detenidas<br \/>\nPor Redacci\u00f3n QP<\/p>\n","protected":false},"author":2,"featured_media":2799,"comment_status":"open","ping_status":"open","sticky":false,"template":"","format":"standard","meta":{"_monsterinsights_skip_tracking":false,"_monsterinsights_sitenote_active":false,"_monsterinsights_sitenote_note":"","_monsterinsights_sitenote_category":0,"footnotes":""},"categories":[2],"tags":[],"class_list":["post-2800","post","type-post","status-publish","format-standard","has-post-thumbnail","hentry","category-noticias"],"yoast_head":"<!-- This site is optimized with the Yoast SEO plugin v27.3 - https:\/\/yoast.com\/product\/yoast-seo-wordpress\/ -->\n<title>[VIDEO] Gresca en intento de desalojo de panistas en NL dej\u00f3 6 personas detenidas -<\/title>\n<meta name=\"robots\" content=\"index, follow, max-snippet:-1, max-image-preview:large, max-video-preview:-1\" \/>\n<link rel=\"canonical\" href=\"https:\/\/quehacerpolitico.mx\/?p=2800\" \/>\n<meta property=\"og:locale\" content=\"es_MX\" \/>\n<meta property=\"og:type\" content=\"article\" \/>\n<meta property=\"og:title\" content=\"[VIDEO] Gresca en intento de desalojo de panistas en NL dej\u00f3 6 personas detenidas -\" \/>\n<meta property=\"og:description\" content=\"[VIDEO] Gresca en intento de desalojo de panistas en NL dej\u00f3 6 personas detenidas Por Redacci\u00f3n QP\" \/>\n<meta property=\"og:url\" content=\"https:\/\/quehacerpolitico.mx\/?p=2800\" \/>\n<meta property=\"article:published_time\" content=\"2018-08-19T17:04:35+00:00\" \/>\n<meta name=\"author\" content=\"Redacci\u00f3n QP\" \/>\n<meta name=\"twitter:card\" content=\"summary_large_image\" \/>\n<meta name=\"twitter:label1\" content=\"Escrito por\" \/>\n\t<meta name=\"twitter:data1\" content=\"Redacci\u00f3n QP\" \/>\n\t<meta name=\"twitter:label2\" content=\"Tiempo de lectura\" \/>\n\t<meta name=\"twitter:data2\" content=\"1 minuto\" \/>\n<script type=\"application\/ld+json\" class=\"yoast-schema-graph\">{\"@context\":\"https:\\\/\\\/schema.org\",\"@graph\":[{\"@type\":\"Article\",\"@id\":\"https:\\\/\\\/quehacerpolitico.mx\\\/?p=2800#article\",\"isPartOf\":{\"@id\":\"https:\\\/\\\/quehacerpolitico.mx\\\/?p=2800\"},\"author\":{\"name\":\"Redacci\u00f3n QP\",\"@id\":\"https:\\\/\\\/quehacerpolitico.mx\\\/#\\\/schema\\\/person\\\/496d8ad2d1d3f8036101dca7ee39e585\"},\"headline\":\"[VIDEO] Gresca en intento de desalojo de panistas en NL dej\u00f3 6 personas detenidas\",\"datePublished\":\"2018-08-19T17:04:35+00:00\",\"mainEntityOfPage\":{\"@id\":\"https:\\\/\\\/quehacerpolitico.mx\\\/?p=2800\"},\"wordCount\":212,\"commentCount\":0,\"image\":{\"@id\":\"https:\\\/\\\/quehacerpolitico.mx\\\/?p=2800#primaryimage\"},\"thumbnailUrl\":\"\",\"articleSection\":[\"Noticias\"],\"inLanguage\":\"es\",\"potentialAction\":[{\"@type\":\"CommentAction\",\"name\":\"Comment\",\"target\":[\"https:\\\/\\\/quehacerpolitico.mx\\\/?p=2800#respond\"]}]},{\"@type\":\"WebPage\",\"@id\":\"https:\\\/\\\/quehacerpolitico.mx\\\/?p=2800\",\"url\":\"https:\\\/\\\/quehacerpolitico.mx\\\/?p=2800\",\"name\":\"[VIDEO] Gresca en intento de desalojo de panistas en NL dej\u00f3 6 personas detenidas -\",\"isPartOf\":{\"@id\":\"https:\\\/\\\/quehacerpolitico.mx\\\/#website\"},\"primaryImageOfPage\":{\"@id\":\"https:\\\/\\\/quehacerpolitico.mx\\\/?p=2800#primaryimage\"},\"image\":{\"@id\":\"https:\\\/\\\/quehacerpolitico.mx\\\/?p=2800#primaryimage\"},\"thumbnailUrl\":\"\",\"datePublished\":\"2018-08-19T17:04:35+00:00\",\"author\":{\"@id\":\"https:\\\/\\\/quehacerpolitico.mx\\\/#\\\/schema\\\/person\\\/496d8ad2d1d3f8036101dca7ee39e585\"},\"breadcrumb\":{\"@id\":\"https:\\\/\\\/quehacerpolitico.mx\\\/?p=2800#breadcrumb\"},\"inLanguage\":\"es\",\"potentialAction\":[{\"@type\":\"ReadAction\",\"target\":[\"https:\\\/\\\/quehacerpolitico.mx\\\/?p=2800\"]}]},{\"@type\":\"ImageObject\",\"inLanguage\":\"es\",\"@id\":\"https:\\\/\\\/quehacerpolitico.mx\\\/?p=2800#primaryimage\",\"url\":\"\",\"contentUrl\":\"\"},{\"@type\":\"BreadcrumbList\",\"@id\":\"https:\\\/\\\/quehacerpolitico.mx\\\/?p=2800#breadcrumb\",\"itemListElement\":[{\"@type\":\"ListItem\",\"position\":1,\"name\":\"Inicio\",\"item\":\"https:\\\/\\\/quehacerpolitico.mx\\\/\"},{\"@type\":\"ListItem\",\"position\":2,\"name\":\"[VIDEO] Gresca en intento de desalojo de panistas en NL dej\u00f3 6 personas detenidas\"}]},{\"@type\":\"WebSite\",\"@id\":\"https:\\\/\\\/quehacerpolitico.mx\\\/#website\",\"url\":\"https:\\\/\\\/quehacerpolitico.mx\\\/\",\"name\":\"\",\"description\":\"\",\"potentialAction\":[{\"@type\":\"SearchAction\",\"target\":{\"@type\":\"EntryPoint\",\"urlTemplate\":\"https:\\\/\\\/quehacerpolitico.mx\\\/?s={search_term_string}\"},\"query-input\":{\"@type\":\"PropertyValueSpecification\",\"valueRequired\":true,\"valueName\":\"search_term_string\"}}],\"inLanguage\":\"es\"},{\"@type\":\"Person\",\"@id\":\"https:\\\/\\\/quehacerpolitico.mx\\\/#\\\/schema\\\/person\\\/496d8ad2d1d3f8036101dca7ee39e585\",\"name\":\"Redacci\u00f3n QP\",\"image\":{\"@type\":\"ImageObject\",\"inLanguage\":\"es\",\"@id\":\"https:\\\/\\\/secure.gravatar.com\\\/avatar\\\/c7164ed6fdec453195284ad24a5ae5b6e1eed2b848477fa2a4787ba9adf39a41?s=96&d=mm&r=g\",\"url\":\"https:\\\/\\\/secure.gravatar.com\\\/avatar\\\/c7164ed6fdec453195284ad24a5ae5b6e1eed2b848477fa2a4787ba9adf39a41?s=96&d=mm&r=g\",\"contentUrl\":\"https:\\\/\\\/secure.gravatar.com\\\/avatar\\\/c7164ed6fdec453195284ad24a5ae5b6e1eed2b848477fa2a4787ba9adf39a41?s=96&d=mm&r=g\",\"caption\":\"Redacci\u00f3n QP\"},\"url\":\"https:\\\/\\\/quehacerpolitico.mx\\\/?author=2\"}]}<\/script>\n<!-- \/ Yoast SEO plugin. -->","yoast_head_json":{"title":"[VIDEO] Gresca en intento de desalojo de panistas en NL dej\u00f3 6 personas detenidas -","robots":{"index":"index","follow":"follow","max-snippet":"max-snippet:-1","max-image-preview":"max-image-preview:large","max-video-preview":"max-video-preview:-1"},"canonical":"https:\/\/quehacerpolitico.mx\/?p=2800","og_locale":"es_MX","og_type":"article","og_title":"[VIDEO] Gresca en intento de desalojo de panistas en NL dej\u00f3 6 personas detenidas -","og_description":"[VIDEO] Gresca en intento de desalojo de panistas en NL dej\u00f3 6 personas detenidas Por Redacci\u00f3n QP","og_url":"https:\/\/quehacerpolitico.mx\/?p=2800","article_published_time":"2018-08-19T17:04:35+00:00","author":"Redacci\u00f3n QP","twitter_card":"summary_large_image","twitter_misc":{"Escrito por":"Redacci\u00f3n QP","Tiempo de lectura":"1 minuto"},"schema":{"@context":"https:\/\/schema.org","@graph":[{"@type":"Article","@id":"https:\/\/quehacerpolitico.mx\/?p=2800#article","isPartOf":{"@id":"https:\/\/quehacerpolitico.mx\/?p=2800"},"author":{"name":"Redacci\u00f3n QP","@id":"https:\/\/quehacerpolitico.mx\/#\/schema\/person\/496d8ad2d1d3f8036101dca7ee39e585"},"headline":"[VIDEO] Gresca en intento de desalojo de panistas en NL dej\u00f3 6 personas detenidas","datePublished":"2018-08-19T17:04:35+00:00","mainEntityOfPage":{"@id":"https:\/\/quehacerpolitico.mx\/?p=2800"},"wordCount":212,"commentCount":0,"image":{"@id":"https:\/\/quehacerpolitico.mx\/?p=2800#primaryimage"},"thumbnailUrl":"","articleSection":["Noticias"],"inLanguage":"es","potentialAction":[{"@type":"CommentAction","name":"Comment","target":["https:\/\/quehacerpolitico.mx\/?p=2800#respond"]}]},{"@type":"WebPage","@id":"https:\/\/quehacerpolitico.mx\/?p=2800","url":"https:\/\/quehacerpolitico.mx\/?p=2800","name":"[VIDEO] Gresca en intento de desalojo de panistas en NL dej\u00f3 6 personas detenidas -","isPartOf":{"@id":"https:\/\/quehacerpolitico.mx\/#website"},"primaryImageOfPage":{"@id":"https:\/\/quehacerpolitico.mx\/?p=2800#primaryimage"},"image":{"@id":"https:\/\/quehacerpolitico.mx\/?p=2800#primaryimage"},"thumbnailUrl":"","datePublished":"2018-08-19T17:04:35+00:00","author":{"@id":"https:\/\/quehacerpolitico.mx\/#\/schema\/person\/496d8ad2d1d3f8036101dca7ee39e585"},"breadcrumb":{"@id":"https:\/\/quehacerpolitico.mx\/?p=2800#breadcrumb"},"inLanguage":"es","potentialAction":[{"@type":"ReadAction","target":["https:\/\/quehacerpolitico.mx\/?p=2800"]}]},{"@type":"ImageObject","inLanguage":"es","@id":"https:\/\/quehacerpolitico.mx\/?p=2800#primaryimage","url":"","contentUrl":""},{"@type":"BreadcrumbList","@id":"https:\/\/quehacerpolitico.mx\/?p=2800#breadcrumb","itemListElement":[{"@type":"ListItem","position":1,"name":"Inicio","item":"https:\/\/quehacerpolitico.mx\/"},{"@type":"ListItem","position":2,"name":"[VIDEO] Gresca en intento de desalojo de panistas en NL dej\u00f3 6 personas detenidas"}]},{"@type":"WebSite","@id":"https:\/\/quehacerpolitico.mx\/#website","url":"https:\/\/quehacerpolitico.mx\/","name":"","description":"","potentialAction":[{"@type":"SearchAction","target":{"@type":"EntryPoint","urlTemplate":"https:\/\/quehacerpolitico.mx\/?s={search_term_string}"},"query-input":{"@type":"PropertyValueSpecification","valueRequired":true,"valueName":"search_term_string"}}],"inLanguage":"es"},{"@type":"Person","@id":"https:\/\/quehacerpolitico.mx\/#\/schema\/person\/496d8ad2d1d3f8036101dca7ee39e585","name":"Redacci\u00f3n QP","image":{"@type":"ImageObject","inLanguage":"es","@id":"https:\/\/secure.gravatar.com\/avatar\/c7164ed6fdec453195284ad24a5ae5b6e1eed2b848477fa2a4787ba9adf39a41?s=96&d=mm&r=g","url":"https:\/\/secure.gravatar.com\/avatar\/c7164ed6fdec453195284ad24a5ae5b6e1eed2b848477fa2a4787ba9adf39a41?s=96&d=mm&r=g","contentUrl":"https:\/\/secure.gravatar.com\/avatar\/c7164ed6fdec453195284ad24a5ae5b6e1eed2b848477fa2a4787ba9adf39a41?s=96&d=mm&r=g","caption":"Redacci\u00f3n QP"},"url":"https:\/\/quehacerpolitico.mx\/?author=2"}]}},"featured_image_urls":{"full":"","thumbnail":"","medium":"","medium_large":"","large":"","1536x1536":"","2048x2048":"","covernews-featured":"","covernews-medium":""},"author_info":{"display_name":"Redacci\u00f3n QP","author_link":"https:\/\/quehacerpolitico.mx\/?author=2"},"category_info":"<a href=\"https:\/\/quehacerpolitico.mx\/?cat=2\" rel=\"category\">Noticias<\/a>","tag_info":"Noticias","comment_count":"0","_links":{"self":[{"href":"https:\/\/quehacerpolitico.mx\/index.php?rest_route=\/wp\/v2\/posts\/2800","targetHints":{"allow":["GET"]}}],"collection":[{"href":"https:\/\/quehacerpolitico.mx\/index.php?rest_route=\/wp\/v2\/posts"}],"about":[{"href":"https:\/\/quehacerpolitico.mx\/index.php?rest_route=\/wp\/v2\/types\/post"}],"author":[{"embeddable":true,"href":"https:\/\/quehacerpolitico.mx\/index.php?rest_route=\/wp\/v2\/users\/2"}],"replies":[{"embeddable":true,"href":"https:\/\/quehacerpolitico.mx\/index.php?rest_route=%2Fwp%2Fv2%2Fcomments&post=2800"}],"version-history":[{"count":0,"href":"https:\/\/quehacerpolitico.mx\/index.php?rest_route=\/wp\/v2\/posts\/2800\/revisions"}],"wp:featuredmedia":[{"embeddable":true,"href":"https:\/\/quehacerpolitico.mx\/index.php?rest_route=\/"}],"wp:attachment":[{"href":"https:\/\/quehacerpolitico.mx\/index.php?rest_route=%2Fwp%2Fv2%2Fmedia&parent=2800"}],"wp:term":[{"taxonomy":"category","embeddable":true,"href":"https:\/\/quehacerpolitico.mx\/index.php?rest_route=%2Fwp%2Fv2%2Fcategories&post=2800"},{"taxonomy":"post_tag","embeddable":true,"href":"https:\/\/quehacerpolitico.mx\/index.php?rest_route=%2Fwp%2Fv2%2Ftags&post=2800"}],"curies":[{"name":"wp","href":"https:\/\/api.w.org\/{rel}","templated":true}]}}