{"id":27990,"date":"2019-06-05T17:16:14","date_gmt":"2019-06-05T17:16:14","guid":{"rendered":"http:\/\/quehacerpolitico.mx\/estudio-del-colef-coincide-con-trump-cada-vez-llegan-mas-migrantes\/"},"modified":"2019-06-05T17:16:14","modified_gmt":"2019-06-05T17:16:14","slug":"estudio-del-colef-coincide-con-trump-cada-vez-llegan-mas-migrantes","status":"publish","type":"post","link":"https:\/\/quehacerpolitico.mx\/?p=27990","title":{"rendered":"Estudio del Colef coincide con Trump: cada vez llegan m\u00e1s migrantes"},"content":{"rendered":"<p>Estudio del Colef coincide con Trump: cada vez llegan m\u00e1s migrantes<\/p>\n<p>Por Redacci\u00f3n QP<\/p>\n<p>Un estudio realizado por el Colegio de la Frontera Norte (Colef) le da la raz\u00f3n al presidente de Estados Unidos, Donald Trump, en cuanto a migraci\u00f3n: el flujo de migrantes centroamericanos en tr\u00e1nsito por M\u00e9xico se incrementa cada vez m\u00e1s.<\/p>\n<p>Durante 2018, por ejemplo, el Instituto Nacional de Migraci\u00f3n en el pa\u00eds asegur\u00f3 un total de 138 mil 612 extranjeros irregulares en M\u00e9xico, de los cuales 123 mil 797 eran de Am\u00e9rica Central, es decir, un 89.3 por ciento del total.<\/p>\n<p>El documento &#8220;Caravana de migrantes centroamericanos en Reynosa y Matamoros, 2019&#8221; se\u00f1ala que incluso en Estados Unidos la presencia de centroamericanos, documentados o irregulares es masiva.<\/p>\n<p>De acuerdo con datos del Migration Policy Institute, en 2015 hab\u00eda 3.5 millones de centroamericanos residiendo en el vecino pa\u00eds del norte, lo que representaba 8.0 por ciento de los 43.3 millones de inmigrantes en Estados Unidos.<\/p>\n<p>El trabajo de investigaci\u00f3n indica que 85 por ciento de esos centroamericanos\u00a0provienen de El Salvador, Guatemala y Honduras.<\/p>\n<p>Sin embargo, tambi\u00e9n crece el n\u00famero de quienes buscan establecerse en M\u00e9xico en lugar de llegar a los Estados Unidos, pues casi 40 por ciento de los migrantes que llegaron en caravanas a diversas ciudades de la frontera norte del pa\u00eds tienen la intenci\u00f3n de establecerse en M\u00e9xico.<\/p>\n<p>El estudio se\u00f1ala que 75.4 por ciento de los migrantes en Reynosa y 77.8 por ciento en Matamoros, iniciaron el proceso migratorio en M\u00e9xico, a trav\u00e9s de la solicitud de visa humanitaria, visitante por razones humanitarias o solicitud de refugio ante la Comisi\u00f3n Mexicana de Ayuda a Refugiados; adem\u00e1s, poco m\u00e1s de 36 por ciento planea continuar su trayecto hacia Estados Unidos.<\/p>\n<p>Al respecto, Oscar Misael Hern\u00e1ndez, coordinador del estudio, afirm\u00f3 que &#8220;los migrantes hacen un balance de las probabilidades de lograr el asilo pol\u00edtico en Estados Unidos son muy bajas y por lo tanto el objetivo se traduce en quedarse en M\u00e9xico y empezar a construir una vida aqu\u00ed&#8221;.<\/p>\n<p>Se\u00f1al\u00f3 que las caravanas migrantes que han transitado por M\u00e9xico se han desplazado a diferentes ciudades del norte del pa\u00eds como Reynosa y Matamoros, en Tamaulipas; adem\u00e1s se han subdividido en grupos.<\/p>\n<p>En entrevista para Notimex, reconoci\u00f3 que el estudio no es representativo del total de los migrantes; sin embargo, confirm\u00f3 que salen de sus lugares de origen por la violencia generalizada a la que se enfrentan y por la pobreza extrema que padecen.<\/p>\n<p>Como parte de la investigaci\u00f3n, precis\u00f3, se realiz\u00f3 un seguimiento de las actitudes de los mexicanos en redes sociales ante los migrantes: &#8220;por un lado est\u00e1n aquellos que abogan por sus derechos, y por otro los que tiene una actitud de rechazo total.<\/p>\n<p>Ello bajo el argumento de que son personas que vienen a quitar los pocos recursos que se les da a los ciudadanos mexicanos por parte del gobierno y que son personas que exigen en\u00a0M\u00e9xico\u00a0lo que no piden en su pa\u00eds.<\/p>\n<p>El tambi\u00e9n profesor-investigador del Departamento de Estudios Sociales del Colef, sede Matamoros, dijo que las ciudades fronterizas, por ejemplo, Piedras Negras, Reynosa y Matamoros, han demostrado una gran capacidad para atender las necesidades principales de los migrantes en los diversos albergues.<\/p>\n<p>Sin embargo, no existe la capacidad para mantener a la poblaci\u00f3n por un tiempo prolongado, por lo que consider\u00f3 urgente que las autoridades competentes definan un plan de atenci\u00f3n y seguimiento para los migrantes que deciden quedarse en M\u00e9xico.<\/p>\n<p>Respecto a la pol\u00edtica migratoria de la actual administraci\u00f3n federal, explic\u00f3 que en el discurso es muy loable, sobre todo por su cercan\u00eda con el respeto a los\u00a0derechos humanos de las personas en tr\u00e1nsito en el pa\u00eds, pero en la pr\u00e1ctica, dijo, hasta la fecha no ha funcionado.<\/p>\n<p>&#8220;Nos encontramos aparentemente con un discurso contradictorio que en la pr\u00e1ctica no se han respetado los derechos humanos de todos los migrantes, ha habido apoyo por parte de organizaciones no gubernamentales, organizaciones religiosas, de gobiernos municipales y estatales&#8221;, detall\u00f3.<\/p>\n<p>Aunque puntualiz\u00f3 que el Instituto Nacional de Migraci\u00f3n (INM) no ha respetado del todo los derechos de los migrantes,\u00a0por lo que consider\u00f3\u00a0que falta que es necesario capacitar m\u00e1s a los agentes migratorios en\u00a0sensibilidad hacia esas personas.<\/p>\n<p>Con Informaci\u00f3n de NTX\u00a0<\/p>\n","protected":false},"excerpt":{"rendered":"<p>Estudio del Colef coincide con Trump: cada vez llegan m\u00e1s migrantes<br \/>\nPor Redacci\u00f3n QP<\/p>\n","protected":false},"author":2,"featured_media":27989,"comment_status":"open","ping_status":"open","sticky":false,"template":"","format":"standard","meta":{"_monsterinsights_skip_tracking":false,"_monsterinsights_sitenote_active":false,"_monsterinsights_sitenote_note":"","_monsterinsights_sitenote_category":0,"footnotes":""},"categories":[2],"tags":[],"class_list":["post-27990","post","type-post","status-publish","format-standard","has-post-thumbnail","hentry","category-noticias"],"yoast_head":"<!-- This site is optimized with the Yoast SEO plugin v27.3 - https:\/\/yoast.com\/product\/yoast-seo-wordpress\/ -->\n<title>Estudio del Colef coincide con Trump: cada vez llegan m\u00e1s migrantes -<\/title>\n<meta name=\"robots\" content=\"index, follow, max-snippet:-1, max-image-preview:large, max-video-preview:-1\" \/>\n<link rel=\"canonical\" href=\"https:\/\/quehacerpolitico.mx\/?p=27990\" \/>\n<meta property=\"og:locale\" content=\"es_MX\" \/>\n<meta property=\"og:type\" content=\"article\" \/>\n<meta property=\"og:title\" content=\"Estudio del Colef coincide con Trump: cada vez llegan m\u00e1s migrantes -\" \/>\n<meta property=\"og:description\" content=\"Estudio del Colef coincide con Trump: cada vez llegan m\u00e1s migrantes Por Redacci\u00f3n QP\" \/>\n<meta property=\"og:url\" content=\"https:\/\/quehacerpolitico.mx\/?p=27990\" \/>\n<meta property=\"article:published_time\" content=\"2019-06-05T17:16:14+00:00\" \/>\n<meta name=\"author\" content=\"Redacci\u00f3n QP\" \/>\n<meta name=\"twitter:card\" content=\"summary_large_image\" \/>\n<meta name=\"twitter:label1\" content=\"Escrito por\" \/>\n\t<meta name=\"twitter:data1\" content=\"Redacci\u00f3n QP\" \/>\n\t<meta name=\"twitter:label2\" content=\"Tiempo de lectura\" \/>\n\t<meta name=\"twitter:data2\" content=\"4 minutos\" \/>\n<script type=\"application\/ld+json\" class=\"yoast-schema-graph\">{\"@context\":\"https:\\\/\\\/schema.org\",\"@graph\":[{\"@type\":\"Article\",\"@id\":\"https:\\\/\\\/quehacerpolitico.mx\\\/?p=27990#article\",\"isPartOf\":{\"@id\":\"https:\\\/\\\/quehacerpolitico.mx\\\/?p=27990\"},\"author\":{\"name\":\"Redacci\u00f3n QP\",\"@id\":\"https:\\\/\\\/quehacerpolitico.mx\\\/#\\\/schema\\\/person\\\/496d8ad2d1d3f8036101dca7ee39e585\"},\"headline\":\"Estudio del Colef coincide con Trump: cada vez llegan m\u00e1s migrantes\",\"datePublished\":\"2019-06-05T17:16:14+00:00\",\"mainEntityOfPage\":{\"@id\":\"https:\\\/\\\/quehacerpolitico.mx\\\/?p=27990\"},\"wordCount\":753,\"commentCount\":0,\"image\":{\"@id\":\"https:\\\/\\\/quehacerpolitico.mx\\\/?p=27990#primaryimage\"},\"thumbnailUrl\":\"\",\"articleSection\":[\"Noticias\"],\"inLanguage\":\"es\",\"potentialAction\":[{\"@type\":\"CommentAction\",\"name\":\"Comment\",\"target\":[\"https:\\\/\\\/quehacerpolitico.mx\\\/?p=27990#respond\"]}]},{\"@type\":\"WebPage\",\"@id\":\"https:\\\/\\\/quehacerpolitico.mx\\\/?p=27990\",\"url\":\"https:\\\/\\\/quehacerpolitico.mx\\\/?p=27990\",\"name\":\"Estudio del Colef coincide con Trump: cada vez llegan m\u00e1s migrantes -\",\"isPartOf\":{\"@id\":\"https:\\\/\\\/quehacerpolitico.mx\\\/#website\"},\"primaryImageOfPage\":{\"@id\":\"https:\\\/\\\/quehacerpolitico.mx\\\/?p=27990#primaryimage\"},\"image\":{\"@id\":\"https:\\\/\\\/quehacerpolitico.mx\\\/?p=27990#primaryimage\"},\"thumbnailUrl\":\"\",\"datePublished\":\"2019-06-05T17:16:14+00:00\",\"author\":{\"@id\":\"https:\\\/\\\/quehacerpolitico.mx\\\/#\\\/schema\\\/person\\\/496d8ad2d1d3f8036101dca7ee39e585\"},\"breadcrumb\":{\"@id\":\"https:\\\/\\\/quehacerpolitico.mx\\\/?p=27990#breadcrumb\"},\"inLanguage\":\"es\",\"potentialAction\":[{\"@type\":\"ReadAction\",\"target\":[\"https:\\\/\\\/quehacerpolitico.mx\\\/?p=27990\"]}]},{\"@type\":\"ImageObject\",\"inLanguage\":\"es\",\"@id\":\"https:\\\/\\\/quehacerpolitico.mx\\\/?p=27990#primaryimage\",\"url\":\"\",\"contentUrl\":\"\"},{\"@type\":\"BreadcrumbList\",\"@id\":\"https:\\\/\\\/quehacerpolitico.mx\\\/?p=27990#breadcrumb\",\"itemListElement\":[{\"@type\":\"ListItem\",\"position\":1,\"name\":\"Inicio\",\"item\":\"https:\\\/\\\/quehacerpolitico.mx\\\/\"},{\"@type\":\"ListItem\",\"position\":2,\"name\":\"Estudio del Colef coincide con Trump: cada vez llegan m\u00e1s migrantes\"}]},{\"@type\":\"WebSite\",\"@id\":\"https:\\\/\\\/quehacerpolitico.mx\\\/#website\",\"url\":\"https:\\\/\\\/quehacerpolitico.mx\\\/\",\"name\":\"\",\"description\":\"\",\"potentialAction\":[{\"@type\":\"SearchAction\",\"target\":{\"@type\":\"EntryPoint\",\"urlTemplate\":\"https:\\\/\\\/quehacerpolitico.mx\\\/?s={search_term_string}\"},\"query-input\":{\"@type\":\"PropertyValueSpecification\",\"valueRequired\":true,\"valueName\":\"search_term_string\"}}],\"inLanguage\":\"es\"},{\"@type\":\"Person\",\"@id\":\"https:\\\/\\\/quehacerpolitico.mx\\\/#\\\/schema\\\/person\\\/496d8ad2d1d3f8036101dca7ee39e585\",\"name\":\"Redacci\u00f3n QP\",\"image\":{\"@type\":\"ImageObject\",\"inLanguage\":\"es\",\"@id\":\"https:\\\/\\\/secure.gravatar.com\\\/avatar\\\/c7164ed6fdec453195284ad24a5ae5b6e1eed2b848477fa2a4787ba9adf39a41?s=96&d=mm&r=g\",\"url\":\"https:\\\/\\\/secure.gravatar.com\\\/avatar\\\/c7164ed6fdec453195284ad24a5ae5b6e1eed2b848477fa2a4787ba9adf39a41?s=96&d=mm&r=g\",\"contentUrl\":\"https:\\\/\\\/secure.gravatar.com\\\/avatar\\\/c7164ed6fdec453195284ad24a5ae5b6e1eed2b848477fa2a4787ba9adf39a41?s=96&d=mm&r=g\",\"caption\":\"Redacci\u00f3n QP\"},\"url\":\"https:\\\/\\\/quehacerpolitico.mx\\\/?author=2\"}]}<\/script>\n<!-- \/ Yoast SEO plugin. -->","yoast_head_json":{"title":"Estudio del Colef coincide con Trump: cada vez llegan m\u00e1s migrantes -","robots":{"index":"index","follow":"follow","max-snippet":"max-snippet:-1","max-image-preview":"max-image-preview:large","max-video-preview":"max-video-preview:-1"},"canonical":"https:\/\/quehacerpolitico.mx\/?p=27990","og_locale":"es_MX","og_type":"article","og_title":"Estudio del Colef coincide con Trump: cada vez llegan m\u00e1s migrantes -","og_description":"Estudio del Colef coincide con Trump: cada vez llegan m\u00e1s migrantes Por Redacci\u00f3n QP","og_url":"https:\/\/quehacerpolitico.mx\/?p=27990","article_published_time":"2019-06-05T17:16:14+00:00","author":"Redacci\u00f3n QP","twitter_card":"summary_large_image","twitter_misc":{"Escrito por":"Redacci\u00f3n QP","Tiempo de lectura":"4 minutos"},"schema":{"@context":"https:\/\/schema.org","@graph":[{"@type":"Article","@id":"https:\/\/quehacerpolitico.mx\/?p=27990#article","isPartOf":{"@id":"https:\/\/quehacerpolitico.mx\/?p=27990"},"author":{"name":"Redacci\u00f3n QP","@id":"https:\/\/quehacerpolitico.mx\/#\/schema\/person\/496d8ad2d1d3f8036101dca7ee39e585"},"headline":"Estudio del Colef coincide con Trump: cada vez llegan m\u00e1s migrantes","datePublished":"2019-06-05T17:16:14+00:00","mainEntityOfPage":{"@id":"https:\/\/quehacerpolitico.mx\/?p=27990"},"wordCount":753,"commentCount":0,"image":{"@id":"https:\/\/quehacerpolitico.mx\/?p=27990#primaryimage"},"thumbnailUrl":"","articleSection":["Noticias"],"inLanguage":"es","potentialAction":[{"@type":"CommentAction","name":"Comment","target":["https:\/\/quehacerpolitico.mx\/?p=27990#respond"]}]},{"@type":"WebPage","@id":"https:\/\/quehacerpolitico.mx\/?p=27990","url":"https:\/\/quehacerpolitico.mx\/?p=27990","name":"Estudio del Colef coincide con Trump: cada vez llegan m\u00e1s migrantes -","isPartOf":{"@id":"https:\/\/quehacerpolitico.mx\/#website"},"primaryImageOfPage":{"@id":"https:\/\/quehacerpolitico.mx\/?p=27990#primaryimage"},"image":{"@id":"https:\/\/quehacerpolitico.mx\/?p=27990#primaryimage"},"thumbnailUrl":"","datePublished":"2019-06-05T17:16:14+00:00","author":{"@id":"https:\/\/quehacerpolitico.mx\/#\/schema\/person\/496d8ad2d1d3f8036101dca7ee39e585"},"breadcrumb":{"@id":"https:\/\/quehacerpolitico.mx\/?p=27990#breadcrumb"},"inLanguage":"es","potentialAction":[{"@type":"ReadAction","target":["https:\/\/quehacerpolitico.mx\/?p=27990"]}]},{"@type":"ImageObject","inLanguage":"es","@id":"https:\/\/quehacerpolitico.mx\/?p=27990#primaryimage","url":"","contentUrl":""},{"@type":"BreadcrumbList","@id":"https:\/\/quehacerpolitico.mx\/?p=27990#breadcrumb","itemListElement":[{"@type":"ListItem","position":1,"name":"Inicio","item":"https:\/\/quehacerpolitico.mx\/"},{"@type":"ListItem","position":2,"name":"Estudio del Colef coincide con Trump: cada vez llegan m\u00e1s migrantes"}]},{"@type":"WebSite","@id":"https:\/\/quehacerpolitico.mx\/#website","url":"https:\/\/quehacerpolitico.mx\/","name":"","description":"","potentialAction":[{"@type":"SearchAction","target":{"@type":"EntryPoint","urlTemplate":"https:\/\/quehacerpolitico.mx\/?s={search_term_string}"},"query-input":{"@type":"PropertyValueSpecification","valueRequired":true,"valueName":"search_term_string"}}],"inLanguage":"es"},{"@type":"Person","@id":"https:\/\/quehacerpolitico.mx\/#\/schema\/person\/496d8ad2d1d3f8036101dca7ee39e585","name":"Redacci\u00f3n QP","image":{"@type":"ImageObject","inLanguage":"es","@id":"https:\/\/secure.gravatar.com\/avatar\/c7164ed6fdec453195284ad24a5ae5b6e1eed2b848477fa2a4787ba9adf39a41?s=96&d=mm&r=g","url":"https:\/\/secure.gravatar.com\/avatar\/c7164ed6fdec453195284ad24a5ae5b6e1eed2b848477fa2a4787ba9adf39a41?s=96&d=mm&r=g","contentUrl":"https:\/\/secure.gravatar.com\/avatar\/c7164ed6fdec453195284ad24a5ae5b6e1eed2b848477fa2a4787ba9adf39a41?s=96&d=mm&r=g","caption":"Redacci\u00f3n QP"},"url":"https:\/\/quehacerpolitico.mx\/?author=2"}]}},"featured_image_urls":{"full":"","thumbnail":"","medium":"","medium_large":"","large":"","1536x1536":"","2048x2048":"","covernews-featured":"","covernews-medium":""},"author_info":{"display_name":"Redacci\u00f3n QP","author_link":"https:\/\/quehacerpolitico.mx\/?author=2"},"category_info":"<a href=\"https:\/\/quehacerpolitico.mx\/?cat=2\" rel=\"category\">Noticias<\/a>","tag_info":"Noticias","comment_count":"0","_links":{"self":[{"href":"https:\/\/quehacerpolitico.mx\/index.php?rest_route=\/wp\/v2\/posts\/27990","targetHints":{"allow":["GET"]}}],"collection":[{"href":"https:\/\/quehacerpolitico.mx\/index.php?rest_route=\/wp\/v2\/posts"}],"about":[{"href":"https:\/\/quehacerpolitico.mx\/index.php?rest_route=\/wp\/v2\/types\/post"}],"author":[{"embeddable":true,"href":"https:\/\/quehacerpolitico.mx\/index.php?rest_route=\/wp\/v2\/users\/2"}],"replies":[{"embeddable":true,"href":"https:\/\/quehacerpolitico.mx\/index.php?rest_route=%2Fwp%2Fv2%2Fcomments&post=27990"}],"version-history":[{"count":0,"href":"https:\/\/quehacerpolitico.mx\/index.php?rest_route=\/wp\/v2\/posts\/27990\/revisions"}],"wp:featuredmedia":[{"embeddable":true,"href":"https:\/\/quehacerpolitico.mx\/index.php?rest_route=\/"}],"wp:attachment":[{"href":"https:\/\/quehacerpolitico.mx\/index.php?rest_route=%2Fwp%2Fv2%2Fmedia&parent=27990"}],"wp:term":[{"taxonomy":"category","embeddable":true,"href":"https:\/\/quehacerpolitico.mx\/index.php?rest_route=%2Fwp%2Fv2%2Fcategories&post=27990"},{"taxonomy":"post_tag","embeddable":true,"href":"https:\/\/quehacerpolitico.mx\/index.php?rest_route=%2Fwp%2Fv2%2Ftags&post=27990"}],"curies":[{"name":"wp","href":"https:\/\/api.w.org\/{rel}","templated":true}]}}