{"id":27712,"date":"2019-06-03T12:58:23","date_gmt":"2019-06-03T12:58:23","guid":{"rendered":"http:\/\/quehacerpolitico.mx\/internacionales-carolina-alonso-romei-mexico-confia-en-llegar-a-un-buen-acuerdo-con-estados-unidos-en-aranceles-ebrard\/"},"modified":"2019-06-03T12:58:23","modified_gmt":"2019-06-03T12:58:23","slug":"internacionales-carolina-alonso-romei-mexico-confia-en-llegar-a-un-buen-acuerdo-con-estados-unidos-en-aranceles-ebrard","status":"publish","type":"post","link":"https:\/\/quehacerpolitico.mx\/?p=27712","title":{"rendered":"Internacionales\/\/\/Carolina Alonso Romei\/\/\/Mexico conf\u00eda en llegar a un buen acuerdo con Estados Unidos en Aranceles: Ebrard"},"content":{"rendered":"<p>Mexico conf\u00eda en llegar a un buen acuerdo con Estados Unidos en Aranceles: Ebrard<\/p>\n<p>Por Carolina Alonso Romei\u00a0<\/p>\n<p>Internacionalista\u00a0<\/p>\n<p>El Secretario de Relaciones Exteriores, <strong>Marcelo Ebrard<\/strong>, dijo esta ma\u00f1ana desde la capital estadounidense que M\u00e9xico cree que llegar\u00e1 a un acuerdo con el Gobierno de Donald Trump antes de que se cumplan las amenazas de aumentar <strong>aranceles<\/strong> como medida de presi\u00f3n por los recientes <strong>flujos migratorios<\/strong>.<\/p>\n<blockquote>\n<p>\u201cLa imposici\u00f3n de <strong>aranceles<\/strong>, junto con la decisi\u00f3n de cancelar los programas de ayuda seguramente tendr\u00e1n un efecto <strong>contraproducente<\/strong> y no reducir\u00edan los <strong>flujos migratorios<\/strong>\u201d, alert\u00f3 <strong>Ebrard<\/strong> esta ma\u00f1ana. \u201cDeseamos que ambos gobiernos sigan siendo amigos y socios\u201d.<\/p>\n<\/blockquote>\n<p>\u201cM\u00e9xico va a enviar una gran delegaci\u00f3n para hablar de la Frontera\u201d, tuite\u00f3 ayer Trump. \u201cEl problema es que llevan 25 a\u00f1os \u2018hablando\u2019. Queremos acciones, no palabras\u201d.<\/p>\n<p>Ebrard dijo esta ma\u00f1ana que \u201cno estamos aqu\u00ed [la delegaci\u00f3n mexicana] para \u2018hablar\u2019, sino para dise\u00f1ar acciones conjuntas\u201d.<\/p>\n<p>La periodista Dolia Est\u00e9vez le pregunt\u00f3 a Ebrard: \u201c\u00bfQu\u00e9 tipo de concesiones est\u00e1 dispuesto a hacer el Gobierno de M\u00e9xico para impedir que esta amenaza de las tarifas se cumpla? \u00bfQu\u00e9 tan confiado est\u00e1 de poder convencer al Presidente para que asista al G20, en este contexto en el que es necesario buscar aliados internacionales\u201d.<\/p>\n<blockquote>\n<p class=\"p1\">\u201cA m\u00ed me encantar\u00eda que el Presidente pueda asistir al G20 y m\u00e1s ahora. Pero es una decisi\u00f3n que \u00e9l tomar\u00e1 los pr\u00f3ximos d\u00edas. Tambi\u00e9n depende que c\u00f3mo nos vaya\u201d, dijo el Canciller. \u201cDel otro tema, de las concesiones, yo te dir\u00eda que el l\u00edmite de las negociaciones que podamos tener, est\u00e1 dado por la Constituci\u00f3n, por la pol\u00edtica migratoria que suscribimos y desde luego por la dignidad de M\u00e9xico\u201d.<\/p>\n<\/blockquote>\n<p>Esta ma\u00f1ana, el Presidente Andr\u00e9s Manuel L\u00f3pez Obrador dijo: \u201cNosotros siempre vamos a buscar resolver diferencias mediante el di\u00e1logo, buscando la soluci\u00f3n pac\u00edfica a las controversias. En este tiempo siempre insistimos en mantener lazos de cooperaci\u00f3n para el desarrollo. Y eso es lo que est\u00e1 haciendo la delegaci\u00f3n que representa Marcelo Ebrard en Washington\u201d.<\/p>\n<blockquote class=\"twitter-tweet\" data-width=\"550\" data-dnt=\"true\">\n<p lang=\"es\" dir=\"ltr\">\ud83d\udd34Sigue la conferencia en vivo desde Washington, D.C. de la delegaci\u00f3n del <a href=\"https:\/\/twitter.com\/GobiernoMX?ref_src=twsrc%5Etfw\">@GobiernoMX<\/a>.<a href=\"https:\/\/t.co\/TWgQaRBCBe\">https:\/\/t.co\/TWgQaRBCBe<\/a><\/p>\n<p>&mdash; Relaciones Exteriores (@SRE_mx) <a href=\"https:\/\/twitter.com\/SRE_mx\/status\/1135513295039991809?ref_src=twsrc%5Etfw\">June 3, 2019<\/a><\/p><\/blockquote>\n<p><script async src=\"https:\/\/platform.twitter.com\/widgets.js\" charset=\"utf-8\"><\/script><\/p>\n<p>Ese tuit segu\u00eda a otro en el que Trump acusaba a M\u00e9xico de \u201cabusar\u201d de Estados Unidos al tomar sin dar nada a cambio. El mandatario amenaz\u00f3 con atraer de vuelta a su pa\u00eds a empresas y empleos estadounidenses con <strong>aranceles<\/strong> a menos que M\u00e9xico detenga lo que describi\u00f3 como una \u201cinvasi\u00f3n\u201d de narcotraficantes, c\u00e1rteles, traficantes de personas, contrabandistas y migrantes.<\/p>\n<p>El d\u00f3lar sufre las consecuencias de la agresividad de Trump. Por supuesto que tambi\u00e9n el peso. Pero el d\u00f3lar se sit\u00faa este lunes cerca de los m\u00ednimos de una semana con respecto a las dem\u00e1s monedas principales; el yen y el franco suizo, considerados refugio seguro en momentos de incertidumbre, ganan terreno al intensificarse las tensiones comerciales a escala mundial.<\/p>\n<p><strong>Ebrard<\/strong> se prepara para enfrentar al aparato de Donald Trump y al Presidente mismo, en una ronda en la que se hablar\u00e1 de comercio y migraci\u00f3n. Trump amenaz\u00f3 el jueves con aplicar aranceles graduales a M\u00e9xico si no detiene \u201cla ola de migrantes\u201d.<\/p>\n<p>La Secretaria mexicana de Econom\u00eda, Graciela M\u00e1rquez, dijo que se reunir\u00eda este lunes en Washington con el Secretario estadounidense de Comercio, Wilbur Ross. Ebrard se\u00f1al\u00f3 el fin de semana que la delegaci\u00f3n estar\u00e1 el mi\u00e9rcoles en otra mesa liderada por el Secretario de Estado de Estados Unidos, Mike Pompeo. Tambi\u00e9n asistir\u00e1n el Secretario mexicano de Agricultura y Desarrollo, V\u00edctor Manuel Villalobos, y su hom\u00f3logo estadounidense, Sonny Perdue, ya que los aranceles afectar\u00e1n \u201cseveramente\u201d al sector agr\u00edcola estadounidense, se\u00f1al\u00f3 Ebrard.<\/p>\n<p>El objetivo es que Estados Unidos evite pegarse \u201cun tiro en el pie\u201d, se\u00f1al\u00f3 el Secretario de Exteriores.<\/p>\n<p>M\u00e9xico es el mayor mercado de exportaci\u00f3n para el ma\u00edz y el cerdo estadounidense, mientras que M\u00e9xico produce una de cada tres frutas y verduras frescas consumidas en Estados Unidos. Se espera que los aranceles a las exportaciones agr\u00edcolas suban el coste de los aguacates, tomates y otras frutas para consumidores estadounidenses.<\/p>\n<p><strong>\u201cQUE NADA SEPARE NUESTRA AMISTAD\u201d: AMLO<\/strong><\/p>\n<p>En medio de la mayor crisis que su administraci\u00f3n federal ha tenido con el Gobierno de\u00a0Estados Unidos, encabezado por Donal Trump, el Presidente\u00a0Andr\u00e9s Manuel L\u00f3pez Obrador\u00a0envi\u00f3 ayer un mensaje al pueblo\u00a0estadounidense.<\/p>\n<blockquote class=\"twitter-tweet\" data-width=\"550\" data-dnt=\"true\">\n<p lang=\"es\" dir=\"ltr\">El gobierno de M\u00e9xico es amigo del gobierno de EUA. El presidente de M\u00e9xico quiere seguir siendo amigo del presidente Trump. <br \/>Los mexicanos somos amigos del pueblo estadounidense. A ellos les digo desde Para\u00edso: Juremos que nada ni nadie separe nuestra bonita y sagrada amistad.<\/p>\n<p>&mdash; Andr\u00e9s Manuel (@lopezobrador_) <a href=\"https:\/\/twitter.com\/lopezobrador_\/status\/1135264415828365312?ref_src=twsrc%5Etfw\">June 2, 2019<\/a><\/p><\/blockquote>\n<p><script async src=\"https:\/\/platform.twitter.com\/widgets.js\" charset=\"utf-8\"><\/script><\/p>\n<p>\u201cEl Gobierno de M\u00e9xico es amigo es amigo del Gobierno de\u00a0Estados Unidos\u00a0de Norteam\u00e9rica. El Presidente de M\u00e9xico quiere seguir siendo amigo del Presidente Donald Trump. Pero, sobre todo, los mexicanos somos amigos del pueblo estadounidense. A ellos me dirijo desde Para\u00edso, Tabasco. Juremos\u00a0que nada ni nadie separe nuestra bonita y sagrada amistad\u201c, dice el memor\u00e1ndum que ley\u00f3 en el puerto de Dos Bocas, en Para\u00edso, Tabasco, donde estuvo esta tarde para iniciar los trabajos de la nueva refiner\u00eda que construir\u00e1 Petr\u00f3leos Mexicanos (Pemex).<\/p>\n<p><img loading=\"lazy\" decoding=\"async\" class=\"alignnone size-full wp-image-3590665\" src=\"https:\/\/www.sinembargo.mx\/wp-content\/uploads\/2019\/06\/captura-de-pantalla-2019-06-02-a-las-15-23-45-1.png\" sizes=\"auto, (max-width: 700px) 100vw, 700px\" srcset=\"https:\/\/www.sinembargo.mx\/wp-content\/uploads\/2019\/06\/captura-de-pantalla-2019-06-02-a-las-15-23-45-1.png 700w, https:\/\/www.sinembargo.mx\/wp-content\/uploads\/2019\/06\/captura-de-pantalla-2019-06-02-a-las-15-23-45-1-231x300.png 231w\" alt=\"\" width=\"700\" height=\"908\" \/>La crisis con\u00a0Estados Unidos\u00a0se desat\u00f3 el viernes, luego de que el Presidente Donald Trump anunciar\u00e1 que impondr\u00e1 aranceles de 5 por ciento, e incluso los subir\u00e1 progresivamente hasta un 25 por ciento, a todos los productos importados de M\u00e9xico, si el pa\u00eds no detiene la migraci\u00f3n que en su mayor\u00eda viene de Centroam\u00e9rica.<\/p>\n<div id=\"attachment_3590666\" class=\"wp-caption alignnone\"><img loading=\"lazy\" decoding=\"async\" class=\"size-full wp-image-3590666\" src=\"https:\/\/www.sinembargo.mx\/wp-content\/uploads\/2019\/06\/de7f36b0-5a46-4dc0-98dd-6c7bc3c8a24c-1.jpg\" sizes=\"auto, (max-width: 700px) 100vw, 700px\" srcset=\"https:\/\/www.sinembargo.mx\/wp-content\/uploads\/2019\/06\/de7f36b0-5a46-4dc0-98dd-6c7bc3c8a24c-1.jpg 700w, https:\/\/www.sinembargo.mx\/wp-content\/uploads\/2019\/06\/de7f36b0-5a46-4dc0-98dd-6c7bc3c8a24c-1-300x200.jpg 300w\" alt=\"\" width=\"700\" height=\"467\" \/><\/p>\n<p class=\"wp-caption-text\">El Presidente Andr\u00e9s Manuel L\u00f3pez Obrador durante el inicio de los trabajos de la nueva Refiner\u00eda de Dos Bocas, para Para\u00edso, Tabasco. Foto: Gobierno de M\u00e9xico<\/p>\n<\/div>\n<p>El Jefe del Ejecutivo mexicano respondi\u00f3 con una carta a Trump, donde destac\u00f3 que no busca la confrontaci\u00f3n, pero s\u00ed recrimin\u00f3 que \u201clos problemas sociales no se resuelven con impuestos o medidas coercitivas\u201d y le advirti\u00f3: \u201cNo me falta valor\u201d, esto antes de advertirle que actuar\u00e1 conforme a principios.<\/p>\n<blockquote>\n<p>\u201cDe manera espec\u00edfica, ciudadano Presidente: le propongo profundizar en el di\u00e1logo, buscar alternativas de fondo al problema migratorio y, por favor, recuerde que no me falta valor, que no soy cobarde ni timorato sino que act\u00fao por principios: creo en la pol\u00edtica que, entre otras cosas, se invent\u00f3 para evitar la confrontaci\u00f3n y la guerra. No creo en la Ley del Tali\u00f3n, en el \u2018diente por diente\u2019, en el \u2018ojo por ojo\u2019, porque, si a esas vamos, todos nos quedar\u00edamos chimuelos o tuertos. Creo que los hombres de Estado y a\u00fan m\u00e1s los de Naci\u00f3n, estamos obligados a buscar soluciones pac\u00edficas a las controversias y a levar a la pr\u00e1ctica, por siempre, el bello ideal de la no-violencia\u201d, expuso.<\/p>\n<\/blockquote>\n<p>En este contexto, el pr\u00f3ximo mi\u00e9rcoles 5 de junio funcionarios mexicanos y estadounidenses se reunir\u00e1n en Washington, DC, para encontrar una soluci\u00f3n al conflicto.<\/p>\n<div id=\"attachment_3590667\" class=\"wp-caption alignnone\"><img loading=\"lazy\" decoding=\"async\" class=\"size-full wp-image-3590667\" src=\"https:\/\/www.sinembargo.mx\/wp-content\/uploads\/2019\/06\/ap19154096485711.jpg\" sizes=\"auto, (max-width: 700px) 100vw, 700px\" srcset=\"https:\/\/www.sinembargo.mx\/wp-content\/uploads\/2019\/06\/ap19154096485711.jpg 700w, https:\/\/www.sinembargo.mx\/wp-content\/uploads\/2019\/06\/ap19154096485711-300x200.jpg 300w\" alt=\"\" width=\"700\" height=\"467\" \/><\/p>\n<p class=\"wp-caption-text\">El Presidente Donald Trump habla con la prensa al salir de la Casa Blanca rumbo a Londres, el domingo 2 de junio de 2019, en Washington. Foto: Jacquelyn Martin, AP<\/p>\n<\/div>\n<p><strong>\u201cQUEREMOS ACCI\u00d3N\u201d: TRUMP\u00a0<\/strong><\/p>\n<p>Previamente, Donald Trump\u00a0insisti\u00f3 este domingo en que el problema de la\u00a0crisis migratoria en la frontera\u00a0es culpa de M\u00e9xico y asegur\u00f3 que el Gobierno mexicano ha estado hablando desde hace 25 a\u00f1os sobre este tema, pero ahora quieren acciones.<\/p>\n<blockquote class=\"twitter-tweet\" data-width=\"550\" data-dnt=\"true\">\n<p lang=\"en\" dir=\"ltr\">Mexico is sending a big delegation to talk about the Border. Problem is, they\u2019ve been \u201ctalking\u201d for 25 years. We want action, not talk. They could solve the Border Crisis in one day if they so desired. Otherwise, our companies and jobs are coming back to the USA!<\/p>\n<p>&mdash; Donald J. Trump (@realDonaldTrump) <a href=\"https:\/\/twitter.com\/realDonaldTrump\/status\/1135249668751929345?ref_src=twsrc%5Etfw\">June 2, 2019<\/a><\/p><\/blockquote>\n<p><script async src=\"https:\/\/platform.twitter.com\/widgets.js\" charset=\"utf-8\"><\/script><\/p>\n<p>\u201cM\u00e9xico est\u00e1 enviando una gran delegaci\u00f3n para hablar de la frontera. El problema es que han estado \u201chablando\u201d durante 25 a\u00f1os. Queremos acci\u00f3n, no hablar. Podr\u00edan resolver la crisis fronteriza en un d\u00eda si as\u00ed lo deseaban. De lo contrario, nuestras empresas y puestos de trabajo est\u00e1n regresando a los E.E.U.U.!\u201d, escribi\u00f3 el Mandatario estadounidense en su cuenta de Twitter, en medio de la visita de la delegaci\u00f3n mexicana a Estados Unidos para dialogar sobre el anuncio de los aranceles a productos mexicanos.<\/p>\n<p>Horas antes, el Presidente estadounidense acus\u00f3 a M\u00e9xico de \u201cabusar\u201d de su pa\u00eds \u201cdurante d\u00e9cadas\u201d, y ha amenazado con \u201ctraer de vuelta\u201d todas las empresas norteamericanas al territorio de EU si el pa\u00eds vecino no detiene \u201cla invasi\u00f3n\u201d.<\/p>\n<p>\u201cLa gente ha estado diciendo durante a\u00f1os que deber\u00edamos hablar con M\u00e9xico. El problema es que M\u00e9xico es un abusador respecto a EU, que toma pero nunca da\u201d, afirm\u00f3 el mandatario en un tuit, agregando que \u201cas\u00ed ha sido durante d\u00e9cadas\u201d.<\/p>\n<blockquote>\n<p>\u201cO bien detienen la invasi\u00f3n de nuestro pa\u00eds por parte de narcotraficantes, c\u00e1rteles, traficantes de personas, \u2018coyotes\u2019 e inmigrantes ilegales, algo que pueden hacer muy f\u00e1cilmente, o nuestras numerosas empresas y empleos a los que se les ha permitido tontamente mudarse al sur de la frontera, ser\u00e1n tra\u00eddos de regreso a EU a trav\u00e9s de impuestos (aranceles)\u201d, advirti\u00f3 Trump. Y recalc\u00f3: \u201c\u00a1EU ha tenido suficiente!\u201d.<\/p>\n<\/blockquote>\n<div id=\"attachment_3590668\" class=\"wp-caption alignnone\"><img loading=\"lazy\" decoding=\"async\" class=\"size-full wp-image-3590668\" src=\"https:\/\/www.sinembargo.mx\/wp-content\/uploads\/2019\/06\/ap19154151561928.jpg\" sizes=\"auto, (max-width: 700px) 100vw, 700px\" srcset=\"https:\/\/www.sinembargo.mx\/wp-content\/uploads\/2019\/06\/ap19154151561928.jpg 700w, https:\/\/www.sinembargo.mx\/wp-content\/uploads\/2019\/06\/ap19154151561928-300x200.jpg 300w\" alt=\"\" width=\"700\" height=\"467\" \/><\/p>\n<p class=\"wp-caption-text\">Un cartel muestra tasas de cambio de un escaparate en Ciudad de M\u00e9xico, el viernes 31 de mayo de 2019, al d a siguiente de que el Presidente de Estados Unidos, Donald Trump, amenazara con imponer un arancel del 5 por ciento _que ir a subiendo hasta el 25 por ciento_ sobre todas las importaciones mexicanas. Foto: Ginnette Riquelme, AP<\/p>\n<\/div>\n<p><strong>TRUMP AMAGA CON ARANCEL<\/strong><\/p>\n<p>El pasado 30 de mayo, el Presidente Donald Trump\u00a0amenaz\u00f3 con imponer un\u00a0arancel\u00a0de 5 por ciento \u201ca todos los bienes\u201d que ingresan a Estados Unidos desde M\u00e9xico hasta frenar la migraci\u00f3n ilegal;\u00a0la medida se aplicar\u00eda desde el 10 de junio.<\/p>\n<p>El mandatario hizo el anuncio en su cuenta de Twitter e indic\u00f3 que\u00a0 la tarifa aumentar\u00e1 gradualmente hasta que se solucione el problema de la migraci\u00f3n.<\/p>\n<blockquote class=\"twitter-tweet\" data-width=\"550\" data-dnt=\"true\">\n<p lang=\"en\" dir=\"ltr\">On June 10th, the United States will impose a 5% Tariff on all goods coming into our Country from Mexico, until such time as illegal migrants coming through Mexico, and into our Country, STOP. The Tariff will gradually increase until the Illegal Immigration problem is remedied,..<\/p>\n<p>&mdash; Donald J. Trump (@realDonaldTrump) <a href=\"https:\/\/twitter.com\/realDonaldTrump\/status\/1134240653926232064?ref_src=twsrc%5Etfw\">May 30, 2019<\/a><\/p><\/blockquote>\n<p><script async src=\"https:\/\/platform.twitter.com\/widgets.js\" charset=\"utf-8\"><\/script><\/p>\n<p>\u201cEl 10 de junio, los Estados Unidos impondr\u00e1n un arancel de 5 % a todos los bienes que entran en nuestro pa\u00eds desde M\u00e9xico, hasta el momento en que los migrantes ilegales que llegan a trav\u00e9s de M\u00e9xico, y en nuestro pa\u00eds. ALTO. La tarifa aumentar\u00e1 gradualmente hasta que se solucione el problema de la inmigraci\u00f3n ilegal\u201c, expuso.<\/p>\n<blockquote class=\"twitter-tweet\" data-width=\"550\" data-dnt=\"true\">\n<p lang=\"en\" dir=\"ltr\">&#8230;.at which time the Tariffs will be removed. Details from the White House to follow.<\/p>\n<p>&mdash; Donald J. Trump (@realDonaldTrump) <a href=\"https:\/\/twitter.com\/realDonaldTrump\/status\/1134240657621438464?ref_src=twsrc%5Etfw\">May 30, 2019<\/a><\/p><\/blockquote>\n<p><script async src=\"https:\/\/platform.twitter.com\/widgets.js\" charset=\"utf-8\"><\/script><\/p>\n<p>El mandatario afirm\u00f3 que posteriormente se eliminar\u00edan las tarifas.<\/p>\n<p>Por su parte, e<span class=\"s1\">l<\/span><span class=\"s2\">\u00a0Subsecretario para Am\u00e9rica del Norte, Jes\u00fas Seade, respondi\u00f3 que si Estados Unidos cumple con la amenaza de imponer aranceles, el pa\u00eds responder\u00e1 de forma energ\u00e9tica.<\/span><\/p>\n<p class=\"p3\"><span class=\"s3\">El funcionario opin\u00f3 que ser\u00eda desastroso si se cumpliera la medida de Trump. De acuerdo con agencias internacionales.<\/span><\/p>\n<p class=\"p5\"><span class=\"s3\">El subsecretario calific\u00f3 la medida como\u201dalgo muy extremo\u201d y adelant\u00f3 que si M\u00e9xico responder\u00eda con algo similar significar\u00eda una guerra comercial.<\/span><\/p>\n","protected":false},"excerpt":{"rendered":"<p>Mexico conf\u00eda en llegar a un buen acuerdo con Estados Unidos en Aranceles: Ebrard<br \/>\nPor Carolina Alonso Romei<br \/>\nInternacionalista<\/p>\n","protected":false},"author":2,"featured_media":27711,"comment_status":"open","ping_status":"open","sticky":false,"template":"","format":"standard","meta":{"_monsterinsights_skip_tracking":false,"_monsterinsights_sitenote_active":false,"_monsterinsights_sitenote_note":"","_monsterinsights_sitenote_category":0,"footnotes":""},"categories":[1],"tags":[],"class_list":["post-27712","post","type-post","status-publish","format-standard","has-post-thumbnail","hentry","category-sin-categoria"],"yoast_head":"<!-- This site is optimized with the Yoast SEO plugin v27.3 - https:\/\/yoast.com\/product\/yoast-seo-wordpress\/ -->\n<title>Internacionales\/\/\/Carolina Alonso Romei\/\/\/Mexico conf\u00eda en llegar a un buen acuerdo con Estados Unidos en Aranceles: Ebrard -<\/title>\n<meta name=\"robots\" content=\"index, follow, max-snippet:-1, max-image-preview:large, max-video-preview:-1\" \/>\n<link rel=\"canonical\" href=\"https:\/\/quehacerpolitico.mx\/?p=27712\" \/>\n<meta property=\"og:locale\" content=\"es_MX\" \/>\n<meta property=\"og:type\" content=\"article\" \/>\n<meta property=\"og:title\" content=\"Internacionales\/\/\/Carolina Alonso Romei\/\/\/Mexico conf\u00eda en llegar a un buen acuerdo con Estados Unidos en Aranceles: Ebrard -\" \/>\n<meta property=\"og:description\" content=\"Mexico conf\u00eda en llegar a un buen acuerdo con Estados Unidos en Aranceles: Ebrard Por Carolina Alonso Romei Internacionalista\" \/>\n<meta property=\"og:url\" content=\"https:\/\/quehacerpolitico.mx\/?p=27712\" \/>\n<meta property=\"article:published_time\" content=\"2019-06-03T12:58:23+00:00\" \/>\n<meta name=\"author\" content=\"Redacci\u00f3n QP\" \/>\n<meta name=\"twitter:card\" content=\"summary_large_image\" \/>\n<meta name=\"twitter:label1\" content=\"Escrito por\" \/>\n\t<meta name=\"twitter:data1\" content=\"Redacci\u00f3n QP\" \/>\n\t<meta name=\"twitter:label2\" content=\"Tiempo de lectura\" \/>\n\t<meta name=\"twitter:data2\" content=\"9 minutos\" \/>\n<script type=\"application\/ld+json\" class=\"yoast-schema-graph\">{\"@context\":\"https:\\\/\\\/schema.org\",\"@graph\":[{\"@type\":\"Article\",\"@id\":\"https:\\\/\\\/quehacerpolitico.mx\\\/?p=27712#article\",\"isPartOf\":{\"@id\":\"https:\\\/\\\/quehacerpolitico.mx\\\/?p=27712\"},\"author\":{\"name\":\"Redacci\u00f3n QP\",\"@id\":\"https:\\\/\\\/quehacerpolitico.mx\\\/#\\\/schema\\\/person\\\/496d8ad2d1d3f8036101dca7ee39e585\"},\"headline\":\"Internacionales\\\/\\\/\\\/Carolina Alonso Romei\\\/\\\/\\\/Mexico conf\u00eda en llegar a un buen acuerdo con Estados Unidos en Aranceles: Ebrard\",\"datePublished\":\"2019-06-03T12:58:23+00:00\",\"mainEntityOfPage\":{\"@id\":\"https:\\\/\\\/quehacerpolitico.mx\\\/?p=27712\"},\"wordCount\":1803,\"commentCount\":0,\"image\":{\"@id\":\"https:\\\/\\\/quehacerpolitico.mx\\\/?p=27712#primaryimage\"},\"thumbnailUrl\":\"\",\"articleSection\":[\"Internacionales\"],\"inLanguage\":\"es\",\"potentialAction\":[{\"@type\":\"CommentAction\",\"name\":\"Comment\",\"target\":[\"https:\\\/\\\/quehacerpolitico.mx\\\/?p=27712#respond\"]}]},{\"@type\":\"WebPage\",\"@id\":\"https:\\\/\\\/quehacerpolitico.mx\\\/?p=27712\",\"url\":\"https:\\\/\\\/quehacerpolitico.mx\\\/?p=27712\",\"name\":\"Internacionales\\\/\\\/\\\/Carolina Alonso Romei\\\/\\\/\\\/Mexico conf\u00eda en llegar a un buen acuerdo con Estados Unidos en Aranceles: Ebrard -\",\"isPartOf\":{\"@id\":\"https:\\\/\\\/quehacerpolitico.mx\\\/#website\"},\"primaryImageOfPage\":{\"@id\":\"https:\\\/\\\/quehacerpolitico.mx\\\/?p=27712#primaryimage\"},\"image\":{\"@id\":\"https:\\\/\\\/quehacerpolitico.mx\\\/?p=27712#primaryimage\"},\"thumbnailUrl\":\"\",\"datePublished\":\"2019-06-03T12:58:23+00:00\",\"author\":{\"@id\":\"https:\\\/\\\/quehacerpolitico.mx\\\/#\\\/schema\\\/person\\\/496d8ad2d1d3f8036101dca7ee39e585\"},\"breadcrumb\":{\"@id\":\"https:\\\/\\\/quehacerpolitico.mx\\\/?p=27712#breadcrumb\"},\"inLanguage\":\"es\",\"potentialAction\":[{\"@type\":\"ReadAction\",\"target\":[\"https:\\\/\\\/quehacerpolitico.mx\\\/?p=27712\"]}]},{\"@type\":\"ImageObject\",\"inLanguage\":\"es\",\"@id\":\"https:\\\/\\\/quehacerpolitico.mx\\\/?p=27712#primaryimage\",\"url\":\"\",\"contentUrl\":\"\"},{\"@type\":\"BreadcrumbList\",\"@id\":\"https:\\\/\\\/quehacerpolitico.mx\\\/?p=27712#breadcrumb\",\"itemListElement\":[{\"@type\":\"ListItem\",\"position\":1,\"name\":\"Inicio\",\"item\":\"https:\\\/\\\/quehacerpolitico.mx\\\/\"},{\"@type\":\"ListItem\",\"position\":2,\"name\":\"Internacionales\\\/\\\/\\\/Carolina Alonso Romei\\\/\\\/\\\/Mexico conf\u00eda en llegar a un buen acuerdo con Estados Unidos en Aranceles: Ebrard\"}]},{\"@type\":\"WebSite\",\"@id\":\"https:\\\/\\\/quehacerpolitico.mx\\\/#website\",\"url\":\"https:\\\/\\\/quehacerpolitico.mx\\\/\",\"name\":\"\",\"description\":\"\",\"potentialAction\":[{\"@type\":\"SearchAction\",\"target\":{\"@type\":\"EntryPoint\",\"urlTemplate\":\"https:\\\/\\\/quehacerpolitico.mx\\\/?s={search_term_string}\"},\"query-input\":{\"@type\":\"PropertyValueSpecification\",\"valueRequired\":true,\"valueName\":\"search_term_string\"}}],\"inLanguage\":\"es\"},{\"@type\":\"Person\",\"@id\":\"https:\\\/\\\/quehacerpolitico.mx\\\/#\\\/schema\\\/person\\\/496d8ad2d1d3f8036101dca7ee39e585\",\"name\":\"Redacci\u00f3n QP\",\"image\":{\"@type\":\"ImageObject\",\"inLanguage\":\"es\",\"@id\":\"https:\\\/\\\/secure.gravatar.com\\\/avatar\\\/c7164ed6fdec453195284ad24a5ae5b6e1eed2b848477fa2a4787ba9adf39a41?s=96&d=mm&r=g\",\"url\":\"https:\\\/\\\/secure.gravatar.com\\\/avatar\\\/c7164ed6fdec453195284ad24a5ae5b6e1eed2b848477fa2a4787ba9adf39a41?s=96&d=mm&r=g\",\"contentUrl\":\"https:\\\/\\\/secure.gravatar.com\\\/avatar\\\/c7164ed6fdec453195284ad24a5ae5b6e1eed2b848477fa2a4787ba9adf39a41?s=96&d=mm&r=g\",\"caption\":\"Redacci\u00f3n QP\"},\"url\":\"https:\\\/\\\/quehacerpolitico.mx\\\/?author=2\"}]}<\/script>\n<!-- \/ Yoast SEO plugin. -->","yoast_head_json":{"title":"Internacionales\/\/\/Carolina Alonso Romei\/\/\/Mexico conf\u00eda en llegar a un buen acuerdo con Estados Unidos en Aranceles: Ebrard -","robots":{"index":"index","follow":"follow","max-snippet":"max-snippet:-1","max-image-preview":"max-image-preview:large","max-video-preview":"max-video-preview:-1"},"canonical":"https:\/\/quehacerpolitico.mx\/?p=27712","og_locale":"es_MX","og_type":"article","og_title":"Internacionales\/\/\/Carolina Alonso Romei\/\/\/Mexico conf\u00eda en llegar a un buen acuerdo con Estados Unidos en Aranceles: Ebrard -","og_description":"Mexico conf\u00eda en llegar a un buen acuerdo con Estados Unidos en Aranceles: Ebrard Por Carolina Alonso Romei Internacionalista","og_url":"https:\/\/quehacerpolitico.mx\/?p=27712","article_published_time":"2019-06-03T12:58:23+00:00","author":"Redacci\u00f3n QP","twitter_card":"summary_large_image","twitter_misc":{"Escrito por":"Redacci\u00f3n QP","Tiempo de lectura":"9 minutos"},"schema":{"@context":"https:\/\/schema.org","@graph":[{"@type":"Article","@id":"https:\/\/quehacerpolitico.mx\/?p=27712#article","isPartOf":{"@id":"https:\/\/quehacerpolitico.mx\/?p=27712"},"author":{"name":"Redacci\u00f3n QP","@id":"https:\/\/quehacerpolitico.mx\/#\/schema\/person\/496d8ad2d1d3f8036101dca7ee39e585"},"headline":"Internacionales\/\/\/Carolina Alonso Romei\/\/\/Mexico conf\u00eda en llegar a un buen acuerdo con Estados Unidos en Aranceles: Ebrard","datePublished":"2019-06-03T12:58:23+00:00","mainEntityOfPage":{"@id":"https:\/\/quehacerpolitico.mx\/?p=27712"},"wordCount":1803,"commentCount":0,"image":{"@id":"https:\/\/quehacerpolitico.mx\/?p=27712#primaryimage"},"thumbnailUrl":"","articleSection":["Internacionales"],"inLanguage":"es","potentialAction":[{"@type":"CommentAction","name":"Comment","target":["https:\/\/quehacerpolitico.mx\/?p=27712#respond"]}]},{"@type":"WebPage","@id":"https:\/\/quehacerpolitico.mx\/?p=27712","url":"https:\/\/quehacerpolitico.mx\/?p=27712","name":"Internacionales\/\/\/Carolina Alonso Romei\/\/\/Mexico conf\u00eda en llegar a un buen acuerdo con Estados Unidos en Aranceles: Ebrard -","isPartOf":{"@id":"https:\/\/quehacerpolitico.mx\/#website"},"primaryImageOfPage":{"@id":"https:\/\/quehacerpolitico.mx\/?p=27712#primaryimage"},"image":{"@id":"https:\/\/quehacerpolitico.mx\/?p=27712#primaryimage"},"thumbnailUrl":"","datePublished":"2019-06-03T12:58:23+00:00","author":{"@id":"https:\/\/quehacerpolitico.mx\/#\/schema\/person\/496d8ad2d1d3f8036101dca7ee39e585"},"breadcrumb":{"@id":"https:\/\/quehacerpolitico.mx\/?p=27712#breadcrumb"},"inLanguage":"es","potentialAction":[{"@type":"ReadAction","target":["https:\/\/quehacerpolitico.mx\/?p=27712"]}]},{"@type":"ImageObject","inLanguage":"es","@id":"https:\/\/quehacerpolitico.mx\/?p=27712#primaryimage","url":"","contentUrl":""},{"@type":"BreadcrumbList","@id":"https:\/\/quehacerpolitico.mx\/?p=27712#breadcrumb","itemListElement":[{"@type":"ListItem","position":1,"name":"Inicio","item":"https:\/\/quehacerpolitico.mx\/"},{"@type":"ListItem","position":2,"name":"Internacionales\/\/\/Carolina Alonso Romei\/\/\/Mexico conf\u00eda en llegar a un buen acuerdo con Estados Unidos en Aranceles: Ebrard"}]},{"@type":"WebSite","@id":"https:\/\/quehacerpolitico.mx\/#website","url":"https:\/\/quehacerpolitico.mx\/","name":"","description":"","potentialAction":[{"@type":"SearchAction","target":{"@type":"EntryPoint","urlTemplate":"https:\/\/quehacerpolitico.mx\/?s={search_term_string}"},"query-input":{"@type":"PropertyValueSpecification","valueRequired":true,"valueName":"search_term_string"}}],"inLanguage":"es"},{"@type":"Person","@id":"https:\/\/quehacerpolitico.mx\/#\/schema\/person\/496d8ad2d1d3f8036101dca7ee39e585","name":"Redacci\u00f3n QP","image":{"@type":"ImageObject","inLanguage":"es","@id":"https:\/\/secure.gravatar.com\/avatar\/c7164ed6fdec453195284ad24a5ae5b6e1eed2b848477fa2a4787ba9adf39a41?s=96&d=mm&r=g","url":"https:\/\/secure.gravatar.com\/avatar\/c7164ed6fdec453195284ad24a5ae5b6e1eed2b848477fa2a4787ba9adf39a41?s=96&d=mm&r=g","contentUrl":"https:\/\/secure.gravatar.com\/avatar\/c7164ed6fdec453195284ad24a5ae5b6e1eed2b848477fa2a4787ba9adf39a41?s=96&d=mm&r=g","caption":"Redacci\u00f3n QP"},"url":"https:\/\/quehacerpolitico.mx\/?author=2"}]}},"featured_image_urls":{"full":"","thumbnail":"","medium":"","medium_large":"","large":"","1536x1536":"","2048x2048":"","covernews-featured":"","covernews-medium":""},"author_info":{"display_name":"Redacci\u00f3n QP","author_link":"https:\/\/quehacerpolitico.mx\/?author=2"},"category_info":"<a href=\"https:\/\/quehacerpolitico.mx\/?cat=1\" rel=\"category\">Internacionales<\/a>","tag_info":"Internacionales","comment_count":"0","_links":{"self":[{"href":"https:\/\/quehacerpolitico.mx\/index.php?rest_route=\/wp\/v2\/posts\/27712","targetHints":{"allow":["GET"]}}],"collection":[{"href":"https:\/\/quehacerpolitico.mx\/index.php?rest_route=\/wp\/v2\/posts"}],"about":[{"href":"https:\/\/quehacerpolitico.mx\/index.php?rest_route=\/wp\/v2\/types\/post"}],"author":[{"embeddable":true,"href":"https:\/\/quehacerpolitico.mx\/index.php?rest_route=\/wp\/v2\/users\/2"}],"replies":[{"embeddable":true,"href":"https:\/\/quehacerpolitico.mx\/index.php?rest_route=%2Fwp%2Fv2%2Fcomments&post=27712"}],"version-history":[{"count":0,"href":"https:\/\/quehacerpolitico.mx\/index.php?rest_route=\/wp\/v2\/posts\/27712\/revisions"}],"wp:featuredmedia":[{"embeddable":true,"href":"https:\/\/quehacerpolitico.mx\/index.php?rest_route=\/"}],"wp:attachment":[{"href":"https:\/\/quehacerpolitico.mx\/index.php?rest_route=%2Fwp%2Fv2%2Fmedia&parent=27712"}],"wp:term":[{"taxonomy":"category","embeddable":true,"href":"https:\/\/quehacerpolitico.mx\/index.php?rest_route=%2Fwp%2Fv2%2Fcategories&post=27712"},{"taxonomy":"post_tag","embeddable":true,"href":"https:\/\/quehacerpolitico.mx\/index.php?rest_route=%2Fwp%2Fv2%2Ftags&post=27712"}],"curies":[{"name":"wp","href":"https:\/\/api.w.org\/{rel}","templated":true}]}}