{"id":27582,"date":"2019-05-31T19:43:03","date_gmt":"2019-05-31T19:43:03","guid":{"rendered":"http:\/\/quehacerpolitico.mx\/internacionales-carolina-alonso-romei-julian-assange-presenta-sintomas-de-tortura-psicologica-onu\/"},"modified":"2019-05-31T19:43:03","modified_gmt":"2019-05-31T19:43:03","slug":"internacionales-carolina-alonso-romei-julian-assange-presenta-sintomas-de-tortura-psicologica-onu","status":"publish","type":"post","link":"https:\/\/quehacerpolitico.mx\/?p=27582","title":{"rendered":"Internacionales\/\/\/Carolina Alonso Romei\/\/\/Julian Assange presenta s\u00edntomas de tortura psicol\u00f3gica: ONU"},"content":{"rendered":"<h1 class=\"news-title\">Julian Assange presenta s\u00edntomas de tortura psicol\u00f3gica: ONU<\/h1>\n<p>Por Carolina Alonso Romei\u00a0<\/p>\n<p>Internacionalista\u00a0<\/p>\n<header class=\"news-header\">\n<div class=\"news-subtitle\">\n<p>&#8220;Ha estado expuesto de forma deliberada y durante varios a\u00f1os a varias formas de trato o castigos crueles, inhumanos y degradantes&#8221;, denuncian<\/p>\n<\/div>\n<\/header>\n<div class=\"news-content\">\n<div class=\"news-body row\">\n<p>El fundador de WikiLeaks, Julian Assange, <strong>presenta &#8220;todos los s\u00edntomas de tortura psicol\u00f3gica&#8221;<\/strong>, a la que estuvo expuesto durante a\u00f1os debido a una campa\u00f1a de difamaci\u00f3n por autoridades judiciales y pol\u00edticas, <strong>afirm\u00f3 el relator independiente de Naciones Unidas (ONU), Nils Melzer<\/strong>.<\/p>\n<p><strong>Assange &#8220;ha estado expuesto de forma deliberada y durante varios a\u00f1os a varias formas de trato o castigos crueles, inhumanos y degradantes&#8221;, denunci\u00f3<\/strong> el tambi\u00e9n investigador sobre Derechos Humanos de la ONU, luego de su visita al fundador de WikiLeaks el 9 de mayo a una c\u00e1rcel de alta seguridad en Londres, a la que acudi\u00f3 acompa\u00f1ado por dos m\u00e9dicos.<\/p>\n<p><strong>Melzer concluy\u00f3 que &#8220;el contexto extremadamente hostil y arbitrario&#8221; contra Assange, termin\u00f3 afect\u00e1ndolo, empeorando su salud<\/strong>, luego de pasar m\u00e1s de siete a\u00f1os alojado en la embajada de Ecuador en Reino Unido.<\/p>\n<p>En un comunicado, el relator especial indic\u00f3 que desde 2010, cuando WikiLeaks divulg\u00f3 documentos confidenciales de Estados Unidos, &#8220;hubo una campa\u00f1a, implacable y sin contenci\u00f3n, de intimidaci\u00f3n contra Assange, no s\u00f3lo en Estados Unidos, sino tambi\u00e9n en Reino Unido, en Suecia y, m\u00e1s recientemente, en Ecuador&#8221;.<\/p>\n<p>El relator independiente detall\u00f3 que el activista australiano adem\u00e1s de lo problemas f\u00edsicos, presentaba todos los s\u00edntomas t\u00edpicos de una exposici\u00f3n prolongada a la tortura psicol\u00f3gica, como &#8220;estr\u00e9s extremo, ansiedad cr\u00f3nica y un intenso trauma psicol\u00f3gico&#8221;.<\/p>\n<p><strong>Assange permanece en una c\u00e1rcel de Reino Unido<\/strong>, donde cumple una condena de 50 semanas de prisi\u00f3n por violar los t\u00e9rminos de su libertad condicional, mientras que Suecia reactiv\u00f3 las denuncias en su contra por una presunta violaci\u00f3n en 2010, y Estados Unidos reclama su extradici\u00f3n<\/p>\n<p>El jueves, el fundador de Wikileaks no compareci\u00f3 a la audiencia preliminar sobre su posible extradici\u00f3n a Estados Unidos, por motivos de salud, inform\u00f3 su abogado, Gareth Peirce.<\/p>\n<p>El experto inform\u00e1tico fue detenido el 11 de abril pasado en la embajada de Ecuador en Londres, donde se refugi\u00f3 desde mediados del 2012, cuando fue requerido por la justicia sueca por acusaciones de violaci\u00f3n.<\/p>\n<p>El presidente de Ecuador, Len\u00edn Moreno, le retir\u00f3 en abril pasado el asilo diplom\u00e1tico y la nacionalidad ecuatoriana, lo que permiti\u00f3 que las autoridades brit\u00e1nicas ingresar\u00e1n a la embajada para detenerlo.<\/p>\n<p>La detenci\u00f3n en Londres de Assange, motivo que el proceso en Suecia se reactivara a petici\u00f3n de la abogada de una de las denunciantes, Elizabeth Massi Fritz.<\/p>\n<\/div>\n<\/div>\n","protected":false},"excerpt":{"rendered":"<p>Julian Assange presenta s\u00edntomas de tortura psicol\u00f3gica: ONU<br \/>\nPor Carolina Alonso Romei<br \/>\nInternacionalista<\/p>\n","protected":false},"author":2,"featured_media":27581,"comment_status":"open","ping_status":"open","sticky":false,"template":"","format":"standard","meta":{"_monsterinsights_skip_tracking":false,"_monsterinsights_sitenote_active":false,"_monsterinsights_sitenote_note":"","_monsterinsights_sitenote_category":0,"footnotes":""},"categories":[1],"tags":[],"class_list":["post-27582","post","type-post","status-publish","format-standard","has-post-thumbnail","hentry","category-sin-categoria"],"yoast_head":"<!-- This site is optimized with the Yoast SEO plugin v27.3 - https:\/\/yoast.com\/product\/yoast-seo-wordpress\/ -->\n<title>Internacionales\/\/\/Carolina Alonso Romei\/\/\/Julian Assange presenta s\u00edntomas de tortura psicol\u00f3gica: ONU -<\/title>\n<meta name=\"robots\" content=\"index, follow, max-snippet:-1, max-image-preview:large, max-video-preview:-1\" \/>\n<link rel=\"canonical\" href=\"https:\/\/quehacerpolitico.mx\/?p=27582\" \/>\n<meta property=\"og:locale\" content=\"es_MX\" \/>\n<meta property=\"og:type\" content=\"article\" \/>\n<meta property=\"og:title\" content=\"Internacionales\/\/\/Carolina Alonso Romei\/\/\/Julian Assange presenta s\u00edntomas de tortura psicol\u00f3gica: ONU -\" \/>\n<meta property=\"og:description\" content=\"Julian Assange presenta s\u00edntomas de tortura psicol\u00f3gica: ONU Por Carolina Alonso Romei Internacionalista\" \/>\n<meta property=\"og:url\" content=\"https:\/\/quehacerpolitico.mx\/?p=27582\" \/>\n<meta property=\"article:published_time\" content=\"2019-05-31T19:43:03+00:00\" \/>\n<meta name=\"author\" content=\"Redacci\u00f3n QP\" \/>\n<meta name=\"twitter:card\" content=\"summary_large_image\" \/>\n<meta name=\"twitter:label1\" content=\"Escrito por\" \/>\n\t<meta name=\"twitter:data1\" content=\"Redacci\u00f3n QP\" \/>\n\t<meta name=\"twitter:label2\" content=\"Tiempo de lectura\" \/>\n\t<meta name=\"twitter:data2\" content=\"2 minutos\" \/>\n<script type=\"application\/ld+json\" class=\"yoast-schema-graph\">{\"@context\":\"https:\\\/\\\/schema.org\",\"@graph\":[{\"@type\":\"Article\",\"@id\":\"https:\\\/\\\/quehacerpolitico.mx\\\/?p=27582#article\",\"isPartOf\":{\"@id\":\"https:\\\/\\\/quehacerpolitico.mx\\\/?p=27582\"},\"author\":{\"name\":\"Redacci\u00f3n QP\",\"@id\":\"https:\\\/\\\/quehacerpolitico.mx\\\/#\\\/schema\\\/person\\\/496d8ad2d1d3f8036101dca7ee39e585\"},\"headline\":\"Internacionales\\\/\\\/\\\/Carolina Alonso Romei\\\/\\\/\\\/Julian Assange presenta s\u00edntomas de tortura psicol\u00f3gica: ONU\",\"datePublished\":\"2019-05-31T19:43:03+00:00\",\"mainEntityOfPage\":{\"@id\":\"https:\\\/\\\/quehacerpolitico.mx\\\/?p=27582\"},\"wordCount\":471,\"commentCount\":0,\"image\":{\"@id\":\"https:\\\/\\\/quehacerpolitico.mx\\\/?p=27582#primaryimage\"},\"thumbnailUrl\":\"\",\"articleSection\":[\"Internacionales\"],\"inLanguage\":\"es\",\"potentialAction\":[{\"@type\":\"CommentAction\",\"name\":\"Comment\",\"target\":[\"https:\\\/\\\/quehacerpolitico.mx\\\/?p=27582#respond\"]}]},{\"@type\":\"WebPage\",\"@id\":\"https:\\\/\\\/quehacerpolitico.mx\\\/?p=27582\",\"url\":\"https:\\\/\\\/quehacerpolitico.mx\\\/?p=27582\",\"name\":\"Internacionales\\\/\\\/\\\/Carolina Alonso Romei\\\/\\\/\\\/Julian Assange presenta s\u00edntomas de tortura psicol\u00f3gica: ONU -\",\"isPartOf\":{\"@id\":\"https:\\\/\\\/quehacerpolitico.mx\\\/#website\"},\"primaryImageOfPage\":{\"@id\":\"https:\\\/\\\/quehacerpolitico.mx\\\/?p=27582#primaryimage\"},\"image\":{\"@id\":\"https:\\\/\\\/quehacerpolitico.mx\\\/?p=27582#primaryimage\"},\"thumbnailUrl\":\"\",\"datePublished\":\"2019-05-31T19:43:03+00:00\",\"author\":{\"@id\":\"https:\\\/\\\/quehacerpolitico.mx\\\/#\\\/schema\\\/person\\\/496d8ad2d1d3f8036101dca7ee39e585\"},\"breadcrumb\":{\"@id\":\"https:\\\/\\\/quehacerpolitico.mx\\\/?p=27582#breadcrumb\"},\"inLanguage\":\"es\",\"potentialAction\":[{\"@type\":\"ReadAction\",\"target\":[\"https:\\\/\\\/quehacerpolitico.mx\\\/?p=27582\"]}]},{\"@type\":\"ImageObject\",\"inLanguage\":\"es\",\"@id\":\"https:\\\/\\\/quehacerpolitico.mx\\\/?p=27582#primaryimage\",\"url\":\"\",\"contentUrl\":\"\"},{\"@type\":\"BreadcrumbList\",\"@id\":\"https:\\\/\\\/quehacerpolitico.mx\\\/?p=27582#breadcrumb\",\"itemListElement\":[{\"@type\":\"ListItem\",\"position\":1,\"name\":\"Inicio\",\"item\":\"https:\\\/\\\/quehacerpolitico.mx\\\/\"},{\"@type\":\"ListItem\",\"position\":2,\"name\":\"Internacionales\\\/\\\/\\\/Carolina Alonso Romei\\\/\\\/\\\/Julian Assange presenta s\u00edntomas de tortura psicol\u00f3gica: ONU\"}]},{\"@type\":\"WebSite\",\"@id\":\"https:\\\/\\\/quehacerpolitico.mx\\\/#website\",\"url\":\"https:\\\/\\\/quehacerpolitico.mx\\\/\",\"name\":\"\",\"description\":\"\",\"potentialAction\":[{\"@type\":\"SearchAction\",\"target\":{\"@type\":\"EntryPoint\",\"urlTemplate\":\"https:\\\/\\\/quehacerpolitico.mx\\\/?s={search_term_string}\"},\"query-input\":{\"@type\":\"PropertyValueSpecification\",\"valueRequired\":true,\"valueName\":\"search_term_string\"}}],\"inLanguage\":\"es\"},{\"@type\":\"Person\",\"@id\":\"https:\\\/\\\/quehacerpolitico.mx\\\/#\\\/schema\\\/person\\\/496d8ad2d1d3f8036101dca7ee39e585\",\"name\":\"Redacci\u00f3n QP\",\"image\":{\"@type\":\"ImageObject\",\"inLanguage\":\"es\",\"@id\":\"https:\\\/\\\/secure.gravatar.com\\\/avatar\\\/c7164ed6fdec453195284ad24a5ae5b6e1eed2b848477fa2a4787ba9adf39a41?s=96&d=mm&r=g\",\"url\":\"https:\\\/\\\/secure.gravatar.com\\\/avatar\\\/c7164ed6fdec453195284ad24a5ae5b6e1eed2b848477fa2a4787ba9adf39a41?s=96&d=mm&r=g\",\"contentUrl\":\"https:\\\/\\\/secure.gravatar.com\\\/avatar\\\/c7164ed6fdec453195284ad24a5ae5b6e1eed2b848477fa2a4787ba9adf39a41?s=96&d=mm&r=g\",\"caption\":\"Redacci\u00f3n QP\"},\"url\":\"https:\\\/\\\/quehacerpolitico.mx\\\/?author=2\"}]}<\/script>\n<!-- \/ Yoast SEO plugin. -->","yoast_head_json":{"title":"Internacionales\/\/\/Carolina Alonso Romei\/\/\/Julian Assange presenta s\u00edntomas de tortura psicol\u00f3gica: ONU -","robots":{"index":"index","follow":"follow","max-snippet":"max-snippet:-1","max-image-preview":"max-image-preview:large","max-video-preview":"max-video-preview:-1"},"canonical":"https:\/\/quehacerpolitico.mx\/?p=27582","og_locale":"es_MX","og_type":"article","og_title":"Internacionales\/\/\/Carolina Alonso Romei\/\/\/Julian Assange presenta s\u00edntomas de tortura psicol\u00f3gica: ONU -","og_description":"Julian Assange presenta s\u00edntomas de tortura psicol\u00f3gica: ONU Por Carolina Alonso Romei Internacionalista","og_url":"https:\/\/quehacerpolitico.mx\/?p=27582","article_published_time":"2019-05-31T19:43:03+00:00","author":"Redacci\u00f3n QP","twitter_card":"summary_large_image","twitter_misc":{"Escrito por":"Redacci\u00f3n QP","Tiempo de lectura":"2 minutos"},"schema":{"@context":"https:\/\/schema.org","@graph":[{"@type":"Article","@id":"https:\/\/quehacerpolitico.mx\/?p=27582#article","isPartOf":{"@id":"https:\/\/quehacerpolitico.mx\/?p=27582"},"author":{"name":"Redacci\u00f3n QP","@id":"https:\/\/quehacerpolitico.mx\/#\/schema\/person\/496d8ad2d1d3f8036101dca7ee39e585"},"headline":"Internacionales\/\/\/Carolina Alonso Romei\/\/\/Julian Assange presenta s\u00edntomas de tortura psicol\u00f3gica: ONU","datePublished":"2019-05-31T19:43:03+00:00","mainEntityOfPage":{"@id":"https:\/\/quehacerpolitico.mx\/?p=27582"},"wordCount":471,"commentCount":0,"image":{"@id":"https:\/\/quehacerpolitico.mx\/?p=27582#primaryimage"},"thumbnailUrl":"","articleSection":["Internacionales"],"inLanguage":"es","potentialAction":[{"@type":"CommentAction","name":"Comment","target":["https:\/\/quehacerpolitico.mx\/?p=27582#respond"]}]},{"@type":"WebPage","@id":"https:\/\/quehacerpolitico.mx\/?p=27582","url":"https:\/\/quehacerpolitico.mx\/?p=27582","name":"Internacionales\/\/\/Carolina Alonso Romei\/\/\/Julian Assange presenta s\u00edntomas de tortura psicol\u00f3gica: ONU -","isPartOf":{"@id":"https:\/\/quehacerpolitico.mx\/#website"},"primaryImageOfPage":{"@id":"https:\/\/quehacerpolitico.mx\/?p=27582#primaryimage"},"image":{"@id":"https:\/\/quehacerpolitico.mx\/?p=27582#primaryimage"},"thumbnailUrl":"","datePublished":"2019-05-31T19:43:03+00:00","author":{"@id":"https:\/\/quehacerpolitico.mx\/#\/schema\/person\/496d8ad2d1d3f8036101dca7ee39e585"},"breadcrumb":{"@id":"https:\/\/quehacerpolitico.mx\/?p=27582#breadcrumb"},"inLanguage":"es","potentialAction":[{"@type":"ReadAction","target":["https:\/\/quehacerpolitico.mx\/?p=27582"]}]},{"@type":"ImageObject","inLanguage":"es","@id":"https:\/\/quehacerpolitico.mx\/?p=27582#primaryimage","url":"","contentUrl":""},{"@type":"BreadcrumbList","@id":"https:\/\/quehacerpolitico.mx\/?p=27582#breadcrumb","itemListElement":[{"@type":"ListItem","position":1,"name":"Inicio","item":"https:\/\/quehacerpolitico.mx\/"},{"@type":"ListItem","position":2,"name":"Internacionales\/\/\/Carolina Alonso Romei\/\/\/Julian Assange presenta s\u00edntomas de tortura psicol\u00f3gica: ONU"}]},{"@type":"WebSite","@id":"https:\/\/quehacerpolitico.mx\/#website","url":"https:\/\/quehacerpolitico.mx\/","name":"","description":"","potentialAction":[{"@type":"SearchAction","target":{"@type":"EntryPoint","urlTemplate":"https:\/\/quehacerpolitico.mx\/?s={search_term_string}"},"query-input":{"@type":"PropertyValueSpecification","valueRequired":true,"valueName":"search_term_string"}}],"inLanguage":"es"},{"@type":"Person","@id":"https:\/\/quehacerpolitico.mx\/#\/schema\/person\/496d8ad2d1d3f8036101dca7ee39e585","name":"Redacci\u00f3n QP","image":{"@type":"ImageObject","inLanguage":"es","@id":"https:\/\/secure.gravatar.com\/avatar\/c7164ed6fdec453195284ad24a5ae5b6e1eed2b848477fa2a4787ba9adf39a41?s=96&d=mm&r=g","url":"https:\/\/secure.gravatar.com\/avatar\/c7164ed6fdec453195284ad24a5ae5b6e1eed2b848477fa2a4787ba9adf39a41?s=96&d=mm&r=g","contentUrl":"https:\/\/secure.gravatar.com\/avatar\/c7164ed6fdec453195284ad24a5ae5b6e1eed2b848477fa2a4787ba9adf39a41?s=96&d=mm&r=g","caption":"Redacci\u00f3n QP"},"url":"https:\/\/quehacerpolitico.mx\/?author=2"}]}},"featured_image_urls":{"full":"","thumbnail":"","medium":"","medium_large":"","large":"","1536x1536":"","2048x2048":"","covernews-featured":"","covernews-medium":""},"author_info":{"display_name":"Redacci\u00f3n QP","author_link":"https:\/\/quehacerpolitico.mx\/?author=2"},"category_info":"<a href=\"https:\/\/quehacerpolitico.mx\/?cat=1\" rel=\"category\">Internacionales<\/a>","tag_info":"Internacionales","comment_count":"0","_links":{"self":[{"href":"https:\/\/quehacerpolitico.mx\/index.php?rest_route=\/wp\/v2\/posts\/27582","targetHints":{"allow":["GET"]}}],"collection":[{"href":"https:\/\/quehacerpolitico.mx\/index.php?rest_route=\/wp\/v2\/posts"}],"about":[{"href":"https:\/\/quehacerpolitico.mx\/index.php?rest_route=\/wp\/v2\/types\/post"}],"author":[{"embeddable":true,"href":"https:\/\/quehacerpolitico.mx\/index.php?rest_route=\/wp\/v2\/users\/2"}],"replies":[{"embeddable":true,"href":"https:\/\/quehacerpolitico.mx\/index.php?rest_route=%2Fwp%2Fv2%2Fcomments&post=27582"}],"version-history":[{"count":0,"href":"https:\/\/quehacerpolitico.mx\/index.php?rest_route=\/wp\/v2\/posts\/27582\/revisions"}],"wp:featuredmedia":[{"embeddable":true,"href":"https:\/\/quehacerpolitico.mx\/index.php?rest_route=\/"}],"wp:attachment":[{"href":"https:\/\/quehacerpolitico.mx\/index.php?rest_route=%2Fwp%2Fv2%2Fmedia&parent=27582"}],"wp:term":[{"taxonomy":"category","embeddable":true,"href":"https:\/\/quehacerpolitico.mx\/index.php?rest_route=%2Fwp%2Fv2%2Fcategories&post=27582"},{"taxonomy":"post_tag","embeddable":true,"href":"https:\/\/quehacerpolitico.mx\/index.php?rest_route=%2Fwp%2Fv2%2Ftags&post=27582"}],"curies":[{"name":"wp","href":"https:\/\/api.w.org\/{rel}","templated":true}]}}