{"id":27576,"date":"2019-05-31T19:26:55","date_gmt":"2019-05-31T19:26:55","guid":{"rendered":"http:\/\/quehacerpolitico.mx\/avenida-juarez-se-pinta-con-los-colores-de-la-bandera-gay\/"},"modified":"2019-05-31T19:26:55","modified_gmt":"2019-05-31T19:26:55","slug":"avenida-juarez-se-pinta-con-los-colores-de-la-bandera-gay","status":"publish","type":"post","link":"https:\/\/quehacerpolitico.mx\/?p=27576","title":{"rendered":"Avenida Ju\u00e1rez se pinta con los colores de la bandera gay"},"content":{"rendered":"<p>Avenida Ju\u00e1rez se pinta con los colores de la bandera gay<\/p>\n<p>Por Redacci\u00f3n QP<\/p>\n<p>El <strong>Consejo para Prevenir y Eliminar la Discriminaci\u00f3n<\/strong> capitalino junto con activistas de la comunidad <strong>LGBTTTI<\/strong> pintaron con los colores del <strong>arco\u00edris<\/strong> un paso peatonal en la Ciudad de M\u00e9xico.<\/p>\n<p>Se trata del cruce entre <strong>avenida Ju\u00e1rez<\/strong> y Luis Moya, en la alcald\u00eda <strong>Cuauht\u00e9moc,<\/strong> que fue decorado en conmemoraci\u00f3n del <strong>D\u00eda Internacional contra la Homofobia, Transfobia, Bifobia y Lesbofobia,<\/strong><\/p>\n<blockquote class=\"twitter-tweet\" data-width=\"550\" data-dnt=\"true\">\n<p lang=\"es\" dir=\"ltr\">\u201cCon este acto inauguramos simb\u00f3licamente junio mes del <a href=\"https:\/\/twitter.com\/hashtag\/OrgulloLGBTTTI?src=hash&amp;ref_src=twsrc%5Etfw\">#OrgulloLGBTTTI<\/a>. Se trata de visibilizar que todas las personas tenemos cabida en una Ciudad de M\u00e9xico plural y diversa\u201d: <a href=\"https:\/\/twitter.com\/Geraldina_GV?ref_src=twsrc%5Etfw\">@Geraldina_GV<\/a> <a href=\"https:\/\/twitter.com\/hashtag\/CiudadArcoiris?src=hash&amp;ref_src=twsrc%5Etfw\">#CiudadArcoiris<\/a> <a href=\"https:\/\/t.co\/yTef9G4R2d\">pic.twitter.com\/yTef9G4R2d<\/a><\/p>\n<p>&mdash; COPRED CDMX (@COPRED_CDMX) <a href=\"https:\/\/twitter.com\/COPRED_CDMX\/status\/1134475336161333248?ref_src=twsrc%5Etfw\">May 31, 2019<\/a><\/p><\/blockquote>\n<p><script async src=\"https:\/\/platform.twitter.com\/widgets.js\" charset=\"utf-8\"><\/script><\/p>\n<p>\u201cCon este acto inauguramos simb\u00f3licamente junio mes del #OrgulloLGBTTTI. Se trata de visibilizar que todas las personas tenemos cabida en una Ciudad de M\u00e9xico plural y diversa\u201d, expres\u00f3 <strong>Geraldina Gonz\u00e1lez,<\/strong>presidenta del Copred.<\/p>\n<p>En la decoraci\u00f3n del paso peatonal tambi\u00e9n particip\u00f3 la<strong>embajada de los Pa\u00edses Bajos<\/strong> en M\u00e9xico y la <strong>Secretar\u00eda de Turismo de la Ciudad de M\u00e9xico<\/strong>.<\/p>\n<blockquote class=\"twitter-tweet\" data-width=\"550\" data-dnt=\"true\">\n<p lang=\"es\" dir=\"ltr\">Pintamos un paso peatonal de colores en la Cd. de M\u00e9xico por una <a href=\"https:\/\/twitter.com\/hashtag\/CiudadArcoiris?src=hash&amp;ref_src=twsrc%5Etfw\">#CiudadArcoiris<\/a> tolerante, inclusiva y a favor de la No discriminaci\u00f3n de las personas <a href=\"https:\/\/twitter.com\/hashtag\/Trans?src=hash&amp;ref_src=twsrc%5Etfw\">#Trans<\/a> y <a href=\"https:\/\/twitter.com\/hashtag\/LGTBI?src=hash&amp;ref_src=twsrc%5Etfw\">#LGTBI<\/a> \ud83c\udff3\ufe0f\u200d\ud83c\udf08\ud83d\udcab \u00a1Gracias @mexicoyaaj, <a href=\"https:\/\/twitter.com\/CoPRed?ref_src=twsrc%5Etfw\">@copred<\/a>, <a href=\"https:\/\/twitter.com\/GobCDMX?ref_src=twsrc%5Etfw\">@GobCDMX<\/a> y aliados! <a href=\"https:\/\/twitter.com\/hashtag\/IDAHOT2019?src=hash&amp;ref_src=twsrc%5Etfw\">#IDAHOT2019<\/a> <a href=\"https:\/\/t.co\/zkFEPQm69Q\">pic.twitter.com\/zkFEPQm69Q<\/a><\/p>\n<p>&mdash; Embajada Pa\u00edses Bajos MX \ud83c\uddf3\ud83c\uddf1\ud83c\uddf2\ud83c\uddfd (@NLinMexico) <a href=\"https:\/\/twitter.com\/NLinMexico\/status\/1134476847800918016?ref_src=twsrc%5Etfw\">May 31, 2019<\/a><\/p><\/blockquote>\n<p><script async src=\"https:\/\/platform.twitter.com\/widgets.js\" charset=\"utf-8\"><\/script><\/p>\n<p>\u201cLa comunidad LGBTTI ? presente en el espacio p\u00fablico de la #CDMX previo al inicio del Mes del Orgullo\u201d, public\u00f3 la Secretar\u00eda de Turismo capitalina en su cuenta de Twitter.<\/p>\n<blockquote class=\"twitter-tweet\" data-width=\"550\" data-dnt=\"true\">\n<p lang=\"es\" dir=\"ltr\">Junto a autoridades de <a href=\"https:\/\/twitter.com\/COPRED_CDMX?ref_src=twsrc%5Etfw\">@COPRED_CDMX<\/a>, <a href=\"https:\/\/twitter.com\/turismocdmx?ref_src=twsrc%5Etfw\">@TurismoCDMX<\/a> particip\u00f3 en el pintado del paso peatonal de Av. Ju\u00e1rez y Luis Moya. La comunidad LGBTTI \ud83c\udf08 presente en el espacio p\u00fablico de la <a href=\"https:\/\/twitter.com\/hashtag\/CDMX?src=hash&amp;ref_src=twsrc%5Etfw\">#CDMX<\/a> previo al inicio del Mes del Orgullo. <a href=\"https:\/\/twitter.com\/hashtag\/TurismoLGBTTI?src=hash&amp;ref_src=twsrc%5Etfw\">#TurismoLGBTTI<\/a> <a href=\"https:\/\/twitter.com\/hashtag\/TurismoInclusivo?src=hash&amp;ref_src=twsrc%5Etfw\">#TurismoInclusivo<\/a> <a href=\"https:\/\/t.co\/ByJokpK9IG\">pic.twitter.com\/ByJokpK9IG<\/a><\/p>\n<p>&mdash; Secretar\u00eda de Turismo de la Ciudad de M\u00e9xico (@turismocdmx) <a href=\"https:\/\/twitter.com\/turismocdmx\/status\/1134512969184768001?ref_src=twsrc%5Etfw\">May 31, 2019<\/a><\/p><\/blockquote>\n<p><script async src=\"https:\/\/platform.twitter.com\/widgets.js\" charset=\"utf-8\"><\/script><\/p>\n<blockquote class=\"twitter-tweet\" data-width=\"550\" data-dnt=\"true\">\n<p lang=\"es\" dir=\"ltr\">Este acto simb\u00f3lico, tiene el objetivo de refrendar el compromiso del <a href=\"https:\/\/twitter.com\/GobCDMX?ref_src=twsrc%5Etfw\">@GobCDMX<\/a> frente a los derechos de la poblaci\u00f3n <a href=\"https:\/\/twitter.com\/hashtag\/LGBTTTI?src=hash&amp;ref_src=twsrc%5Etfw\">#LGBTTTI<\/a> y eliminar la discriminaci\u00f3n por orientaci\u00f3n, identidad y preferencia sexual <a href=\"https:\/\/twitter.com\/hashtag\/CiudadArcoiris?src=hash&amp;ref_src=twsrc%5Etfw\">#CiudadArcoiris<\/a><a href=\"https:\/\/twitter.com\/Geraldina_GV?ref_src=twsrc%5Etfw\">@Geraldina_GV<\/a> @MexicoYaaj <a href=\"https:\/\/twitter.com\/NLinMexico?ref_src=twsrc%5Etfw\">@NLinMexico<\/a> <a href=\"https:\/\/twitter.com\/ivantagledurand?ref_src=twsrc%5Etfw\">@ivantagledurand<\/a> <a href=\"https:\/\/t.co\/MkfhAImg79\">pic.twitter.com\/MkfhAImg79<\/a><\/p>\n<p>&mdash; COPRED CDMX (@COPRED_CDMX) <a href=\"https:\/\/twitter.com\/COPRED_CDMX\/status\/1134491228353941504?ref_src=twsrc%5Etfw\">May 31, 2019<\/a><\/p><\/blockquote>\n<p><script async src=\"https:\/\/platform.twitter.com\/widgets.js\" charset=\"utf-8\"><\/script><\/p>\n<p>\u00a0<\/p>\n","protected":false},"excerpt":{"rendered":"<p>Avenida Ju\u00e1rez se pinta con los colores de la bandera gay<br \/>\nPor Redacci\u00f3n QP<\/p>\n","protected":false},"author":2,"featured_media":27575,"comment_status":"open","ping_status":"open","sticky":false,"template":"","format":"standard","meta":{"_monsterinsights_skip_tracking":false,"_monsterinsights_sitenote_active":false,"_monsterinsights_sitenote_note":"","_monsterinsights_sitenote_category":0,"footnotes":""},"categories":[55],"tags":[],"class_list":["post-27576","post","type-post","status-publish","format-standard","has-post-thumbnail","hentry","category-cdmx"],"yoast_head":"<!-- This site is optimized with the Yoast SEO plugin v27.3 - https:\/\/yoast.com\/product\/yoast-seo-wordpress\/ -->\n<title>Avenida Ju\u00e1rez se pinta con los colores de la bandera gay -<\/title>\n<meta name=\"robots\" content=\"index, follow, max-snippet:-1, max-image-preview:large, max-video-preview:-1\" \/>\n<link rel=\"canonical\" href=\"https:\/\/quehacerpolitico.mx\/?p=27576\" \/>\n<meta property=\"og:locale\" content=\"es_MX\" \/>\n<meta property=\"og:type\" content=\"article\" \/>\n<meta property=\"og:title\" content=\"Avenida Ju\u00e1rez se pinta con los colores de la bandera gay -\" \/>\n<meta property=\"og:description\" content=\"Avenida Ju\u00e1rez se pinta con los colores de la bandera gay Por Redacci\u00f3n QP\" \/>\n<meta property=\"og:url\" content=\"https:\/\/quehacerpolitico.mx\/?p=27576\" \/>\n<meta property=\"article:published_time\" content=\"2019-05-31T19:26:55+00:00\" \/>\n<meta name=\"author\" content=\"Redacci\u00f3n QP\" \/>\n<meta name=\"twitter:card\" content=\"summary_large_image\" \/>\n<meta name=\"twitter:label1\" content=\"Escrito por\" \/>\n\t<meta name=\"twitter:data1\" content=\"Redacci\u00f3n QP\" \/>\n\t<meta name=\"twitter:label2\" content=\"Tiempo de lectura\" \/>\n\t<meta name=\"twitter:data2\" content=\"1 minuto\" \/>\n<script type=\"application\/ld+json\" class=\"yoast-schema-graph\">{\"@context\":\"https:\\\/\\\/schema.org\",\"@graph\":[{\"@type\":\"Article\",\"@id\":\"https:\\\/\\\/quehacerpolitico.mx\\\/?p=27576#article\",\"isPartOf\":{\"@id\":\"https:\\\/\\\/quehacerpolitico.mx\\\/?p=27576\"},\"author\":{\"name\":\"Redacci\u00f3n QP\",\"@id\":\"https:\\\/\\\/quehacerpolitico.mx\\\/#\\\/schema\\\/person\\\/496d8ad2d1d3f8036101dca7ee39e585\"},\"headline\":\"Avenida Ju\u00e1rez se pinta con los colores de la bandera gay\",\"datePublished\":\"2019-05-31T19:26:55+00:00\",\"mainEntityOfPage\":{\"@id\":\"https:\\\/\\\/quehacerpolitico.mx\\\/?p=27576\"},\"wordCount\":219,\"commentCount\":0,\"image\":{\"@id\":\"https:\\\/\\\/quehacerpolitico.mx\\\/?p=27576#primaryimage\"},\"thumbnailUrl\":\"\",\"articleSection\":[\"CDMX\"],\"inLanguage\":\"es\",\"potentialAction\":[{\"@type\":\"CommentAction\",\"name\":\"Comment\",\"target\":[\"https:\\\/\\\/quehacerpolitico.mx\\\/?p=27576#respond\"]}]},{\"@type\":\"WebPage\",\"@id\":\"https:\\\/\\\/quehacerpolitico.mx\\\/?p=27576\",\"url\":\"https:\\\/\\\/quehacerpolitico.mx\\\/?p=27576\",\"name\":\"Avenida Ju\u00e1rez se pinta con los colores de la bandera gay -\",\"isPartOf\":{\"@id\":\"https:\\\/\\\/quehacerpolitico.mx\\\/#website\"},\"primaryImageOfPage\":{\"@id\":\"https:\\\/\\\/quehacerpolitico.mx\\\/?p=27576#primaryimage\"},\"image\":{\"@id\":\"https:\\\/\\\/quehacerpolitico.mx\\\/?p=27576#primaryimage\"},\"thumbnailUrl\":\"\",\"datePublished\":\"2019-05-31T19:26:55+00:00\",\"author\":{\"@id\":\"https:\\\/\\\/quehacerpolitico.mx\\\/#\\\/schema\\\/person\\\/496d8ad2d1d3f8036101dca7ee39e585\"},\"breadcrumb\":{\"@id\":\"https:\\\/\\\/quehacerpolitico.mx\\\/?p=27576#breadcrumb\"},\"inLanguage\":\"es\",\"potentialAction\":[{\"@type\":\"ReadAction\",\"target\":[\"https:\\\/\\\/quehacerpolitico.mx\\\/?p=27576\"]}]},{\"@type\":\"ImageObject\",\"inLanguage\":\"es\",\"@id\":\"https:\\\/\\\/quehacerpolitico.mx\\\/?p=27576#primaryimage\",\"url\":\"\",\"contentUrl\":\"\"},{\"@type\":\"BreadcrumbList\",\"@id\":\"https:\\\/\\\/quehacerpolitico.mx\\\/?p=27576#breadcrumb\",\"itemListElement\":[{\"@type\":\"ListItem\",\"position\":1,\"name\":\"Inicio\",\"item\":\"https:\\\/\\\/quehacerpolitico.mx\\\/\"},{\"@type\":\"ListItem\",\"position\":2,\"name\":\"Avenida Ju\u00e1rez se pinta con los colores de la bandera gay\"}]},{\"@type\":\"WebSite\",\"@id\":\"https:\\\/\\\/quehacerpolitico.mx\\\/#website\",\"url\":\"https:\\\/\\\/quehacerpolitico.mx\\\/\",\"name\":\"\",\"description\":\"\",\"potentialAction\":[{\"@type\":\"SearchAction\",\"target\":{\"@type\":\"EntryPoint\",\"urlTemplate\":\"https:\\\/\\\/quehacerpolitico.mx\\\/?s={search_term_string}\"},\"query-input\":{\"@type\":\"PropertyValueSpecification\",\"valueRequired\":true,\"valueName\":\"search_term_string\"}}],\"inLanguage\":\"es\"},{\"@type\":\"Person\",\"@id\":\"https:\\\/\\\/quehacerpolitico.mx\\\/#\\\/schema\\\/person\\\/496d8ad2d1d3f8036101dca7ee39e585\",\"name\":\"Redacci\u00f3n QP\",\"image\":{\"@type\":\"ImageObject\",\"inLanguage\":\"es\",\"@id\":\"https:\\\/\\\/secure.gravatar.com\\\/avatar\\\/c7164ed6fdec453195284ad24a5ae5b6e1eed2b848477fa2a4787ba9adf39a41?s=96&d=mm&r=g\",\"url\":\"https:\\\/\\\/secure.gravatar.com\\\/avatar\\\/c7164ed6fdec453195284ad24a5ae5b6e1eed2b848477fa2a4787ba9adf39a41?s=96&d=mm&r=g\",\"contentUrl\":\"https:\\\/\\\/secure.gravatar.com\\\/avatar\\\/c7164ed6fdec453195284ad24a5ae5b6e1eed2b848477fa2a4787ba9adf39a41?s=96&d=mm&r=g\",\"caption\":\"Redacci\u00f3n QP\"},\"url\":\"https:\\\/\\\/quehacerpolitico.mx\\\/?author=2\"}]}<\/script>\n<!-- \/ Yoast SEO plugin. -->","yoast_head_json":{"title":"Avenida Ju\u00e1rez se pinta con los colores de la bandera gay -","robots":{"index":"index","follow":"follow","max-snippet":"max-snippet:-1","max-image-preview":"max-image-preview:large","max-video-preview":"max-video-preview:-1"},"canonical":"https:\/\/quehacerpolitico.mx\/?p=27576","og_locale":"es_MX","og_type":"article","og_title":"Avenida Ju\u00e1rez se pinta con los colores de la bandera gay -","og_description":"Avenida Ju\u00e1rez se pinta con los colores de la bandera gay Por Redacci\u00f3n QP","og_url":"https:\/\/quehacerpolitico.mx\/?p=27576","article_published_time":"2019-05-31T19:26:55+00:00","author":"Redacci\u00f3n QP","twitter_card":"summary_large_image","twitter_misc":{"Escrito por":"Redacci\u00f3n QP","Tiempo de lectura":"1 minuto"},"schema":{"@context":"https:\/\/schema.org","@graph":[{"@type":"Article","@id":"https:\/\/quehacerpolitico.mx\/?p=27576#article","isPartOf":{"@id":"https:\/\/quehacerpolitico.mx\/?p=27576"},"author":{"name":"Redacci\u00f3n QP","@id":"https:\/\/quehacerpolitico.mx\/#\/schema\/person\/496d8ad2d1d3f8036101dca7ee39e585"},"headline":"Avenida Ju\u00e1rez se pinta con los colores de la bandera gay","datePublished":"2019-05-31T19:26:55+00:00","mainEntityOfPage":{"@id":"https:\/\/quehacerpolitico.mx\/?p=27576"},"wordCount":219,"commentCount":0,"image":{"@id":"https:\/\/quehacerpolitico.mx\/?p=27576#primaryimage"},"thumbnailUrl":"","articleSection":["CDMX"],"inLanguage":"es","potentialAction":[{"@type":"CommentAction","name":"Comment","target":["https:\/\/quehacerpolitico.mx\/?p=27576#respond"]}]},{"@type":"WebPage","@id":"https:\/\/quehacerpolitico.mx\/?p=27576","url":"https:\/\/quehacerpolitico.mx\/?p=27576","name":"Avenida Ju\u00e1rez se pinta con los colores de la bandera gay -","isPartOf":{"@id":"https:\/\/quehacerpolitico.mx\/#website"},"primaryImageOfPage":{"@id":"https:\/\/quehacerpolitico.mx\/?p=27576#primaryimage"},"image":{"@id":"https:\/\/quehacerpolitico.mx\/?p=27576#primaryimage"},"thumbnailUrl":"","datePublished":"2019-05-31T19:26:55+00:00","author":{"@id":"https:\/\/quehacerpolitico.mx\/#\/schema\/person\/496d8ad2d1d3f8036101dca7ee39e585"},"breadcrumb":{"@id":"https:\/\/quehacerpolitico.mx\/?p=27576#breadcrumb"},"inLanguage":"es","potentialAction":[{"@type":"ReadAction","target":["https:\/\/quehacerpolitico.mx\/?p=27576"]}]},{"@type":"ImageObject","inLanguage":"es","@id":"https:\/\/quehacerpolitico.mx\/?p=27576#primaryimage","url":"","contentUrl":""},{"@type":"BreadcrumbList","@id":"https:\/\/quehacerpolitico.mx\/?p=27576#breadcrumb","itemListElement":[{"@type":"ListItem","position":1,"name":"Inicio","item":"https:\/\/quehacerpolitico.mx\/"},{"@type":"ListItem","position":2,"name":"Avenida Ju\u00e1rez se pinta con los colores de la bandera gay"}]},{"@type":"WebSite","@id":"https:\/\/quehacerpolitico.mx\/#website","url":"https:\/\/quehacerpolitico.mx\/","name":"","description":"","potentialAction":[{"@type":"SearchAction","target":{"@type":"EntryPoint","urlTemplate":"https:\/\/quehacerpolitico.mx\/?s={search_term_string}"},"query-input":{"@type":"PropertyValueSpecification","valueRequired":true,"valueName":"search_term_string"}}],"inLanguage":"es"},{"@type":"Person","@id":"https:\/\/quehacerpolitico.mx\/#\/schema\/person\/496d8ad2d1d3f8036101dca7ee39e585","name":"Redacci\u00f3n QP","image":{"@type":"ImageObject","inLanguage":"es","@id":"https:\/\/secure.gravatar.com\/avatar\/c7164ed6fdec453195284ad24a5ae5b6e1eed2b848477fa2a4787ba9adf39a41?s=96&d=mm&r=g","url":"https:\/\/secure.gravatar.com\/avatar\/c7164ed6fdec453195284ad24a5ae5b6e1eed2b848477fa2a4787ba9adf39a41?s=96&d=mm&r=g","contentUrl":"https:\/\/secure.gravatar.com\/avatar\/c7164ed6fdec453195284ad24a5ae5b6e1eed2b848477fa2a4787ba9adf39a41?s=96&d=mm&r=g","caption":"Redacci\u00f3n QP"},"url":"https:\/\/quehacerpolitico.mx\/?author=2"}]}},"featured_image_urls":{"full":"","thumbnail":"","medium":"","medium_large":"","large":"","1536x1536":"","2048x2048":"","covernews-featured":"","covernews-medium":""},"author_info":{"display_name":"Redacci\u00f3n QP","author_link":"https:\/\/quehacerpolitico.mx\/?author=2"},"category_info":"<a href=\"https:\/\/quehacerpolitico.mx\/?cat=55\" rel=\"category\">CDMX<\/a>","tag_info":"CDMX","comment_count":"0","_links":{"self":[{"href":"https:\/\/quehacerpolitico.mx\/index.php?rest_route=\/wp\/v2\/posts\/27576","targetHints":{"allow":["GET"]}}],"collection":[{"href":"https:\/\/quehacerpolitico.mx\/index.php?rest_route=\/wp\/v2\/posts"}],"about":[{"href":"https:\/\/quehacerpolitico.mx\/index.php?rest_route=\/wp\/v2\/types\/post"}],"author":[{"embeddable":true,"href":"https:\/\/quehacerpolitico.mx\/index.php?rest_route=\/wp\/v2\/users\/2"}],"replies":[{"embeddable":true,"href":"https:\/\/quehacerpolitico.mx\/index.php?rest_route=%2Fwp%2Fv2%2Fcomments&post=27576"}],"version-history":[{"count":0,"href":"https:\/\/quehacerpolitico.mx\/index.php?rest_route=\/wp\/v2\/posts\/27576\/revisions"}],"wp:featuredmedia":[{"embeddable":true,"href":"https:\/\/quehacerpolitico.mx\/index.php?rest_route=\/"}],"wp:attachment":[{"href":"https:\/\/quehacerpolitico.mx\/index.php?rest_route=%2Fwp%2Fv2%2Fmedia&parent=27576"}],"wp:term":[{"taxonomy":"category","embeddable":true,"href":"https:\/\/quehacerpolitico.mx\/index.php?rest_route=%2Fwp%2Fv2%2Fcategories&post=27576"},{"taxonomy":"post_tag","embeddable":true,"href":"https:\/\/quehacerpolitico.mx\/index.php?rest_route=%2Fwp%2Fv2%2Ftags&post=27576"}],"curies":[{"name":"wp","href":"https:\/\/api.w.org\/{rel}","templated":true}]}}