{"id":27555,"date":"2019-05-31T15:35:35","date_gmt":"2019-05-31T15:35:35","guid":{"rendered":"http:\/\/quehacerpolitico.mx\/exigen-indigenas-y-campesinos-de-chiapas-respeto-a-su-autonomia\/"},"modified":"2019-05-31T15:35:35","modified_gmt":"2019-05-31T15:35:35","slug":"exigen-indigenas-y-campesinos-de-chiapas-respeto-a-su-autonomia","status":"publish","type":"post","link":"https:\/\/quehacerpolitico.mx\/?p=27555","title":{"rendered":"Exigen ind\u00edgenas y campesinos de Chiapas respeto a su autonom\u00eda"},"content":{"rendered":"<p>Exigen ind\u00edgenas y campesinos de Chiapas respeto a su autonom\u00eda<\/p>\n<p>Por Redacci\u00f3n QP<\/p>\n<p>Frente a Palacio Nacional, diversas organizaciones ind\u00edgenas y campesinas de Chiapas se manifestaron contra el abandono y el desprecio de las autoridades federales, quienes, aseguran, buscan imponer proyectos que atentan contra sus derechos y su entorno.<\/p>\n<p>Al menos un centenar de personas camin\u00f3 por la calle de 5 de Mayo, cruz\u00f3 la plancha del Z\u00f3calo capitalino y se plant\u00f3 frente a la puerta principal de Palacio Nacional. Con cartulinas, fotograf\u00edas y mantas reclamaban a los derechos de las comunidades agrarias y que el Ej\u00e9rcito abandone territorio zapatista.<\/p>\n<p>\u201cChiapas no es un cuartel, fuera militares; queremos escuelas y no militares\u201d, gritaban los manifestantes para exigir un alto a lo que llamaron una guerra de exterminio contra las comunidades campesinas.<\/p>\n<p>Consideraron que la llamada Guardia Nacional no est\u00e1 formada por trabajadores, sino que &#8220;es el brazo armado de los explotadores\u201d.<\/p>\n<p>Argelia y Carla, dos j\u00f3venes ind\u00edgenas, consideraron que en su mayor\u00eda, los pueblos originarios est\u00e1n abandonados a su suerte y denunciaron que las grandes empresas contaminan su agua y talan sus bosques.<\/p>\n<p>Explicaron que su presencia en las\u00a0calles es para protestar y denunciar que las llamadas consultas para la construcci\u00f3n del Tren Maya, la refiner\u00eda Dos Bocas, la instauraci\u00f3n de las zonas econ\u00f3micas exclusivas y el corredor del Istmo de Tehuantepec van a terminar con la flora y fauna de Oaxaca, Chiapas, Tabasco, Yucat\u00e1n.<\/p>\n<p>En el caso de las comunidades zapatistas, se\u00f1alaron que la situaci\u00f3n es diferente pues ah\u00ed se han construido escuelas, cl\u00ednicas, cooperativas y talleres, pero sobre todo, no hay violencia, se respeta a las mujeres y a las ni\u00f1as.<\/p>\n<p>Sin embargo, aseguraron que estos pueblos est\u00e1n abandonados y son despojados de su riqueza, por lo que exigieron al gobierno federal trabajar y aclarar los asesinatos de l\u00edderes campesinos que han muerto a manos de narcotraficantes y del crimen organizado.<\/p>\n<p>\u201cEstos l\u00edderes buscaban cambiar a M\u00e9xico, donde las comunidades agrarias sean escuchadas y tomadas en cuenta, pero en la llamada Cuarta Transformaci\u00f3n, ellos no existen, s\u00f3lo los ricos y poderosos\u201d, expresaron.<\/p>\n<p>Por su parte, el Consejo Ind\u00edgena y Popular de Guerrero \u201cEmiliano Zapata\u201d demand\u00f3 el esclarecimiento del asesinato de Bartolo Hilario Morales e Isa\u00eds Xanteco Ahuejote, quienes fueron ejecutados por grupos paramilitares en el estado.<\/p>\n<p>Marciano Sebasti\u00e1n Astudillo, representante de esta organizaci\u00f3n campesina, afirm\u00f3 que el narcotr\u00e1fico y el crimen organizado busca apoderarse de las propiedades de los campesinos con el prop\u00f3sito de sembrar droga mientras las autoridades federales y estatales no hacen nada para detener esta situaci\u00f3n.<\/p>\n<p>A su vez, la representante del colectivo Rebeld\u00eda y Resistencia, Mayra Rojo, afirm\u00f3 que las consultas est\u00e1n ama\u00f1adas y a toda costa quieren construir refiner\u00edas, presas, instalar minas, llevar a cabo las obras del Tren Maya y del corredor del Istmo de Tehuantepec.<\/p>\n<p>Opin\u00f3 que M\u00e9xico se encuentra en un abismo y que s\u00f3lo con el respeto a los ind\u00edgenas se podr\u00e1 salir adelante.\u00a0<\/p>\n<p>Con Informaci\u00f3n de NTX\u00a0<\/p>\n","protected":false},"excerpt":{"rendered":"<p>Exigen ind\u00edgenas y campesinos de Chiapas respeto a su autonom\u00eda<br \/>\nPor Redacci\u00f3n QP<\/p>\n","protected":false},"author":2,"featured_media":27554,"comment_status":"open","ping_status":"open","sticky":false,"template":"","format":"standard","meta":{"_monsterinsights_skip_tracking":false,"_monsterinsights_sitenote_active":false,"_monsterinsights_sitenote_note":"","_monsterinsights_sitenote_category":0,"footnotes":""},"categories":[55],"tags":[],"class_list":["post-27555","post","type-post","status-publish","format-standard","has-post-thumbnail","hentry","category-cdmx"],"yoast_head":"<!-- This site is optimized with the Yoast SEO plugin v27.3 - https:\/\/yoast.com\/product\/yoast-seo-wordpress\/ -->\n<title>Exigen ind\u00edgenas y campesinos de Chiapas respeto a su autonom\u00eda -<\/title>\n<meta name=\"robots\" content=\"index, follow, max-snippet:-1, max-image-preview:large, max-video-preview:-1\" \/>\n<link rel=\"canonical\" href=\"https:\/\/quehacerpolitico.mx\/?p=27555\" \/>\n<meta property=\"og:locale\" content=\"es_MX\" \/>\n<meta property=\"og:type\" content=\"article\" \/>\n<meta property=\"og:title\" content=\"Exigen ind\u00edgenas y campesinos de Chiapas respeto a su autonom\u00eda -\" \/>\n<meta property=\"og:description\" content=\"Exigen ind\u00edgenas y campesinos de Chiapas respeto a su autonom\u00eda Por Redacci\u00f3n QP\" \/>\n<meta property=\"og:url\" content=\"https:\/\/quehacerpolitico.mx\/?p=27555\" \/>\n<meta property=\"article:published_time\" content=\"2019-05-31T15:35:35+00:00\" \/>\n<meta name=\"author\" content=\"Redacci\u00f3n QP\" \/>\n<meta name=\"twitter:card\" content=\"summary_large_image\" \/>\n<meta name=\"twitter:label1\" content=\"Escrito por\" \/>\n\t<meta name=\"twitter:data1\" content=\"Redacci\u00f3n QP\" \/>\n\t<meta name=\"twitter:label2\" content=\"Tiempo de lectura\" \/>\n\t<meta name=\"twitter:data2\" content=\"3 minutos\" \/>\n<script type=\"application\/ld+json\" class=\"yoast-schema-graph\">{\"@context\":\"https:\\\/\\\/schema.org\",\"@graph\":[{\"@type\":\"Article\",\"@id\":\"https:\\\/\\\/quehacerpolitico.mx\\\/?p=27555#article\",\"isPartOf\":{\"@id\":\"https:\\\/\\\/quehacerpolitico.mx\\\/?p=27555\"},\"author\":{\"name\":\"Redacci\u00f3n QP\",\"@id\":\"https:\\\/\\\/quehacerpolitico.mx\\\/#\\\/schema\\\/person\\\/496d8ad2d1d3f8036101dca7ee39e585\"},\"headline\":\"Exigen ind\u00edgenas y campesinos de Chiapas respeto a su autonom\u00eda\",\"datePublished\":\"2019-05-31T15:35:35+00:00\",\"mainEntityOfPage\":{\"@id\":\"https:\\\/\\\/quehacerpolitico.mx\\\/?p=27555\"},\"wordCount\":542,\"commentCount\":0,\"image\":{\"@id\":\"https:\\\/\\\/quehacerpolitico.mx\\\/?p=27555#primaryimage\"},\"thumbnailUrl\":\"\",\"articleSection\":[\"CDMX\"],\"inLanguage\":\"es\",\"potentialAction\":[{\"@type\":\"CommentAction\",\"name\":\"Comment\",\"target\":[\"https:\\\/\\\/quehacerpolitico.mx\\\/?p=27555#respond\"]}]},{\"@type\":\"WebPage\",\"@id\":\"https:\\\/\\\/quehacerpolitico.mx\\\/?p=27555\",\"url\":\"https:\\\/\\\/quehacerpolitico.mx\\\/?p=27555\",\"name\":\"Exigen ind\u00edgenas y campesinos de Chiapas respeto a su autonom\u00eda -\",\"isPartOf\":{\"@id\":\"https:\\\/\\\/quehacerpolitico.mx\\\/#website\"},\"primaryImageOfPage\":{\"@id\":\"https:\\\/\\\/quehacerpolitico.mx\\\/?p=27555#primaryimage\"},\"image\":{\"@id\":\"https:\\\/\\\/quehacerpolitico.mx\\\/?p=27555#primaryimage\"},\"thumbnailUrl\":\"\",\"datePublished\":\"2019-05-31T15:35:35+00:00\",\"author\":{\"@id\":\"https:\\\/\\\/quehacerpolitico.mx\\\/#\\\/schema\\\/person\\\/496d8ad2d1d3f8036101dca7ee39e585\"},\"breadcrumb\":{\"@id\":\"https:\\\/\\\/quehacerpolitico.mx\\\/?p=27555#breadcrumb\"},\"inLanguage\":\"es\",\"potentialAction\":[{\"@type\":\"ReadAction\",\"target\":[\"https:\\\/\\\/quehacerpolitico.mx\\\/?p=27555\"]}]},{\"@type\":\"ImageObject\",\"inLanguage\":\"es\",\"@id\":\"https:\\\/\\\/quehacerpolitico.mx\\\/?p=27555#primaryimage\",\"url\":\"\",\"contentUrl\":\"\"},{\"@type\":\"BreadcrumbList\",\"@id\":\"https:\\\/\\\/quehacerpolitico.mx\\\/?p=27555#breadcrumb\",\"itemListElement\":[{\"@type\":\"ListItem\",\"position\":1,\"name\":\"Inicio\",\"item\":\"https:\\\/\\\/quehacerpolitico.mx\\\/\"},{\"@type\":\"ListItem\",\"position\":2,\"name\":\"Exigen ind\u00edgenas y campesinos de Chiapas respeto a su autonom\u00eda\"}]},{\"@type\":\"WebSite\",\"@id\":\"https:\\\/\\\/quehacerpolitico.mx\\\/#website\",\"url\":\"https:\\\/\\\/quehacerpolitico.mx\\\/\",\"name\":\"\",\"description\":\"\",\"potentialAction\":[{\"@type\":\"SearchAction\",\"target\":{\"@type\":\"EntryPoint\",\"urlTemplate\":\"https:\\\/\\\/quehacerpolitico.mx\\\/?s={search_term_string}\"},\"query-input\":{\"@type\":\"PropertyValueSpecification\",\"valueRequired\":true,\"valueName\":\"search_term_string\"}}],\"inLanguage\":\"es\"},{\"@type\":\"Person\",\"@id\":\"https:\\\/\\\/quehacerpolitico.mx\\\/#\\\/schema\\\/person\\\/496d8ad2d1d3f8036101dca7ee39e585\",\"name\":\"Redacci\u00f3n QP\",\"image\":{\"@type\":\"ImageObject\",\"inLanguage\":\"es\",\"@id\":\"https:\\\/\\\/secure.gravatar.com\\\/avatar\\\/c7164ed6fdec453195284ad24a5ae5b6e1eed2b848477fa2a4787ba9adf39a41?s=96&d=mm&r=g\",\"url\":\"https:\\\/\\\/secure.gravatar.com\\\/avatar\\\/c7164ed6fdec453195284ad24a5ae5b6e1eed2b848477fa2a4787ba9adf39a41?s=96&d=mm&r=g\",\"contentUrl\":\"https:\\\/\\\/secure.gravatar.com\\\/avatar\\\/c7164ed6fdec453195284ad24a5ae5b6e1eed2b848477fa2a4787ba9adf39a41?s=96&d=mm&r=g\",\"caption\":\"Redacci\u00f3n QP\"},\"url\":\"https:\\\/\\\/quehacerpolitico.mx\\\/?author=2\"}]}<\/script>\n<!-- \/ Yoast SEO plugin. -->","yoast_head_json":{"title":"Exigen ind\u00edgenas y campesinos de Chiapas respeto a su autonom\u00eda -","robots":{"index":"index","follow":"follow","max-snippet":"max-snippet:-1","max-image-preview":"max-image-preview:large","max-video-preview":"max-video-preview:-1"},"canonical":"https:\/\/quehacerpolitico.mx\/?p=27555","og_locale":"es_MX","og_type":"article","og_title":"Exigen ind\u00edgenas y campesinos de Chiapas respeto a su autonom\u00eda -","og_description":"Exigen ind\u00edgenas y campesinos de Chiapas respeto a su autonom\u00eda Por Redacci\u00f3n QP","og_url":"https:\/\/quehacerpolitico.mx\/?p=27555","article_published_time":"2019-05-31T15:35:35+00:00","author":"Redacci\u00f3n QP","twitter_card":"summary_large_image","twitter_misc":{"Escrito por":"Redacci\u00f3n QP","Tiempo de lectura":"3 minutos"},"schema":{"@context":"https:\/\/schema.org","@graph":[{"@type":"Article","@id":"https:\/\/quehacerpolitico.mx\/?p=27555#article","isPartOf":{"@id":"https:\/\/quehacerpolitico.mx\/?p=27555"},"author":{"name":"Redacci\u00f3n QP","@id":"https:\/\/quehacerpolitico.mx\/#\/schema\/person\/496d8ad2d1d3f8036101dca7ee39e585"},"headline":"Exigen ind\u00edgenas y campesinos de Chiapas respeto a su autonom\u00eda","datePublished":"2019-05-31T15:35:35+00:00","mainEntityOfPage":{"@id":"https:\/\/quehacerpolitico.mx\/?p=27555"},"wordCount":542,"commentCount":0,"image":{"@id":"https:\/\/quehacerpolitico.mx\/?p=27555#primaryimage"},"thumbnailUrl":"","articleSection":["CDMX"],"inLanguage":"es","potentialAction":[{"@type":"CommentAction","name":"Comment","target":["https:\/\/quehacerpolitico.mx\/?p=27555#respond"]}]},{"@type":"WebPage","@id":"https:\/\/quehacerpolitico.mx\/?p=27555","url":"https:\/\/quehacerpolitico.mx\/?p=27555","name":"Exigen ind\u00edgenas y campesinos de Chiapas respeto a su autonom\u00eda -","isPartOf":{"@id":"https:\/\/quehacerpolitico.mx\/#website"},"primaryImageOfPage":{"@id":"https:\/\/quehacerpolitico.mx\/?p=27555#primaryimage"},"image":{"@id":"https:\/\/quehacerpolitico.mx\/?p=27555#primaryimage"},"thumbnailUrl":"","datePublished":"2019-05-31T15:35:35+00:00","author":{"@id":"https:\/\/quehacerpolitico.mx\/#\/schema\/person\/496d8ad2d1d3f8036101dca7ee39e585"},"breadcrumb":{"@id":"https:\/\/quehacerpolitico.mx\/?p=27555#breadcrumb"},"inLanguage":"es","potentialAction":[{"@type":"ReadAction","target":["https:\/\/quehacerpolitico.mx\/?p=27555"]}]},{"@type":"ImageObject","inLanguage":"es","@id":"https:\/\/quehacerpolitico.mx\/?p=27555#primaryimage","url":"","contentUrl":""},{"@type":"BreadcrumbList","@id":"https:\/\/quehacerpolitico.mx\/?p=27555#breadcrumb","itemListElement":[{"@type":"ListItem","position":1,"name":"Inicio","item":"https:\/\/quehacerpolitico.mx\/"},{"@type":"ListItem","position":2,"name":"Exigen ind\u00edgenas y campesinos de Chiapas respeto a su autonom\u00eda"}]},{"@type":"WebSite","@id":"https:\/\/quehacerpolitico.mx\/#website","url":"https:\/\/quehacerpolitico.mx\/","name":"","description":"","potentialAction":[{"@type":"SearchAction","target":{"@type":"EntryPoint","urlTemplate":"https:\/\/quehacerpolitico.mx\/?s={search_term_string}"},"query-input":{"@type":"PropertyValueSpecification","valueRequired":true,"valueName":"search_term_string"}}],"inLanguage":"es"},{"@type":"Person","@id":"https:\/\/quehacerpolitico.mx\/#\/schema\/person\/496d8ad2d1d3f8036101dca7ee39e585","name":"Redacci\u00f3n QP","image":{"@type":"ImageObject","inLanguage":"es","@id":"https:\/\/secure.gravatar.com\/avatar\/c7164ed6fdec453195284ad24a5ae5b6e1eed2b848477fa2a4787ba9adf39a41?s=96&d=mm&r=g","url":"https:\/\/secure.gravatar.com\/avatar\/c7164ed6fdec453195284ad24a5ae5b6e1eed2b848477fa2a4787ba9adf39a41?s=96&d=mm&r=g","contentUrl":"https:\/\/secure.gravatar.com\/avatar\/c7164ed6fdec453195284ad24a5ae5b6e1eed2b848477fa2a4787ba9adf39a41?s=96&d=mm&r=g","caption":"Redacci\u00f3n QP"},"url":"https:\/\/quehacerpolitico.mx\/?author=2"}]}},"featured_image_urls":{"full":"","thumbnail":"","medium":"","medium_large":"","large":"","1536x1536":"","2048x2048":"","covernews-featured":"","covernews-medium":""},"author_info":{"display_name":"Redacci\u00f3n QP","author_link":"https:\/\/quehacerpolitico.mx\/?author=2"},"category_info":"<a href=\"https:\/\/quehacerpolitico.mx\/?cat=55\" rel=\"category\">CDMX<\/a>","tag_info":"CDMX","comment_count":"0","_links":{"self":[{"href":"https:\/\/quehacerpolitico.mx\/index.php?rest_route=\/wp\/v2\/posts\/27555","targetHints":{"allow":["GET"]}}],"collection":[{"href":"https:\/\/quehacerpolitico.mx\/index.php?rest_route=\/wp\/v2\/posts"}],"about":[{"href":"https:\/\/quehacerpolitico.mx\/index.php?rest_route=\/wp\/v2\/types\/post"}],"author":[{"embeddable":true,"href":"https:\/\/quehacerpolitico.mx\/index.php?rest_route=\/wp\/v2\/users\/2"}],"replies":[{"embeddable":true,"href":"https:\/\/quehacerpolitico.mx\/index.php?rest_route=%2Fwp%2Fv2%2Fcomments&post=27555"}],"version-history":[{"count":0,"href":"https:\/\/quehacerpolitico.mx\/index.php?rest_route=\/wp\/v2\/posts\/27555\/revisions"}],"wp:featuredmedia":[{"embeddable":true,"href":"https:\/\/quehacerpolitico.mx\/index.php?rest_route=\/"}],"wp:attachment":[{"href":"https:\/\/quehacerpolitico.mx\/index.php?rest_route=%2Fwp%2Fv2%2Fmedia&parent=27555"}],"wp:term":[{"taxonomy":"category","embeddable":true,"href":"https:\/\/quehacerpolitico.mx\/index.php?rest_route=%2Fwp%2Fv2%2Fcategories&post=27555"},{"taxonomy":"post_tag","embeddable":true,"href":"https:\/\/quehacerpolitico.mx\/index.php?rest_route=%2Fwp%2Fv2%2Ftags&post=27555"}],"curies":[{"name":"wp","href":"https:\/\/api.w.org\/{rel}","templated":true}]}}