{"id":27551,"date":"2019-05-31T15:28:49","date_gmt":"2019-05-31T15:28:49","guid":{"rendered":"http:\/\/quehacerpolitico.mx\/trump-dice-que-aranceles-a-mexico-tambien-son-por-narcotrafico\/"},"modified":"2019-05-31T15:28:49","modified_gmt":"2019-05-31T15:28:49","slug":"trump-dice-que-aranceles-a-mexico-tambien-son-por-narcotrafico","status":"publish","type":"post","link":"https:\/\/quehacerpolitico.mx\/?p=27551","title":{"rendered":"Trump dice que aranceles a M\u00e9xico tambi\u00e9n son por narcotr\u00e1fico"},"content":{"rendered":"<h1 class=\"news-title\">Trump dice que aranceles a M\u00e9xico tambi\u00e9n son por narcotr\u00e1fico<\/h1>\n<p>Por Redacci\u00f3n QP<\/p>\n<header class=\"news-header\">\n<div class=\"news-subtitle\">\n<p>El mandatario insiste en que el pa\u00eds hace &#8220;una fortuna&#8221; a costa de EU y que debe detener a los c\u00e1rteles y sus capos<\/p>\n<\/div>\n<\/header>\n<div class=\"news-content\">\n<div class=\"news-body row\">\n<p>El presidente estadounidense, Donald Trump, insisti\u00f3 este viernes en sus cr\u00edticas a M\u00e9xico al asegurar que se ha aprovechado de su pa\u00eds durante d\u00e9cadas y ha hecho una &#8220;fortuna&#8221;, a la vez que apunt\u00f3 que &#8220;es hora&#8221; de que frenen el flujo migratorio y de drogas, un d\u00eda despu\u00e9s de amenazar con imponer nuevos aranceles<\/p>\n<p>&#8220;M\u00e9xico se ha aprovechado de EU. durante d\u00e9cadas. Por culpa de los dem\u00f3cratas, nuestras leyes migratorias son MALAS. <strong>M\u00e9xico hace una FORTUNA a costa de EU<\/strong> (&#8230;) y pueden f\u00e1cilmente solucionar este problema. \u00a1Es hora de que ellos hagan finalmente lo que es debido!&#8221;, dijo Trump en su cuenta de Twitter<\/p>\n<p>M\u00e1s tarde agreg\u00f3 que las tarifas tambi\u00e9n responden a que M\u00e9xico no ha detenido el narcotr\u00e1fico.<\/p>\n<p>&#8220;<strong>M\u00e9xico debe tomar\u00a0su pa\u00eds de los capos de las drogas y sus c\u00e1rteles<\/strong>. El arancel es sobre detener las drogas as\u00ed como a los (migrantes) ilegales&#8221;, dijo tambi\u00e9n en la red social.<\/p>\n<p>Y agreg\u00f3 que &#8220;el 90% de las drogas que entran a Estados Unidos vienen a trav\u00e9s de M\u00e9xico y nuestra frontera sur. 80 mil personas murieron el a\u00f1o pasado; un mill\u00f3n de persons est\u00e1n arruinadas. Esto ha sucedido por muchos a\u00f1os y no se ha hecho nada al respecto&#8221;.<\/p>\n<blockquote class=\"twitter-tweet\" data-width=\"550\" data-dnt=\"true\">\n<p lang=\"en\" dir=\"ltr\">In order not to pay Tariffs, if they start rising, companies will leave Mexico, which has taken 30% of our Auto Industry, and come back home to the USA. Mexico must take back their country from the drug lords and cartels. The Tariff is about stopping drugs as well as illegals!<\/p>\n<p>&mdash; Donald J. Trump (@realDonaldTrump) <a href=\"https:\/\/twitter.com\/realDonaldTrump\/status\/1134466523114999809?ref_src=twsrc%5Etfw\">May 31, 2019<\/a><\/p><\/blockquote>\n<p><script async src=\"https:\/\/platform.twitter.com\/widgets.js\" charset=\"utf-8\"><\/script><\/p>\n<blockquote class=\"twitter-tweet\" data-width=\"550\" data-dnt=\"true\">\n<p lang=\"en\" dir=\"ltr\">90% of the Drugs coming into the United States come through Mexico &amp; our Southern Border. 80,000 people died last year, 1,000,000 people ruined. This has gone on for many years &amp; nothing has been done about it. We have a 100 Billion Dollar Trade Deficit with Mexico. It\u2019s time!<\/p>\n<p>&mdash; Donald J. Trump (@realDonaldTrump) <a href=\"https:\/\/twitter.com\/realDonaldTrump\/status\/1134469934816346113?ref_src=twsrc%5Etfw\">May 31, 2019<\/a><\/p><\/blockquote>\n<p><script async src=\"https:\/\/platform.twitter.com\/widgets.js\" charset=\"utf-8\"><\/script><\/p>\n<p>El mandatario abri\u00f3 este jueves otro frente en su guerra comercial tras amenazar con imponer a partir del 10 de junio nuevos aranceles a M\u00e9xico bajo el pretexto del creciente flujo de inmigrantes indocumentados que se da en la frontera entre ambos pa\u00edses.<\/p>\n<p>Por su parte, el Presidente de M\u00e9xico, Andres Manuel L\u00f3pez Obrador\u00a0se mostr\u00f3 hoy viernes confiado en que Estados Unidos rectificar\u00e1 las medidas arancelarias que anunci\u00f3 Trump.<\/p>\n<p>Asimismo, reiter\u00f3 que M\u00e9xico no caer\u00e1 en &#8220;ninguna provocaci\u00f3n&#8221; y que no se contestar\u00e1 &#8220;a la desesperada&#8221; ante esta decisi\u00f3n que tendr\u00eda consecuencias sobre la econom\u00eda mexicana.<\/p>\n<p>Trump anunci\u00f3 este jueves a trav\u00e9s de Twitter la imposici\u00f3n de aranceles del 5% a partir del 10 de junio sobre todos los productos mexicanos si la naci\u00f3n latinoamericana no frena la migraci\u00f3n.<\/p>\n<h5>Calendario de aumento de aranceles<\/h5>\n<p>En un comunicado difundido posteriormente, a Casa Blanca explic\u00f3 que los aranceles aumentar\u00e1n a 10% el 1 de julio, y luego tendr\u00e1n incrementos de 5% cada mes <strong>hasta alcanzar el 25% el 1 de octubre<\/strong>.\u00a0<\/p>\n<p>&#8220;Los aranceles se mantendr\u00e1n de manera permanente en un 25% a menos que, y hasta que, M\u00e9xico detenga sustancialmente la entrada ilegal de extranjeros que ingresan a trav\u00e9s de su territorio&#8221;, se\u00f1al\u00f3.\u00a0<\/p>\n<p>&#8220;Si la crisis de la migraci\u00f3n ilegal se ve aliviada a trav\u00e9s de acciones efectivas tomadas por M\u00e9xico, que ser\u00e1n determinadas a nuestra exclusiva discreci\u00f3n y criterio, se eliminar\u00e1n los aranceles&#8221;, agreg\u00f3.<\/p>\n<p>Con informaci\u00f3n de AFP y EFE<\/p>\n<\/div>\n<\/div>\n","protected":false},"excerpt":{"rendered":"<p>Trump dice que aranceles a M\u00e9xico tambi\u00e9n son por narcotr\u00e1fico<br \/>\nPor Redacci\u00f3n QP<\/p>\n","protected":false},"author":2,"featured_media":27550,"comment_status":"open","ping_status":"open","sticky":false,"template":"","format":"standard","meta":{"_monsterinsights_skip_tracking":false,"_monsterinsights_sitenote_active":false,"_monsterinsights_sitenote_note":"","_monsterinsights_sitenote_category":0,"footnotes":""},"categories":[56],"tags":[],"class_list":["post-27551","post","type-post","status-publish","format-standard","has-post-thumbnail","hentry","category-economia"],"yoast_head":"<!-- This site is optimized with the Yoast SEO plugin v27.3 - https:\/\/yoast.com\/product\/yoast-seo-wordpress\/ -->\n<title>Trump dice que aranceles a M\u00e9xico tambi\u00e9n son por narcotr\u00e1fico -<\/title>\n<meta name=\"robots\" content=\"index, follow, max-snippet:-1, max-image-preview:large, max-video-preview:-1\" \/>\n<link rel=\"canonical\" href=\"https:\/\/quehacerpolitico.mx\/?p=27551\" \/>\n<meta property=\"og:locale\" content=\"es_MX\" \/>\n<meta property=\"og:type\" content=\"article\" \/>\n<meta property=\"og:title\" content=\"Trump dice que aranceles a M\u00e9xico tambi\u00e9n son por narcotr\u00e1fico -\" \/>\n<meta property=\"og:description\" content=\"Trump dice que aranceles a M\u00e9xico tambi\u00e9n son por narcotr\u00e1fico Por Redacci\u00f3n QP\" \/>\n<meta property=\"og:url\" content=\"https:\/\/quehacerpolitico.mx\/?p=27551\" \/>\n<meta property=\"article:published_time\" content=\"2019-05-31T15:28:49+00:00\" \/>\n<meta name=\"author\" content=\"Redacci\u00f3n QP\" \/>\n<meta name=\"twitter:card\" content=\"summary_large_image\" \/>\n<meta name=\"twitter:label1\" content=\"Escrito por\" \/>\n\t<meta name=\"twitter:data1\" content=\"Redacci\u00f3n QP\" \/>\n\t<meta name=\"twitter:label2\" content=\"Tiempo de lectura\" \/>\n\t<meta name=\"twitter:data2\" content=\"3 minutos\" \/>\n<script type=\"application\/ld+json\" class=\"yoast-schema-graph\">{\"@context\":\"https:\\\/\\\/schema.org\",\"@graph\":[{\"@type\":\"Article\",\"@id\":\"https:\\\/\\\/quehacerpolitico.mx\\\/?p=27551#article\",\"isPartOf\":{\"@id\":\"https:\\\/\\\/quehacerpolitico.mx\\\/?p=27551\"},\"author\":{\"name\":\"Redacci\u00f3n QP\",\"@id\":\"https:\\\/\\\/quehacerpolitico.mx\\\/#\\\/schema\\\/person\\\/496d8ad2d1d3f8036101dca7ee39e585\"},\"headline\":\"Trump dice que aranceles a M\u00e9xico tambi\u00e9n son por narcotr\u00e1fico\",\"datePublished\":\"2019-05-31T15:28:49+00:00\",\"mainEntityOfPage\":{\"@id\":\"https:\\\/\\\/quehacerpolitico.mx\\\/?p=27551\"},\"wordCount\":551,\"commentCount\":0,\"image\":{\"@id\":\"https:\\\/\\\/quehacerpolitico.mx\\\/?p=27551#primaryimage\"},\"thumbnailUrl\":\"\",\"articleSection\":[\"Econom\u00eda\"],\"inLanguage\":\"es\",\"potentialAction\":[{\"@type\":\"CommentAction\",\"name\":\"Comment\",\"target\":[\"https:\\\/\\\/quehacerpolitico.mx\\\/?p=27551#respond\"]}]},{\"@type\":\"WebPage\",\"@id\":\"https:\\\/\\\/quehacerpolitico.mx\\\/?p=27551\",\"url\":\"https:\\\/\\\/quehacerpolitico.mx\\\/?p=27551\",\"name\":\"Trump dice que aranceles a M\u00e9xico tambi\u00e9n son por narcotr\u00e1fico -\",\"isPartOf\":{\"@id\":\"https:\\\/\\\/quehacerpolitico.mx\\\/#website\"},\"primaryImageOfPage\":{\"@id\":\"https:\\\/\\\/quehacerpolitico.mx\\\/?p=27551#primaryimage\"},\"image\":{\"@id\":\"https:\\\/\\\/quehacerpolitico.mx\\\/?p=27551#primaryimage\"},\"thumbnailUrl\":\"\",\"datePublished\":\"2019-05-31T15:28:49+00:00\",\"author\":{\"@id\":\"https:\\\/\\\/quehacerpolitico.mx\\\/#\\\/schema\\\/person\\\/496d8ad2d1d3f8036101dca7ee39e585\"},\"breadcrumb\":{\"@id\":\"https:\\\/\\\/quehacerpolitico.mx\\\/?p=27551#breadcrumb\"},\"inLanguage\":\"es\",\"potentialAction\":[{\"@type\":\"ReadAction\",\"target\":[\"https:\\\/\\\/quehacerpolitico.mx\\\/?p=27551\"]}]},{\"@type\":\"ImageObject\",\"inLanguage\":\"es\",\"@id\":\"https:\\\/\\\/quehacerpolitico.mx\\\/?p=27551#primaryimage\",\"url\":\"\",\"contentUrl\":\"\"},{\"@type\":\"BreadcrumbList\",\"@id\":\"https:\\\/\\\/quehacerpolitico.mx\\\/?p=27551#breadcrumb\",\"itemListElement\":[{\"@type\":\"ListItem\",\"position\":1,\"name\":\"Inicio\",\"item\":\"https:\\\/\\\/quehacerpolitico.mx\\\/\"},{\"@type\":\"ListItem\",\"position\":2,\"name\":\"Trump dice que aranceles a M\u00e9xico tambi\u00e9n son por narcotr\u00e1fico\"}]},{\"@type\":\"WebSite\",\"@id\":\"https:\\\/\\\/quehacerpolitico.mx\\\/#website\",\"url\":\"https:\\\/\\\/quehacerpolitico.mx\\\/\",\"name\":\"\",\"description\":\"\",\"potentialAction\":[{\"@type\":\"SearchAction\",\"target\":{\"@type\":\"EntryPoint\",\"urlTemplate\":\"https:\\\/\\\/quehacerpolitico.mx\\\/?s={search_term_string}\"},\"query-input\":{\"@type\":\"PropertyValueSpecification\",\"valueRequired\":true,\"valueName\":\"search_term_string\"}}],\"inLanguage\":\"es\"},{\"@type\":\"Person\",\"@id\":\"https:\\\/\\\/quehacerpolitico.mx\\\/#\\\/schema\\\/person\\\/496d8ad2d1d3f8036101dca7ee39e585\",\"name\":\"Redacci\u00f3n QP\",\"image\":{\"@type\":\"ImageObject\",\"inLanguage\":\"es\",\"@id\":\"https:\\\/\\\/secure.gravatar.com\\\/avatar\\\/c7164ed6fdec453195284ad24a5ae5b6e1eed2b848477fa2a4787ba9adf39a41?s=96&d=mm&r=g\",\"url\":\"https:\\\/\\\/secure.gravatar.com\\\/avatar\\\/c7164ed6fdec453195284ad24a5ae5b6e1eed2b848477fa2a4787ba9adf39a41?s=96&d=mm&r=g\",\"contentUrl\":\"https:\\\/\\\/secure.gravatar.com\\\/avatar\\\/c7164ed6fdec453195284ad24a5ae5b6e1eed2b848477fa2a4787ba9adf39a41?s=96&d=mm&r=g\",\"caption\":\"Redacci\u00f3n QP\"},\"url\":\"https:\\\/\\\/quehacerpolitico.mx\\\/?author=2\"}]}<\/script>\n<!-- \/ Yoast SEO plugin. -->","yoast_head_json":{"title":"Trump dice que aranceles a M\u00e9xico tambi\u00e9n son por narcotr\u00e1fico -","robots":{"index":"index","follow":"follow","max-snippet":"max-snippet:-1","max-image-preview":"max-image-preview:large","max-video-preview":"max-video-preview:-1"},"canonical":"https:\/\/quehacerpolitico.mx\/?p=27551","og_locale":"es_MX","og_type":"article","og_title":"Trump dice que aranceles a M\u00e9xico tambi\u00e9n son por narcotr\u00e1fico -","og_description":"Trump dice que aranceles a M\u00e9xico tambi\u00e9n son por narcotr\u00e1fico Por Redacci\u00f3n QP","og_url":"https:\/\/quehacerpolitico.mx\/?p=27551","article_published_time":"2019-05-31T15:28:49+00:00","author":"Redacci\u00f3n QP","twitter_card":"summary_large_image","twitter_misc":{"Escrito por":"Redacci\u00f3n QP","Tiempo de lectura":"3 minutos"},"schema":{"@context":"https:\/\/schema.org","@graph":[{"@type":"Article","@id":"https:\/\/quehacerpolitico.mx\/?p=27551#article","isPartOf":{"@id":"https:\/\/quehacerpolitico.mx\/?p=27551"},"author":{"name":"Redacci\u00f3n QP","@id":"https:\/\/quehacerpolitico.mx\/#\/schema\/person\/496d8ad2d1d3f8036101dca7ee39e585"},"headline":"Trump dice que aranceles a M\u00e9xico tambi\u00e9n son por narcotr\u00e1fico","datePublished":"2019-05-31T15:28:49+00:00","mainEntityOfPage":{"@id":"https:\/\/quehacerpolitico.mx\/?p=27551"},"wordCount":551,"commentCount":0,"image":{"@id":"https:\/\/quehacerpolitico.mx\/?p=27551#primaryimage"},"thumbnailUrl":"","articleSection":["Econom\u00eda"],"inLanguage":"es","potentialAction":[{"@type":"CommentAction","name":"Comment","target":["https:\/\/quehacerpolitico.mx\/?p=27551#respond"]}]},{"@type":"WebPage","@id":"https:\/\/quehacerpolitico.mx\/?p=27551","url":"https:\/\/quehacerpolitico.mx\/?p=27551","name":"Trump dice que aranceles a M\u00e9xico tambi\u00e9n son por narcotr\u00e1fico -","isPartOf":{"@id":"https:\/\/quehacerpolitico.mx\/#website"},"primaryImageOfPage":{"@id":"https:\/\/quehacerpolitico.mx\/?p=27551#primaryimage"},"image":{"@id":"https:\/\/quehacerpolitico.mx\/?p=27551#primaryimage"},"thumbnailUrl":"","datePublished":"2019-05-31T15:28:49+00:00","author":{"@id":"https:\/\/quehacerpolitico.mx\/#\/schema\/person\/496d8ad2d1d3f8036101dca7ee39e585"},"breadcrumb":{"@id":"https:\/\/quehacerpolitico.mx\/?p=27551#breadcrumb"},"inLanguage":"es","potentialAction":[{"@type":"ReadAction","target":["https:\/\/quehacerpolitico.mx\/?p=27551"]}]},{"@type":"ImageObject","inLanguage":"es","@id":"https:\/\/quehacerpolitico.mx\/?p=27551#primaryimage","url":"","contentUrl":""},{"@type":"BreadcrumbList","@id":"https:\/\/quehacerpolitico.mx\/?p=27551#breadcrumb","itemListElement":[{"@type":"ListItem","position":1,"name":"Inicio","item":"https:\/\/quehacerpolitico.mx\/"},{"@type":"ListItem","position":2,"name":"Trump dice que aranceles a M\u00e9xico tambi\u00e9n son por narcotr\u00e1fico"}]},{"@type":"WebSite","@id":"https:\/\/quehacerpolitico.mx\/#website","url":"https:\/\/quehacerpolitico.mx\/","name":"","description":"","potentialAction":[{"@type":"SearchAction","target":{"@type":"EntryPoint","urlTemplate":"https:\/\/quehacerpolitico.mx\/?s={search_term_string}"},"query-input":{"@type":"PropertyValueSpecification","valueRequired":true,"valueName":"search_term_string"}}],"inLanguage":"es"},{"@type":"Person","@id":"https:\/\/quehacerpolitico.mx\/#\/schema\/person\/496d8ad2d1d3f8036101dca7ee39e585","name":"Redacci\u00f3n QP","image":{"@type":"ImageObject","inLanguage":"es","@id":"https:\/\/secure.gravatar.com\/avatar\/c7164ed6fdec453195284ad24a5ae5b6e1eed2b848477fa2a4787ba9adf39a41?s=96&d=mm&r=g","url":"https:\/\/secure.gravatar.com\/avatar\/c7164ed6fdec453195284ad24a5ae5b6e1eed2b848477fa2a4787ba9adf39a41?s=96&d=mm&r=g","contentUrl":"https:\/\/secure.gravatar.com\/avatar\/c7164ed6fdec453195284ad24a5ae5b6e1eed2b848477fa2a4787ba9adf39a41?s=96&d=mm&r=g","caption":"Redacci\u00f3n QP"},"url":"https:\/\/quehacerpolitico.mx\/?author=2"}]}},"featured_image_urls":{"full":"","thumbnail":"","medium":"","medium_large":"","large":"","1536x1536":"","2048x2048":"","covernews-featured":"","covernews-medium":""},"author_info":{"display_name":"Redacci\u00f3n QP","author_link":"https:\/\/quehacerpolitico.mx\/?author=2"},"category_info":"<a href=\"https:\/\/quehacerpolitico.mx\/?cat=56\" rel=\"category\">Econom\u00eda<\/a>","tag_info":"Econom\u00eda","comment_count":"0","_links":{"self":[{"href":"https:\/\/quehacerpolitico.mx\/index.php?rest_route=\/wp\/v2\/posts\/27551","targetHints":{"allow":["GET"]}}],"collection":[{"href":"https:\/\/quehacerpolitico.mx\/index.php?rest_route=\/wp\/v2\/posts"}],"about":[{"href":"https:\/\/quehacerpolitico.mx\/index.php?rest_route=\/wp\/v2\/types\/post"}],"author":[{"embeddable":true,"href":"https:\/\/quehacerpolitico.mx\/index.php?rest_route=\/wp\/v2\/users\/2"}],"replies":[{"embeddable":true,"href":"https:\/\/quehacerpolitico.mx\/index.php?rest_route=%2Fwp%2Fv2%2Fcomments&post=27551"}],"version-history":[{"count":0,"href":"https:\/\/quehacerpolitico.mx\/index.php?rest_route=\/wp\/v2\/posts\/27551\/revisions"}],"wp:featuredmedia":[{"embeddable":true,"href":"https:\/\/quehacerpolitico.mx\/index.php?rest_route=\/"}],"wp:attachment":[{"href":"https:\/\/quehacerpolitico.mx\/index.php?rest_route=%2Fwp%2Fv2%2Fmedia&parent=27551"}],"wp:term":[{"taxonomy":"category","embeddable":true,"href":"https:\/\/quehacerpolitico.mx\/index.php?rest_route=%2Fwp%2Fv2%2Fcategories&post=27551"},{"taxonomy":"post_tag","embeddable":true,"href":"https:\/\/quehacerpolitico.mx\/index.php?rest_route=%2Fwp%2Fv2%2Ftags&post=27551"}],"curies":[{"name":"wp","href":"https:\/\/api.w.org\/{rel}","templated":true}]}}