{"id":27541,"date":"2019-05-31T14:23:27","date_gmt":"2019-05-31T14:23:27","guid":{"rendered":"http:\/\/quehacerpolitico.mx\/bienal-para-la-noche-venezolana\/"},"modified":"2019-05-31T14:23:27","modified_gmt":"2019-05-31T14:23:27","slug":"bienal-para-la-noche-venezolana","status":"publish","type":"post","link":"https:\/\/quehacerpolitico.mx\/?p=27541","title":{"rendered":"Bienal para la noche venezolana"},"content":{"rendered":"<h1 class=\"news-title\">Bienal para la noche venezolana<\/h1>\n<p>Por Redacci\u00f3n QP<\/p>\n<header class=\"news-header\">\n<div class=\"news-subtitle\">\n<p>Rodrigo Blanco Calder\u00f3n gana la III Bienal de Novela Mario Vargas Llosa con su obra: \u201cThe night\u201d<\/p>\n<\/div>\n<\/header>\n<div class=\"news-content\">\n<div class=\"news-body row\">\n<p>La tercera edici\u00f3n de la Bienal de Novela Mario Vargas Llosa lleg\u00f3 a su fin.\u00a0En la Sala 2 del Conjunto Santander de Artes Esc\u00e9nicas tuvo lugar el di\u00e1logo abierto entre Sergio Ram\u00edrez, M\u00f3nica Lav\u00edn y Mario Vargas Llosa, novelista peruano-espa\u00f1ol galardonado con el Premio Nobel de Literatura 2010 y el Premio Cervantes en 1994. <strong>El jurado del certamen literario estuvo conformado por: Ram\u00edrez, como presidente; Carme Riera, Alonso Cueto Caballero, Felipe Garrido, Juan Manuel Bonet y J.J. Armas Marcelo (como secretario). Ram\u00edrez ley\u00f3 el acta que concede el galard\u00f3n a Rodrigo Blanco Calder\u00f3n por \u201cThe Night\u201d: \u201cEs una novela laber\u00edntica\u201d, expresa el documento. Esta es su primera novela, calificada por el mismo texto como \u201cpolif\u00f3nica, construida como un juego de mu\u00f1ecas rusas\u201d.<\/strong><\/p>\n<p>Juegos de palabras y el poeta Dar\u00edo Lancini forman parte de la trama, ubicada en Caracas. Los finalistas fueron Gioconda Belli (por \u201cLas fiebres de la memoria\u201d), Gustavo Faver\u00f3n (\u201cVivir abajo\u201d), Antonio Soler (\u201cSur\u201d) y Manuel Vilas (\u201cOrdesa\u201d).<\/p>\n<p>El ganador agradeci\u00f3 al jurado: \u201cTener la oportunidad de que las cosas que escribimos puedan ser le\u00eddas es un regalo invaluable\u201d. Rodrigo Blanco salud\u00f3 a los finalistas, para quienes pidi\u00f3 un aplauso del p\u00fablico. De su libro, el venezolano dijo que no lo hubiera escrito de no haber visto a su pa\u00eds \u201cdevastado por la dictadura, como la que est\u00e1 actualmente\u201d. \u201cCiertas sociedades inconscientemente se empujan hacia su propia aniquilaci\u00f3n\u201d, agreg\u00f3. Como exiliado, coment\u00f3: \u201cEs una desgracia sin precedentes la que est\u00e1 ocurriendo en mi pa\u00eds\u201d. El autor dedic\u00f3 el premio a Venezuela.<\/p>\n<p><strong>Por su parte, Vargas Llosa agradeci\u00f3 a Ra\u00fal Padilla por no dejar que la bienal desapareciera, al \u201crescatarla\u201d tras dos ediciones en Per\u00fa, donde ya era imposible continuar, afirm\u00f3.<\/strong><\/p>\n<p><strong>La charla<\/strong><\/p>\n<p>M\u00f3nica Lav\u00edn fue semifinalista de la bienal, con su novela \u201cCuando te hablen de amor\u201d. En la charla, Lav\u00edn record\u00f3 que como adolescente ley\u00f3 \u201cConversaci\u00f3n en la catedral\u201d, novela de Vargas Llosa, por influencia de su padre: \u201cLeer es apropiarse de los libros, y de alguna manera de sus autores\u201d, agreg\u00f3.<\/p>\n<p>La escritora mexicana pregunt\u00f3 a Ram\u00edrez y Vargas Llosa sobre el papel de la novela. Mario se remont\u00f3 a la sesi\u00f3n matutina de la bienal, cuando la charla literaria le evoc\u00f3 la censura de la novela en la Nueva Espa\u00f1a. El ganador del Nobel cuestion\u00f3 las razones desconocidas de la prohibici\u00f3n: \u201cQuienes lo hicieron entendieron profundamente la raz\u00f3n de la novela: las novelas generan un sentimiento de insatisfacci\u00f3n en los lectores\u201d.<\/p>\n<p>La lectura, dijo, genera sorpresa y aprendizaje: \u201cQu\u00e9 pobre es el mundo real comparado con el creado por los escritores&#8230; Un mundo impregnado de ficci\u00f3n es un mundo m\u00e1s dif\u00edcil de enga\u00f1ar\u201d.<\/p>\n<p>El nicarag\u00fcense Sergio Ram\u00edrez cit\u00f3 edictos de la \u00e9poca, con la novela como generadora de problem\u00e1ticas: \u201cCreo que la novela es una necesidad hasta neuronal\u201d, afirm\u00f3.<\/p>\n<p><strong>Lav\u00edn se\u00f1al\u00f3 una caracter\u00edstica de Sergio y Mario: pese a la imaginaci\u00f3n, ambos han recurrido a la historia. A lo que agreg\u00f3: \u201cY la literatura misma ha llegado a influir en la realidad\u201d.<\/strong><\/p>\n<p>Vargas Llosa coment\u00f3 sobre el influjo que casi siempre es individual: \u201cQuienes no leen tienen un control peque\u00f1o y precario de su propia lengua. Nada enriquece el vocabulario como las buenas lecturas\u201d.<\/p>\n<p>Ram\u00edrez tach\u00f3 de pretencioso pensar que una novela puede cambiar la realidad, al grado de una revoluci\u00f3n: \u201cLa novela tiene un papel cr\u00edtico de ense\u00f1ar c\u00f3mo es la sociedad\u201d. De la historia del g\u00e9nero, Sergio sugiri\u00f3 que la ficci\u00f3n ocup\u00f3 el rol de las ciencias sociales en otros siglos: \u201cLas novelas eran a su vez tratados\u201d. Al final, M\u00f3nica solicit\u00f3 a los escritores hablar sobre sus personajes femeninos. Vargas Llosa habl\u00f3 de \u201cLa fiesta del chivo\u201d y el contexto social de las mujeres en Rep\u00fablica Dominicana durante la dictadura de Trujillo. Por su parte, Ram\u00edrez habl\u00f3 de \u201cLa fugitiva\u201d, tambi\u00e9n novela sobre la marginaci\u00f3n femenina.\u00a0<\/p>\n<\/div>\n<\/div>\n","protected":false},"excerpt":{"rendered":"<p>Bienal para la noche venezolana<br \/>\nPor Redacci\u00f3n QP<\/p>\n","protected":false},"author":2,"featured_media":27540,"comment_status":"open","ping_status":"open","sticky":false,"template":"","format":"standard","meta":{"_monsterinsights_skip_tracking":false,"_monsterinsights_sitenote_active":false,"_monsterinsights_sitenote_note":"","_monsterinsights_sitenote_category":0,"footnotes":""},"categories":[58],"tags":[],"class_list":["post-27541","post","type-post","status-publish","format-standard","has-post-thumbnail","hentry","category-cultura"],"yoast_head":"<!-- This site is optimized with the Yoast SEO plugin v27.3 - https:\/\/yoast.com\/product\/yoast-seo-wordpress\/ -->\n<title>Bienal para la noche venezolana -<\/title>\n<meta name=\"robots\" content=\"index, follow, max-snippet:-1, max-image-preview:large, max-video-preview:-1\" \/>\n<link rel=\"canonical\" href=\"https:\/\/quehacerpolitico.mx\/?p=27541\" \/>\n<meta property=\"og:locale\" content=\"es_MX\" \/>\n<meta property=\"og:type\" content=\"article\" \/>\n<meta property=\"og:title\" content=\"Bienal para la noche venezolana -\" \/>\n<meta property=\"og:description\" content=\"Bienal para la noche venezolana Por Redacci\u00f3n QP\" \/>\n<meta property=\"og:url\" content=\"https:\/\/quehacerpolitico.mx\/?p=27541\" \/>\n<meta property=\"article:published_time\" content=\"2019-05-31T14:23:27+00:00\" \/>\n<meta name=\"author\" content=\"Redacci\u00f3n QP\" \/>\n<meta name=\"twitter:card\" content=\"summary_large_image\" \/>\n<meta name=\"twitter:label1\" content=\"Escrito por\" \/>\n\t<meta name=\"twitter:data1\" content=\"Redacci\u00f3n QP\" \/>\n\t<meta name=\"twitter:label2\" content=\"Tiempo de lectura\" \/>\n\t<meta name=\"twitter:data2\" content=\"4 minutos\" \/>\n<script type=\"application\/ld+json\" class=\"yoast-schema-graph\">{\"@context\":\"https:\\\/\\\/schema.org\",\"@graph\":[{\"@type\":\"Article\",\"@id\":\"https:\\\/\\\/quehacerpolitico.mx\\\/?p=27541#article\",\"isPartOf\":{\"@id\":\"https:\\\/\\\/quehacerpolitico.mx\\\/?p=27541\"},\"author\":{\"name\":\"Redacci\u00f3n QP\",\"@id\":\"https:\\\/\\\/quehacerpolitico.mx\\\/#\\\/schema\\\/person\\\/496d8ad2d1d3f8036101dca7ee39e585\"},\"headline\":\"Bienal para la noche venezolana\",\"datePublished\":\"2019-05-31T14:23:27+00:00\",\"mainEntityOfPage\":{\"@id\":\"https:\\\/\\\/quehacerpolitico.mx\\\/?p=27541\"},\"wordCount\":721,\"commentCount\":0,\"image\":{\"@id\":\"https:\\\/\\\/quehacerpolitico.mx\\\/?p=27541#primaryimage\"},\"thumbnailUrl\":\"\",\"articleSection\":[\"Cultura y Entretenimiento\"],\"inLanguage\":\"es\",\"potentialAction\":[{\"@type\":\"CommentAction\",\"name\":\"Comment\",\"target\":[\"https:\\\/\\\/quehacerpolitico.mx\\\/?p=27541#respond\"]}]},{\"@type\":\"WebPage\",\"@id\":\"https:\\\/\\\/quehacerpolitico.mx\\\/?p=27541\",\"url\":\"https:\\\/\\\/quehacerpolitico.mx\\\/?p=27541\",\"name\":\"Bienal para la noche venezolana -\",\"isPartOf\":{\"@id\":\"https:\\\/\\\/quehacerpolitico.mx\\\/#website\"},\"primaryImageOfPage\":{\"@id\":\"https:\\\/\\\/quehacerpolitico.mx\\\/?p=27541#primaryimage\"},\"image\":{\"@id\":\"https:\\\/\\\/quehacerpolitico.mx\\\/?p=27541#primaryimage\"},\"thumbnailUrl\":\"\",\"datePublished\":\"2019-05-31T14:23:27+00:00\",\"author\":{\"@id\":\"https:\\\/\\\/quehacerpolitico.mx\\\/#\\\/schema\\\/person\\\/496d8ad2d1d3f8036101dca7ee39e585\"},\"breadcrumb\":{\"@id\":\"https:\\\/\\\/quehacerpolitico.mx\\\/?p=27541#breadcrumb\"},\"inLanguage\":\"es\",\"potentialAction\":[{\"@type\":\"ReadAction\",\"target\":[\"https:\\\/\\\/quehacerpolitico.mx\\\/?p=27541\"]}]},{\"@type\":\"ImageObject\",\"inLanguage\":\"es\",\"@id\":\"https:\\\/\\\/quehacerpolitico.mx\\\/?p=27541#primaryimage\",\"url\":\"\",\"contentUrl\":\"\"},{\"@type\":\"BreadcrumbList\",\"@id\":\"https:\\\/\\\/quehacerpolitico.mx\\\/?p=27541#breadcrumb\",\"itemListElement\":[{\"@type\":\"ListItem\",\"position\":1,\"name\":\"Inicio\",\"item\":\"https:\\\/\\\/quehacerpolitico.mx\\\/\"},{\"@type\":\"ListItem\",\"position\":2,\"name\":\"Bienal para la noche venezolana\"}]},{\"@type\":\"WebSite\",\"@id\":\"https:\\\/\\\/quehacerpolitico.mx\\\/#website\",\"url\":\"https:\\\/\\\/quehacerpolitico.mx\\\/\",\"name\":\"\",\"description\":\"\",\"potentialAction\":[{\"@type\":\"SearchAction\",\"target\":{\"@type\":\"EntryPoint\",\"urlTemplate\":\"https:\\\/\\\/quehacerpolitico.mx\\\/?s={search_term_string}\"},\"query-input\":{\"@type\":\"PropertyValueSpecification\",\"valueRequired\":true,\"valueName\":\"search_term_string\"}}],\"inLanguage\":\"es\"},{\"@type\":\"Person\",\"@id\":\"https:\\\/\\\/quehacerpolitico.mx\\\/#\\\/schema\\\/person\\\/496d8ad2d1d3f8036101dca7ee39e585\",\"name\":\"Redacci\u00f3n QP\",\"image\":{\"@type\":\"ImageObject\",\"inLanguage\":\"es\",\"@id\":\"https:\\\/\\\/secure.gravatar.com\\\/avatar\\\/c7164ed6fdec453195284ad24a5ae5b6e1eed2b848477fa2a4787ba9adf39a41?s=96&d=mm&r=g\",\"url\":\"https:\\\/\\\/secure.gravatar.com\\\/avatar\\\/c7164ed6fdec453195284ad24a5ae5b6e1eed2b848477fa2a4787ba9adf39a41?s=96&d=mm&r=g\",\"contentUrl\":\"https:\\\/\\\/secure.gravatar.com\\\/avatar\\\/c7164ed6fdec453195284ad24a5ae5b6e1eed2b848477fa2a4787ba9adf39a41?s=96&d=mm&r=g\",\"caption\":\"Redacci\u00f3n QP\"},\"url\":\"https:\\\/\\\/quehacerpolitico.mx\\\/?author=2\"}]}<\/script>\n<!-- \/ Yoast SEO plugin. -->","yoast_head_json":{"title":"Bienal para la noche venezolana -","robots":{"index":"index","follow":"follow","max-snippet":"max-snippet:-1","max-image-preview":"max-image-preview:large","max-video-preview":"max-video-preview:-1"},"canonical":"https:\/\/quehacerpolitico.mx\/?p=27541","og_locale":"es_MX","og_type":"article","og_title":"Bienal para la noche venezolana -","og_description":"Bienal para la noche venezolana Por Redacci\u00f3n QP","og_url":"https:\/\/quehacerpolitico.mx\/?p=27541","article_published_time":"2019-05-31T14:23:27+00:00","author":"Redacci\u00f3n QP","twitter_card":"summary_large_image","twitter_misc":{"Escrito por":"Redacci\u00f3n QP","Tiempo de lectura":"4 minutos"},"schema":{"@context":"https:\/\/schema.org","@graph":[{"@type":"Article","@id":"https:\/\/quehacerpolitico.mx\/?p=27541#article","isPartOf":{"@id":"https:\/\/quehacerpolitico.mx\/?p=27541"},"author":{"name":"Redacci\u00f3n QP","@id":"https:\/\/quehacerpolitico.mx\/#\/schema\/person\/496d8ad2d1d3f8036101dca7ee39e585"},"headline":"Bienal para la noche venezolana","datePublished":"2019-05-31T14:23:27+00:00","mainEntityOfPage":{"@id":"https:\/\/quehacerpolitico.mx\/?p=27541"},"wordCount":721,"commentCount":0,"image":{"@id":"https:\/\/quehacerpolitico.mx\/?p=27541#primaryimage"},"thumbnailUrl":"","articleSection":["Cultura y Entretenimiento"],"inLanguage":"es","potentialAction":[{"@type":"CommentAction","name":"Comment","target":["https:\/\/quehacerpolitico.mx\/?p=27541#respond"]}]},{"@type":"WebPage","@id":"https:\/\/quehacerpolitico.mx\/?p=27541","url":"https:\/\/quehacerpolitico.mx\/?p=27541","name":"Bienal para la noche venezolana -","isPartOf":{"@id":"https:\/\/quehacerpolitico.mx\/#website"},"primaryImageOfPage":{"@id":"https:\/\/quehacerpolitico.mx\/?p=27541#primaryimage"},"image":{"@id":"https:\/\/quehacerpolitico.mx\/?p=27541#primaryimage"},"thumbnailUrl":"","datePublished":"2019-05-31T14:23:27+00:00","author":{"@id":"https:\/\/quehacerpolitico.mx\/#\/schema\/person\/496d8ad2d1d3f8036101dca7ee39e585"},"breadcrumb":{"@id":"https:\/\/quehacerpolitico.mx\/?p=27541#breadcrumb"},"inLanguage":"es","potentialAction":[{"@type":"ReadAction","target":["https:\/\/quehacerpolitico.mx\/?p=27541"]}]},{"@type":"ImageObject","inLanguage":"es","@id":"https:\/\/quehacerpolitico.mx\/?p=27541#primaryimage","url":"","contentUrl":""},{"@type":"BreadcrumbList","@id":"https:\/\/quehacerpolitico.mx\/?p=27541#breadcrumb","itemListElement":[{"@type":"ListItem","position":1,"name":"Inicio","item":"https:\/\/quehacerpolitico.mx\/"},{"@type":"ListItem","position":2,"name":"Bienal para la noche venezolana"}]},{"@type":"WebSite","@id":"https:\/\/quehacerpolitico.mx\/#website","url":"https:\/\/quehacerpolitico.mx\/","name":"","description":"","potentialAction":[{"@type":"SearchAction","target":{"@type":"EntryPoint","urlTemplate":"https:\/\/quehacerpolitico.mx\/?s={search_term_string}"},"query-input":{"@type":"PropertyValueSpecification","valueRequired":true,"valueName":"search_term_string"}}],"inLanguage":"es"},{"@type":"Person","@id":"https:\/\/quehacerpolitico.mx\/#\/schema\/person\/496d8ad2d1d3f8036101dca7ee39e585","name":"Redacci\u00f3n QP","image":{"@type":"ImageObject","inLanguage":"es","@id":"https:\/\/secure.gravatar.com\/avatar\/c7164ed6fdec453195284ad24a5ae5b6e1eed2b848477fa2a4787ba9adf39a41?s=96&d=mm&r=g","url":"https:\/\/secure.gravatar.com\/avatar\/c7164ed6fdec453195284ad24a5ae5b6e1eed2b848477fa2a4787ba9adf39a41?s=96&d=mm&r=g","contentUrl":"https:\/\/secure.gravatar.com\/avatar\/c7164ed6fdec453195284ad24a5ae5b6e1eed2b848477fa2a4787ba9adf39a41?s=96&d=mm&r=g","caption":"Redacci\u00f3n QP"},"url":"https:\/\/quehacerpolitico.mx\/?author=2"}]}},"featured_image_urls":{"full":"","thumbnail":"","medium":"","medium_large":"","large":"","1536x1536":"","2048x2048":"","covernews-featured":"","covernews-medium":""},"author_info":{"display_name":"Redacci\u00f3n QP","author_link":"https:\/\/quehacerpolitico.mx\/?author=2"},"category_info":"<a href=\"https:\/\/quehacerpolitico.mx\/?cat=58\" rel=\"category\">Cultura y Entretenimiento<\/a>","tag_info":"Cultura y Entretenimiento","comment_count":"0","_links":{"self":[{"href":"https:\/\/quehacerpolitico.mx\/index.php?rest_route=\/wp\/v2\/posts\/27541","targetHints":{"allow":["GET"]}}],"collection":[{"href":"https:\/\/quehacerpolitico.mx\/index.php?rest_route=\/wp\/v2\/posts"}],"about":[{"href":"https:\/\/quehacerpolitico.mx\/index.php?rest_route=\/wp\/v2\/types\/post"}],"author":[{"embeddable":true,"href":"https:\/\/quehacerpolitico.mx\/index.php?rest_route=\/wp\/v2\/users\/2"}],"replies":[{"embeddable":true,"href":"https:\/\/quehacerpolitico.mx\/index.php?rest_route=%2Fwp%2Fv2%2Fcomments&post=27541"}],"version-history":[{"count":0,"href":"https:\/\/quehacerpolitico.mx\/index.php?rest_route=\/wp\/v2\/posts\/27541\/revisions"}],"wp:featuredmedia":[{"embeddable":true,"href":"https:\/\/quehacerpolitico.mx\/index.php?rest_route=\/"}],"wp:attachment":[{"href":"https:\/\/quehacerpolitico.mx\/index.php?rest_route=%2Fwp%2Fv2%2Fmedia&parent=27541"}],"wp:term":[{"taxonomy":"category","embeddable":true,"href":"https:\/\/quehacerpolitico.mx\/index.php?rest_route=%2Fwp%2Fv2%2Fcategories&post=27541"},{"taxonomy":"post_tag","embeddable":true,"href":"https:\/\/quehacerpolitico.mx\/index.php?rest_route=%2Fwp%2Fv2%2Ftags&post=27541"}],"curies":[{"name":"wp","href":"https:\/\/api.w.org\/{rel}","templated":true}]}}