{"id":2754,"date":"2018-08-19T01:03:08","date_gmt":"2018-08-19T01:03:08","guid":{"rendered":"http:\/\/quehacerpolitico.mx\/camuflaje-y-refugios-bajo-tierra-el-super-laboratorio-del-cartel-de-sinaloa-por-dentro-fotos\/"},"modified":"2018-08-19T01:03:08","modified_gmt":"2018-08-19T01:03:08","slug":"camuflaje-y-refugios-bajo-tierra-el-super-laboratorio-del-cartel-de-sinaloa-por-dentro-fotos","status":"publish","type":"post","link":"https:\/\/quehacerpolitico.mx\/?p=2754","title":{"rendered":"Camuflaje y refugios bajo tierra: el s\u00faper laboratorio del C\u00e1rtel de Sinaloa, por dentro (FOTOS)"},"content":{"rendered":"<h3>Las toneladas de droga sint\u00e9tica incautadas supuestamente eran del C\u00e1rtel del Pac\u00edfico o <strong>C\u00e1rtel de Sinaloa. De acuerdo con la Secretar\u00eda de Marina, el laboratorio clandestino fue descubierto cerca del pueblo de Alcoyonqui, a 30 kil\u00f3metros de la capital de Sinaloa; adem\u00e1s de un escondite en el exterior, hab\u00eda otros dos\u00a0bajo tierra.<\/strong><strong>\u00a0Las bodegas ten\u00edan una longitud de entre 10 y siete metros, con una profundidad de cuatro metros.\u00a0<\/strong><\/h3>\n<p class=\"p1\">Elementos de la <strong>Marina<\/strong> decomisaron <strong>50 toneladas<\/strong> de <strong>cristal<\/strong>en <strong>Culiac\u00e1n<\/strong>,\u00a0Sinaloa, supuestamente del <strong>C\u00e1rtel del Pac\u00edfico<\/strong>, en el\u00a0aseguramiento m\u00e1s grande de esta droga en la historia de M\u00e9xico.<\/p>\n<p>De acuerdo con la Secretar\u00eda de Marina (Semar), la droga sint\u00e9tica fue hallada en un <strong>laboratorio<\/strong> r\u00fastico y en dos escondites <strong>bajo tierra<\/strong>.<\/p>\n<p>El narc\u00f3tico estaba en bidones y costales, precis\u00f3 la Semar.<\/p>\n<p>La localizaci\u00f3n se registr\u00f3 a las 8:00 horas del jueves cerca de la comunidad Alcoyonqui, a 30 kil\u00f3metros de Culiac\u00e1n.<\/p>\n<p>Los escondites fueron localizados gracias a trabajos de inteligencia, cartas satelitales actualizadas del \u00e1rea, t\u00e9cnicas de rastreo y huellas de los veh\u00edculos sobre las brechas.<\/p>\n<p>En el primer sitio se encontr\u00f3 \u201cla cocina\u201d, consistente en un lugar equipado con calentadores, cacerolas, plantas de luz, enfriadores y dep\u00f3sitos con precursores qu\u00edmicos para la elaboraci\u00f3n del cristal.<\/p>\n<div id=\"attachment_3458836\" class=\"wp-caption alignnone\"><img loading=\"lazy\" decoding=\"async\" class=\"wp-image-3458836 size-full\" src=\"http:\/\/www.sinembargo.mx\/wp-content\/uploads\/2018\/08\/droga-cristal-sinaloa-2.jpg\" sizes=\"auto, (max-width: 700px) 100vw, 700px\" srcset=\"http:\/\/www.sinembargo.mx\/wp-content\/uploads\/2018\/08\/droga-cristal-sinaloa-2.jpg 700w, http:\/\/www.sinembargo.mx\/wp-content\/uploads\/2018\/08\/droga-cristal-sinaloa-2-300x200.jpg 300w\" alt=\"\" width=\"700\" height=\"466\" \/><\/p>\n<p class=\"wp-caption-text\">La droga estaba en un \u201cnarcolaboratorio\u201d r\u00fastico y en dos escondites bajo tierra. Foto: Semar, v\u00eda Cuartoscuro.<\/p>\n<\/div>\n<div id=\"attachment_3458838\" class=\"wp-caption alignnone\"><img loading=\"lazy\" decoding=\"async\" class=\"wp-image-3458838 size-full\" src=\"http:\/\/www.sinembargo.mx\/wp-content\/uploads\/2018\/08\/droga-cristal-sinaloa-7.jpg\" sizes=\"auto, (max-width: 700px) 100vw, 700px\" srcset=\"http:\/\/www.sinembargo.mx\/wp-content\/uploads\/2018\/08\/droga-cristal-sinaloa-7.jpg 700w, http:\/\/www.sinembargo.mx\/wp-content\/uploads\/2018\/08\/droga-cristal-sinaloa-7-300x200.jpg 300w\" alt=\"\" width=\"700\" height=\"466\" \/><\/p>\n<p class=\"wp-caption-text\">El laboratorio estaba\u00a0 equipado con calentadores, cacerolas y plantas de luz. Foto: Semar, v\u00eda Cuartoscuro.<\/p>\n<\/div>\n<p>El lugar est\u00e1 protegido con un tejado improvisado, camuflado con hierba y plantas, para que no fuera localizado desde el aire.<\/p>\n<p>Los infantes de la Semar localizaron dos \u201cclavos\u201d, es decir puntos donde se entierran los bidones con el cristal l\u00edquido y costales con la droga en polvo.<\/p>\n<p>Un alto mando de la Marina confirm\u00f3 que la droga decomisada pertenece al C\u00e1rtel del Pac\u00edfico o <strong>C\u00e1rtel de Sinaloa<\/strong>.<\/p>\n<div class=\"ad_center ad-in-content\">\u00a0<\/div>\n<div id=\"attachment_3458841\" class=\"wp-caption alignnone\"><img loading=\"lazy\" decoding=\"async\" class=\"wp-image-3458841 size-full\" src=\"http:\/\/www.sinembargo.mx\/wp-content\/uploads\/2018\/08\/droga-cristal-sinaloa-4.jpg\" sizes=\"auto, (max-width: 700px) 100vw, 700px\" srcset=\"http:\/\/www.sinembargo.mx\/wp-content\/uploads\/2018\/08\/droga-cristal-sinaloa-4.jpg 700w, http:\/\/www.sinembargo.mx\/wp-content\/uploads\/2018\/08\/droga-cristal-sinaloa-4-300x200.jpg 300w\" alt=\"\" width=\"700\" height=\"466\" \/><\/p>\n<p class=\"wp-caption-text\">Tan s\u00f3lo en el lugar de preparaci\u00f3n hab\u00eda siete toneladas de cristal lista para su comercializaci\u00f3n Foto: Semar, v\u00eda Cuartoscuro.<\/p>\n<\/div>\n<div id=\"attachment_3458851\" class=\"wp-caption alignnone\"><img loading=\"lazy\" decoding=\"async\" class=\"wp-image-3458851 size-full\" src=\"http:\/\/www.sinembargo.mx\/wp-content\/uploads\/2018\/08\/droga-cristal-sinaloa-1.jpg\" sizes=\"auto, (max-width: 700px) 100vw, 700px\" srcset=\"http:\/\/www.sinembargo.mx\/wp-content\/uploads\/2018\/08\/droga-cristal-sinaloa-1.jpg 700w, http:\/\/www.sinembargo.mx\/wp-content\/uploads\/2018\/08\/droga-cristal-sinaloa-1-300x200.jpg 300w\" alt=\"\" width=\"700\" height=\"467\" \/><\/p>\n<p class=\"wp-caption-text\">El narc\u00f3tico estaba en bidones y costales, precis\u00f3 la Semar. Foto: Especial, v\u00eda Noroeste.<\/p>\n<\/div>\n<p>Se calcul\u00f3 que tan s\u00f3lo en el lugar de preparaci\u00f3n hab\u00eda siete toneladas de cristal lista para su comercializaci\u00f3n, mientras que en la primera bodega hasta este viernes se hab\u00edan localizado m\u00e1s de 400 bidones y 50 costales con la droga, con aproximadamente 40 toneladas.<\/p>\n<p>En el segundo sitio se encontraron m\u00e1s de 100 bidones y segu\u00eda la extracci\u00f3n de los dep\u00f3sitos, con un c\u00e1lculo, hasta el mediod\u00eda del viernes, de tres toneladas.<\/p>\n<div id=\"attachment_3458845\" class=\"wp-caption alignnone\"><img loading=\"lazy\" decoding=\"async\" class=\"wp-image-3458845 size-full\" src=\"http:\/\/www.sinembargo.mx\/wp-content\/uploads\/2018\/08\/droga-cristal-sinaloa-5.jpg\" sizes=\"auto, (max-width: 700px) 100vw, 700px\" srcset=\"http:\/\/www.sinembargo.mx\/wp-content\/uploads\/2018\/08\/droga-cristal-sinaloa-5.jpg 700w, http:\/\/www.sinembargo.mx\/wp-content\/uploads\/2018\/08\/droga-cristal-sinaloa-5-300x200.jpg 300w\" alt=\"\" width=\"700\" height=\"467\" \/><\/p>\n<p class=\"wp-caption-text\">Un alto mando de la Marina confirm\u00f3 que la droga decomisada pertenece al C\u00e1rtel del Pac\u00edfico o C\u00e1rtel de Sinaloa. Foto: Semar, v\u00eda Cuartoscuro.<\/p>\n<\/div>\n<p class=\"p1\">Con Informaci\u00f3n de Norieste<\/p>\n","protected":false},"excerpt":{"rendered":"<p>Camuflaje y refugios bajo tierra: el s\u00faper laboratorio del C\u00e1rtel de Sinaloa, por dentro (FOTOS)<br \/>\nPor Redacci\u00f3n QP<\/p>\n","protected":false},"author":2,"featured_media":2753,"comment_status":"open","ping_status":"open","sticky":false,"template":"","format":"standard","meta":{"_monsterinsights_skip_tracking":false,"_monsterinsights_sitenote_active":false,"_monsterinsights_sitenote_note":"","_monsterinsights_sitenote_category":0,"footnotes":""},"categories":[2],"tags":[],"class_list":["post-2754","post","type-post","status-publish","format-standard","has-post-thumbnail","hentry","category-noticias"],"yoast_head":"<!-- This site is optimized with the Yoast SEO plugin v27.3 - https:\/\/yoast.com\/product\/yoast-seo-wordpress\/ -->\n<title>Camuflaje y refugios bajo tierra: el s\u00faper laboratorio del C\u00e1rtel de Sinaloa, por dentro (FOTOS) -<\/title>\n<meta name=\"robots\" content=\"index, follow, max-snippet:-1, max-image-preview:large, max-video-preview:-1\" \/>\n<link rel=\"canonical\" href=\"https:\/\/quehacerpolitico.mx\/?p=2754\" \/>\n<meta property=\"og:locale\" content=\"es_MX\" \/>\n<meta property=\"og:type\" content=\"article\" \/>\n<meta property=\"og:title\" content=\"Camuflaje y refugios bajo tierra: el s\u00faper laboratorio del C\u00e1rtel de Sinaloa, por dentro (FOTOS) -\" \/>\n<meta property=\"og:description\" content=\"Camuflaje y refugios bajo tierra: el s\u00faper laboratorio del C\u00e1rtel de Sinaloa, por dentro (FOTOS) Por Redacci\u00f3n QP\" \/>\n<meta property=\"og:url\" content=\"https:\/\/quehacerpolitico.mx\/?p=2754\" \/>\n<meta property=\"article:published_time\" content=\"2018-08-19T01:03:08+00:00\" \/>\n<meta name=\"author\" content=\"Redacci\u00f3n QP\" \/>\n<meta name=\"twitter:card\" content=\"summary_large_image\" \/>\n<meta name=\"twitter:label1\" content=\"Escrito por\" \/>\n\t<meta name=\"twitter:data1\" content=\"Redacci\u00f3n QP\" \/>\n\t<meta name=\"twitter:label2\" content=\"Tiempo de lectura\" \/>\n\t<meta name=\"twitter:data2\" content=\"2 minutos\" \/>\n<script type=\"application\/ld+json\" class=\"yoast-schema-graph\">{\"@context\":\"https:\\\/\\\/schema.org\",\"@graph\":[{\"@type\":\"Article\",\"@id\":\"https:\\\/\\\/quehacerpolitico.mx\\\/?p=2754#article\",\"isPartOf\":{\"@id\":\"https:\\\/\\\/quehacerpolitico.mx\\\/?p=2754\"},\"author\":{\"name\":\"Redacci\u00f3n QP\",\"@id\":\"https:\\\/\\\/quehacerpolitico.mx\\\/#\\\/schema\\\/person\\\/496d8ad2d1d3f8036101dca7ee39e585\"},\"headline\":\"Camuflaje y refugios bajo tierra: el s\u00faper laboratorio del C\u00e1rtel de Sinaloa, por dentro (FOTOS)\",\"datePublished\":\"2018-08-19T01:03:08+00:00\",\"mainEntityOfPage\":{\"@id\":\"https:\\\/\\\/quehacerpolitico.mx\\\/?p=2754\"},\"wordCount\":507,\"commentCount\":0,\"image\":{\"@id\":\"https:\\\/\\\/quehacerpolitico.mx\\\/?p=2754#primaryimage\"},\"thumbnailUrl\":\"\",\"articleSection\":[\"Noticias\"],\"inLanguage\":\"es\",\"potentialAction\":[{\"@type\":\"CommentAction\",\"name\":\"Comment\",\"target\":[\"https:\\\/\\\/quehacerpolitico.mx\\\/?p=2754#respond\"]}]},{\"@type\":\"WebPage\",\"@id\":\"https:\\\/\\\/quehacerpolitico.mx\\\/?p=2754\",\"url\":\"https:\\\/\\\/quehacerpolitico.mx\\\/?p=2754\",\"name\":\"Camuflaje y refugios bajo tierra: el s\u00faper laboratorio del C\u00e1rtel de Sinaloa, por dentro (FOTOS) -\",\"isPartOf\":{\"@id\":\"https:\\\/\\\/quehacerpolitico.mx\\\/#website\"},\"primaryImageOfPage\":{\"@id\":\"https:\\\/\\\/quehacerpolitico.mx\\\/?p=2754#primaryimage\"},\"image\":{\"@id\":\"https:\\\/\\\/quehacerpolitico.mx\\\/?p=2754#primaryimage\"},\"thumbnailUrl\":\"\",\"datePublished\":\"2018-08-19T01:03:08+00:00\",\"author\":{\"@id\":\"https:\\\/\\\/quehacerpolitico.mx\\\/#\\\/schema\\\/person\\\/496d8ad2d1d3f8036101dca7ee39e585\"},\"breadcrumb\":{\"@id\":\"https:\\\/\\\/quehacerpolitico.mx\\\/?p=2754#breadcrumb\"},\"inLanguage\":\"es\",\"potentialAction\":[{\"@type\":\"ReadAction\",\"target\":[\"https:\\\/\\\/quehacerpolitico.mx\\\/?p=2754\"]}]},{\"@type\":\"ImageObject\",\"inLanguage\":\"es\",\"@id\":\"https:\\\/\\\/quehacerpolitico.mx\\\/?p=2754#primaryimage\",\"url\":\"\",\"contentUrl\":\"\"},{\"@type\":\"BreadcrumbList\",\"@id\":\"https:\\\/\\\/quehacerpolitico.mx\\\/?p=2754#breadcrumb\",\"itemListElement\":[{\"@type\":\"ListItem\",\"position\":1,\"name\":\"Inicio\",\"item\":\"https:\\\/\\\/quehacerpolitico.mx\\\/\"},{\"@type\":\"ListItem\",\"position\":2,\"name\":\"Camuflaje y refugios bajo tierra: el s\u00faper laboratorio del C\u00e1rtel de Sinaloa, por dentro (FOTOS)\"}]},{\"@type\":\"WebSite\",\"@id\":\"https:\\\/\\\/quehacerpolitico.mx\\\/#website\",\"url\":\"https:\\\/\\\/quehacerpolitico.mx\\\/\",\"name\":\"\",\"description\":\"\",\"potentialAction\":[{\"@type\":\"SearchAction\",\"target\":{\"@type\":\"EntryPoint\",\"urlTemplate\":\"https:\\\/\\\/quehacerpolitico.mx\\\/?s={search_term_string}\"},\"query-input\":{\"@type\":\"PropertyValueSpecification\",\"valueRequired\":true,\"valueName\":\"search_term_string\"}}],\"inLanguage\":\"es\"},{\"@type\":\"Person\",\"@id\":\"https:\\\/\\\/quehacerpolitico.mx\\\/#\\\/schema\\\/person\\\/496d8ad2d1d3f8036101dca7ee39e585\",\"name\":\"Redacci\u00f3n QP\",\"image\":{\"@type\":\"ImageObject\",\"inLanguage\":\"es\",\"@id\":\"https:\\\/\\\/secure.gravatar.com\\\/avatar\\\/c7164ed6fdec453195284ad24a5ae5b6e1eed2b848477fa2a4787ba9adf39a41?s=96&d=mm&r=g\",\"url\":\"https:\\\/\\\/secure.gravatar.com\\\/avatar\\\/c7164ed6fdec453195284ad24a5ae5b6e1eed2b848477fa2a4787ba9adf39a41?s=96&d=mm&r=g\",\"contentUrl\":\"https:\\\/\\\/secure.gravatar.com\\\/avatar\\\/c7164ed6fdec453195284ad24a5ae5b6e1eed2b848477fa2a4787ba9adf39a41?s=96&d=mm&r=g\",\"caption\":\"Redacci\u00f3n QP\"},\"url\":\"https:\\\/\\\/quehacerpolitico.mx\\\/?author=2\"}]}<\/script>\n<!-- \/ Yoast SEO plugin. -->","yoast_head_json":{"title":"Camuflaje y refugios bajo tierra: el s\u00faper laboratorio del C\u00e1rtel de Sinaloa, por dentro (FOTOS) -","robots":{"index":"index","follow":"follow","max-snippet":"max-snippet:-1","max-image-preview":"max-image-preview:large","max-video-preview":"max-video-preview:-1"},"canonical":"https:\/\/quehacerpolitico.mx\/?p=2754","og_locale":"es_MX","og_type":"article","og_title":"Camuflaje y refugios bajo tierra: el s\u00faper laboratorio del C\u00e1rtel de Sinaloa, por dentro (FOTOS) -","og_description":"Camuflaje y refugios bajo tierra: el s\u00faper laboratorio del C\u00e1rtel de Sinaloa, por dentro (FOTOS) Por Redacci\u00f3n QP","og_url":"https:\/\/quehacerpolitico.mx\/?p=2754","article_published_time":"2018-08-19T01:03:08+00:00","author":"Redacci\u00f3n QP","twitter_card":"summary_large_image","twitter_misc":{"Escrito por":"Redacci\u00f3n QP","Tiempo de lectura":"2 minutos"},"schema":{"@context":"https:\/\/schema.org","@graph":[{"@type":"Article","@id":"https:\/\/quehacerpolitico.mx\/?p=2754#article","isPartOf":{"@id":"https:\/\/quehacerpolitico.mx\/?p=2754"},"author":{"name":"Redacci\u00f3n QP","@id":"https:\/\/quehacerpolitico.mx\/#\/schema\/person\/496d8ad2d1d3f8036101dca7ee39e585"},"headline":"Camuflaje y refugios bajo tierra: el s\u00faper laboratorio del C\u00e1rtel de Sinaloa, por dentro (FOTOS)","datePublished":"2018-08-19T01:03:08+00:00","mainEntityOfPage":{"@id":"https:\/\/quehacerpolitico.mx\/?p=2754"},"wordCount":507,"commentCount":0,"image":{"@id":"https:\/\/quehacerpolitico.mx\/?p=2754#primaryimage"},"thumbnailUrl":"","articleSection":["Noticias"],"inLanguage":"es","potentialAction":[{"@type":"CommentAction","name":"Comment","target":["https:\/\/quehacerpolitico.mx\/?p=2754#respond"]}]},{"@type":"WebPage","@id":"https:\/\/quehacerpolitico.mx\/?p=2754","url":"https:\/\/quehacerpolitico.mx\/?p=2754","name":"Camuflaje y refugios bajo tierra: el s\u00faper laboratorio del C\u00e1rtel de Sinaloa, por dentro (FOTOS) -","isPartOf":{"@id":"https:\/\/quehacerpolitico.mx\/#website"},"primaryImageOfPage":{"@id":"https:\/\/quehacerpolitico.mx\/?p=2754#primaryimage"},"image":{"@id":"https:\/\/quehacerpolitico.mx\/?p=2754#primaryimage"},"thumbnailUrl":"","datePublished":"2018-08-19T01:03:08+00:00","author":{"@id":"https:\/\/quehacerpolitico.mx\/#\/schema\/person\/496d8ad2d1d3f8036101dca7ee39e585"},"breadcrumb":{"@id":"https:\/\/quehacerpolitico.mx\/?p=2754#breadcrumb"},"inLanguage":"es","potentialAction":[{"@type":"ReadAction","target":["https:\/\/quehacerpolitico.mx\/?p=2754"]}]},{"@type":"ImageObject","inLanguage":"es","@id":"https:\/\/quehacerpolitico.mx\/?p=2754#primaryimage","url":"","contentUrl":""},{"@type":"BreadcrumbList","@id":"https:\/\/quehacerpolitico.mx\/?p=2754#breadcrumb","itemListElement":[{"@type":"ListItem","position":1,"name":"Inicio","item":"https:\/\/quehacerpolitico.mx\/"},{"@type":"ListItem","position":2,"name":"Camuflaje y refugios bajo tierra: el s\u00faper laboratorio del C\u00e1rtel de Sinaloa, por dentro (FOTOS)"}]},{"@type":"WebSite","@id":"https:\/\/quehacerpolitico.mx\/#website","url":"https:\/\/quehacerpolitico.mx\/","name":"","description":"","potentialAction":[{"@type":"SearchAction","target":{"@type":"EntryPoint","urlTemplate":"https:\/\/quehacerpolitico.mx\/?s={search_term_string}"},"query-input":{"@type":"PropertyValueSpecification","valueRequired":true,"valueName":"search_term_string"}}],"inLanguage":"es"},{"@type":"Person","@id":"https:\/\/quehacerpolitico.mx\/#\/schema\/person\/496d8ad2d1d3f8036101dca7ee39e585","name":"Redacci\u00f3n QP","image":{"@type":"ImageObject","inLanguage":"es","@id":"https:\/\/secure.gravatar.com\/avatar\/c7164ed6fdec453195284ad24a5ae5b6e1eed2b848477fa2a4787ba9adf39a41?s=96&d=mm&r=g","url":"https:\/\/secure.gravatar.com\/avatar\/c7164ed6fdec453195284ad24a5ae5b6e1eed2b848477fa2a4787ba9adf39a41?s=96&d=mm&r=g","contentUrl":"https:\/\/secure.gravatar.com\/avatar\/c7164ed6fdec453195284ad24a5ae5b6e1eed2b848477fa2a4787ba9adf39a41?s=96&d=mm&r=g","caption":"Redacci\u00f3n QP"},"url":"https:\/\/quehacerpolitico.mx\/?author=2"}]}},"featured_image_urls":{"full":"","thumbnail":"","medium":"","medium_large":"","large":"","1536x1536":"","2048x2048":"","covernews-featured":"","covernews-medium":""},"author_info":{"display_name":"Redacci\u00f3n QP","author_link":"https:\/\/quehacerpolitico.mx\/?author=2"},"category_info":"<a href=\"https:\/\/quehacerpolitico.mx\/?cat=2\" rel=\"category\">Noticias<\/a>","tag_info":"Noticias","comment_count":"0","_links":{"self":[{"href":"https:\/\/quehacerpolitico.mx\/index.php?rest_route=\/wp\/v2\/posts\/2754","targetHints":{"allow":["GET"]}}],"collection":[{"href":"https:\/\/quehacerpolitico.mx\/index.php?rest_route=\/wp\/v2\/posts"}],"about":[{"href":"https:\/\/quehacerpolitico.mx\/index.php?rest_route=\/wp\/v2\/types\/post"}],"author":[{"embeddable":true,"href":"https:\/\/quehacerpolitico.mx\/index.php?rest_route=\/wp\/v2\/users\/2"}],"replies":[{"embeddable":true,"href":"https:\/\/quehacerpolitico.mx\/index.php?rest_route=%2Fwp%2Fv2%2Fcomments&post=2754"}],"version-history":[{"count":0,"href":"https:\/\/quehacerpolitico.mx\/index.php?rest_route=\/wp\/v2\/posts\/2754\/revisions"}],"wp:featuredmedia":[{"embeddable":true,"href":"https:\/\/quehacerpolitico.mx\/index.php?rest_route=\/"}],"wp:attachment":[{"href":"https:\/\/quehacerpolitico.mx\/index.php?rest_route=%2Fwp%2Fv2%2Fmedia&parent=2754"}],"wp:term":[{"taxonomy":"category","embeddable":true,"href":"https:\/\/quehacerpolitico.mx\/index.php?rest_route=%2Fwp%2Fv2%2Fcategories&post=2754"},{"taxonomy":"post_tag","embeddable":true,"href":"https:\/\/quehacerpolitico.mx\/index.php?rest_route=%2Fwp%2Fv2%2Ftags&post=2754"}],"curies":[{"name":"wp","href":"https:\/\/api.w.org\/{rel}","templated":true}]}}