{"id":27531,"date":"2019-05-31T13:53:10","date_gmt":"2019-05-31T13:53:10","guid":{"rendered":"http:\/\/quehacerpolitico.mx\/sindicato-del-metro-cdmx-dice-no-a-la-oferta-de-vagoneros\/"},"modified":"2019-05-31T13:53:10","modified_gmt":"2019-05-31T13:53:10","slug":"sindicato-del-metro-cdmx-dice-no-a-la-oferta-de-vagoneros","status":"publish","type":"post","link":"https:\/\/quehacerpolitico.mx\/?p=27531","title":{"rendered":"Sindicato del Metro CDMX dice No a la oferta de vagoneros"},"content":{"rendered":"<p>Sindicato del Metro CDMX dice No a la oferta de vagoneros<\/p>\n<p>Por Redacci\u00f3n QP<\/p>\n<p>El secretario general del <strong>Sindicato de Trabajadores del Sistema de Transporte Colectivo<\/strong> (<strong>STC<\/strong>), <strong>Fernando Espino Ar\u00e9valo<\/strong> se pronunci\u00f3 en favor del retiro de vendedores ambulantes (algunos de ellos vinculados con delitos) y locales comerciales al interior del Metro, un d\u00eda despu\u00e9s de que la <strong>Alianza de Vagoneros Tequio<\/strong> ofreci\u00f3 limpiar estaciones y convoyes a cambio de que las autoridades los dejen trabajar.<\/p>\n<p>Entrevistado luego de su participaci\u00f3n en el <strong>VI Encuentro de la Coordinadora de Metros de Am\u00e9rica Metroamerica<\/strong>, agreg\u00f3 que \u201ces obligaci\u00f3n de la autoridad, tanto del STC como del Gobierno de la<strong>Ciudad de M\u00e9xico<\/strong>, de decirle a estas personas que el Metro es un \u00e1rea restringida de alta seguridad, por la importancia del servicio que presta. El Metro se hizo para transportar personas, no para vender ni cometer il\u00edcitos\u201d, resalt\u00f3.<\/p>\n<p>\u201cLos trabajadores del STC ya estamos en pugna para que sean retirados todos los locales instalados en varias estaciones, toda vez que estorban y no permiten la libre circulaci\u00f3n de los usuarios\u201d.<\/p>\n<p>Asegur\u00f3 que la inseguridad ha provocado que la gente se suba con miedo al Metro, el cual es utilizado por la necesidad de transportarse hacia cualquier lugar de la capital del pa\u00eds.<\/p>\n<p>El l\u00edder sindical tambi\u00e9n reconoci\u00f3 que la mayor\u00eda de las l\u00edneas que integran dicho medio de traslado tiene una infraestructura deficiente y deteriorada, por lo que es necesario que se realicen trabajos de rehabilitaci\u00f3n.<\/p>\n<p>Se\u00f1al\u00f3 que la L\u00ednea 1, que corre de <strong>Pantitl\u00e1n<\/strong> a <strong>Observatorio<\/strong>, es la que muestra m\u00e1s signos de desgaste en sus instalaciones, por lo que debe ser sometida a una rehabilitaci\u00f3n completa.<\/p>\n<p>Para ello se necesitar\u00edan miles de millones de pesos, invertidos solamente en esa l\u00ednea, \u201cporque hay que cambiar pistas, rieles, barras gu\u00edas, transformadores, cableado, toda la parte electr\u00f3nica; porque la mayor\u00eda de estos elementos tienen alrededor de 50 a\u00f1os y la finalidad de esto es darles otros 30 o 35 a\u00f1os de vida\u201d.<\/p>\n<p>Descart\u00f3 que los m\u00e1s de 5.5 millones de personas que a diario utilizan el STC corran alg\u00fan riesgo durante su traslado a cualquier destino, \u201ctoda vez que estamos muy al pendiente de cada una de las acciones que se llevan a cabo en las instalaciones\u201d.<\/p>\n","protected":false},"excerpt":{"rendered":"<p>Sindicato del Metro CDMX dice No a la oferta de vagoneros<br \/>\nPor Redacci\u00f3n QP<\/p>\n","protected":false},"author":2,"featured_media":27530,"comment_status":"open","ping_status":"open","sticky":false,"template":"","format":"standard","meta":{"_monsterinsights_skip_tracking":false,"_monsterinsights_sitenote_active":false,"_monsterinsights_sitenote_note":"","_monsterinsights_sitenote_category":0,"footnotes":""},"categories":[55],"tags":[],"class_list":["post-27531","post","type-post","status-publish","format-standard","has-post-thumbnail","hentry","category-cdmx"],"yoast_head":"<!-- This site is optimized with the Yoast SEO plugin v27.3 - https:\/\/yoast.com\/product\/yoast-seo-wordpress\/ -->\n<title>Sindicato del Metro CDMX dice No a la oferta de vagoneros -<\/title>\n<meta name=\"robots\" content=\"index, follow, max-snippet:-1, max-image-preview:large, max-video-preview:-1\" \/>\n<link rel=\"canonical\" href=\"https:\/\/quehacerpolitico.mx\/?p=27531\" \/>\n<meta property=\"og:locale\" content=\"es_MX\" \/>\n<meta property=\"og:type\" content=\"article\" \/>\n<meta property=\"og:title\" content=\"Sindicato del Metro CDMX dice No a la oferta de vagoneros -\" \/>\n<meta property=\"og:description\" content=\"Sindicato del Metro CDMX dice No a la oferta de vagoneros Por Redacci\u00f3n QP\" \/>\n<meta property=\"og:url\" content=\"https:\/\/quehacerpolitico.mx\/?p=27531\" \/>\n<meta property=\"article:published_time\" content=\"2019-05-31T13:53:10+00:00\" \/>\n<meta name=\"author\" content=\"Redacci\u00f3n QP\" \/>\n<meta name=\"twitter:card\" content=\"summary_large_image\" \/>\n<meta name=\"twitter:label1\" content=\"Escrito por\" \/>\n\t<meta name=\"twitter:data1\" content=\"Redacci\u00f3n QP\" \/>\n\t<meta name=\"twitter:label2\" content=\"Tiempo de lectura\" \/>\n\t<meta name=\"twitter:data2\" content=\"2 minutos\" \/>\n<script type=\"application\/ld+json\" class=\"yoast-schema-graph\">{\"@context\":\"https:\\\/\\\/schema.org\",\"@graph\":[{\"@type\":\"Article\",\"@id\":\"https:\\\/\\\/quehacerpolitico.mx\\\/?p=27531#article\",\"isPartOf\":{\"@id\":\"https:\\\/\\\/quehacerpolitico.mx\\\/?p=27531\"},\"author\":{\"name\":\"Redacci\u00f3n QP\",\"@id\":\"https:\\\/\\\/quehacerpolitico.mx\\\/#\\\/schema\\\/person\\\/496d8ad2d1d3f8036101dca7ee39e585\"},\"headline\":\"Sindicato del Metro CDMX dice No a la oferta de vagoneros\",\"datePublished\":\"2019-05-31T13:53:10+00:00\",\"mainEntityOfPage\":{\"@id\":\"https:\\\/\\\/quehacerpolitico.mx\\\/?p=27531\"},\"wordCount\":410,\"commentCount\":0,\"image\":{\"@id\":\"https:\\\/\\\/quehacerpolitico.mx\\\/?p=27531#primaryimage\"},\"thumbnailUrl\":\"\",\"articleSection\":[\"CDMX\"],\"inLanguage\":\"es\",\"potentialAction\":[{\"@type\":\"CommentAction\",\"name\":\"Comment\",\"target\":[\"https:\\\/\\\/quehacerpolitico.mx\\\/?p=27531#respond\"]}]},{\"@type\":\"WebPage\",\"@id\":\"https:\\\/\\\/quehacerpolitico.mx\\\/?p=27531\",\"url\":\"https:\\\/\\\/quehacerpolitico.mx\\\/?p=27531\",\"name\":\"Sindicato del Metro CDMX dice No a la oferta de vagoneros -\",\"isPartOf\":{\"@id\":\"https:\\\/\\\/quehacerpolitico.mx\\\/#website\"},\"primaryImageOfPage\":{\"@id\":\"https:\\\/\\\/quehacerpolitico.mx\\\/?p=27531#primaryimage\"},\"image\":{\"@id\":\"https:\\\/\\\/quehacerpolitico.mx\\\/?p=27531#primaryimage\"},\"thumbnailUrl\":\"\",\"datePublished\":\"2019-05-31T13:53:10+00:00\",\"author\":{\"@id\":\"https:\\\/\\\/quehacerpolitico.mx\\\/#\\\/schema\\\/person\\\/496d8ad2d1d3f8036101dca7ee39e585\"},\"breadcrumb\":{\"@id\":\"https:\\\/\\\/quehacerpolitico.mx\\\/?p=27531#breadcrumb\"},\"inLanguage\":\"es\",\"potentialAction\":[{\"@type\":\"ReadAction\",\"target\":[\"https:\\\/\\\/quehacerpolitico.mx\\\/?p=27531\"]}]},{\"@type\":\"ImageObject\",\"inLanguage\":\"es\",\"@id\":\"https:\\\/\\\/quehacerpolitico.mx\\\/?p=27531#primaryimage\",\"url\":\"\",\"contentUrl\":\"\"},{\"@type\":\"BreadcrumbList\",\"@id\":\"https:\\\/\\\/quehacerpolitico.mx\\\/?p=27531#breadcrumb\",\"itemListElement\":[{\"@type\":\"ListItem\",\"position\":1,\"name\":\"Inicio\",\"item\":\"https:\\\/\\\/quehacerpolitico.mx\\\/\"},{\"@type\":\"ListItem\",\"position\":2,\"name\":\"Sindicato del Metro CDMX dice No a la oferta de vagoneros\"}]},{\"@type\":\"WebSite\",\"@id\":\"https:\\\/\\\/quehacerpolitico.mx\\\/#website\",\"url\":\"https:\\\/\\\/quehacerpolitico.mx\\\/\",\"name\":\"\",\"description\":\"\",\"potentialAction\":[{\"@type\":\"SearchAction\",\"target\":{\"@type\":\"EntryPoint\",\"urlTemplate\":\"https:\\\/\\\/quehacerpolitico.mx\\\/?s={search_term_string}\"},\"query-input\":{\"@type\":\"PropertyValueSpecification\",\"valueRequired\":true,\"valueName\":\"search_term_string\"}}],\"inLanguage\":\"es\"},{\"@type\":\"Person\",\"@id\":\"https:\\\/\\\/quehacerpolitico.mx\\\/#\\\/schema\\\/person\\\/496d8ad2d1d3f8036101dca7ee39e585\",\"name\":\"Redacci\u00f3n QP\",\"image\":{\"@type\":\"ImageObject\",\"inLanguage\":\"es\",\"@id\":\"https:\\\/\\\/secure.gravatar.com\\\/avatar\\\/c7164ed6fdec453195284ad24a5ae5b6e1eed2b848477fa2a4787ba9adf39a41?s=96&d=mm&r=g\",\"url\":\"https:\\\/\\\/secure.gravatar.com\\\/avatar\\\/c7164ed6fdec453195284ad24a5ae5b6e1eed2b848477fa2a4787ba9adf39a41?s=96&d=mm&r=g\",\"contentUrl\":\"https:\\\/\\\/secure.gravatar.com\\\/avatar\\\/c7164ed6fdec453195284ad24a5ae5b6e1eed2b848477fa2a4787ba9adf39a41?s=96&d=mm&r=g\",\"caption\":\"Redacci\u00f3n QP\"},\"url\":\"https:\\\/\\\/quehacerpolitico.mx\\\/?author=2\"}]}<\/script>\n<!-- \/ Yoast SEO plugin. -->","yoast_head_json":{"title":"Sindicato del Metro CDMX dice No a la oferta de vagoneros -","robots":{"index":"index","follow":"follow","max-snippet":"max-snippet:-1","max-image-preview":"max-image-preview:large","max-video-preview":"max-video-preview:-1"},"canonical":"https:\/\/quehacerpolitico.mx\/?p=27531","og_locale":"es_MX","og_type":"article","og_title":"Sindicato del Metro CDMX dice No a la oferta de vagoneros -","og_description":"Sindicato del Metro CDMX dice No a la oferta de vagoneros Por Redacci\u00f3n QP","og_url":"https:\/\/quehacerpolitico.mx\/?p=27531","article_published_time":"2019-05-31T13:53:10+00:00","author":"Redacci\u00f3n QP","twitter_card":"summary_large_image","twitter_misc":{"Escrito por":"Redacci\u00f3n QP","Tiempo de lectura":"2 minutos"},"schema":{"@context":"https:\/\/schema.org","@graph":[{"@type":"Article","@id":"https:\/\/quehacerpolitico.mx\/?p=27531#article","isPartOf":{"@id":"https:\/\/quehacerpolitico.mx\/?p=27531"},"author":{"name":"Redacci\u00f3n QP","@id":"https:\/\/quehacerpolitico.mx\/#\/schema\/person\/496d8ad2d1d3f8036101dca7ee39e585"},"headline":"Sindicato del Metro CDMX dice No a la oferta de vagoneros","datePublished":"2019-05-31T13:53:10+00:00","mainEntityOfPage":{"@id":"https:\/\/quehacerpolitico.mx\/?p=27531"},"wordCount":410,"commentCount":0,"image":{"@id":"https:\/\/quehacerpolitico.mx\/?p=27531#primaryimage"},"thumbnailUrl":"","articleSection":["CDMX"],"inLanguage":"es","potentialAction":[{"@type":"CommentAction","name":"Comment","target":["https:\/\/quehacerpolitico.mx\/?p=27531#respond"]}]},{"@type":"WebPage","@id":"https:\/\/quehacerpolitico.mx\/?p=27531","url":"https:\/\/quehacerpolitico.mx\/?p=27531","name":"Sindicato del Metro CDMX dice No a la oferta de vagoneros -","isPartOf":{"@id":"https:\/\/quehacerpolitico.mx\/#website"},"primaryImageOfPage":{"@id":"https:\/\/quehacerpolitico.mx\/?p=27531#primaryimage"},"image":{"@id":"https:\/\/quehacerpolitico.mx\/?p=27531#primaryimage"},"thumbnailUrl":"","datePublished":"2019-05-31T13:53:10+00:00","author":{"@id":"https:\/\/quehacerpolitico.mx\/#\/schema\/person\/496d8ad2d1d3f8036101dca7ee39e585"},"breadcrumb":{"@id":"https:\/\/quehacerpolitico.mx\/?p=27531#breadcrumb"},"inLanguage":"es","potentialAction":[{"@type":"ReadAction","target":["https:\/\/quehacerpolitico.mx\/?p=27531"]}]},{"@type":"ImageObject","inLanguage":"es","@id":"https:\/\/quehacerpolitico.mx\/?p=27531#primaryimage","url":"","contentUrl":""},{"@type":"BreadcrumbList","@id":"https:\/\/quehacerpolitico.mx\/?p=27531#breadcrumb","itemListElement":[{"@type":"ListItem","position":1,"name":"Inicio","item":"https:\/\/quehacerpolitico.mx\/"},{"@type":"ListItem","position":2,"name":"Sindicato del Metro CDMX dice No a la oferta de vagoneros"}]},{"@type":"WebSite","@id":"https:\/\/quehacerpolitico.mx\/#website","url":"https:\/\/quehacerpolitico.mx\/","name":"","description":"","potentialAction":[{"@type":"SearchAction","target":{"@type":"EntryPoint","urlTemplate":"https:\/\/quehacerpolitico.mx\/?s={search_term_string}"},"query-input":{"@type":"PropertyValueSpecification","valueRequired":true,"valueName":"search_term_string"}}],"inLanguage":"es"},{"@type":"Person","@id":"https:\/\/quehacerpolitico.mx\/#\/schema\/person\/496d8ad2d1d3f8036101dca7ee39e585","name":"Redacci\u00f3n QP","image":{"@type":"ImageObject","inLanguage":"es","@id":"https:\/\/secure.gravatar.com\/avatar\/c7164ed6fdec453195284ad24a5ae5b6e1eed2b848477fa2a4787ba9adf39a41?s=96&d=mm&r=g","url":"https:\/\/secure.gravatar.com\/avatar\/c7164ed6fdec453195284ad24a5ae5b6e1eed2b848477fa2a4787ba9adf39a41?s=96&d=mm&r=g","contentUrl":"https:\/\/secure.gravatar.com\/avatar\/c7164ed6fdec453195284ad24a5ae5b6e1eed2b848477fa2a4787ba9adf39a41?s=96&d=mm&r=g","caption":"Redacci\u00f3n QP"},"url":"https:\/\/quehacerpolitico.mx\/?author=2"}]}},"featured_image_urls":{"full":"","thumbnail":"","medium":"","medium_large":"","large":"","1536x1536":"","2048x2048":"","covernews-featured":"","covernews-medium":""},"author_info":{"display_name":"Redacci\u00f3n QP","author_link":"https:\/\/quehacerpolitico.mx\/?author=2"},"category_info":"<a href=\"https:\/\/quehacerpolitico.mx\/?cat=55\" rel=\"category\">CDMX<\/a>","tag_info":"CDMX","comment_count":"0","_links":{"self":[{"href":"https:\/\/quehacerpolitico.mx\/index.php?rest_route=\/wp\/v2\/posts\/27531","targetHints":{"allow":["GET"]}}],"collection":[{"href":"https:\/\/quehacerpolitico.mx\/index.php?rest_route=\/wp\/v2\/posts"}],"about":[{"href":"https:\/\/quehacerpolitico.mx\/index.php?rest_route=\/wp\/v2\/types\/post"}],"author":[{"embeddable":true,"href":"https:\/\/quehacerpolitico.mx\/index.php?rest_route=\/wp\/v2\/users\/2"}],"replies":[{"embeddable":true,"href":"https:\/\/quehacerpolitico.mx\/index.php?rest_route=%2Fwp%2Fv2%2Fcomments&post=27531"}],"version-history":[{"count":0,"href":"https:\/\/quehacerpolitico.mx\/index.php?rest_route=\/wp\/v2\/posts\/27531\/revisions"}],"wp:featuredmedia":[{"embeddable":true,"href":"https:\/\/quehacerpolitico.mx\/index.php?rest_route=\/"}],"wp:attachment":[{"href":"https:\/\/quehacerpolitico.mx\/index.php?rest_route=%2Fwp%2Fv2%2Fmedia&parent=27531"}],"wp:term":[{"taxonomy":"category","embeddable":true,"href":"https:\/\/quehacerpolitico.mx\/index.php?rest_route=%2Fwp%2Fv2%2Fcategories&post=27531"},{"taxonomy":"post_tag","embeddable":true,"href":"https:\/\/quehacerpolitico.mx\/index.php?rest_route=%2Fwp%2Fv2%2Ftags&post=27531"}],"curies":[{"name":"wp","href":"https:\/\/api.w.org\/{rel}","templated":true}]}}