{"id":27522,"date":"2019-05-31T13:21:16","date_gmt":"2019-05-31T13:21:16","guid":{"rendered":"http:\/\/quehacerpolitico.mx\/10-de-junio-es-el-mejor-dia-para-observar-a-jupiter-desde-la-tierra\/"},"modified":"2019-05-31T13:21:16","modified_gmt":"2019-05-31T13:21:16","slug":"10-de-junio-es-el-mejor-dia-para-observar-a-jupiter-desde-la-tierra","status":"publish","type":"post","link":"https:\/\/quehacerpolitico.mx\/?p=27522","title":{"rendered":"10 de junio es el mejor d\u00eda para observar a J\u00fapiter desde la Tierra"},"content":{"rendered":"<p>10 de junio es el mejor d\u00eda para observar a J\u00fapiter desde la Tierra<\/p>\n<p>Por Redacci\u00f3n QP<\/p>\n<p>El pr\u00f3ximo 10 de junio ser\u00e1 el d\u00eda m\u00e1s adecuado para observar a J\u00fapiter en la b\u00f3veda celeste, pues ese d\u00eda es cuando mayor luminosidad tendr\u00e1 y los aficionados a la astronom\u00eda o cualquier interesado podr\u00e1n observarlo con un telescopio simple.<\/p>\n<p>El astr\u00f3nomo yucateco, Eddie Salazar Gamboa, indic\u00f3 en entrevista con Notimex que a eso hay que sumarle que ese d\u00eda tambi\u00e9n podr\u00e1n observarse tres de las 79 lunas que tiene este planeta gigante espec\u00edficamente, Io, Calixto, Europa y Gam\u00ednedes, por lo que es una oportunidad que debe aprovecharse.<\/p>\n<p>Record\u00f3 que los mejores sitios para observar este tipo de fen\u00f3menos son los lugares lejanos a las zonas urbanas que tienen una gran contaminaci\u00f3n lum\u00ednica, como pueden ser las playas o las zonas donde no hay demasiado alumbrado p\u00fablico.<\/p>\n<p>Insisti\u00f3 en que con un peque\u00f1o telescopio los aficionados podr\u00e1n observar a ese planeta que empezar\u00e1 a posicionarse en su punto m\u00e1s cercano a la tierra el pr\u00f3ximo d\u00eda 7 pero que tendr\u00e1 su punto m\u00e1s luminoso el d\u00eda 10.<\/p>\n<p>\u201cAunque en d\u00edas previos ya podr\u00e1 observarse, ser\u00e1 el d\u00eda 10 cuando J\u00fapiter tenga su mayor brillantez, con una magnitud estelar de -2.6, por lo que ser\u00e1 el cuarto astro m\u00e1s visible en la b\u00f3veda celeste. Ese ser\u00e1 sin duda el d\u00eda m\u00e1s adecuado para la observaci\u00f3n desde la tierra\u201d, precis\u00f3.<\/p>\n<p>Al d\u00eda siguiente, el 11 de junio ser\u00e1 su perigeo o m\u00e1ximo acercamiento de ese planeta a la Tierra, que ser\u00e1 a 4.284252 Unidades Astron\u00f3micas (UA), es decir, a 640.9 millones de kil\u00f3metros. Una UA es la distancia media del Sol a la Tierra, que es de 150 millones de kil\u00f3metros, aproximadamente.<\/p>\n<p>El fen\u00f3meno natural protagonizado por J\u00fapiter y la tierra podr\u00e1 observarse en todo el territorio mexicano y quien no lo pueda observar deber\u00e1 esperar hasta el 14 de julio de 2020 para poder hacerlo.<\/p>\n<p>Salazar Gamboa expuso que el otro acontecimiento astron\u00f3mico importante en este mes de junio es el solsticio de verano que tiene lugar cuando la Tierra alcanza el punto de su \u00f3rbita en el que, debido a la inclinaci\u00f3n del eje del planeta, el Polo Norte se encuentra m\u00e1s cerca del Sol.<\/p>\n<p>Con Informaci\u00f3n de NTX\u00a0<\/p>\n","protected":false},"excerpt":{"rendered":"<p>10 de junio es el mejor d\u00eda para observar a J\u00fapiter desde la Tierra<br \/>\nPor Redacci\u00f3n QP<\/p>\n","protected":false},"author":2,"featured_media":27521,"comment_status":"open","ping_status":"open","sticky":false,"template":"","format":"standard","meta":{"_monsterinsights_skip_tracking":false,"_monsterinsights_sitenote_active":false,"_monsterinsights_sitenote_note":"","_monsterinsights_sitenote_category":0,"footnotes":""},"categories":[2],"tags":[],"class_list":["post-27522","post","type-post","status-publish","format-standard","has-post-thumbnail","hentry","category-noticias"],"yoast_head":"<!-- This site is optimized with the Yoast SEO plugin v27.3 - https:\/\/yoast.com\/product\/yoast-seo-wordpress\/ -->\n<title>10 de junio es el mejor d\u00eda para observar a J\u00fapiter desde la Tierra -<\/title>\n<meta name=\"robots\" content=\"index, follow, max-snippet:-1, max-image-preview:large, max-video-preview:-1\" \/>\n<link rel=\"canonical\" href=\"https:\/\/quehacerpolitico.mx\/?p=27522\" \/>\n<meta property=\"og:locale\" content=\"es_MX\" \/>\n<meta property=\"og:type\" content=\"article\" \/>\n<meta property=\"og:title\" content=\"10 de junio es el mejor d\u00eda para observar a J\u00fapiter desde la Tierra -\" \/>\n<meta property=\"og:description\" content=\"10 de junio es el mejor d\u00eda para observar a J\u00fapiter desde la Tierra Por Redacci\u00f3n QP\" \/>\n<meta property=\"og:url\" content=\"https:\/\/quehacerpolitico.mx\/?p=27522\" \/>\n<meta property=\"article:published_time\" content=\"2019-05-31T13:21:16+00:00\" \/>\n<meta name=\"author\" content=\"Redacci\u00f3n QP\" \/>\n<meta name=\"twitter:card\" content=\"summary_large_image\" \/>\n<meta name=\"twitter:label1\" content=\"Escrito por\" \/>\n\t<meta name=\"twitter:data1\" content=\"Redacci\u00f3n QP\" \/>\n\t<meta name=\"twitter:label2\" content=\"Tiempo de lectura\" \/>\n\t<meta name=\"twitter:data2\" content=\"2 minutos\" \/>\n<script type=\"application\/ld+json\" class=\"yoast-schema-graph\">{\"@context\":\"https:\\\/\\\/schema.org\",\"@graph\":[{\"@type\":\"Article\",\"@id\":\"https:\\\/\\\/quehacerpolitico.mx\\\/?p=27522#article\",\"isPartOf\":{\"@id\":\"https:\\\/\\\/quehacerpolitico.mx\\\/?p=27522\"},\"author\":{\"name\":\"Redacci\u00f3n QP\",\"@id\":\"https:\\\/\\\/quehacerpolitico.mx\\\/#\\\/schema\\\/person\\\/496d8ad2d1d3f8036101dca7ee39e585\"},\"headline\":\"10 de junio es el mejor d\u00eda para observar a J\u00fapiter desde la Tierra\",\"datePublished\":\"2019-05-31T13:21:16+00:00\",\"mainEntityOfPage\":{\"@id\":\"https:\\\/\\\/quehacerpolitico.mx\\\/?p=27522\"},\"wordCount\":427,\"commentCount\":0,\"image\":{\"@id\":\"https:\\\/\\\/quehacerpolitico.mx\\\/?p=27522#primaryimage\"},\"thumbnailUrl\":\"\",\"articleSection\":[\"Noticias\"],\"inLanguage\":\"es\",\"potentialAction\":[{\"@type\":\"CommentAction\",\"name\":\"Comment\",\"target\":[\"https:\\\/\\\/quehacerpolitico.mx\\\/?p=27522#respond\"]}]},{\"@type\":\"WebPage\",\"@id\":\"https:\\\/\\\/quehacerpolitico.mx\\\/?p=27522\",\"url\":\"https:\\\/\\\/quehacerpolitico.mx\\\/?p=27522\",\"name\":\"10 de junio es el mejor d\u00eda para observar a J\u00fapiter desde la Tierra -\",\"isPartOf\":{\"@id\":\"https:\\\/\\\/quehacerpolitico.mx\\\/#website\"},\"primaryImageOfPage\":{\"@id\":\"https:\\\/\\\/quehacerpolitico.mx\\\/?p=27522#primaryimage\"},\"image\":{\"@id\":\"https:\\\/\\\/quehacerpolitico.mx\\\/?p=27522#primaryimage\"},\"thumbnailUrl\":\"\",\"datePublished\":\"2019-05-31T13:21:16+00:00\",\"author\":{\"@id\":\"https:\\\/\\\/quehacerpolitico.mx\\\/#\\\/schema\\\/person\\\/496d8ad2d1d3f8036101dca7ee39e585\"},\"breadcrumb\":{\"@id\":\"https:\\\/\\\/quehacerpolitico.mx\\\/?p=27522#breadcrumb\"},\"inLanguage\":\"es\",\"potentialAction\":[{\"@type\":\"ReadAction\",\"target\":[\"https:\\\/\\\/quehacerpolitico.mx\\\/?p=27522\"]}]},{\"@type\":\"ImageObject\",\"inLanguage\":\"es\",\"@id\":\"https:\\\/\\\/quehacerpolitico.mx\\\/?p=27522#primaryimage\",\"url\":\"\",\"contentUrl\":\"\"},{\"@type\":\"BreadcrumbList\",\"@id\":\"https:\\\/\\\/quehacerpolitico.mx\\\/?p=27522#breadcrumb\",\"itemListElement\":[{\"@type\":\"ListItem\",\"position\":1,\"name\":\"Inicio\",\"item\":\"https:\\\/\\\/quehacerpolitico.mx\\\/\"},{\"@type\":\"ListItem\",\"position\":2,\"name\":\"10 de junio es el mejor d\u00eda para observar a J\u00fapiter desde la Tierra\"}]},{\"@type\":\"WebSite\",\"@id\":\"https:\\\/\\\/quehacerpolitico.mx\\\/#website\",\"url\":\"https:\\\/\\\/quehacerpolitico.mx\\\/\",\"name\":\"\",\"description\":\"\",\"potentialAction\":[{\"@type\":\"SearchAction\",\"target\":{\"@type\":\"EntryPoint\",\"urlTemplate\":\"https:\\\/\\\/quehacerpolitico.mx\\\/?s={search_term_string}\"},\"query-input\":{\"@type\":\"PropertyValueSpecification\",\"valueRequired\":true,\"valueName\":\"search_term_string\"}}],\"inLanguage\":\"es\"},{\"@type\":\"Person\",\"@id\":\"https:\\\/\\\/quehacerpolitico.mx\\\/#\\\/schema\\\/person\\\/496d8ad2d1d3f8036101dca7ee39e585\",\"name\":\"Redacci\u00f3n QP\",\"image\":{\"@type\":\"ImageObject\",\"inLanguage\":\"es\",\"@id\":\"https:\\\/\\\/secure.gravatar.com\\\/avatar\\\/c7164ed6fdec453195284ad24a5ae5b6e1eed2b848477fa2a4787ba9adf39a41?s=96&d=mm&r=g\",\"url\":\"https:\\\/\\\/secure.gravatar.com\\\/avatar\\\/c7164ed6fdec453195284ad24a5ae5b6e1eed2b848477fa2a4787ba9adf39a41?s=96&d=mm&r=g\",\"contentUrl\":\"https:\\\/\\\/secure.gravatar.com\\\/avatar\\\/c7164ed6fdec453195284ad24a5ae5b6e1eed2b848477fa2a4787ba9adf39a41?s=96&d=mm&r=g\",\"caption\":\"Redacci\u00f3n QP\"},\"url\":\"https:\\\/\\\/quehacerpolitico.mx\\\/?author=2\"}]}<\/script>\n<!-- \/ Yoast SEO plugin. -->","yoast_head_json":{"title":"10 de junio es el mejor d\u00eda para observar a J\u00fapiter desde la Tierra -","robots":{"index":"index","follow":"follow","max-snippet":"max-snippet:-1","max-image-preview":"max-image-preview:large","max-video-preview":"max-video-preview:-1"},"canonical":"https:\/\/quehacerpolitico.mx\/?p=27522","og_locale":"es_MX","og_type":"article","og_title":"10 de junio es el mejor d\u00eda para observar a J\u00fapiter desde la Tierra -","og_description":"10 de junio es el mejor d\u00eda para observar a J\u00fapiter desde la Tierra Por Redacci\u00f3n QP","og_url":"https:\/\/quehacerpolitico.mx\/?p=27522","article_published_time":"2019-05-31T13:21:16+00:00","author":"Redacci\u00f3n QP","twitter_card":"summary_large_image","twitter_misc":{"Escrito por":"Redacci\u00f3n QP","Tiempo de lectura":"2 minutos"},"schema":{"@context":"https:\/\/schema.org","@graph":[{"@type":"Article","@id":"https:\/\/quehacerpolitico.mx\/?p=27522#article","isPartOf":{"@id":"https:\/\/quehacerpolitico.mx\/?p=27522"},"author":{"name":"Redacci\u00f3n QP","@id":"https:\/\/quehacerpolitico.mx\/#\/schema\/person\/496d8ad2d1d3f8036101dca7ee39e585"},"headline":"10 de junio es el mejor d\u00eda para observar a J\u00fapiter desde la Tierra","datePublished":"2019-05-31T13:21:16+00:00","mainEntityOfPage":{"@id":"https:\/\/quehacerpolitico.mx\/?p=27522"},"wordCount":427,"commentCount":0,"image":{"@id":"https:\/\/quehacerpolitico.mx\/?p=27522#primaryimage"},"thumbnailUrl":"","articleSection":["Noticias"],"inLanguage":"es","potentialAction":[{"@type":"CommentAction","name":"Comment","target":["https:\/\/quehacerpolitico.mx\/?p=27522#respond"]}]},{"@type":"WebPage","@id":"https:\/\/quehacerpolitico.mx\/?p=27522","url":"https:\/\/quehacerpolitico.mx\/?p=27522","name":"10 de junio es el mejor d\u00eda para observar a J\u00fapiter desde la Tierra -","isPartOf":{"@id":"https:\/\/quehacerpolitico.mx\/#website"},"primaryImageOfPage":{"@id":"https:\/\/quehacerpolitico.mx\/?p=27522#primaryimage"},"image":{"@id":"https:\/\/quehacerpolitico.mx\/?p=27522#primaryimage"},"thumbnailUrl":"","datePublished":"2019-05-31T13:21:16+00:00","author":{"@id":"https:\/\/quehacerpolitico.mx\/#\/schema\/person\/496d8ad2d1d3f8036101dca7ee39e585"},"breadcrumb":{"@id":"https:\/\/quehacerpolitico.mx\/?p=27522#breadcrumb"},"inLanguage":"es","potentialAction":[{"@type":"ReadAction","target":["https:\/\/quehacerpolitico.mx\/?p=27522"]}]},{"@type":"ImageObject","inLanguage":"es","@id":"https:\/\/quehacerpolitico.mx\/?p=27522#primaryimage","url":"","contentUrl":""},{"@type":"BreadcrumbList","@id":"https:\/\/quehacerpolitico.mx\/?p=27522#breadcrumb","itemListElement":[{"@type":"ListItem","position":1,"name":"Inicio","item":"https:\/\/quehacerpolitico.mx\/"},{"@type":"ListItem","position":2,"name":"10 de junio es el mejor d\u00eda para observar a J\u00fapiter desde la Tierra"}]},{"@type":"WebSite","@id":"https:\/\/quehacerpolitico.mx\/#website","url":"https:\/\/quehacerpolitico.mx\/","name":"","description":"","potentialAction":[{"@type":"SearchAction","target":{"@type":"EntryPoint","urlTemplate":"https:\/\/quehacerpolitico.mx\/?s={search_term_string}"},"query-input":{"@type":"PropertyValueSpecification","valueRequired":true,"valueName":"search_term_string"}}],"inLanguage":"es"},{"@type":"Person","@id":"https:\/\/quehacerpolitico.mx\/#\/schema\/person\/496d8ad2d1d3f8036101dca7ee39e585","name":"Redacci\u00f3n QP","image":{"@type":"ImageObject","inLanguage":"es","@id":"https:\/\/secure.gravatar.com\/avatar\/c7164ed6fdec453195284ad24a5ae5b6e1eed2b848477fa2a4787ba9adf39a41?s=96&d=mm&r=g","url":"https:\/\/secure.gravatar.com\/avatar\/c7164ed6fdec453195284ad24a5ae5b6e1eed2b848477fa2a4787ba9adf39a41?s=96&d=mm&r=g","contentUrl":"https:\/\/secure.gravatar.com\/avatar\/c7164ed6fdec453195284ad24a5ae5b6e1eed2b848477fa2a4787ba9adf39a41?s=96&d=mm&r=g","caption":"Redacci\u00f3n QP"},"url":"https:\/\/quehacerpolitico.mx\/?author=2"}]}},"featured_image_urls":{"full":"","thumbnail":"","medium":"","medium_large":"","large":"","1536x1536":"","2048x2048":"","covernews-featured":"","covernews-medium":""},"author_info":{"display_name":"Redacci\u00f3n QP","author_link":"https:\/\/quehacerpolitico.mx\/?author=2"},"category_info":"<a href=\"https:\/\/quehacerpolitico.mx\/?cat=2\" rel=\"category\">Noticias<\/a>","tag_info":"Noticias","comment_count":"0","_links":{"self":[{"href":"https:\/\/quehacerpolitico.mx\/index.php?rest_route=\/wp\/v2\/posts\/27522","targetHints":{"allow":["GET"]}}],"collection":[{"href":"https:\/\/quehacerpolitico.mx\/index.php?rest_route=\/wp\/v2\/posts"}],"about":[{"href":"https:\/\/quehacerpolitico.mx\/index.php?rest_route=\/wp\/v2\/types\/post"}],"author":[{"embeddable":true,"href":"https:\/\/quehacerpolitico.mx\/index.php?rest_route=\/wp\/v2\/users\/2"}],"replies":[{"embeddable":true,"href":"https:\/\/quehacerpolitico.mx\/index.php?rest_route=%2Fwp%2Fv2%2Fcomments&post=27522"}],"version-history":[{"count":0,"href":"https:\/\/quehacerpolitico.mx\/index.php?rest_route=\/wp\/v2\/posts\/27522\/revisions"}],"wp:featuredmedia":[{"embeddable":true,"href":"https:\/\/quehacerpolitico.mx\/index.php?rest_route=\/"}],"wp:attachment":[{"href":"https:\/\/quehacerpolitico.mx\/index.php?rest_route=%2Fwp%2Fv2%2Fmedia&parent=27522"}],"wp:term":[{"taxonomy":"category","embeddable":true,"href":"https:\/\/quehacerpolitico.mx\/index.php?rest_route=%2Fwp%2Fv2%2Fcategories&post=27522"},{"taxonomy":"post_tag","embeddable":true,"href":"https:\/\/quehacerpolitico.mx\/index.php?rest_route=%2Fwp%2Fv2%2Ftags&post=27522"}],"curies":[{"name":"wp","href":"https:\/\/api.w.org\/{rel}","templated":true}]}}